{"id":47749,"date":"2024-07-30T08:00:16","date_gmt":"2024-07-30T11:00:16","guid":{"rendered":"https:\/\/verdadeon.com.br\/portal\/?p=47749"},"modified":"2024-07-29T13:08:25","modified_gmt":"2024-07-29T16:08:25","slug":"numero-de-armas-de-fogo-apreendidas-em-franca-ultrapassa-os-100-no-primeiro-semestre-deste-ano","status":"publish","type":"post","link":"https:\/\/verdadeon.com.br\/portal\/2024\/07\/30\/numero-de-armas-de-fogo-apreendidas-em-franca-ultrapassa-os-100-no-primeiro-semestre-deste-ano\/","title":{"rendered":"N\u00famero de armas de fogo apreendidas em Franca ultrapassa os 100% no primeiro semestre deste ano"},"content":{"rendered":"<h2>Foram 74 armas recolhidas nos seis primeiros meses deste ano frente a 36 no mesmo per\u00edodo em 2023<\/h2>\n<p>No primeiro semestre deste ano, o munic\u00edpio de Franca apreendeu 74 armas em ocorr\u00eancias policiais, n\u00famero 105,55% maior que o total apreendido no mesmo per\u00edodo do ano passado, quando 36 foram recolhidas. Os dados foram divulgados na \u00faltima semana pelo SSP-SP (Secretaria de Seguran\u00e7a P\u00fablica do Estado de S\u00e3o Paulo), com o balan\u00e7o do m\u00eas de junho, e as compara\u00e7\u00f5es abaixo mencionadas dizem respeito aos mesmos per\u00edodos entre 2023 e 2024.<\/p>\n<p>O pico de apreens\u00f5es se deu nos meses de mar\u00e7o e abril, quando 20 e 21 armas, respectivamente, foram apanhadas pela pol\u00edcia. Tamb\u00e9m aumentaram as ocorr\u00eancias por porte ilegal de arma, sendo 34 registros at\u00e9 o sexto m\u00eas deste ano frente a 27 no mesmo intervalo de 2023, um aumento de 25,92%.<\/p>\n<p><strong>Entorpecentes<\/strong><\/p>\n<p>Houve queda de 16,43% nas ocorr\u00eancias de porte de entorpecentes: de 146 casos em 2023, foram 122 em 2024. Quanto ao tr\u00e1fico de entorpecentes, a redu\u00e7\u00e3o foi de 11,91%: de 193 at\u00e9 junho do ano passado para 170 neste ano. Ainda, a apreens\u00e3o de entorpecentes, que se manteve na mesma linha do per\u00edodo passado, sendo 23 anteriormente e agora 22.<\/p>\n<p><strong>Infratores apreendidos e presos<\/strong><\/p>\n<p>Em 2024 foram lavrados 525 flagrantes, n\u00famero 44,23% maior que em 2023, quando foram lavrados 364.<\/p>\n<p>Caiu o n\u00famero de infratores apreendidos no flagra: de 47 em 2023, chegou a 31 em 2024, redu\u00e7\u00e3o de 34,04%. J\u00e1 o total de infratores apreendidos por mandado, embora em baixa quantidade, foram 6 neste ano, face a uma \u00fanica apreens\u00e3o no ano passado.<\/p>\n<p>Quantos aos infratores presos em flagrante, houve crescimento de 48,64% &#8211; saindo de 405 no ano anterior para 602 neste. Infratores presos por mandado anotaram 572 casos naquele ano e, neste, 784. Um aumento de 37,06%.<\/p>\n<p>O n\u00famero de pris\u00f5es efetuadas subiu 35,79%. Eram 936 e, agora, 1271.<\/p>\n<p><strong>Ve\u00edculos recuperados<\/strong><\/p>\n<p>154 ve\u00edculos foram recuperados neste primeiro semestre. No comparativo ao mesmo per\u00edodo do ano passado, este \u00edndice \u00e9 79,06% maior, quando haviam sido apontados 86 ve\u00edculos.<\/p>\n<p><strong>Total de inqu\u00e9ritos<\/strong><\/p>\n<p>O Total de Inqu\u00e9ritos Policias instaurados cresceu 12,71%, saindo de 1.683 para 1.897.<\/p>\n","protected":false},"excerpt":{"rendered":"<p>Foram 74 armas recolhidas nos seis primeiros meses deste ano frente a 36 no mesmo per\u00edodo em 2023 No primeiro semestre deste ano, o munic\u00edpio de<span class=\"excerpt-hellip\"> [\u2026]<\/span><\/p>\n","protected":false},"author":10,"featured_media":25312,"comment_status":"open","ping_status":"open","sticky":false,"template":"","format":"standard","meta":{"_jetpack_memberships_contains_paid_content":false,"footnotes":"","jetpack_publicize_message":"","jetpack_publicize_feature_enabled":true,"jetpack_social_post_already_shared":true,"jetpack_social_options":{"image_generator_settings":{"template":"highway","default_image_id":0,"enabled":false},"version":2}},"categories":[28,81],"tags":[],"class_list":["post-47749","post","type-post","status-publish","format-standard","has-post-thumbnail","hentry","category-cotidiano","category-manchete"],"yoast_head":"<!-- This site is optimized with the Yoast SEO plugin v25.6 - https:\/\/yoast.com\/wordpress\/plugins\/seo\/ -->\n<title>N\u00famero de armas de fogo apreendidas em Franca ultrapassa os 100% no primeiro semestre deste ano - VerdadeOn<\/title>\n<meta name=\"robots\" content=\"index, follow, max-snippet:-1, max-image-preview:large, max-video-preview:-1\" \/>\n<link rel=\"canonical\" href=\"https:\/\/verdadeon.com.br\/portal\/2024\/07\/30\/numero-de-armas-de-fogo-apreendidas-em-franca-ultrapassa-os-100-no-primeiro-semestre-deste-ano\/\" \/>\n<meta property=\"og:locale\" content=\"pt_BR\" \/>\n<meta property=\"og:type\" content=\"article\" \/>\n<meta property=\"og:title\" content=\"N\u00famero de armas de fogo apreendidas em Franca ultrapassa os 100% no primeiro semestre deste ano - VerdadeOn\" \/>\n<meta property=\"og:description\" content=\"Foram 74 armas recolhidas nos seis primeiros meses deste ano frente a 36 no mesmo per\u00edodo em 2023 No primeiro semestre deste ano, o munic\u00edpio de [\u2026]\" \/>\n<meta property=\"og:url\" content=\"https:\/\/verdadeon.com.br\/portal\/2024\/07\/30\/numero-de-armas-de-fogo-apreendidas-em-franca-ultrapassa-os-100-no-primeiro-semestre-deste-ano\/\" \/>\n<meta property=\"og:site_name\" content=\"VerdadeOn\" \/>\n<meta property=\"article:published_time\" content=\"2024-07-30T11:00:16+00:00\" \/>\n<meta property=\"og:image\" content=\"https:\/\/i0.wp.com\/verdadeon.com.br\/portal\/wp-content\/uploads\/2022\/05\/agencia-brasil-armas-e1653507172229.jpg?fit=1000%2C669&ssl=1\" \/>\n\t<meta property=\"og:image:width\" content=\"1000\" \/>\n\t<meta property=\"og:image:height\" content=\"669\" \/>\n\t<meta property=\"og:image:type\" content=\"image\/jpeg\" \/>\n<meta name=\"author\" content=\"Redacao VerdadeOn\" \/>\n<meta name=\"twitter:card\" content=\"summary_large_image\" \/>\n<meta name=\"twitter:label1\" content=\"Escrito por\" \/>\n\t<meta name=\"twitter:data1\" content=\"Redacao VerdadeOn\" \/>\n\t<meta name=\"twitter:label2\" content=\"Est. tempo de leitura\" \/>\n\t<meta name=\"twitter:data2\" content=\"2 minutos\" \/>\n<script type=\"application\/ld+json\" class=\"yoast-schema-graph\">{\"@context\":\"https:\/\/schema.org\",\"@graph\":[{\"@type\":\"WebPage\",\"@id\":\"https:\/\/verdadeon.com.br\/portal\/2024\/07\/30\/numero-de-armas-de-fogo-apreendidas-em-franca-ultrapassa-os-100-no-primeiro-semestre-deste-ano\/\",\"url\":\"https:\/\/verdadeon.com.br\/portal\/2024\/07\/30\/numero-de-armas-de-fogo-apreendidas-em-franca-ultrapassa-os-100-no-primeiro-semestre-deste-ano\/\",\"name\":\"N\u00famero de armas de fogo apreendidas em Franca ultrapassa os 100% no primeiro semestre deste ano - VerdadeOn\",\"isPartOf\":{\"@id\":\"https:\/\/verdadeon.com.br\/portal\/#website\"},\"primaryImageOfPage\":{\"@id\":\"https:\/\/verdadeon.com.br\/portal\/2024\/07\/30\/numero-de-armas-de-fogo-apreendidas-em-franca-ultrapassa-os-100-no-primeiro-semestre-deste-ano\/#primaryimage\"},\"image\":{\"@id\":\"https:\/\/verdadeon.com.br\/portal\/2024\/07\/30\/numero-de-armas-de-fogo-apreendidas-em-franca-ultrapassa-os-100-no-primeiro-semestre-deste-ano\/#primaryimage\"},\"thumbnailUrl\":\"https:\/\/i0.wp.com\/verdadeon.com.br\/portal\/wp-content\/uploads\/2022\/05\/agencia-brasil-armas-e1653507172229.jpg?fit=1000%2C669&ssl=1\",\"datePublished\":\"2024-07-30T11:00:16+00:00\",\"author\":{\"@id\":\"https:\/\/verdadeon.com.br\/portal\/#\/schema\/person\/a5060ad1e9ea3df545188fc93ce43d2f\"},\"breadcrumb\":{\"@id\":\"https:\/\/verdadeon.com.br\/portal\/2024\/07\/30\/numero-de-armas-de-fogo-apreendidas-em-franca-ultrapassa-os-100-no-primeiro-semestre-deste-ano\/#breadcrumb\"},\"inLanguage\":\"pt-BR\",\"potentialAction\":[{\"@type\":\"ReadAction\",\"target\":[\"https:\/\/verdadeon.com.br\/portal\/2024\/07\/30\/numero-de-armas-de-fogo-apreendidas-em-franca-ultrapassa-os-100-no-primeiro-semestre-deste-ano\/\"]}]},{\"@type\":\"ImageObject\",\"inLanguage\":\"pt-BR\",\"@id\":\"https:\/\/verdadeon.com.br\/portal\/2024\/07\/30\/numero-de-armas-de-fogo-apreendidas-em-franca-ultrapassa-os-100-no-primeiro-semestre-deste-ano\/#primaryimage\",\"url\":\"https:\/\/i0.wp.com\/verdadeon.com.br\/portal\/wp-content\/uploads\/2022\/05\/agencia-brasil-armas-e1653507172229.jpg?fit=1000%2C669&ssl=1\",\"contentUrl\":\"https:\/\/i0.wp.com\/verdadeon.com.br\/portal\/wp-content\/uploads\/2022\/05\/agencia-brasil-armas-e1653507172229.jpg?fit=1000%2C669&ssl=1\",\"width\":1000,\"height\":669,\"caption\":\"Produtividade Policial na cidade de Franca mostra aumento no n\u00famero de armas apreendidas (\u00a9Ag\u00eancia Brasil)\"},{\"@type\":\"BreadcrumbList\",\"@id\":\"https:\/\/verdadeon.com.br\/portal\/2024\/07\/30\/numero-de-armas-de-fogo-apreendidas-em-franca-ultrapassa-os-100-no-primeiro-semestre-deste-ano\/#breadcrumb\",\"itemListElement\":[{\"@type\":\"ListItem\",\"position\":1,\"name\":\"In\u00edcio\",\"item\":\"https:\/\/verdadeon.com.br\/portal\/\"},{\"@type\":\"ListItem\",\"position\":2,\"name\":\"N\u00famero de armas de fogo apreendidas em Franca ultrapassa os 100% no primeiro semestre deste ano\"}]},{\"@type\":\"WebSite\",\"@id\":\"https:\/\/verdadeon.com.br\/portal\/#website\",\"url\":\"https:\/\/verdadeon.com.br\/portal\/\",\"name\":\"VerdadeOn\",\"description\":\"Not\u00edcias di\u00e1rias sobre Franca, Regi\u00e3o, Esporte, Cultura, Cotidiano, Colunas. Cobertura nos principais eventos da cidade \u00e9 aqui - Verdadeon Franca\",\"potentialAction\":[{\"@type\":\"SearchAction\",\"target\":{\"@type\":\"EntryPoint\",\"urlTemplate\":\"https:\/\/verdadeon.com.br\/portal\/?s={search_term_string}\"},\"query-input\":{\"@type\":\"PropertyValueSpecification\",\"valueRequired\":true,\"valueName\":\"search_term_string\"}}],\"inLanguage\":\"pt-BR\"},{\"@type\":\"Person\",\"@id\":\"https:\/\/verdadeon.com.br\/portal\/#\/schema\/person\/a5060ad1e9ea3df545188fc93ce43d2f\",\"name\":\"Redacao VerdadeOn\",\"image\":{\"@type\":\"ImageObject\",\"inLanguage\":\"pt-BR\",\"@id\":\"https:\/\/verdadeon.com.br\/portal\/#\/schema\/person\/image\/\",\"url\":\"https:\/\/secure.gravatar.com\/avatar\/459a9613caaaf07f582c3d0841eea68bdd66f533e465e6ba8b9cb45619572cf4?s=96&d=mm&r=g\",\"contentUrl\":\"https:\/\/secure.gravatar.com\/avatar\/459a9613caaaf07f582c3d0841eea68bdd66f533e465e6ba8b9cb45619572cf4?s=96&d=mm&r=g\",\"caption\":\"Redacao VerdadeOn\"},\"url\":\"https:\/\/verdadeon.com.br\/portal\/author\/redacao\/\"}]}<\/script>\n<!-- \/ Yoast SEO plugin. -->","yoast_head_json":{"title":"N\u00famero de armas de fogo apreendidas em Franca ultrapassa os 100% no primeiro semestre deste ano - VerdadeOn","robots":{"index":"index","follow":"follow","max-snippet":"max-snippet:-1","max-image-preview":"max-image-preview:large","max-video-preview":"max-video-preview:-1"},"canonical":"https:\/\/verdadeon.com.br\/portal\/2024\/07\/30\/numero-de-armas-de-fogo-apreendidas-em-franca-ultrapassa-os-100-no-primeiro-semestre-deste-ano\/","og_locale":"pt_BR","og_type":"article","og_title":"N\u00famero de armas de fogo apreendidas em Franca ultrapassa os 100% no primeiro semestre deste ano - VerdadeOn","og_description":"Foram 74 armas recolhidas nos seis primeiros meses deste ano frente a 36 no mesmo per\u00edodo em 2023 No primeiro semestre deste ano, o munic\u00edpio de [\u2026]","og_url":"https:\/\/verdadeon.com.br\/portal\/2024\/07\/30\/numero-de-armas-de-fogo-apreendidas-em-franca-ultrapassa-os-100-no-primeiro-semestre-deste-ano\/","og_site_name":"VerdadeOn","article_published_time":"2024-07-30T11:00:16+00:00","og_image":[{"width":1000,"height":669,"url":"https:\/\/i0.wp.com\/verdadeon.com.br\/portal\/wp-content\/uploads\/2022\/05\/agencia-brasil-armas-e1653507172229.jpg?fit=1000%2C669&ssl=1","type":"image\/jpeg"}],"author":"Redacao VerdadeOn","twitter_card":"summary_large_image","twitter_misc":{"Escrito por":"Redacao VerdadeOn","Est. tempo de leitura":"2 minutos"},"schema":{"@context":"https:\/\/schema.org","@graph":[{"@type":"WebPage","@id":"https:\/\/verdadeon.com.br\/portal\/2024\/07\/30\/numero-de-armas-de-fogo-apreendidas-em-franca-ultrapassa-os-100-no-primeiro-semestre-deste-ano\/","url":"https:\/\/verdadeon.com.br\/portal\/2024\/07\/30\/numero-de-armas-de-fogo-apreendidas-em-franca-ultrapassa-os-100-no-primeiro-semestre-deste-ano\/","name":"N\u00famero de armas de fogo apreendidas em Franca ultrapassa os 100% no primeiro semestre deste ano - VerdadeOn","isPartOf":{"@id":"https:\/\/verdadeon.com.br\/portal\/#website"},"primaryImageOfPage":{"@id":"https:\/\/verdadeon.com.br\/portal\/2024\/07\/30\/numero-de-armas-de-fogo-apreendidas-em-franca-ultrapassa-os-100-no-primeiro-semestre-deste-ano\/#primaryimage"},"image":{"@id":"https:\/\/verdadeon.com.br\/portal\/2024\/07\/30\/numero-de-armas-de-fogo-apreendidas-em-franca-ultrapassa-os-100-no-primeiro-semestre-deste-ano\/#primaryimage"},"thumbnailUrl":"https:\/\/i0.wp.com\/verdadeon.com.br\/portal\/wp-content\/uploads\/2022\/05\/agencia-brasil-armas-e1653507172229.jpg?fit=1000%2C669&ssl=1","datePublished":"2024-07-30T11:00:16+00:00","author":{"@id":"https:\/\/verdadeon.com.br\/portal\/#\/schema\/person\/a5060ad1e9ea3df545188fc93ce43d2f"},"breadcrumb":{"@id":"https:\/\/verdadeon.com.br\/portal\/2024\/07\/30\/numero-de-armas-de-fogo-apreendidas-em-franca-ultrapassa-os-100-no-primeiro-semestre-deste-ano\/#breadcrumb"},"inLanguage":"pt-BR","potentialAction":[{"@type":"ReadAction","target":["https:\/\/verdadeon.com.br\/portal\/2024\/07\/30\/numero-de-armas-de-fogo-apreendidas-em-franca-ultrapassa-os-100-no-primeiro-semestre-deste-ano\/"]}]},{"@type":"ImageObject","inLanguage":"pt-BR","@id":"https:\/\/verdadeon.com.br\/portal\/2024\/07\/30\/numero-de-armas-de-fogo-apreendidas-em-franca-ultrapassa-os-100-no-primeiro-semestre-deste-ano\/#primaryimage","url":"https:\/\/i0.wp.com\/verdadeon.com.br\/portal\/wp-content\/uploads\/2022\/05\/agencia-brasil-armas-e1653507172229.jpg?fit=1000%2C669&ssl=1","contentUrl":"https:\/\/i0.wp.com\/verdadeon.com.br\/portal\/wp-content\/uploads\/2022\/05\/agencia-brasil-armas-e1653507172229.jpg?fit=1000%2C669&ssl=1","width":1000,"height":669,"caption":"Produtividade Policial na cidade de Franca mostra aumento no n\u00famero de armas apreendidas (\u00a9Ag\u00eancia Brasil)"},{"@type":"BreadcrumbList","@id":"https:\/\/verdadeon.com.br\/portal\/2024\/07\/30\/numero-de-armas-de-fogo-apreendidas-em-franca-ultrapassa-os-100-no-primeiro-semestre-deste-ano\/#breadcrumb","itemListElement":[{"@type":"ListItem","position":1,"name":"In\u00edcio","item":"https:\/\/verdadeon.com.br\/portal\/"},{"@type":"ListItem","position":2,"name":"N\u00famero de armas de fogo apreendidas em Franca ultrapassa os 100% no primeiro semestre deste ano"}]},{"@type":"WebSite","@id":"https:\/\/verdadeon.com.br\/portal\/#website","url":"https:\/\/verdadeon.com.br\/portal\/","name":"VerdadeOn","description":"Not\u00edcias di\u00e1rias sobre Franca, Regi\u00e3o, Esporte, Cultura, Cotidiano, Colunas. Cobertura nos principais eventos da cidade \u00e9 aqui - Verdadeon Franca","potentialAction":[{"@type":"SearchAction","target":{"@type":"EntryPoint","urlTemplate":"https:\/\/verdadeon.com.br\/portal\/?s={search_term_string}"},"query-input":{"@type":"PropertyValueSpecification","valueRequired":true,"valueName":"search_term_string"}}],"inLanguage":"pt-BR"},{"@type":"Person","@id":"https:\/\/verdadeon.com.br\/portal\/#\/schema\/person\/a5060ad1e9ea3df545188fc93ce43d2f","name":"Redacao VerdadeOn","image":{"@type":"ImageObject","inLanguage":"pt-BR","@id":"https:\/\/verdadeon.com.br\/portal\/#\/schema\/person\/image\/","url":"https:\/\/secure.gravatar.com\/avatar\/459a9613caaaf07f582c3d0841eea68bdd66f533e465e6ba8b9cb45619572cf4?s=96&d=mm&r=g","contentUrl":"https:\/\/secure.gravatar.com\/avatar\/459a9613caaaf07f582c3d0841eea68bdd66f533e465e6ba8b9cb45619572cf4?s=96&d=mm&r=g","caption":"Redacao VerdadeOn"},"url":"https:\/\/verdadeon.com.br\/portal\/author\/redacao\/"}]}},"jetpack_publicize_connections":[],"jetpack_featured_media_url":"https:\/\/i0.wp.com\/verdadeon.com.br\/portal\/wp-content\/uploads\/2022\/05\/agencia-brasil-armas-e1653507172229.jpg?fit=1000%2C669&ssl=1","jetpack_sharing_enabled":true,"_links":{"self":[{"href":"https:\/\/verdadeon.com.br\/portal\/wp-json\/wp\/v2\/posts\/47749","targetHints":{"allow":["GET"]}}],"collection":[{"href":"https:\/\/verdadeon.com.br\/portal\/wp-json\/wp\/v2\/posts"}],"about":[{"href":"https:\/\/verdadeon.com.br\/portal\/wp-json\/wp\/v2\/types\/post"}],"author":[{"embeddable":true,"href":"https:\/\/verdadeon.com.br\/portal\/wp-json\/wp\/v2\/users\/10"}],"replies":[{"embeddable":true,"href":"https:\/\/verdadeon.com.br\/portal\/wp-json\/wp\/v2\/comments?post=47749"}],"version-history":[{"count":1,"href":"https:\/\/verdadeon.com.br\/portal\/wp-json\/wp\/v2\/posts\/47749\/revisions"}],"predecessor-version":[{"id":47750,"href":"https:\/\/verdadeon.com.br\/portal\/wp-json\/wp\/v2\/posts\/47749\/revisions\/47750"}],"wp:featuredmedia":[{"embeddable":true,"href":"https:\/\/verdadeon.com.br\/portal\/wp-json\/wp\/v2\/media\/25312"}],"wp:attachment":[{"href":"https:\/\/verdadeon.com.br\/portal\/wp-json\/wp\/v2\/media?parent=47749"}],"wp:term":[{"taxonomy":"category","embeddable":true,"href":"https:\/\/verdadeon.com.br\/portal\/wp-json\/wp\/v2\/categories?post=47749"},{"taxonomy":"post_tag","embeddable":true,"href":"https:\/\/verdadeon.com.br\/portal\/wp-json\/wp\/v2\/tags?post=47749"}],"curies":[{"name":"wp","href":"https:\/\/api.w.org\/{rel}","templated":true}]}}