{"id":4732,"date":"2020-03-08T07:30:00","date_gmt":"2020-03-08T10:30:00","guid":{"rendered":"http:\/\/verdadeon.com.br\/portal\/?p=4732"},"modified":"2020-03-07T23:57:26","modified_gmt":"2020-03-08T02:57:26","slug":"e-por-falar-nelas","status":"publish","type":"post","link":"https:\/\/verdadeon.com.br\/portal\/2020\/03\/08\/e-por-falar-nelas\/","title":{"rendered":"E por falar nelas&#8230;"},"content":{"rendered":"<h2>Realiza\u00e7\u00e3o, sabedoria e muita vontade de conquistar novos objetivos. A hist\u00f3ria de duas mulheres de Franca que nunca desistiram de seus sonhos&#8230;<\/h2>\n<p>Reportagem Daniel Afonso<\/p>\n<p>Essa data merece um \u201cque\u201d a mais&#8230; por isso, o Momento Verdade de hoje traz um especial com personagens interessantes. A primeira \u00e9 a hist\u00f3ria de uma francana que treina meninos da base de basquete, em um esporte que \u00e9 dominado por homens; a outra, \u00e9 de uma empreendedora, que ao se aposentar, transformou o sonho que teve a vida toda em abrir uma empresa e tornou-se realidade em apenas cinco meses.<br \/>\nNa cidade do basquete, ela \u00e9 destaque entre eles. Bruna Cristina de Deus Martins, 26, \u00e9 educadora f\u00edsica e vem despontando com seu trabalho como t\u00e9cnica da equipe sub-16, da categoria de base do Instituto Chu\u00ed Esporte e t\u00e9cnica da categoria adulta da escola.<br \/>\n\u201cFui atleta quando mais nova e durante a faculdade tive a oportunidade de fazer est\u00e1gio na a\u00e9rea do basquete. De perto fui me encantando cada dia mais. J\u00e1 havia jogado quando era mais nova, mas acabei quebrando os dois bra\u00e7os de uma vez e minha m\u00e3e me retirou das aulas\u201d, revelou.<br \/>\nDa profiss\u00e3o ao reconhecimento. Esta \u00e9 a melhor conquista que elas desejam. E que sirvam de inspira\u00e7\u00e3o e motiva\u00e7\u00e3o para outras. \u201cQuando comecei a dar aulas tive algumas dificuldades, ouvia piadas e brincadeiras, que infelizmente existem at\u00e9 hoje. Diziam que eu n\u00e3o entendia as regras e questionavam se os meninos me respeitavam como t\u00e9cnica. Hoje ainda estou conquistando meu espa\u00e7o, meu trabalho ainda est\u00e1 em crescimento. Como sou a \u00fanica mulher nesta \u00e1rea na cidade, ainda \u00e9 meio dif\u00edcil\u201d, explicou a atleta que em 2019, ao lado do t\u00e9cnico Ricardo Manoel, conquistou o quarto lugar no Sub-16 da Liga Regional de Basquete e conquistou a o t\u00edtulo da Ta\u00e7a Bronze Sub-16 do Torneio de Franca.<\/p>\n<p>Parte II<br \/>\nA hist\u00f3ria que trouxemos da Maria Cristina Silveira \u00e9 um pouco diferente de muitas que j\u00e1 conhecemos. Por 30 anos, ela trabalhou como banc\u00e1ria e em setembro de 2019 aposentou do cargo e enxergou a oportunidade de se tornar empres\u00e1ria no ramo que sempre sonhou: a culin\u00e1ria.<br \/>\nQuando jovem ela trabalhou informalmente nesta \u00e1rea e acreditou que voltaria um dia. \u201cDepois de trabalhar por anos fora de casa, lidando com pessoas, senti a necessidade de me manter no mercado formal. E foi assim que resolvi empreender no setor alimenta\u00e7\u00e3o r\u00e1pida\u201d, explicou.<br \/>\nEla poderia ser apenas mais uma entre tantas Marias existentes pelo Brasil a fora, mas viu em sua aposentadoria a oportunidade de n\u00e3o parar de sonhar&#8230; at\u00e9 adquirir a empresa de massas e se tornando empres\u00e1ria e sobretudo, a matriarca e exemplo para a fam\u00edlia. Maria \u00e9 m\u00e3e de duas filhas e av\u00f3 de cinco netos.<br \/>\nHoje Maria Cristina \u00e9 propriet\u00e1ria da empresa Nonna Lila, a antiga e famosa Nonna Tota. L\u00edder no seguimento de massas italianas em Franca e regi\u00e3o a empresa passou por um grande processo de reformula\u00e7\u00e3o, mudan\u00e7a de local, contrata\u00e7\u00e3o e novas funcion\u00e1rias, lan\u00e7amento de novos produtos e busca e conquista de novos mercados. Tudo isso em apenas cinco meses de gest\u00e3o da nova empreendedora.<br \/>\nMais sucesso para as duas!<\/p>\n<div id=\"attachment_4737\" style=\"width: 704px\" class=\"wp-caption alignnone\"><img data-recalc-dims=\"1\" loading=\"lazy\" decoding=\"async\" aria-describedby=\"caption-attachment-4737\" class=\" wp-image-4737\" src=\"https:\/\/i0.wp.com\/verdadeon.com.br\/portal\/wp-content\/uploads\/2020\/03\/Bruna_esporte-2-237x300.jpg?resize=694%2C878\" alt=\"\" width=\"694\" height=\"878\" srcset=\"https:\/\/i0.wp.com\/verdadeon.com.br\/portal\/wp-content\/uploads\/2020\/03\/Bruna_esporte-2.jpg?resize=237%2C300&amp;ssl=1 237w, https:\/\/i0.wp.com\/verdadeon.com.br\/portal\/wp-content\/uploads\/2020\/03\/Bruna_esporte-2.jpg?resize=115%2C146&amp;ssl=1 115w, https:\/\/i0.wp.com\/verdadeon.com.br\/portal\/wp-content\/uploads\/2020\/03\/Bruna_esporte-2.jpg?resize=40%2C50&amp;ssl=1 40w, https:\/\/i0.wp.com\/verdadeon.com.br\/portal\/wp-content\/uploads\/2020\/03\/Bruna_esporte-2.jpg?resize=59%2C75&amp;ssl=1 59w, https:\/\/i0.wp.com\/verdadeon.com.br\/portal\/wp-content\/uploads\/2020\/03\/Bruna_esporte-2.jpg?w=530&amp;ssl=1 530w\" sizes=\"auto, (max-width: 694px) 100vw, 694px\" \/><p id=\"caption-attachment-4737\" class=\"wp-caption-text\">Basquuete<br \/>No esporte, Bruna Cristina \u00e9 destaque. Atualmente,<br \/>\u00e9 t\u00e9cnica de basquete da equipe sub 16<br \/>do Chu\u00ed<\/p><\/div>\n","protected":false},"excerpt":{"rendered":"<p>Realiza\u00e7\u00e3o, sabedoria e muita vontade de conquistar novos objetivos. A hist\u00f3ria de duas mulheres de Franca que nunca desistiram de seus sonhos&#8230; Reportagem Daniel Afonso Essa<span class=\"excerpt-hellip\"> [\u2026]<\/span><\/p>\n","protected":false},"author":10,"featured_media":4738,"comment_status":"open","ping_status":"open","sticky":false,"template":"","format":"standard","meta":{"_jetpack_memberships_contains_paid_content":false,"footnotes":"","jetpack_publicize_message":"","jetpack_publicize_feature_enabled":true,"jetpack_social_post_already_shared":false,"jetpack_social_options":{"image_generator_settings":{"template":"highway","default_image_id":0,"enabled":false},"version":2}},"categories":[28,81],"tags":[],"class_list":["post-4732","post","type-post","status-publish","format-standard","has-post-thumbnail","hentry","category-cotidiano","category-manchete"],"yoast_head":"<!-- This site is optimized with the Yoast SEO plugin v25.6 - https:\/\/yoast.com\/wordpress\/plugins\/seo\/ -->\n<title>E por falar nelas... - VerdadeOn<\/title>\n<meta name=\"robots\" content=\"index, follow, max-snippet:-1, max-image-preview:large, max-video-preview:-1\" \/>\n<link rel=\"canonical\" href=\"https:\/\/verdadeon.com.br\/portal\/2020\/03\/08\/e-por-falar-nelas\/\" \/>\n<meta property=\"og:locale\" content=\"pt_BR\" \/>\n<meta property=\"og:type\" content=\"article\" \/>\n<meta property=\"og:title\" content=\"E por falar nelas... - VerdadeOn\" \/>\n<meta property=\"og:description\" content=\"Realiza\u00e7\u00e3o, sabedoria e muita vontade de conquistar novos objetivos. A hist\u00f3ria de duas mulheres de Franca que nunca desistiram de seus sonhos&#8230; Reportagem Daniel Afonso Essa [\u2026]\" \/>\n<meta property=\"og:url\" content=\"https:\/\/verdadeon.com.br\/portal\/2020\/03\/08\/e-por-falar-nelas\/\" \/>\n<meta property=\"og:site_name\" content=\"VerdadeOn\" \/>\n<meta property=\"article:published_time\" content=\"2020-03-08T10:30:00+00:00\" \/>\n<meta property=\"og:image\" content=\"https:\/\/verdadeon.com.br\/portal\/wp-content\/uploads\/2020\/03\/Maria-Cristina.jpg\" \/>\n\t<meta property=\"og:image:width\" content=\"1000\" \/>\n\t<meta property=\"og:image:height\" content=\"735\" \/>\n\t<meta property=\"og:image:type\" content=\"image\/jpeg\" \/>\n<meta name=\"author\" content=\"Redacao VerdadeOn\" \/>\n<meta name=\"twitter:card\" content=\"summary_large_image\" \/>\n<meta name=\"twitter:label1\" content=\"Escrito por\" \/>\n\t<meta name=\"twitter:data1\" content=\"Redacao VerdadeOn\" \/>\n\t<meta name=\"twitter:label2\" content=\"Est. tempo de leitura\" \/>\n\t<meta name=\"twitter:data2\" content=\"3 minutos\" \/>\n<script type=\"application\/ld+json\" class=\"yoast-schema-graph\">{\"@context\":\"https:\/\/schema.org\",\"@graph\":[{\"@type\":\"WebPage\",\"@id\":\"https:\/\/verdadeon.com.br\/portal\/2020\/03\/08\/e-por-falar-nelas\/\",\"url\":\"https:\/\/verdadeon.com.br\/portal\/2020\/03\/08\/e-por-falar-nelas\/\",\"name\":\"E por falar nelas... - VerdadeOn\",\"isPartOf\":{\"@id\":\"https:\/\/verdadeon.com.br\/portal\/#website\"},\"primaryImageOfPage\":{\"@id\":\"https:\/\/verdadeon.com.br\/portal\/2020\/03\/08\/e-por-falar-nelas\/#primaryimage\"},\"image\":{\"@id\":\"https:\/\/verdadeon.com.br\/portal\/2020\/03\/08\/e-por-falar-nelas\/#primaryimage\"},\"thumbnailUrl\":\"https:\/\/i0.wp.com\/verdadeon.com.br\/portal\/wp-content\/uploads\/2020\/03\/Maria-Cristina.jpg?fit=1000%2C735&ssl=1\",\"datePublished\":\"2020-03-08T10:30:00+00:00\",\"author\":{\"@id\":\"https:\/\/verdadeon.com.br\/portal\/#\/schema\/person\/a5060ad1e9ea3df545188fc93ce43d2f\"},\"breadcrumb\":{\"@id\":\"https:\/\/verdadeon.com.br\/portal\/2020\/03\/08\/e-por-falar-nelas\/#breadcrumb\"},\"inLanguage\":\"pt-BR\",\"potentialAction\":[{\"@type\":\"ReadAction\",\"target\":[\"https:\/\/verdadeon.com.br\/portal\/2020\/03\/08\/e-por-falar-nelas\/\"]}]},{\"@type\":\"ImageObject\",\"inLanguage\":\"pt-BR\",\"@id\":\"https:\/\/verdadeon.com.br\/portal\/2020\/03\/08\/e-por-falar-nelas\/#primaryimage\",\"url\":\"https:\/\/i0.wp.com\/verdadeon.com.br\/portal\/wp-content\/uploads\/2020\/03\/Maria-Cristina.jpg?fit=1000%2C735&ssl=1\",\"contentUrl\":\"https:\/\/i0.wp.com\/verdadeon.com.br\/portal\/wp-content\/uploads\/2020\/03\/Maria-Cristina.jpg?fit=1000%2C735&ssl=1\",\"width\":1000,\"height\":735,\"caption\":\"empres\u00e1ria - Maria Cristina Silveira e sua equipe do novo empreendimento. Antes de se tornar empres\u00e1ria, ela foi banc\u00e1ria, mas tinha um sonho desde jovem que era esse projeto que se tornou realidade: a casa de massas, Nonna Lila | Fotos: Divulga\u00e7\u00e3o\"},{\"@type\":\"BreadcrumbList\",\"@id\":\"https:\/\/verdadeon.com.br\/portal\/2020\/03\/08\/e-por-falar-nelas\/#breadcrumb\",\"itemListElement\":[{\"@type\":\"ListItem\",\"position\":1,\"name\":\"In\u00edcio\",\"item\":\"https:\/\/verdadeon.com.br\/portal\/\"},{\"@type\":\"ListItem\",\"position\":2,\"name\":\"E por falar nelas&#8230;\"}]},{\"@type\":\"WebSite\",\"@id\":\"https:\/\/verdadeon.com.br\/portal\/#website\",\"url\":\"https:\/\/verdadeon.com.br\/portal\/\",\"name\":\"VerdadeOn\",\"description\":\"Not\u00edcias di\u00e1rias sobre Franca, Regi\u00e3o, Esporte, Cultura, Cotidiano, Colunas. Cobertura nos principais eventos da cidade \u00e9 aqui - Verdadeon Franca\",\"potentialAction\":[{\"@type\":\"SearchAction\",\"target\":{\"@type\":\"EntryPoint\",\"urlTemplate\":\"https:\/\/verdadeon.com.br\/portal\/?s={search_term_string}\"},\"query-input\":{\"@type\":\"PropertyValueSpecification\",\"valueRequired\":true,\"valueName\":\"search_term_string\"}}],\"inLanguage\":\"pt-BR\"},{\"@type\":\"Person\",\"@id\":\"https:\/\/verdadeon.com.br\/portal\/#\/schema\/person\/a5060ad1e9ea3df545188fc93ce43d2f\",\"name\":\"Redacao VerdadeOn\",\"image\":{\"@type\":\"ImageObject\",\"inLanguage\":\"pt-BR\",\"@id\":\"https:\/\/verdadeon.com.br\/portal\/#\/schema\/person\/image\/\",\"url\":\"https:\/\/secure.gravatar.com\/avatar\/459a9613caaaf07f582c3d0841eea68bdd66f533e465e6ba8b9cb45619572cf4?s=96&d=mm&r=g\",\"contentUrl\":\"https:\/\/secure.gravatar.com\/avatar\/459a9613caaaf07f582c3d0841eea68bdd66f533e465e6ba8b9cb45619572cf4?s=96&d=mm&r=g\",\"caption\":\"Redacao VerdadeOn\"},\"url\":\"https:\/\/verdadeon.com.br\/portal\/author\/redacao\/\"}]}<\/script>\n<!-- \/ Yoast SEO plugin. -->","yoast_head_json":{"title":"E por falar nelas... - VerdadeOn","robots":{"index":"index","follow":"follow","max-snippet":"max-snippet:-1","max-image-preview":"max-image-preview:large","max-video-preview":"max-video-preview:-1"},"canonical":"https:\/\/verdadeon.com.br\/portal\/2020\/03\/08\/e-por-falar-nelas\/","og_locale":"pt_BR","og_type":"article","og_title":"E por falar nelas... - VerdadeOn","og_description":"Realiza\u00e7\u00e3o, sabedoria e muita vontade de conquistar novos objetivos. A hist\u00f3ria de duas mulheres de Franca que nunca desistiram de seus sonhos&#8230; Reportagem Daniel Afonso Essa [\u2026]","og_url":"https:\/\/verdadeon.com.br\/portal\/2020\/03\/08\/e-por-falar-nelas\/","og_site_name":"VerdadeOn","article_published_time":"2020-03-08T10:30:00+00:00","og_image":[{"width":1000,"height":735,"url":"https:\/\/verdadeon.com.br\/portal\/wp-content\/uploads\/2020\/03\/Maria-Cristina.jpg","type":"image\/jpeg"}],"author":"Redacao VerdadeOn","twitter_card":"summary_large_image","twitter_misc":{"Escrito por":"Redacao VerdadeOn","Est. tempo de leitura":"3 minutos"},"schema":{"@context":"https:\/\/schema.org","@graph":[{"@type":"WebPage","@id":"https:\/\/verdadeon.com.br\/portal\/2020\/03\/08\/e-por-falar-nelas\/","url":"https:\/\/verdadeon.com.br\/portal\/2020\/03\/08\/e-por-falar-nelas\/","name":"E por falar nelas... - VerdadeOn","isPartOf":{"@id":"https:\/\/verdadeon.com.br\/portal\/#website"},"primaryImageOfPage":{"@id":"https:\/\/verdadeon.com.br\/portal\/2020\/03\/08\/e-por-falar-nelas\/#primaryimage"},"image":{"@id":"https:\/\/verdadeon.com.br\/portal\/2020\/03\/08\/e-por-falar-nelas\/#primaryimage"},"thumbnailUrl":"https:\/\/i0.wp.com\/verdadeon.com.br\/portal\/wp-content\/uploads\/2020\/03\/Maria-Cristina.jpg?fit=1000%2C735&ssl=1","datePublished":"2020-03-08T10:30:00+00:00","author":{"@id":"https:\/\/verdadeon.com.br\/portal\/#\/schema\/person\/a5060ad1e9ea3df545188fc93ce43d2f"},"breadcrumb":{"@id":"https:\/\/verdadeon.com.br\/portal\/2020\/03\/08\/e-por-falar-nelas\/#breadcrumb"},"inLanguage":"pt-BR","potentialAction":[{"@type":"ReadAction","target":["https:\/\/verdadeon.com.br\/portal\/2020\/03\/08\/e-por-falar-nelas\/"]}]},{"@type":"ImageObject","inLanguage":"pt-BR","@id":"https:\/\/verdadeon.com.br\/portal\/2020\/03\/08\/e-por-falar-nelas\/#primaryimage","url":"https:\/\/i0.wp.com\/verdadeon.com.br\/portal\/wp-content\/uploads\/2020\/03\/Maria-Cristina.jpg?fit=1000%2C735&ssl=1","contentUrl":"https:\/\/i0.wp.com\/verdadeon.com.br\/portal\/wp-content\/uploads\/2020\/03\/Maria-Cristina.jpg?fit=1000%2C735&ssl=1","width":1000,"height":735,"caption":"empres\u00e1ria - Maria Cristina Silveira e sua equipe do novo empreendimento. Antes de se tornar empres\u00e1ria, ela foi banc\u00e1ria, mas tinha um sonho desde jovem que era esse projeto que se tornou realidade: a casa de massas, Nonna Lila | Fotos: Divulga\u00e7\u00e3o"},{"@type":"BreadcrumbList","@id":"https:\/\/verdadeon.com.br\/portal\/2020\/03\/08\/e-por-falar-nelas\/#breadcrumb","itemListElement":[{"@type":"ListItem","position":1,"name":"In\u00edcio","item":"https:\/\/verdadeon.com.br\/portal\/"},{"@type":"ListItem","position":2,"name":"E por falar nelas&#8230;"}]},{"@type":"WebSite","@id":"https:\/\/verdadeon.com.br\/portal\/#website","url":"https:\/\/verdadeon.com.br\/portal\/","name":"VerdadeOn","description":"Not\u00edcias di\u00e1rias sobre Franca, Regi\u00e3o, Esporte, Cultura, Cotidiano, Colunas. Cobertura nos principais eventos da cidade \u00e9 aqui - Verdadeon Franca","potentialAction":[{"@type":"SearchAction","target":{"@type":"EntryPoint","urlTemplate":"https:\/\/verdadeon.com.br\/portal\/?s={search_term_string}"},"query-input":{"@type":"PropertyValueSpecification","valueRequired":true,"valueName":"search_term_string"}}],"inLanguage":"pt-BR"},{"@type":"Person","@id":"https:\/\/verdadeon.com.br\/portal\/#\/schema\/person\/a5060ad1e9ea3df545188fc93ce43d2f","name":"Redacao VerdadeOn","image":{"@type":"ImageObject","inLanguage":"pt-BR","@id":"https:\/\/verdadeon.com.br\/portal\/#\/schema\/person\/image\/","url":"https:\/\/secure.gravatar.com\/avatar\/459a9613caaaf07f582c3d0841eea68bdd66f533e465e6ba8b9cb45619572cf4?s=96&d=mm&r=g","contentUrl":"https:\/\/secure.gravatar.com\/avatar\/459a9613caaaf07f582c3d0841eea68bdd66f533e465e6ba8b9cb45619572cf4?s=96&d=mm&r=g","caption":"Redacao VerdadeOn"},"url":"https:\/\/verdadeon.com.br\/portal\/author\/redacao\/"}]}},"jetpack_publicize_connections":[],"jetpack_featured_media_url":"https:\/\/i0.wp.com\/verdadeon.com.br\/portal\/wp-content\/uploads\/2020\/03\/Maria-Cristina.jpg?fit=1000%2C735&ssl=1","jetpack_sharing_enabled":true,"_links":{"self":[{"href":"https:\/\/verdadeon.com.br\/portal\/wp-json\/wp\/v2\/posts\/4732","targetHints":{"allow":["GET"]}}],"collection":[{"href":"https:\/\/verdadeon.com.br\/portal\/wp-json\/wp\/v2\/posts"}],"about":[{"href":"https:\/\/verdadeon.com.br\/portal\/wp-json\/wp\/v2\/types\/post"}],"author":[{"embeddable":true,"href":"https:\/\/verdadeon.com.br\/portal\/wp-json\/wp\/v2\/users\/10"}],"replies":[{"embeddable":true,"href":"https:\/\/verdadeon.com.br\/portal\/wp-json\/wp\/v2\/comments?post=4732"}],"version-history":[{"count":0,"href":"https:\/\/verdadeon.com.br\/portal\/wp-json\/wp\/v2\/posts\/4732\/revisions"}],"wp:featuredmedia":[{"embeddable":true,"href":"https:\/\/verdadeon.com.br\/portal\/wp-json\/wp\/v2\/media\/4738"}],"wp:attachment":[{"href":"https:\/\/verdadeon.com.br\/portal\/wp-json\/wp\/v2\/media?parent=4732"}],"wp:term":[{"taxonomy":"category","embeddable":true,"href":"https:\/\/verdadeon.com.br\/portal\/wp-json\/wp\/v2\/categories?post=4732"},{"taxonomy":"post_tag","embeddable":true,"href":"https:\/\/verdadeon.com.br\/portal\/wp-json\/wp\/v2\/tags?post=4732"}],"curies":[{"name":"wp","href":"https:\/\/api.w.org\/{rel}","templated":true}]}}