{"id":4693,"date":"2020-03-07T07:00:24","date_gmt":"2020-03-07T10:00:24","guid":{"rendered":"http:\/\/verdadeon.com.br\/portal\/?p=4693"},"modified":"2020-03-07T00:56:51","modified_gmt":"2020-03-07T03:56:51","slug":"estudo-traca-o-perfil-das-mulheres-de-franca","status":"publish","type":"post","link":"https:\/\/verdadeon.com.br\/portal\/2020\/03\/07\/estudo-traca-o-perfil-das-mulheres-de-franca\/","title":{"rendered":"Estudo tra\u00e7a o perfil das mulheres de Franca"},"content":{"rendered":"<h2>Instituto da Acif apresentou um levantamento da participa\u00e7\u00e3o da mulher francana em v\u00e1rias frentes<\/h2>\n<p>Com a comemora\u00e7\u00e3o do Dia Internacional da Mulher neste domingo (8), apresentamos uma vis\u00e3o do perfil das mulheres de modo geral. \u00c9 sabido que a maioria delas tem objetivo de vida, casar, ter filhos, constituir uma fam\u00edlia, ter uma carreira, destacar na profiss\u00e3o e ser feliz.<br \/>\nDentro dessa premissa, o IE-Acif (Instituto de Economia da Associa\u00e7\u00e3o do Com\u00e9rcio e Ind\u00fastria de Franca), levantou alguns pontos para reflex\u00f5es sobre a participa\u00e7\u00e3o feminina no mercado de trabalho, na pol\u00edtica, em rela\u00e7\u00e3o \u00e0 maternidade, abertura de empresas, pir\u00e2mide et\u00e1ria e bairros com maior concentra\u00e7\u00e3o de mulheres, em Franca. No total, a cidade conta com 174.887 pessoas do g\u00eanero feminino.<br \/>\nDe acordo com o \u00faltimo levantamento da Rela\u00e7\u00e3o Anual de Informa\u00e7\u00f5es Sociais, do Minist\u00e9rio da Economia (Dez\/2018), 39.794 mulheres est\u00e3o empregadas no mercado formal de trabalho da cidade de Franca. O n\u00famero \u00e9 87% maior do que o verificado no in\u00edcio da s\u00e9rie hist\u00f3rica (Dez\/2002). A maior participa\u00e7\u00e3o est\u00e1 nos setores de Servi\u00e7os (15.506), Com\u00e9rcio (10.837) e Ind\u00fastria de Transforma\u00e7\u00e3o (9.447). As faixas et\u00e1rias que concentram o maior n\u00famero de empregadas s\u00e3o: 30 a 39 anos (11.676), 40 a 49 anos (8.369) e 18 a 24 anos (7.038).<br \/>\nNo campo do empreendedorismo, Franca conta com 16.369 mulheres propriet\u00e1rias de empresas, presentes principalmente nos setores de Com\u00e9rcio Varejista de Artigos do Vestu\u00e1rio e Acess\u00f3rios (1302), Cabeleireiros (1.290) e Outras Atividades de Tratamentos de Beleza (596).<br \/>\nDo total de empresas com porte Micro, M\u00e9dio ou Grande em Franca, 29,14% foram abertas por mulheres. \u201cO n\u00famero de mulheres associadas \u00e0 Acif cresceu nos \u00faltimos 5 anos. O salto foi de 87%. Atualmente, a entidade conta com 1.144 associadas\u201d, afirma o presidente da Acif, Tarciso B\u00f4tto.<br \/>\nPara ele, o Conselho da Mulher Empreendedora \u00e9 um dos fortes mecanismos de incentivo ao empreendedorismo feminino.<br \/>\n&#8220;Ferramentas como miss\u00f5es empresariais pelo Brasil e no exterior, cursos de qualifica\u00e7\u00e3o e o F\u00f3rum CME s\u00e3o algumas das iniciativas do Conselho. V\u00e1lido lembrar que o CME-ACIF atuou como porta voz das pequenas empres\u00e1rias dentro da ONU Mulheres, em Nova York, no ano de 2010\u201d, finalizou o presidente da entidade.<\/p>\n","protected":false},"excerpt":{"rendered":"<p>Instituto da Acif apresentou um levantamento da participa\u00e7\u00e3o da mulher francana em v\u00e1rias frentes Com a comemora\u00e7\u00e3o do Dia Internacional da Mulher neste domingo (8), apresentamos<span class=\"excerpt-hellip\"> [\u2026]<\/span><\/p>\n","protected":false},"author":10,"featured_media":4697,"comment_status":"open","ping_status":"open","sticky":false,"template":"","format":"standard","meta":{"_jetpack_memberships_contains_paid_content":false,"footnotes":"","jetpack_publicize_message":"","jetpack_publicize_feature_enabled":true,"jetpack_social_post_already_shared":false,"jetpack_social_options":{"image_generator_settings":{"template":"highway","default_image_id":0,"enabled":false},"version":2}},"categories":[28,44],"tags":[],"class_list":["post-4693","post","type-post","status-publish","format-standard","has-post-thumbnail","hentry","category-cotidiano","category-noticias"],"yoast_head":"<!-- This site is optimized with the Yoast SEO plugin v25.6 - https:\/\/yoast.com\/wordpress\/plugins\/seo\/ -->\n<title>Estudo tra\u00e7a o perfil das mulheres de Franca - VerdadeOn<\/title>\n<meta name=\"robots\" content=\"index, follow, max-snippet:-1, max-image-preview:large, max-video-preview:-1\" \/>\n<link rel=\"canonical\" href=\"https:\/\/verdadeon.com.br\/portal\/2020\/03\/07\/estudo-traca-o-perfil-das-mulheres-de-franca\/\" \/>\n<meta property=\"og:locale\" content=\"pt_BR\" \/>\n<meta property=\"og:type\" content=\"article\" \/>\n<meta property=\"og:title\" content=\"Estudo tra\u00e7a o perfil das mulheres de Franca - VerdadeOn\" \/>\n<meta property=\"og:description\" content=\"Instituto da Acif apresentou um levantamento da participa\u00e7\u00e3o da mulher francana em v\u00e1rias frentes Com a comemora\u00e7\u00e3o do Dia Internacional da Mulher neste domingo (8), apresentamos [\u2026]\" \/>\n<meta property=\"og:url\" content=\"https:\/\/verdadeon.com.br\/portal\/2020\/03\/07\/estudo-traca-o-perfil-das-mulheres-de-franca\/\" \/>\n<meta property=\"og:site_name\" content=\"VerdadeOn\" \/>\n<meta property=\"article:published_time\" content=\"2020-03-07T10:00:24+00:00\" \/>\n<meta property=\"og:image\" content=\"https:\/\/verdadeon.com.br\/portal\/wp-content\/uploads\/2020\/03\/info-mulher-impressao_Prancheta-1.jpg\" \/>\n\t<meta property=\"og:image:width\" content=\"842\" \/>\n\t<meta property=\"og:image:height\" content=\"670\" \/>\n\t<meta property=\"og:image:type\" content=\"image\/jpeg\" \/>\n<meta name=\"author\" content=\"Redacao VerdadeOn\" \/>\n<meta name=\"twitter:card\" content=\"summary_large_image\" \/>\n<meta name=\"twitter:label1\" content=\"Escrito por\" \/>\n\t<meta name=\"twitter:data1\" content=\"Redacao VerdadeOn\" \/>\n\t<meta name=\"twitter:label2\" content=\"Est. tempo de leitura\" \/>\n\t<meta name=\"twitter:data2\" content=\"2 minutos\" \/>\n<script type=\"application\/ld+json\" class=\"yoast-schema-graph\">{\"@context\":\"https:\/\/schema.org\",\"@graph\":[{\"@type\":\"WebPage\",\"@id\":\"https:\/\/verdadeon.com.br\/portal\/2020\/03\/07\/estudo-traca-o-perfil-das-mulheres-de-franca\/\",\"url\":\"https:\/\/verdadeon.com.br\/portal\/2020\/03\/07\/estudo-traca-o-perfil-das-mulheres-de-franca\/\",\"name\":\"Estudo tra\u00e7a o perfil das mulheres de Franca - VerdadeOn\",\"isPartOf\":{\"@id\":\"https:\/\/verdadeon.com.br\/portal\/#website\"},\"primaryImageOfPage\":{\"@id\":\"https:\/\/verdadeon.com.br\/portal\/2020\/03\/07\/estudo-traca-o-perfil-das-mulheres-de-franca\/#primaryimage\"},\"image\":{\"@id\":\"https:\/\/verdadeon.com.br\/portal\/2020\/03\/07\/estudo-traca-o-perfil-das-mulheres-de-franca\/#primaryimage\"},\"thumbnailUrl\":\"https:\/\/i0.wp.com\/verdadeon.com.br\/portal\/wp-content\/uploads\/2020\/03\/info-mulher-impressao_Prancheta-1.jpg?fit=842%2C670&ssl=1\",\"datePublished\":\"2020-03-07T10:00:24+00:00\",\"author\":{\"@id\":\"https:\/\/verdadeon.com.br\/portal\/#\/schema\/person\/a5060ad1e9ea3df545188fc93ce43d2f\"},\"breadcrumb\":{\"@id\":\"https:\/\/verdadeon.com.br\/portal\/2020\/03\/07\/estudo-traca-o-perfil-das-mulheres-de-franca\/#breadcrumb\"},\"inLanguage\":\"pt-BR\",\"potentialAction\":[{\"@type\":\"ReadAction\",\"target\":[\"https:\/\/verdadeon.com.br\/portal\/2020\/03\/07\/estudo-traca-o-perfil-das-mulheres-de-franca\/\"]}]},{\"@type\":\"ImageObject\",\"inLanguage\":\"pt-BR\",\"@id\":\"https:\/\/verdadeon.com.br\/portal\/2020\/03\/07\/estudo-traca-o-perfil-das-mulheres-de-franca\/#primaryimage\",\"url\":\"https:\/\/i0.wp.com\/verdadeon.com.br\/portal\/wp-content\/uploads\/2020\/03\/info-mulher-impressao_Prancheta-1.jpg?fit=842%2C670&ssl=1\",\"contentUrl\":\"https:\/\/i0.wp.com\/verdadeon.com.br\/portal\/wp-content\/uploads\/2020\/03\/info-mulher-impressao_Prancheta-1.jpg?fit=842%2C670&ssl=1\",\"width\":842,\"height\":670},{\"@type\":\"BreadcrumbList\",\"@id\":\"https:\/\/verdadeon.com.br\/portal\/2020\/03\/07\/estudo-traca-o-perfil-das-mulheres-de-franca\/#breadcrumb\",\"itemListElement\":[{\"@type\":\"ListItem\",\"position\":1,\"name\":\"In\u00edcio\",\"item\":\"https:\/\/verdadeon.com.br\/portal\/\"},{\"@type\":\"ListItem\",\"position\":2,\"name\":\"Estudo tra\u00e7a o perfil das mulheres de Franca\"}]},{\"@type\":\"WebSite\",\"@id\":\"https:\/\/verdadeon.com.br\/portal\/#website\",\"url\":\"https:\/\/verdadeon.com.br\/portal\/\",\"name\":\"VerdadeOn\",\"description\":\"Not\u00edcias di\u00e1rias sobre Franca, Regi\u00e3o, Esporte, Cultura, Cotidiano, Colunas. Cobertura nos principais eventos da cidade \u00e9 aqui - Verdadeon Franca\",\"potentialAction\":[{\"@type\":\"SearchAction\",\"target\":{\"@type\":\"EntryPoint\",\"urlTemplate\":\"https:\/\/verdadeon.com.br\/portal\/?s={search_term_string}\"},\"query-input\":{\"@type\":\"PropertyValueSpecification\",\"valueRequired\":true,\"valueName\":\"search_term_string\"}}],\"inLanguage\":\"pt-BR\"},{\"@type\":\"Person\",\"@id\":\"https:\/\/verdadeon.com.br\/portal\/#\/schema\/person\/a5060ad1e9ea3df545188fc93ce43d2f\",\"name\":\"Redacao VerdadeOn\",\"image\":{\"@type\":\"ImageObject\",\"inLanguage\":\"pt-BR\",\"@id\":\"https:\/\/verdadeon.com.br\/portal\/#\/schema\/person\/image\/\",\"url\":\"https:\/\/secure.gravatar.com\/avatar\/459a9613caaaf07f582c3d0841eea68bdd66f533e465e6ba8b9cb45619572cf4?s=96&d=mm&r=g\",\"contentUrl\":\"https:\/\/secure.gravatar.com\/avatar\/459a9613caaaf07f582c3d0841eea68bdd66f533e465e6ba8b9cb45619572cf4?s=96&d=mm&r=g\",\"caption\":\"Redacao VerdadeOn\"},\"url\":\"https:\/\/verdadeon.com.br\/portal\/author\/redacao\/\"}]}<\/script>\n<!-- \/ Yoast SEO plugin. -->","yoast_head_json":{"title":"Estudo tra\u00e7a o perfil das mulheres de Franca - VerdadeOn","robots":{"index":"index","follow":"follow","max-snippet":"max-snippet:-1","max-image-preview":"max-image-preview:large","max-video-preview":"max-video-preview:-1"},"canonical":"https:\/\/verdadeon.com.br\/portal\/2020\/03\/07\/estudo-traca-o-perfil-das-mulheres-de-franca\/","og_locale":"pt_BR","og_type":"article","og_title":"Estudo tra\u00e7a o perfil das mulheres de Franca - VerdadeOn","og_description":"Instituto da Acif apresentou um levantamento da participa\u00e7\u00e3o da mulher francana em v\u00e1rias frentes Com a comemora\u00e7\u00e3o do Dia Internacional da Mulher neste domingo (8), apresentamos [\u2026]","og_url":"https:\/\/verdadeon.com.br\/portal\/2020\/03\/07\/estudo-traca-o-perfil-das-mulheres-de-franca\/","og_site_name":"VerdadeOn","article_published_time":"2020-03-07T10:00:24+00:00","og_image":[{"width":842,"height":670,"url":"https:\/\/verdadeon.com.br\/portal\/wp-content\/uploads\/2020\/03\/info-mulher-impressao_Prancheta-1.jpg","type":"image\/jpeg"}],"author":"Redacao VerdadeOn","twitter_card":"summary_large_image","twitter_misc":{"Escrito por":"Redacao VerdadeOn","Est. tempo de leitura":"2 minutos"},"schema":{"@context":"https:\/\/schema.org","@graph":[{"@type":"WebPage","@id":"https:\/\/verdadeon.com.br\/portal\/2020\/03\/07\/estudo-traca-o-perfil-das-mulheres-de-franca\/","url":"https:\/\/verdadeon.com.br\/portal\/2020\/03\/07\/estudo-traca-o-perfil-das-mulheres-de-franca\/","name":"Estudo tra\u00e7a o perfil das mulheres de Franca - VerdadeOn","isPartOf":{"@id":"https:\/\/verdadeon.com.br\/portal\/#website"},"primaryImageOfPage":{"@id":"https:\/\/verdadeon.com.br\/portal\/2020\/03\/07\/estudo-traca-o-perfil-das-mulheres-de-franca\/#primaryimage"},"image":{"@id":"https:\/\/verdadeon.com.br\/portal\/2020\/03\/07\/estudo-traca-o-perfil-das-mulheres-de-franca\/#primaryimage"},"thumbnailUrl":"https:\/\/i0.wp.com\/verdadeon.com.br\/portal\/wp-content\/uploads\/2020\/03\/info-mulher-impressao_Prancheta-1.jpg?fit=842%2C670&ssl=1","datePublished":"2020-03-07T10:00:24+00:00","author":{"@id":"https:\/\/verdadeon.com.br\/portal\/#\/schema\/person\/a5060ad1e9ea3df545188fc93ce43d2f"},"breadcrumb":{"@id":"https:\/\/verdadeon.com.br\/portal\/2020\/03\/07\/estudo-traca-o-perfil-das-mulheres-de-franca\/#breadcrumb"},"inLanguage":"pt-BR","potentialAction":[{"@type":"ReadAction","target":["https:\/\/verdadeon.com.br\/portal\/2020\/03\/07\/estudo-traca-o-perfil-das-mulheres-de-franca\/"]}]},{"@type":"ImageObject","inLanguage":"pt-BR","@id":"https:\/\/verdadeon.com.br\/portal\/2020\/03\/07\/estudo-traca-o-perfil-das-mulheres-de-franca\/#primaryimage","url":"https:\/\/i0.wp.com\/verdadeon.com.br\/portal\/wp-content\/uploads\/2020\/03\/info-mulher-impressao_Prancheta-1.jpg?fit=842%2C670&ssl=1","contentUrl":"https:\/\/i0.wp.com\/verdadeon.com.br\/portal\/wp-content\/uploads\/2020\/03\/info-mulher-impressao_Prancheta-1.jpg?fit=842%2C670&ssl=1","width":842,"height":670},{"@type":"BreadcrumbList","@id":"https:\/\/verdadeon.com.br\/portal\/2020\/03\/07\/estudo-traca-o-perfil-das-mulheres-de-franca\/#breadcrumb","itemListElement":[{"@type":"ListItem","position":1,"name":"In\u00edcio","item":"https:\/\/verdadeon.com.br\/portal\/"},{"@type":"ListItem","position":2,"name":"Estudo tra\u00e7a o perfil das mulheres de Franca"}]},{"@type":"WebSite","@id":"https:\/\/verdadeon.com.br\/portal\/#website","url":"https:\/\/verdadeon.com.br\/portal\/","name":"VerdadeOn","description":"Not\u00edcias di\u00e1rias sobre Franca, Regi\u00e3o, Esporte, Cultura, Cotidiano, Colunas. Cobertura nos principais eventos da cidade \u00e9 aqui - Verdadeon Franca","potentialAction":[{"@type":"SearchAction","target":{"@type":"EntryPoint","urlTemplate":"https:\/\/verdadeon.com.br\/portal\/?s={search_term_string}"},"query-input":{"@type":"PropertyValueSpecification","valueRequired":true,"valueName":"search_term_string"}}],"inLanguage":"pt-BR"},{"@type":"Person","@id":"https:\/\/verdadeon.com.br\/portal\/#\/schema\/person\/a5060ad1e9ea3df545188fc93ce43d2f","name":"Redacao VerdadeOn","image":{"@type":"ImageObject","inLanguage":"pt-BR","@id":"https:\/\/verdadeon.com.br\/portal\/#\/schema\/person\/image\/","url":"https:\/\/secure.gravatar.com\/avatar\/459a9613caaaf07f582c3d0841eea68bdd66f533e465e6ba8b9cb45619572cf4?s=96&d=mm&r=g","contentUrl":"https:\/\/secure.gravatar.com\/avatar\/459a9613caaaf07f582c3d0841eea68bdd66f533e465e6ba8b9cb45619572cf4?s=96&d=mm&r=g","caption":"Redacao VerdadeOn"},"url":"https:\/\/verdadeon.com.br\/portal\/author\/redacao\/"}]}},"jetpack_publicize_connections":[],"jetpack_featured_media_url":"https:\/\/i0.wp.com\/verdadeon.com.br\/portal\/wp-content\/uploads\/2020\/03\/info-mulher-impressao_Prancheta-1.jpg?fit=842%2C670&ssl=1","jetpack_sharing_enabled":true,"_links":{"self":[{"href":"https:\/\/verdadeon.com.br\/portal\/wp-json\/wp\/v2\/posts\/4693","targetHints":{"allow":["GET"]}}],"collection":[{"href":"https:\/\/verdadeon.com.br\/portal\/wp-json\/wp\/v2\/posts"}],"about":[{"href":"https:\/\/verdadeon.com.br\/portal\/wp-json\/wp\/v2\/types\/post"}],"author":[{"embeddable":true,"href":"https:\/\/verdadeon.com.br\/portal\/wp-json\/wp\/v2\/users\/10"}],"replies":[{"embeddable":true,"href":"https:\/\/verdadeon.com.br\/portal\/wp-json\/wp\/v2\/comments?post=4693"}],"version-history":[{"count":0,"href":"https:\/\/verdadeon.com.br\/portal\/wp-json\/wp\/v2\/posts\/4693\/revisions"}],"wp:featuredmedia":[{"embeddable":true,"href":"https:\/\/verdadeon.com.br\/portal\/wp-json\/wp\/v2\/media\/4697"}],"wp:attachment":[{"href":"https:\/\/verdadeon.com.br\/portal\/wp-json\/wp\/v2\/media?parent=4693"}],"wp:term":[{"taxonomy":"category","embeddable":true,"href":"https:\/\/verdadeon.com.br\/portal\/wp-json\/wp\/v2\/categories?post=4693"},{"taxonomy":"post_tag","embeddable":true,"href":"https:\/\/verdadeon.com.br\/portal\/wp-json\/wp\/v2\/tags?post=4693"}],"curies":[{"name":"wp","href":"https:\/\/api.w.org\/{rel}","templated":true}]}}