{"id":4690,"date":"2020-03-07T07:00:06","date_gmt":"2020-03-07T10:00:06","guid":{"rendered":"http:\/\/verdadeon.com.br\/portal\/?p=4690"},"modified":"2020-03-07T00:53:55","modified_gmt":"2020-03-07T03:53:55","slug":"camara-da-inicio-a-trabalhos-de-comissoes","status":"publish","type":"post","link":"https:\/\/verdadeon.com.br\/portal\/2020\/03\/07\/camara-da-inicio-a-trabalhos-de-comissoes\/","title":{"rendered":"C\u00e2mara d\u00e1 in\u00edcio a trabalhos de comiss\u00f5es"},"content":{"rendered":"<h2>As duas comiss\u00f5es processantes foram abertas na ter\u00e7a-feira<\/h2>\n<p>&nbsp;<\/p>\n<p>Reportagem Fernando de Paula<\/p>\n<p>A comiss\u00e3o processante que apura a den\u00fancia de n\u00e3o pagamento de emendas impositivas contra o prefeito de Franca, Gilson de Souza, se reuniu na tarde de ontem (6). O vereador Marco Garcia, que \u00e9 presidente da comiss\u00e3o, Toni Hill, relator e Della Motta, terceiro membro, estiveram presentes, al\u00e9m de servidores da C\u00e2mara.<br \/>\nDurante o encontro, Garcia explicou os primeiros passos para os demais membros e assinou a notifica\u00e7\u00e3o ao prefeito. O documento d\u00e1 ci\u00eancia a Gilson quanto ao processo e determina que ele prepare defesa pr\u00e9via, indique as provas que pretende produzir e arrole testemunhas.<br \/>\n\u201cA partir do momento em que a assinatura dele for colhida, n\u00f3s voltaremos a nos reunir para dar sequ\u00eancia a essa comiss\u00e3o\u201d, afirmou Marco.<br \/>\nJ\u00e1 a comiss\u00e3o processante que investiga a den\u00fancia a respeito dos comissionados da Prefeitura, se reuniu pela primeira vez na manh\u00e3 de quinta (5). O grupo \u00e9 presidido pelo vereador Claudinei da Rocha. Os parlamentares Pastor Ot\u00e1vio Pinheiro e Donizete da Farm\u00e1cia, ocupam as fun\u00e7\u00f5es de relator e terceiro membro, respectivamente.<br \/>\nDurante o encontro, que contou com a participa\u00e7\u00e3o de servidores, Claudinei assinou a notifica\u00e7\u00e3o a Gilson.<br \/>\nDe acordo com Claudinei, o prazo come\u00e7a a contar a partir do momento em que o chefe do Poder Executivo Municipal toma ci\u00eancia do processo.<br \/>\nA C\u00e2mara informou que n\u00e3o conseguiu entregar a notifica\u00e7\u00e3o oficial ao prefeito Gilson de Souza na \u00faltima quinta (5), por que ele se encontrava em S\u00e3o Paulo. Servidores se deslocaram at\u00e9 prefeitura novamente na tarde de sexta (6), para entregar as duas notifica\u00e7\u00f5es, mas o prefeito tamb\u00e9m n\u00e3o estava. Por conta disso, as notifica\u00e7\u00f5es ser\u00e3o publicadas via edital no Di\u00e1rio Oficial do Munic\u00edpio de hoje (7). Depois de oficialmente ciente dos processos, Gilson ter\u00e1 dez dias para encaminhar suas defesas pr\u00e9vias \u00e0 C\u00e2mara.<br \/>\nFoi na \u00faltima ter\u00e7a-feira (3), que as comiss\u00f5es processantes foram abertas. Elas foram protocoladas por mun\u00edcipes. Assim que analisar a defesa enviada pelo prefeito, a comiss\u00e3o emite parecer dentro de 5 dias, podendo decidir pelo prosseguimento ou arquivamento da den\u00fancia. Se a primeira op\u00e7\u00e3o for a escolhida, o processo passa para a fase de instru\u00e7\u00e3o, caracterizada pelo depoimento do denunciado e inquiri\u00e7\u00e3o de testemunhas. Se um consenso pelo arquivamento for alcan\u00e7ado, o parecer \u00e9 submetido ao Plen\u00e1rio. Conclu\u00edda a instru\u00e7\u00e3o, o denunciado apresentar\u00e1 suas raz\u00f5es escritas no prazo de 5 dias. Em seguida, a comiss\u00e3o emitir\u00e1 parecer final, decidindo-se pela proced\u00eancia ou improced\u00eancia da acusa\u00e7\u00e3o, e solicitar\u00e1 a convoca\u00e7\u00e3o de sess\u00e3o para julgamento, que pode condenar e afastar o denunciado ou absolv\u00ea-lo. Para condenar, \u00e9 preciso dois ter\u00e7os dos votos da C\u00e2mara. O processo tem prazo de 90 dias para ser conclu\u00eddo, contados da data em que o prefeito for notificado.<\/p>\n","protected":false},"excerpt":{"rendered":"<p>As duas comiss\u00f5es processantes foram abertas na ter\u00e7a-feira &nbsp; Reportagem Fernando de Paula A comiss\u00e3o processante que apura a den\u00fancia de n\u00e3o pagamento de emendas impositivas<span class=\"excerpt-hellip\"> [\u2026]<\/span><\/p>\n","protected":false},"author":10,"featured_media":0,"comment_status":"open","ping_status":"open","sticky":false,"template":"","format":"standard","meta":{"_jetpack_memberships_contains_paid_content":false,"footnotes":"","jetpack_publicize_message":"","jetpack_publicize_feature_enabled":true,"jetpack_social_post_already_shared":false,"jetpack_social_options":{"image_generator_settings":{"template":"highway","default_image_id":0,"enabled":false},"version":2}},"categories":[28,44],"tags":[],"class_list":["post-4690","post","type-post","status-publish","format-standard","hentry","category-cotidiano","category-noticias"],"yoast_head":"<!-- This site is optimized with the Yoast SEO plugin v25.6 - https:\/\/yoast.com\/wordpress\/plugins\/seo\/ -->\n<title>C\u00e2mara d\u00e1 in\u00edcio a trabalhos de comiss\u00f5es - VerdadeOn<\/title>\n<meta name=\"robots\" content=\"index, follow, max-snippet:-1, max-image-preview:large, max-video-preview:-1\" \/>\n<link rel=\"canonical\" href=\"https:\/\/verdadeon.com.br\/portal\/2020\/03\/07\/camara-da-inicio-a-trabalhos-de-comissoes\/\" \/>\n<meta property=\"og:locale\" content=\"pt_BR\" \/>\n<meta property=\"og:type\" content=\"article\" \/>\n<meta property=\"og:title\" content=\"C\u00e2mara d\u00e1 in\u00edcio a trabalhos de comiss\u00f5es - VerdadeOn\" \/>\n<meta property=\"og:description\" content=\"As duas comiss\u00f5es processantes foram abertas na ter\u00e7a-feira &nbsp; Reportagem Fernando de Paula A comiss\u00e3o processante que apura a den\u00fancia de n\u00e3o pagamento de emendas impositivas [\u2026]\" \/>\n<meta property=\"og:url\" content=\"https:\/\/verdadeon.com.br\/portal\/2020\/03\/07\/camara-da-inicio-a-trabalhos-de-comissoes\/\" \/>\n<meta property=\"og:site_name\" content=\"VerdadeOn\" \/>\n<meta property=\"article:published_time\" content=\"2020-03-07T10:00:06+00:00\" \/>\n<meta property=\"og:image\" content=\"https:\/\/verdadeon.com.br\/portal\/wp-content\/uploads\/2020\/03\/IMG_2274-1.jpg\" \/>\n\t<meta property=\"og:image:width\" content=\"1000\" \/>\n\t<meta property=\"og:image:height\" content=\"750\" \/>\n\t<meta property=\"og:image:type\" content=\"image\/jpeg\" \/>\n<meta name=\"author\" content=\"Redacao VerdadeOn\" \/>\n<meta name=\"twitter:card\" content=\"summary_large_image\" \/>\n<meta name=\"twitter:label1\" content=\"Escrito por\" \/>\n\t<meta name=\"twitter:data1\" content=\"Redacao VerdadeOn\" \/>\n\t<meta name=\"twitter:label2\" content=\"Est. tempo de leitura\" \/>\n\t<meta name=\"twitter:data2\" content=\"3 minutos\" \/>\n<script type=\"application\/ld+json\" class=\"yoast-schema-graph\">{\"@context\":\"https:\/\/schema.org\",\"@graph\":[{\"@type\":\"WebPage\",\"@id\":\"https:\/\/verdadeon.com.br\/portal\/2020\/03\/07\/camara-da-inicio-a-trabalhos-de-comissoes\/\",\"url\":\"https:\/\/verdadeon.com.br\/portal\/2020\/03\/07\/camara-da-inicio-a-trabalhos-de-comissoes\/\",\"name\":\"C\u00e2mara d\u00e1 in\u00edcio a trabalhos de comiss\u00f5es - VerdadeOn\",\"isPartOf\":{\"@id\":\"https:\/\/verdadeon.com.br\/portal\/#website\"},\"datePublished\":\"2020-03-07T10:00:06+00:00\",\"author\":{\"@id\":\"https:\/\/verdadeon.com.br\/portal\/#\/schema\/person\/a5060ad1e9ea3df545188fc93ce43d2f\"},\"breadcrumb\":{\"@id\":\"https:\/\/verdadeon.com.br\/portal\/2020\/03\/07\/camara-da-inicio-a-trabalhos-de-comissoes\/#breadcrumb\"},\"inLanguage\":\"pt-BR\",\"potentialAction\":[{\"@type\":\"ReadAction\",\"target\":[\"https:\/\/verdadeon.com.br\/portal\/2020\/03\/07\/camara-da-inicio-a-trabalhos-de-comissoes\/\"]}]},{\"@type\":\"BreadcrumbList\",\"@id\":\"https:\/\/verdadeon.com.br\/portal\/2020\/03\/07\/camara-da-inicio-a-trabalhos-de-comissoes\/#breadcrumb\",\"itemListElement\":[{\"@type\":\"ListItem\",\"position\":1,\"name\":\"In\u00edcio\",\"item\":\"https:\/\/verdadeon.com.br\/portal\/\"},{\"@type\":\"ListItem\",\"position\":2,\"name\":\"C\u00e2mara d\u00e1 in\u00edcio a trabalhos de comiss\u00f5es\"}]},{\"@type\":\"WebSite\",\"@id\":\"https:\/\/verdadeon.com.br\/portal\/#website\",\"url\":\"https:\/\/verdadeon.com.br\/portal\/\",\"name\":\"VerdadeOn\",\"description\":\"Not\u00edcias di\u00e1rias sobre Franca, Regi\u00e3o, Esporte, Cultura, Cotidiano, Colunas. Cobertura nos principais eventos da cidade \u00e9 aqui - Verdadeon Franca\",\"potentialAction\":[{\"@type\":\"SearchAction\",\"target\":{\"@type\":\"EntryPoint\",\"urlTemplate\":\"https:\/\/verdadeon.com.br\/portal\/?s={search_term_string}\"},\"query-input\":{\"@type\":\"PropertyValueSpecification\",\"valueRequired\":true,\"valueName\":\"search_term_string\"}}],\"inLanguage\":\"pt-BR\"},{\"@type\":\"Person\",\"@id\":\"https:\/\/verdadeon.com.br\/portal\/#\/schema\/person\/a5060ad1e9ea3df545188fc93ce43d2f\",\"name\":\"Redacao VerdadeOn\",\"image\":{\"@type\":\"ImageObject\",\"inLanguage\":\"pt-BR\",\"@id\":\"https:\/\/verdadeon.com.br\/portal\/#\/schema\/person\/image\/\",\"url\":\"https:\/\/secure.gravatar.com\/avatar\/459a9613caaaf07f582c3d0841eea68bdd66f533e465e6ba8b9cb45619572cf4?s=96&d=mm&r=g\",\"contentUrl\":\"https:\/\/secure.gravatar.com\/avatar\/459a9613caaaf07f582c3d0841eea68bdd66f533e465e6ba8b9cb45619572cf4?s=96&d=mm&r=g\",\"caption\":\"Redacao VerdadeOn\"},\"url\":\"https:\/\/verdadeon.com.br\/portal\/author\/redacao\/\"}]}<\/script>\n<!-- \/ Yoast SEO plugin. -->","yoast_head_json":{"title":"C\u00e2mara d\u00e1 in\u00edcio a trabalhos de comiss\u00f5es - VerdadeOn","robots":{"index":"index","follow":"follow","max-snippet":"max-snippet:-1","max-image-preview":"max-image-preview:large","max-video-preview":"max-video-preview:-1"},"canonical":"https:\/\/verdadeon.com.br\/portal\/2020\/03\/07\/camara-da-inicio-a-trabalhos-de-comissoes\/","og_locale":"pt_BR","og_type":"article","og_title":"C\u00e2mara d\u00e1 in\u00edcio a trabalhos de comiss\u00f5es - VerdadeOn","og_description":"As duas comiss\u00f5es processantes foram abertas na ter\u00e7a-feira &nbsp; Reportagem Fernando de Paula A comiss\u00e3o processante que apura a den\u00fancia de n\u00e3o pagamento de emendas impositivas [\u2026]","og_url":"https:\/\/verdadeon.com.br\/portal\/2020\/03\/07\/camara-da-inicio-a-trabalhos-de-comissoes\/","og_site_name":"VerdadeOn","article_published_time":"2020-03-07T10:00:06+00:00","og_image":[{"width":1000,"height":750,"url":"https:\/\/verdadeon.com.br\/portal\/wp-content\/uploads\/2020\/03\/IMG_2274-1.jpg","type":"image\/jpeg"}],"author":"Redacao VerdadeOn","twitter_card":"summary_large_image","twitter_misc":{"Escrito por":"Redacao VerdadeOn","Est. tempo de leitura":"3 minutos"},"schema":{"@context":"https:\/\/schema.org","@graph":[{"@type":"WebPage","@id":"https:\/\/verdadeon.com.br\/portal\/2020\/03\/07\/camara-da-inicio-a-trabalhos-de-comissoes\/","url":"https:\/\/verdadeon.com.br\/portal\/2020\/03\/07\/camara-da-inicio-a-trabalhos-de-comissoes\/","name":"C\u00e2mara d\u00e1 in\u00edcio a trabalhos de comiss\u00f5es - VerdadeOn","isPartOf":{"@id":"https:\/\/verdadeon.com.br\/portal\/#website"},"datePublished":"2020-03-07T10:00:06+00:00","author":{"@id":"https:\/\/verdadeon.com.br\/portal\/#\/schema\/person\/a5060ad1e9ea3df545188fc93ce43d2f"},"breadcrumb":{"@id":"https:\/\/verdadeon.com.br\/portal\/2020\/03\/07\/camara-da-inicio-a-trabalhos-de-comissoes\/#breadcrumb"},"inLanguage":"pt-BR","potentialAction":[{"@type":"ReadAction","target":["https:\/\/verdadeon.com.br\/portal\/2020\/03\/07\/camara-da-inicio-a-trabalhos-de-comissoes\/"]}]},{"@type":"BreadcrumbList","@id":"https:\/\/verdadeon.com.br\/portal\/2020\/03\/07\/camara-da-inicio-a-trabalhos-de-comissoes\/#breadcrumb","itemListElement":[{"@type":"ListItem","position":1,"name":"In\u00edcio","item":"https:\/\/verdadeon.com.br\/portal\/"},{"@type":"ListItem","position":2,"name":"C\u00e2mara d\u00e1 in\u00edcio a trabalhos de comiss\u00f5es"}]},{"@type":"WebSite","@id":"https:\/\/verdadeon.com.br\/portal\/#website","url":"https:\/\/verdadeon.com.br\/portal\/","name":"VerdadeOn","description":"Not\u00edcias di\u00e1rias sobre Franca, Regi\u00e3o, Esporte, Cultura, Cotidiano, Colunas. Cobertura nos principais eventos da cidade \u00e9 aqui - Verdadeon Franca","potentialAction":[{"@type":"SearchAction","target":{"@type":"EntryPoint","urlTemplate":"https:\/\/verdadeon.com.br\/portal\/?s={search_term_string}"},"query-input":{"@type":"PropertyValueSpecification","valueRequired":true,"valueName":"search_term_string"}}],"inLanguage":"pt-BR"},{"@type":"Person","@id":"https:\/\/verdadeon.com.br\/portal\/#\/schema\/person\/a5060ad1e9ea3df545188fc93ce43d2f","name":"Redacao VerdadeOn","image":{"@type":"ImageObject","inLanguage":"pt-BR","@id":"https:\/\/verdadeon.com.br\/portal\/#\/schema\/person\/image\/","url":"https:\/\/secure.gravatar.com\/avatar\/459a9613caaaf07f582c3d0841eea68bdd66f533e465e6ba8b9cb45619572cf4?s=96&d=mm&r=g","contentUrl":"https:\/\/secure.gravatar.com\/avatar\/459a9613caaaf07f582c3d0841eea68bdd66f533e465e6ba8b9cb45619572cf4?s=96&d=mm&r=g","caption":"Redacao VerdadeOn"},"url":"https:\/\/verdadeon.com.br\/portal\/author\/redacao\/"}]}},"jetpack_publicize_connections":[],"jetpack_featured_media_url":"","jetpack_sharing_enabled":true,"_links":{"self":[{"href":"https:\/\/verdadeon.com.br\/portal\/wp-json\/wp\/v2\/posts\/4690","targetHints":{"allow":["GET"]}}],"collection":[{"href":"https:\/\/verdadeon.com.br\/portal\/wp-json\/wp\/v2\/posts"}],"about":[{"href":"https:\/\/verdadeon.com.br\/portal\/wp-json\/wp\/v2\/types\/post"}],"author":[{"embeddable":true,"href":"https:\/\/verdadeon.com.br\/portal\/wp-json\/wp\/v2\/users\/10"}],"replies":[{"embeddable":true,"href":"https:\/\/verdadeon.com.br\/portal\/wp-json\/wp\/v2\/comments?post=4690"}],"version-history":[{"count":0,"href":"https:\/\/verdadeon.com.br\/portal\/wp-json\/wp\/v2\/posts\/4690\/revisions"}],"wp:attachment":[{"href":"https:\/\/verdadeon.com.br\/portal\/wp-json\/wp\/v2\/media?parent=4690"}],"wp:term":[{"taxonomy":"category","embeddable":true,"href":"https:\/\/verdadeon.com.br\/portal\/wp-json\/wp\/v2\/categories?post=4690"},{"taxonomy":"post_tag","embeddable":true,"href":"https:\/\/verdadeon.com.br\/portal\/wp-json\/wp\/v2\/tags?post=4690"}],"curies":[{"name":"wp","href":"https:\/\/api.w.org\/{rel}","templated":true}]}}