{"id":46800,"date":"2024-07-05T13:38:06","date_gmt":"2024-07-05T16:38:06","guid":{"rendered":"https:\/\/verdadeon.com.br\/portal\/?p=46800"},"modified":"2024-07-05T13:38:06","modified_gmt":"2024-07-05T16:38:06","slug":"pix-por-aproximacao-deve-comecar-em-fevereiro-de-2025","status":"publish","type":"post","link":"https:\/\/verdadeon.com.br\/portal\/2024\/07\/05\/pix-por-aproximacao-deve-comecar-em-fevereiro-de-2025\/","title":{"rendered":"Pix por aproxima\u00e7\u00e3o deve come\u00e7ar em fevereiro de 2025"},"content":{"rendered":"<h3 class=\"col-10 offset-1 animated fadeInDown dealy-900 display-8 display-md-8 alt-font font-italic my-1 text-center\">CMN e Banco Central editaram novas regras para facilitar mecanismo<\/h3>\n<p>A partir de fevereiro de 2025, os correntistas poder\u00e3o fazer o Pix por aproxima\u00e7\u00e3o, anunciou na quinta-feira (4) o Banco Central (BC). A autoridade monet\u00e1ria e o Conselho Monet\u00e1rio Nacional (CMN) editaram novas regras para ampliar o <em>open finance<\/em>, compartilhamento de dados entre as institui\u00e7\u00f5es financeiras, e permitir a modalidade.<\/p>\n<p>Por meio do Pix por aproxima\u00e7\u00e3o, o correntista poder\u00e1 fazer a transfer\u00eancia instant\u00e2nea sem sair do ambiente de compras\u00a0<em>on-line<\/em>\u00a0e ir para o aplicativo do banco. A funcionalidade, no entanto, exige a inclus\u00e3o de novos tipos de institui\u00e7\u00f5es financeiras no\u00a0<em>open finance<\/em>\u00a0e estabelecer uma governan\u00e7a definitiva para o compartilhamento de dados entre elas.<\/p>\n<p>No fim de julho, o Banco Central publicar\u00e1 normas mais detalhadas sobre o tema, que trar\u00e3o instru\u00e7\u00f5es para as institui\u00e7\u00f5es financeiras e definir\u00e3o a responsabilidade delas na nova ferramenta. Os testes come\u00e7ar\u00e3o em novembro, com o lan\u00e7amento do servi\u00e7o para a popula\u00e7\u00e3o em fevereiro do pr\u00f3ximo ano.<\/p>\n<h4>O cronograma anunciado pelo BC \u00e9 o seguinte:<\/h4>\n<p>\u2022 \u00a0 \u00a0 31 de julho de 2024: regulamenta\u00e7\u00e3o espec\u00edfica para a Jornada de Pagamentos Sem Redirecionamento (JSR), nome formal do Pix por aproxima\u00e7\u00e3o;<br \/>\n\u2022 \u00a0 \u00a0 14 de novembro de 2024: in\u00edcio dos testes pelas institui\u00e7\u00f5es financeiras, para garantir a seguran\u00e7a da funcionalidade;<br \/>\n\u2022 \u00a0 \u00a0 28 de fevereiro de 2025: Lan\u00e7amento do produto para a popula\u00e7\u00e3o.<\/p>\n<p>As novas regras do\u00a0<em>open finance<\/em>\u00a0t\u00eam como objetivo diminuir etapas nos pagamentos\u00a0<em>on-line<\/em>. Para isso, ser\u00e1 necess\u00e1rio oferecer o Pix nas carteiras digitais, institui\u00e7\u00f5es financeiras onde o cliente deposita dinheiro para fazer pagamentos\u00a0<em>on-line<\/em>.<\/p>\n<p>Pelas novas normas, as institui\u00e7\u00f5es financeiras com mais de 5 milh\u00f5es de clientes, individuais ou em conglomerados, ser\u00e3o obrigadas a aderir ao\u00a0<em>open finance<\/em>.<\/p>\n<p>Segundo o BC, a mudan\u00e7a ampliar\u00e1, de 75% para 95%, a base de clientes que podem optar por compartilhar seus dados entre as institui\u00e7\u00f5es. O cliente com carteiras digitais dever\u00e1 se cadastrar em uma institui\u00e7\u00e3o inscrita no\u00a0<em>open finance<\/em>\u00a0e liberar as fun\u00e7\u00f5es de Pix nas carteiras digitais.<\/p>\n<p>Ag\u00eancia Brasil<\/p>\n","protected":false},"excerpt":{"rendered":"<p>CMN e Banco Central editaram novas regras para facilitar mecanismo A partir de fevereiro de 2025, os correntistas poder\u00e3o fazer o Pix por aproxima\u00e7\u00e3o, anunciou na<span class=\"excerpt-hellip\"> [\u2026]<\/span><\/p>\n","protected":false},"author":10,"featured_media":46801,"comment_status":"open","ping_status":"open","sticky":false,"template":"","format":"standard","meta":{"_jetpack_memberships_contains_paid_content":false,"footnotes":"","jetpack_publicize_message":"","jetpack_publicize_feature_enabled":true,"jetpack_social_post_already_shared":true,"jetpack_social_options":{"image_generator_settings":{"template":"highway","default_image_id":0,"enabled":false},"version":2}},"categories":[28,44],"tags":[],"class_list":["post-46800","post","type-post","status-publish","format-standard","has-post-thumbnail","hentry","category-cotidiano","category-noticias"],"yoast_head":"<!-- This site is optimized with the Yoast SEO plugin v25.6 - https:\/\/yoast.com\/wordpress\/plugins\/seo\/ -->\n<title>Pix por aproxima\u00e7\u00e3o deve come\u00e7ar em fevereiro de 2025 - VerdadeOn<\/title>\n<meta name=\"robots\" content=\"index, follow, max-snippet:-1, max-image-preview:large, max-video-preview:-1\" \/>\n<link rel=\"canonical\" href=\"https:\/\/verdadeon.com.br\/portal\/2024\/07\/05\/pix-por-aproximacao-deve-comecar-em-fevereiro-de-2025\/\" \/>\n<meta property=\"og:locale\" content=\"pt_BR\" \/>\n<meta property=\"og:type\" content=\"article\" \/>\n<meta property=\"og:title\" content=\"Pix por aproxima\u00e7\u00e3o deve come\u00e7ar em fevereiro de 2025 - VerdadeOn\" \/>\n<meta property=\"og:description\" content=\"CMN e Banco Central editaram novas regras para facilitar mecanismo A partir de fevereiro de 2025, os correntistas poder\u00e3o fazer o Pix por aproxima\u00e7\u00e3o, anunciou na [\u2026]\" \/>\n<meta property=\"og:url\" content=\"https:\/\/verdadeon.com.br\/portal\/2024\/07\/05\/pix-por-aproximacao-deve-comecar-em-fevereiro-de-2025\/\" \/>\n<meta property=\"og:site_name\" content=\"VerdadeOn\" \/>\n<meta property=\"article:published_time\" content=\"2024-07-05T16:38:06+00:00\" \/>\n<meta property=\"og:image\" content=\"https:\/\/i0.wp.com\/verdadeon.com.br\/portal\/wp-content\/uploads\/2024\/07\/pix_0411202553.webp?fit=1170%2C700&ssl=1\" \/>\n\t<meta property=\"og:image:width\" content=\"1170\" \/>\n\t<meta property=\"og:image:height\" content=\"700\" \/>\n\t<meta property=\"og:image:type\" content=\"image\/webp\" \/>\n<meta name=\"author\" content=\"Redacao VerdadeOn\" \/>\n<meta name=\"twitter:card\" content=\"summary_large_image\" \/>\n<meta name=\"twitter:label1\" content=\"Escrito por\" \/>\n\t<meta name=\"twitter:data1\" content=\"Redacao VerdadeOn\" \/>\n\t<meta name=\"twitter:label2\" content=\"Est. tempo de leitura\" \/>\n\t<meta name=\"twitter:data2\" content=\"2 minutos\" \/>\n<script type=\"application\/ld+json\" class=\"yoast-schema-graph\">{\"@context\":\"https:\/\/schema.org\",\"@graph\":[{\"@type\":\"WebPage\",\"@id\":\"https:\/\/verdadeon.com.br\/portal\/2024\/07\/05\/pix-por-aproximacao-deve-comecar-em-fevereiro-de-2025\/\",\"url\":\"https:\/\/verdadeon.com.br\/portal\/2024\/07\/05\/pix-por-aproximacao-deve-comecar-em-fevereiro-de-2025\/\",\"name\":\"Pix por aproxima\u00e7\u00e3o deve come\u00e7ar em fevereiro de 2025 - VerdadeOn\",\"isPartOf\":{\"@id\":\"https:\/\/verdadeon.com.br\/portal\/#website\"},\"primaryImageOfPage\":{\"@id\":\"https:\/\/verdadeon.com.br\/portal\/2024\/07\/05\/pix-por-aproximacao-deve-comecar-em-fevereiro-de-2025\/#primaryimage\"},\"image\":{\"@id\":\"https:\/\/verdadeon.com.br\/portal\/2024\/07\/05\/pix-por-aproximacao-deve-comecar-em-fevereiro-de-2025\/#primaryimage\"},\"thumbnailUrl\":\"https:\/\/i0.wp.com\/verdadeon.com.br\/portal\/wp-content\/uploads\/2024\/07\/pix_0411202553.webp?fit=1170%2C700&ssl=1\",\"datePublished\":\"2024-07-05T16:38:06+00:00\",\"author\":{\"@id\":\"https:\/\/verdadeon.com.br\/portal\/#\/schema\/person\/a5060ad1e9ea3df545188fc93ce43d2f\"},\"breadcrumb\":{\"@id\":\"https:\/\/verdadeon.com.br\/portal\/2024\/07\/05\/pix-por-aproximacao-deve-comecar-em-fevereiro-de-2025\/#breadcrumb\"},\"inLanguage\":\"pt-BR\",\"potentialAction\":[{\"@type\":\"ReadAction\",\"target\":[\"https:\/\/verdadeon.com.br\/portal\/2024\/07\/05\/pix-por-aproximacao-deve-comecar-em-fevereiro-de-2025\/\"]}]},{\"@type\":\"ImageObject\",\"inLanguage\":\"pt-BR\",\"@id\":\"https:\/\/verdadeon.com.br\/portal\/2024\/07\/05\/pix-por-aproximacao-deve-comecar-em-fevereiro-de-2025\/#primaryimage\",\"url\":\"https:\/\/i0.wp.com\/verdadeon.com.br\/portal\/wp-content\/uploads\/2024\/07\/pix_0411202553.webp?fit=1170%2C700&ssl=1\",\"contentUrl\":\"https:\/\/i0.wp.com\/verdadeon.com.br\/portal\/wp-content\/uploads\/2024\/07\/pix_0411202553.webp?fit=1170%2C700&ssl=1\",\"width\":1170,\"height\":700,\"caption\":\"Pix se tornou o preferido dos brasileiros, substituindo outros m\u00e9todos de pagamento por sua facilidade e rapidez (\u00a9Marcelo Casal jr)\"},{\"@type\":\"BreadcrumbList\",\"@id\":\"https:\/\/verdadeon.com.br\/portal\/2024\/07\/05\/pix-por-aproximacao-deve-comecar-em-fevereiro-de-2025\/#breadcrumb\",\"itemListElement\":[{\"@type\":\"ListItem\",\"position\":1,\"name\":\"In\u00edcio\",\"item\":\"https:\/\/verdadeon.com.br\/portal\/\"},{\"@type\":\"ListItem\",\"position\":2,\"name\":\"Pix por aproxima\u00e7\u00e3o deve come\u00e7ar em fevereiro de 2025\"}]},{\"@type\":\"WebSite\",\"@id\":\"https:\/\/verdadeon.com.br\/portal\/#website\",\"url\":\"https:\/\/verdadeon.com.br\/portal\/\",\"name\":\"VerdadeOn\",\"description\":\"Not\u00edcias di\u00e1rias sobre Franca, Regi\u00e3o, Esporte, Cultura, Cotidiano, Colunas. Cobertura nos principais eventos da cidade \u00e9 aqui - Verdadeon Franca\",\"potentialAction\":[{\"@type\":\"SearchAction\",\"target\":{\"@type\":\"EntryPoint\",\"urlTemplate\":\"https:\/\/verdadeon.com.br\/portal\/?s={search_term_string}\"},\"query-input\":{\"@type\":\"PropertyValueSpecification\",\"valueRequired\":true,\"valueName\":\"search_term_string\"}}],\"inLanguage\":\"pt-BR\"},{\"@type\":\"Person\",\"@id\":\"https:\/\/verdadeon.com.br\/portal\/#\/schema\/person\/a5060ad1e9ea3df545188fc93ce43d2f\",\"name\":\"Redacao VerdadeOn\",\"image\":{\"@type\":\"ImageObject\",\"inLanguage\":\"pt-BR\",\"@id\":\"https:\/\/verdadeon.com.br\/portal\/#\/schema\/person\/image\/\",\"url\":\"https:\/\/secure.gravatar.com\/avatar\/459a9613caaaf07f582c3d0841eea68bdd66f533e465e6ba8b9cb45619572cf4?s=96&d=mm&r=g\",\"contentUrl\":\"https:\/\/secure.gravatar.com\/avatar\/459a9613caaaf07f582c3d0841eea68bdd66f533e465e6ba8b9cb45619572cf4?s=96&d=mm&r=g\",\"caption\":\"Redacao VerdadeOn\"},\"url\":\"https:\/\/verdadeon.com.br\/portal\/author\/redacao\/\"}]}<\/script>\n<!-- \/ Yoast SEO plugin. -->","yoast_head_json":{"title":"Pix por aproxima\u00e7\u00e3o deve come\u00e7ar em fevereiro de 2025 - VerdadeOn","robots":{"index":"index","follow":"follow","max-snippet":"max-snippet:-1","max-image-preview":"max-image-preview:large","max-video-preview":"max-video-preview:-1"},"canonical":"https:\/\/verdadeon.com.br\/portal\/2024\/07\/05\/pix-por-aproximacao-deve-comecar-em-fevereiro-de-2025\/","og_locale":"pt_BR","og_type":"article","og_title":"Pix por aproxima\u00e7\u00e3o deve come\u00e7ar em fevereiro de 2025 - VerdadeOn","og_description":"CMN e Banco Central editaram novas regras para facilitar mecanismo A partir de fevereiro de 2025, os correntistas poder\u00e3o fazer o Pix por aproxima\u00e7\u00e3o, anunciou na [\u2026]","og_url":"https:\/\/verdadeon.com.br\/portal\/2024\/07\/05\/pix-por-aproximacao-deve-comecar-em-fevereiro-de-2025\/","og_site_name":"VerdadeOn","article_published_time":"2024-07-05T16:38:06+00:00","og_image":[{"width":1170,"height":700,"url":"https:\/\/i0.wp.com\/verdadeon.com.br\/portal\/wp-content\/uploads\/2024\/07\/pix_0411202553.webp?fit=1170%2C700&ssl=1","type":"image\/webp"}],"author":"Redacao VerdadeOn","twitter_card":"summary_large_image","twitter_misc":{"Escrito por":"Redacao VerdadeOn","Est. tempo de leitura":"2 minutos"},"schema":{"@context":"https:\/\/schema.org","@graph":[{"@type":"WebPage","@id":"https:\/\/verdadeon.com.br\/portal\/2024\/07\/05\/pix-por-aproximacao-deve-comecar-em-fevereiro-de-2025\/","url":"https:\/\/verdadeon.com.br\/portal\/2024\/07\/05\/pix-por-aproximacao-deve-comecar-em-fevereiro-de-2025\/","name":"Pix por aproxima\u00e7\u00e3o deve come\u00e7ar em fevereiro de 2025 - VerdadeOn","isPartOf":{"@id":"https:\/\/verdadeon.com.br\/portal\/#website"},"primaryImageOfPage":{"@id":"https:\/\/verdadeon.com.br\/portal\/2024\/07\/05\/pix-por-aproximacao-deve-comecar-em-fevereiro-de-2025\/#primaryimage"},"image":{"@id":"https:\/\/verdadeon.com.br\/portal\/2024\/07\/05\/pix-por-aproximacao-deve-comecar-em-fevereiro-de-2025\/#primaryimage"},"thumbnailUrl":"https:\/\/i0.wp.com\/verdadeon.com.br\/portal\/wp-content\/uploads\/2024\/07\/pix_0411202553.webp?fit=1170%2C700&ssl=1","datePublished":"2024-07-05T16:38:06+00:00","author":{"@id":"https:\/\/verdadeon.com.br\/portal\/#\/schema\/person\/a5060ad1e9ea3df545188fc93ce43d2f"},"breadcrumb":{"@id":"https:\/\/verdadeon.com.br\/portal\/2024\/07\/05\/pix-por-aproximacao-deve-comecar-em-fevereiro-de-2025\/#breadcrumb"},"inLanguage":"pt-BR","potentialAction":[{"@type":"ReadAction","target":["https:\/\/verdadeon.com.br\/portal\/2024\/07\/05\/pix-por-aproximacao-deve-comecar-em-fevereiro-de-2025\/"]}]},{"@type":"ImageObject","inLanguage":"pt-BR","@id":"https:\/\/verdadeon.com.br\/portal\/2024\/07\/05\/pix-por-aproximacao-deve-comecar-em-fevereiro-de-2025\/#primaryimage","url":"https:\/\/i0.wp.com\/verdadeon.com.br\/portal\/wp-content\/uploads\/2024\/07\/pix_0411202553.webp?fit=1170%2C700&ssl=1","contentUrl":"https:\/\/i0.wp.com\/verdadeon.com.br\/portal\/wp-content\/uploads\/2024\/07\/pix_0411202553.webp?fit=1170%2C700&ssl=1","width":1170,"height":700,"caption":"Pix se tornou o preferido dos brasileiros, substituindo outros m\u00e9todos de pagamento por sua facilidade e rapidez (\u00a9Marcelo Casal jr)"},{"@type":"BreadcrumbList","@id":"https:\/\/verdadeon.com.br\/portal\/2024\/07\/05\/pix-por-aproximacao-deve-comecar-em-fevereiro-de-2025\/#breadcrumb","itemListElement":[{"@type":"ListItem","position":1,"name":"In\u00edcio","item":"https:\/\/verdadeon.com.br\/portal\/"},{"@type":"ListItem","position":2,"name":"Pix por aproxima\u00e7\u00e3o deve come\u00e7ar em fevereiro de 2025"}]},{"@type":"WebSite","@id":"https:\/\/verdadeon.com.br\/portal\/#website","url":"https:\/\/verdadeon.com.br\/portal\/","name":"VerdadeOn","description":"Not\u00edcias di\u00e1rias sobre Franca, Regi\u00e3o, Esporte, Cultura, Cotidiano, Colunas. Cobertura nos principais eventos da cidade \u00e9 aqui - Verdadeon Franca","potentialAction":[{"@type":"SearchAction","target":{"@type":"EntryPoint","urlTemplate":"https:\/\/verdadeon.com.br\/portal\/?s={search_term_string}"},"query-input":{"@type":"PropertyValueSpecification","valueRequired":true,"valueName":"search_term_string"}}],"inLanguage":"pt-BR"},{"@type":"Person","@id":"https:\/\/verdadeon.com.br\/portal\/#\/schema\/person\/a5060ad1e9ea3df545188fc93ce43d2f","name":"Redacao VerdadeOn","image":{"@type":"ImageObject","inLanguage":"pt-BR","@id":"https:\/\/verdadeon.com.br\/portal\/#\/schema\/person\/image\/","url":"https:\/\/secure.gravatar.com\/avatar\/459a9613caaaf07f582c3d0841eea68bdd66f533e465e6ba8b9cb45619572cf4?s=96&d=mm&r=g","contentUrl":"https:\/\/secure.gravatar.com\/avatar\/459a9613caaaf07f582c3d0841eea68bdd66f533e465e6ba8b9cb45619572cf4?s=96&d=mm&r=g","caption":"Redacao VerdadeOn"},"url":"https:\/\/verdadeon.com.br\/portal\/author\/redacao\/"}]}},"jetpack_publicize_connections":[],"jetpack_featured_media_url":"https:\/\/i0.wp.com\/verdadeon.com.br\/portal\/wp-content\/uploads\/2024\/07\/pix_0411202553.webp?fit=1170%2C700&ssl=1","jetpack_sharing_enabled":true,"_links":{"self":[{"href":"https:\/\/verdadeon.com.br\/portal\/wp-json\/wp\/v2\/posts\/46800","targetHints":{"allow":["GET"]}}],"collection":[{"href":"https:\/\/verdadeon.com.br\/portal\/wp-json\/wp\/v2\/posts"}],"about":[{"href":"https:\/\/verdadeon.com.br\/portal\/wp-json\/wp\/v2\/types\/post"}],"author":[{"embeddable":true,"href":"https:\/\/verdadeon.com.br\/portal\/wp-json\/wp\/v2\/users\/10"}],"replies":[{"embeddable":true,"href":"https:\/\/verdadeon.com.br\/portal\/wp-json\/wp\/v2\/comments?post=46800"}],"version-history":[{"count":1,"href":"https:\/\/verdadeon.com.br\/portal\/wp-json\/wp\/v2\/posts\/46800\/revisions"}],"predecessor-version":[{"id":46802,"href":"https:\/\/verdadeon.com.br\/portal\/wp-json\/wp\/v2\/posts\/46800\/revisions\/46802"}],"wp:featuredmedia":[{"embeddable":true,"href":"https:\/\/verdadeon.com.br\/portal\/wp-json\/wp\/v2\/media\/46801"}],"wp:attachment":[{"href":"https:\/\/verdadeon.com.br\/portal\/wp-json\/wp\/v2\/media?parent=46800"}],"wp:term":[{"taxonomy":"category","embeddable":true,"href":"https:\/\/verdadeon.com.br\/portal\/wp-json\/wp\/v2\/categories?post=46800"},{"taxonomy":"post_tag","embeddable":true,"href":"https:\/\/verdadeon.com.br\/portal\/wp-json\/wp\/v2\/tags?post=46800"}],"curies":[{"name":"wp","href":"https:\/\/api.w.org\/{rel}","templated":true}]}}