{"id":46797,"date":"2024-07-05T08:00:22","date_gmt":"2024-07-05T11:00:22","guid":{"rendered":"https:\/\/verdadeon.com.br\/portal\/?p=46797"},"modified":"2024-07-05T14:08:01","modified_gmt":"2024-07-05T17:08:01","slug":"governo-do-estado-atende-produtores-de-franca-e-regiao-e-muda-regras-para-cadastro-rural","status":"publish","type":"post","link":"https:\/\/verdadeon.com.br\/portal\/2024\/07\/05\/governo-do-estado-atende-produtores-de-franca-e-regiao-e-muda-regras-para-cadastro-rural\/","title":{"rendered":"Governo do Estado atende produtores de Franca e regi\u00e3o e muda regras para cadastro rural"},"content":{"rendered":"<h2>Pedido para altera\u00e7\u00e3o nas normas para a obten\u00e7\u00e3o do CAR (Cadastro Ambiental Rural) foi entregue ao vice-governador Fel\u00edcio Ramuth em maio pela empres\u00e1ria Fl\u00e1via Lancha<\/h2>\n<p>O processo para obten\u00e7\u00e3o do CAR (Cadastro Ambiental Rural) vai ficar mais f\u00e1cil. A Secretaria Estadual de Agricultura publicou na quarta-feira, dia 3, uma resolu\u00e7\u00e3o mudando as regras para o cadastro e aprimorando o SISCAR-SP (Sistema de Cadastro Ambiental Rural do Estado de S\u00e3o Paulo). Na pr\u00e1tica, a medida deve beneficiar pelo menos 100 mil produtores rurais que est\u00e3o aguardando a an\u00e1lise de seus pedidos de cadastro.<\/p>\n<p>O CAR \u00e9 uma exig\u00eancia do novo C\u00f3digo Florestal Brasileiro. Ele tem como principal fun\u00e7\u00e3o servir como base de dado e monitoramento da preserva\u00e7\u00e3o ambiental nos im\u00f3veis rurais. No CAR, o produtor rural \u00e9 obrigado a indicar as fronteiras de sua propriedade, a \u00e1rea destinada ao plantio ou cria\u00e7\u00e3o, mata nativa, nascentes, etc.<\/p>\n<p>O pedido para a altera\u00e7\u00e3o do CAR foi entregue pela diretora de Rela\u00e7\u00f5es Institucionais da AMSC (Associa\u00e7\u00e3o de Caf\u00e9s Especiais da Alta Mogiana), Fl\u00e1via Lancha, diretamente ao vice-governador Fel\u00edcio Ramuth em maio. \u201cEu fui procurada pelo presidente do Sindicato Rural de Franca, Jos\u00e9 Henrique Mendon\u00e7a, e por um grupo de produtores para levar ao governo as dificuldades que estavam enfrentando para obter o CAR\u201d, disse Fl\u00e1via. No encontro com o vice-governador, a diretora apresentou um of\u00edcio narrando todas as dificuldades e solicitando provid\u00eancias.<\/p>\n<p>\u00c0 \u00e9poca, segundo os propriet\u00e1rios rurais, a fila de espera para a obten\u00e7\u00e3o do CAR j\u00e1 chegava a quase 300 mil propriedades. \u201cO CAR \u00e9 exigido em qualquer transa\u00e7\u00e3o que envolva o im\u00f3vel, como, por exemplo, a compra e venda e a obten\u00e7\u00e3o de financiamentos rurais. Sem ele, tudo fica parado, o que preocupou muito todos n\u00f3s, produtores\u201d, contou Jos\u00e9 Henrique Mendon\u00e7a.<\/p>\n<p>O vice-governador ligou na quarta-feira para a diretora da AMSC para dar a boa not\u00edcia. \u201cEstava em uma reuni\u00e3o quando recebi a liga\u00e7\u00e3o do vice-governador. Ele me disse que o governo do Estado atendeu a reivindica\u00e7\u00e3o dos produtores rurais e definiu um novo processo para a aprova\u00e7\u00e3o dos cadastros\u201d, contou Fl\u00e1via. \u201cFiquei muito feliz com o telefonema e com a not\u00edcia\u201d.<\/p>\n<p>A resolu\u00e7\u00e3o com o detalhamento das mudan\u00e7as foi publicada no Di\u00e1rio Oficial do Estado no dia 3 de julho e entrar\u00e1 em vigor em 45 dias. Nesta semana, a Secretaria Estadual de Agricultura j\u00e1 come\u00e7ou a treinar seus servidores para as novas regras. A previs\u00e3o \u00e9 estar com tudo pronto at\u00e9 agosto.<\/p>\n","protected":false},"excerpt":{"rendered":"<p>Pedido para altera\u00e7\u00e3o nas normas para a obten\u00e7\u00e3o do CAR (Cadastro Ambiental Rural) foi entregue ao vice-governador Fel\u00edcio Ramuth em maio pela empres\u00e1ria Fl\u00e1via Lancha O<span class=\"excerpt-hellip\"> [\u2026]<\/span><\/p>\n","protected":false},"author":10,"featured_media":46798,"comment_status":"open","ping_status":"open","sticky":false,"template":"","format":"standard","meta":{"_jetpack_memberships_contains_paid_content":false,"footnotes":"","jetpack_publicize_message":"","jetpack_publicize_feature_enabled":true,"jetpack_social_post_already_shared":true,"jetpack_social_options":{"image_generator_settings":{"template":"highway","default_image_id":0,"enabled":false},"version":2}},"categories":[28,81],"tags":[],"class_list":["post-46797","post","type-post","status-publish","format-standard","has-post-thumbnail","hentry","category-cotidiano","category-manchete"],"yoast_head":"<!-- This site is optimized with the Yoast SEO plugin v25.6 - https:\/\/yoast.com\/wordpress\/plugins\/seo\/ -->\n<title>Governo do Estado atende produtores de Franca e regi\u00e3o e muda regras para cadastro rural - VerdadeOn<\/title>\n<meta name=\"robots\" content=\"index, follow, max-snippet:-1, max-image-preview:large, max-video-preview:-1\" \/>\n<link rel=\"canonical\" href=\"https:\/\/verdadeon.com.br\/portal\/2024\/07\/05\/governo-do-estado-atende-produtores-de-franca-e-regiao-e-muda-regras-para-cadastro-rural\/\" \/>\n<meta property=\"og:locale\" content=\"pt_BR\" \/>\n<meta property=\"og:type\" content=\"article\" \/>\n<meta property=\"og:title\" content=\"Governo do Estado atende produtores de Franca e regi\u00e3o e muda regras para cadastro rural - VerdadeOn\" \/>\n<meta property=\"og:description\" content=\"Pedido para altera\u00e7\u00e3o nas normas para a obten\u00e7\u00e3o do CAR (Cadastro Ambiental Rural) foi entregue ao vice-governador Fel\u00edcio Ramuth em maio pela empres\u00e1ria Fl\u00e1via Lancha O [\u2026]\" \/>\n<meta property=\"og:url\" content=\"https:\/\/verdadeon.com.br\/portal\/2024\/07\/05\/governo-do-estado-atende-produtores-de-franca-e-regiao-e-muda-regras-para-cadastro-rural\/\" \/>\n<meta property=\"og:site_name\" content=\"VerdadeOn\" \/>\n<meta property=\"article:published_time\" content=\"2024-07-05T11:00:22+00:00\" \/>\n<meta property=\"article:modified_time\" content=\"2024-07-05T17:08:01+00:00\" \/>\n<meta property=\"og:image\" content=\"https:\/\/verdadeon.com.br\/portal\/wp-content\/uploads\/2024\/07\/Felicio-Ramuth-e-Flavia-Lancha.jpg\" \/>\n\t<meta property=\"og:image:width\" content=\"1780\" \/>\n\t<meta property=\"og:image:height\" content=\"1193\" \/>\n\t<meta property=\"og:image:type\" content=\"image\/jpeg\" \/>\n<meta name=\"author\" content=\"Redacao VerdadeOn\" \/>\n<meta name=\"twitter:card\" content=\"summary_large_image\" \/>\n<meta name=\"twitter:label1\" content=\"Escrito por\" \/>\n\t<meta name=\"twitter:data1\" content=\"Redacao VerdadeOn\" \/>\n\t<meta name=\"twitter:label2\" content=\"Est. tempo de leitura\" \/>\n\t<meta name=\"twitter:data2\" content=\"2 minutos\" \/>\n<script type=\"application\/ld+json\" class=\"yoast-schema-graph\">{\"@context\":\"https:\/\/schema.org\",\"@graph\":[{\"@type\":\"WebPage\",\"@id\":\"https:\/\/verdadeon.com.br\/portal\/2024\/07\/05\/governo-do-estado-atende-produtores-de-franca-e-regiao-e-muda-regras-para-cadastro-rural\/\",\"url\":\"https:\/\/verdadeon.com.br\/portal\/2024\/07\/05\/governo-do-estado-atende-produtores-de-franca-e-regiao-e-muda-regras-para-cadastro-rural\/\",\"name\":\"Governo do Estado atende produtores de Franca e regi\u00e3o e muda regras para cadastro rural - VerdadeOn\",\"isPartOf\":{\"@id\":\"https:\/\/verdadeon.com.br\/portal\/#website\"},\"primaryImageOfPage\":{\"@id\":\"https:\/\/verdadeon.com.br\/portal\/2024\/07\/05\/governo-do-estado-atende-produtores-de-franca-e-regiao-e-muda-regras-para-cadastro-rural\/#primaryimage\"},\"image\":{\"@id\":\"https:\/\/verdadeon.com.br\/portal\/2024\/07\/05\/governo-do-estado-atende-produtores-de-franca-e-regiao-e-muda-regras-para-cadastro-rural\/#primaryimage\"},\"thumbnailUrl\":\"https:\/\/i0.wp.com\/verdadeon.com.br\/portal\/wp-content\/uploads\/2024\/07\/Felicio-Ramuth-e-Flavia-Lancha.jpg?fit=1780%2C1193&ssl=1\",\"datePublished\":\"2024-07-05T11:00:22+00:00\",\"dateModified\":\"2024-07-05T17:08:01+00:00\",\"author\":{\"@id\":\"https:\/\/verdadeon.com.br\/portal\/#\/schema\/person\/a5060ad1e9ea3df545188fc93ce43d2f\"},\"breadcrumb\":{\"@id\":\"https:\/\/verdadeon.com.br\/portal\/2024\/07\/05\/governo-do-estado-atende-produtores-de-franca-e-regiao-e-muda-regras-para-cadastro-rural\/#breadcrumb\"},\"inLanguage\":\"pt-BR\",\"potentialAction\":[{\"@type\":\"ReadAction\",\"target\":[\"https:\/\/verdadeon.com.br\/portal\/2024\/07\/05\/governo-do-estado-atende-produtores-de-franca-e-regiao-e-muda-regras-para-cadastro-rural\/\"]}]},{\"@type\":\"ImageObject\",\"inLanguage\":\"pt-BR\",\"@id\":\"https:\/\/verdadeon.com.br\/portal\/2024\/07\/05\/governo-do-estado-atende-produtores-de-franca-e-regiao-e-muda-regras-para-cadastro-rural\/#primaryimage\",\"url\":\"https:\/\/i0.wp.com\/verdadeon.com.br\/portal\/wp-content\/uploads\/2024\/07\/Felicio-Ramuth-e-Flavia-Lancha.jpg?fit=1780%2C1193&ssl=1\",\"contentUrl\":\"https:\/\/i0.wp.com\/verdadeon.com.br\/portal\/wp-content\/uploads\/2024\/07\/Felicio-Ramuth-e-Flavia-Lancha.jpg?fit=1780%2C1193&ssl=1\",\"width\":1780,\"height\":1193,\"caption\":\"O vice-governador Fel\u00edcio Ramuth e a empres\u00e1ria Fl\u00e1via Lancha (\u00a9Divulga\u00e7\u00e3o)\"},{\"@type\":\"BreadcrumbList\",\"@id\":\"https:\/\/verdadeon.com.br\/portal\/2024\/07\/05\/governo-do-estado-atende-produtores-de-franca-e-regiao-e-muda-regras-para-cadastro-rural\/#breadcrumb\",\"itemListElement\":[{\"@type\":\"ListItem\",\"position\":1,\"name\":\"In\u00edcio\",\"item\":\"https:\/\/verdadeon.com.br\/portal\/\"},{\"@type\":\"ListItem\",\"position\":2,\"name\":\"Governo do Estado atende produtores de Franca e regi\u00e3o e muda regras para cadastro rural\"}]},{\"@type\":\"WebSite\",\"@id\":\"https:\/\/verdadeon.com.br\/portal\/#website\",\"url\":\"https:\/\/verdadeon.com.br\/portal\/\",\"name\":\"VerdadeOn\",\"description\":\"Not\u00edcias di\u00e1rias sobre Franca, Regi\u00e3o, Esporte, Cultura, Cotidiano, Colunas. Cobertura nos principais eventos da cidade \u00e9 aqui - Verdadeon Franca\",\"potentialAction\":[{\"@type\":\"SearchAction\",\"target\":{\"@type\":\"EntryPoint\",\"urlTemplate\":\"https:\/\/verdadeon.com.br\/portal\/?s={search_term_string}\"},\"query-input\":{\"@type\":\"PropertyValueSpecification\",\"valueRequired\":true,\"valueName\":\"search_term_string\"}}],\"inLanguage\":\"pt-BR\"},{\"@type\":\"Person\",\"@id\":\"https:\/\/verdadeon.com.br\/portal\/#\/schema\/person\/a5060ad1e9ea3df545188fc93ce43d2f\",\"name\":\"Redacao VerdadeOn\",\"image\":{\"@type\":\"ImageObject\",\"inLanguage\":\"pt-BR\",\"@id\":\"https:\/\/verdadeon.com.br\/portal\/#\/schema\/person\/image\/\",\"url\":\"https:\/\/secure.gravatar.com\/avatar\/459a9613caaaf07f582c3d0841eea68bdd66f533e465e6ba8b9cb45619572cf4?s=96&d=mm&r=g\",\"contentUrl\":\"https:\/\/secure.gravatar.com\/avatar\/459a9613caaaf07f582c3d0841eea68bdd66f533e465e6ba8b9cb45619572cf4?s=96&d=mm&r=g\",\"caption\":\"Redacao VerdadeOn\"},\"url\":\"https:\/\/verdadeon.com.br\/portal\/author\/redacao\/\"}]}<\/script>\n<!-- \/ Yoast SEO plugin. -->","yoast_head_json":{"title":"Governo do Estado atende produtores de Franca e regi\u00e3o e muda regras para cadastro rural - VerdadeOn","robots":{"index":"index","follow":"follow","max-snippet":"max-snippet:-1","max-image-preview":"max-image-preview:large","max-video-preview":"max-video-preview:-1"},"canonical":"https:\/\/verdadeon.com.br\/portal\/2024\/07\/05\/governo-do-estado-atende-produtores-de-franca-e-regiao-e-muda-regras-para-cadastro-rural\/","og_locale":"pt_BR","og_type":"article","og_title":"Governo do Estado atende produtores de Franca e regi\u00e3o e muda regras para cadastro rural - VerdadeOn","og_description":"Pedido para altera\u00e7\u00e3o nas normas para a obten\u00e7\u00e3o do CAR (Cadastro Ambiental Rural) foi entregue ao vice-governador Fel\u00edcio Ramuth em maio pela empres\u00e1ria Fl\u00e1via Lancha O [\u2026]","og_url":"https:\/\/verdadeon.com.br\/portal\/2024\/07\/05\/governo-do-estado-atende-produtores-de-franca-e-regiao-e-muda-regras-para-cadastro-rural\/","og_site_name":"VerdadeOn","article_published_time":"2024-07-05T11:00:22+00:00","article_modified_time":"2024-07-05T17:08:01+00:00","og_image":[{"width":1780,"height":1193,"url":"https:\/\/verdadeon.com.br\/portal\/wp-content\/uploads\/2024\/07\/Felicio-Ramuth-e-Flavia-Lancha.jpg","type":"image\/jpeg"}],"author":"Redacao VerdadeOn","twitter_card":"summary_large_image","twitter_misc":{"Escrito por":"Redacao VerdadeOn","Est. tempo de leitura":"2 minutos"},"schema":{"@context":"https:\/\/schema.org","@graph":[{"@type":"WebPage","@id":"https:\/\/verdadeon.com.br\/portal\/2024\/07\/05\/governo-do-estado-atende-produtores-de-franca-e-regiao-e-muda-regras-para-cadastro-rural\/","url":"https:\/\/verdadeon.com.br\/portal\/2024\/07\/05\/governo-do-estado-atende-produtores-de-franca-e-regiao-e-muda-regras-para-cadastro-rural\/","name":"Governo do Estado atende produtores de Franca e regi\u00e3o e muda regras para cadastro rural - VerdadeOn","isPartOf":{"@id":"https:\/\/verdadeon.com.br\/portal\/#website"},"primaryImageOfPage":{"@id":"https:\/\/verdadeon.com.br\/portal\/2024\/07\/05\/governo-do-estado-atende-produtores-de-franca-e-regiao-e-muda-regras-para-cadastro-rural\/#primaryimage"},"image":{"@id":"https:\/\/verdadeon.com.br\/portal\/2024\/07\/05\/governo-do-estado-atende-produtores-de-franca-e-regiao-e-muda-regras-para-cadastro-rural\/#primaryimage"},"thumbnailUrl":"https:\/\/i0.wp.com\/verdadeon.com.br\/portal\/wp-content\/uploads\/2024\/07\/Felicio-Ramuth-e-Flavia-Lancha.jpg?fit=1780%2C1193&ssl=1","datePublished":"2024-07-05T11:00:22+00:00","dateModified":"2024-07-05T17:08:01+00:00","author":{"@id":"https:\/\/verdadeon.com.br\/portal\/#\/schema\/person\/a5060ad1e9ea3df545188fc93ce43d2f"},"breadcrumb":{"@id":"https:\/\/verdadeon.com.br\/portal\/2024\/07\/05\/governo-do-estado-atende-produtores-de-franca-e-regiao-e-muda-regras-para-cadastro-rural\/#breadcrumb"},"inLanguage":"pt-BR","potentialAction":[{"@type":"ReadAction","target":["https:\/\/verdadeon.com.br\/portal\/2024\/07\/05\/governo-do-estado-atende-produtores-de-franca-e-regiao-e-muda-regras-para-cadastro-rural\/"]}]},{"@type":"ImageObject","inLanguage":"pt-BR","@id":"https:\/\/verdadeon.com.br\/portal\/2024\/07\/05\/governo-do-estado-atende-produtores-de-franca-e-regiao-e-muda-regras-para-cadastro-rural\/#primaryimage","url":"https:\/\/i0.wp.com\/verdadeon.com.br\/portal\/wp-content\/uploads\/2024\/07\/Felicio-Ramuth-e-Flavia-Lancha.jpg?fit=1780%2C1193&ssl=1","contentUrl":"https:\/\/i0.wp.com\/verdadeon.com.br\/portal\/wp-content\/uploads\/2024\/07\/Felicio-Ramuth-e-Flavia-Lancha.jpg?fit=1780%2C1193&ssl=1","width":1780,"height":1193,"caption":"O vice-governador Fel\u00edcio Ramuth e a empres\u00e1ria Fl\u00e1via Lancha (\u00a9Divulga\u00e7\u00e3o)"},{"@type":"BreadcrumbList","@id":"https:\/\/verdadeon.com.br\/portal\/2024\/07\/05\/governo-do-estado-atende-produtores-de-franca-e-regiao-e-muda-regras-para-cadastro-rural\/#breadcrumb","itemListElement":[{"@type":"ListItem","position":1,"name":"In\u00edcio","item":"https:\/\/verdadeon.com.br\/portal\/"},{"@type":"ListItem","position":2,"name":"Governo do Estado atende produtores de Franca e regi\u00e3o e muda regras para cadastro rural"}]},{"@type":"WebSite","@id":"https:\/\/verdadeon.com.br\/portal\/#website","url":"https:\/\/verdadeon.com.br\/portal\/","name":"VerdadeOn","description":"Not\u00edcias di\u00e1rias sobre Franca, Regi\u00e3o, Esporte, Cultura, Cotidiano, Colunas. Cobertura nos principais eventos da cidade \u00e9 aqui - Verdadeon Franca","potentialAction":[{"@type":"SearchAction","target":{"@type":"EntryPoint","urlTemplate":"https:\/\/verdadeon.com.br\/portal\/?s={search_term_string}"},"query-input":{"@type":"PropertyValueSpecification","valueRequired":true,"valueName":"search_term_string"}}],"inLanguage":"pt-BR"},{"@type":"Person","@id":"https:\/\/verdadeon.com.br\/portal\/#\/schema\/person\/a5060ad1e9ea3df545188fc93ce43d2f","name":"Redacao VerdadeOn","image":{"@type":"ImageObject","inLanguage":"pt-BR","@id":"https:\/\/verdadeon.com.br\/portal\/#\/schema\/person\/image\/","url":"https:\/\/secure.gravatar.com\/avatar\/459a9613caaaf07f582c3d0841eea68bdd66f533e465e6ba8b9cb45619572cf4?s=96&d=mm&r=g","contentUrl":"https:\/\/secure.gravatar.com\/avatar\/459a9613caaaf07f582c3d0841eea68bdd66f533e465e6ba8b9cb45619572cf4?s=96&d=mm&r=g","caption":"Redacao VerdadeOn"},"url":"https:\/\/verdadeon.com.br\/portal\/author\/redacao\/"}]}},"jetpack_publicize_connections":[],"jetpack_featured_media_url":"https:\/\/i0.wp.com\/verdadeon.com.br\/portal\/wp-content\/uploads\/2024\/07\/Felicio-Ramuth-e-Flavia-Lancha.jpg?fit=1780%2C1193&ssl=1","jetpack_sharing_enabled":true,"_links":{"self":[{"href":"https:\/\/verdadeon.com.br\/portal\/wp-json\/wp\/v2\/posts\/46797","targetHints":{"allow":["GET"]}}],"collection":[{"href":"https:\/\/verdadeon.com.br\/portal\/wp-json\/wp\/v2\/posts"}],"about":[{"href":"https:\/\/verdadeon.com.br\/portal\/wp-json\/wp\/v2\/types\/post"}],"author":[{"embeddable":true,"href":"https:\/\/verdadeon.com.br\/portal\/wp-json\/wp\/v2\/users\/10"}],"replies":[{"embeddable":true,"href":"https:\/\/verdadeon.com.br\/portal\/wp-json\/wp\/v2\/comments?post=46797"}],"version-history":[{"count":1,"href":"https:\/\/verdadeon.com.br\/portal\/wp-json\/wp\/v2\/posts\/46797\/revisions"}],"predecessor-version":[{"id":46799,"href":"https:\/\/verdadeon.com.br\/portal\/wp-json\/wp\/v2\/posts\/46797\/revisions\/46799"}],"wp:featuredmedia":[{"embeddable":true,"href":"https:\/\/verdadeon.com.br\/portal\/wp-json\/wp\/v2\/media\/46798"}],"wp:attachment":[{"href":"https:\/\/verdadeon.com.br\/portal\/wp-json\/wp\/v2\/media?parent=46797"}],"wp:term":[{"taxonomy":"category","embeddable":true,"href":"https:\/\/verdadeon.com.br\/portal\/wp-json\/wp\/v2\/categories?post=46797"},{"taxonomy":"post_tag","embeddable":true,"href":"https:\/\/verdadeon.com.br\/portal\/wp-json\/wp\/v2\/tags?post=46797"}],"curies":[{"name":"wp","href":"https:\/\/api.w.org\/{rel}","templated":true}]}}