{"id":46781,"date":"2024-07-05T12:00:59","date_gmt":"2024-07-05T15:00:59","guid":{"rendered":"https:\/\/verdadeon.com.br\/portal\/?p=46781"},"modified":"2024-07-05T12:35:43","modified_gmt":"2024-07-05T15:35:43","slug":"ferias-de-julho-franca-shopping-anuncia-programacao-especial","status":"publish","type":"post","link":"https:\/\/verdadeon.com.br\/portal\/2024\/07\/05\/ferias-de-julho-franca-shopping-anuncia-programacao-especial\/","title":{"rendered":"F\u00e9rias de Julho: Franca Shopping anuncia programa\u00e7\u00e3o especial"},"content":{"rendered":"<h2>Lazer e divers\u00e3o para crian\u00e7as e adultos, o empreendimento oferece diferentes atividades durante o m\u00eas<\/h2>\n<p>As F\u00e9rias de Julho chegaram e o Franca Shopping preparou uma s\u00e9rie de atra\u00e7\u00f5es imperd\u00edveis para animar toda a fam\u00edlia. Entre as op\u00e7\u00f5es, est\u00e3o os encontros quinzenais do Bora Patinah, para quem gosta de andar de patins, um Aul\u00e3o de Fit Dance com as m\u00fasicas do momento, uma tarde incr\u00edvel com encontro de pets e seus tutores e mais uma edi\u00e7\u00e3o do encontro de carros antigos.<\/p>\n<p>A programa\u00e7\u00e3o come\u00e7ou na quinta-feira, 4, com a edi\u00e7\u00e3o quinzenal do Bora Patinah. O evento, que acontece \u00e0s 19h30 no estacionamento do Franca Shopping, \u00e9 dedicado para quem ama a pr\u00e1tica de andar de patins. Al\u00e9m de reunir os adeptos da modalidade, o encontro tamb\u00e9m recebe iniciantes e oferece empr\u00e9stimo de kit completo para quem resolver se aventurar na hora. O Bora Patinah ter\u00e1 mais uma edi\u00e7\u00e3o neste m\u00eas, no dia 18.<\/p>\n<p>J\u00e1 no dia 13 de julho, \u00e0s 10h, o shopping recebe o Aul\u00e3o de Fit Dance, com a realiza\u00e7\u00e3o da SmartFit, que promete muita energia e divers\u00e3o na modalidade mais querida das academias. Ao som de ritmos contagiantes do momento, o Aul\u00e3o ser\u00e1 gratuito e acontecer\u00e1 no estacionamento do empreendimento.<\/p>\n<p>Para tornar a programa\u00e7\u00e3o ainda mais especial e reunir toda a fam\u00edlia, no dia 21 de julho, acontece pela primeira vez, as \u201cF\u00e9rias Pet\u201d. Uma tarde cheia de atividades e intera\u00e7\u00e3o para os pets e seus tutores se divertirem nas f\u00e9rias. O evento \u00e9 a partir das 14h, no estacionamento ao lado da entrada da Casas Bahia.<\/p>\n<p>No domingo, 28, a atra\u00e7\u00e3o ser\u00e1 o Encontro de Clube e Colecionadores de Carros. O evento re\u00fane ve\u00edculos cl\u00e1ssicos, tunados, rebaixados e modelos \u00fanicos, entre outros. O encontro acontecer\u00e1 a partir das 11h, no estacionamento do Franca Shopping e a entrada solid\u00e1ria \u00e9 1kg de alimento n\u00e3o perec\u00edvel, que ser\u00e1 doado posteriormente para entidades da cidade.<\/p>\n<p>E n\u00e3o para por a\u00ed<br \/>\nAinda durante todo o m\u00eas, o cinema Moviecom conta com lan\u00e7amentos imperd\u00edveis para toda a fam\u00edlia, como Divertidamente 2 e Meu Malvado Favorito 4.<\/p>\n<p>Outra op\u00e7\u00e3o divertida para a crian\u00e7ada \u00e9 o Dogs Park, um espa\u00e7o reservado para os pequenos se divertirem, cheio de bolinhas coloridas. Consulte pre\u00e7o e regulamento no local.<br \/>\nFique por dentro de tudo o que vai acontecer neste m\u00eas no Franca Shopping pelo site www.francashopping.com.br e nas redes sociais @franca_shopping.<\/p>\n<p>&nbsp;<\/p>\n","protected":false},"excerpt":{"rendered":"<p>Lazer e divers\u00e3o para crian\u00e7as e adultos, o empreendimento oferece diferentes atividades durante o m\u00eas As F\u00e9rias de Julho chegaram e o Franca Shopping preparou uma<span class=\"excerpt-hellip\"> [\u2026]<\/span><\/p>\n","protected":false},"author":10,"featured_media":46782,"comment_status":"open","ping_status":"open","sticky":false,"template":"","format":"standard","meta":{"_jetpack_memberships_contains_paid_content":false,"footnotes":"","jetpack_publicize_message":"","jetpack_publicize_feature_enabled":true,"jetpack_social_post_already_shared":true,"jetpack_social_options":{"image_generator_settings":{"template":"highway","default_image_id":0,"enabled":false},"version":2}},"categories":[28,44],"tags":[],"class_list":["post-46781","post","type-post","status-publish","format-standard","has-post-thumbnail","hentry","category-cotidiano","category-noticias"],"yoast_head":"<!-- This site is optimized with the Yoast SEO plugin v25.6 - https:\/\/yoast.com\/wordpress\/plugins\/seo\/ -->\n<title>F\u00e9rias de Julho: Franca Shopping anuncia programa\u00e7\u00e3o especial - VerdadeOn<\/title>\n<meta name=\"robots\" content=\"index, follow, max-snippet:-1, max-image-preview:large, max-video-preview:-1\" \/>\n<link rel=\"canonical\" href=\"https:\/\/verdadeon.com.br\/portal\/2024\/07\/05\/ferias-de-julho-franca-shopping-anuncia-programacao-especial\/\" \/>\n<meta property=\"og:locale\" content=\"pt_BR\" \/>\n<meta property=\"og:type\" content=\"article\" \/>\n<meta property=\"og:title\" content=\"F\u00e9rias de Julho: Franca Shopping anuncia programa\u00e7\u00e3o especial - VerdadeOn\" \/>\n<meta property=\"og:description\" content=\"Lazer e divers\u00e3o para crian\u00e7as e adultos, o empreendimento oferece diferentes atividades durante o m\u00eas As F\u00e9rias de Julho chegaram e o Franca Shopping preparou uma [\u2026]\" \/>\n<meta property=\"og:url\" content=\"https:\/\/verdadeon.com.br\/portal\/2024\/07\/05\/ferias-de-julho-franca-shopping-anuncia-programacao-especial\/\" \/>\n<meta property=\"og:site_name\" content=\"VerdadeOn\" \/>\n<meta property=\"article:published_time\" content=\"2024-07-05T15:00:59+00:00\" \/>\n<meta property=\"article:modified_time\" content=\"2024-07-05T15:35:43+00:00\" \/>\n<meta property=\"og:image\" content=\"https:\/\/verdadeon.com.br\/portal\/wp-content\/uploads\/2024\/07\/OIP.jpg\" \/>\n\t<meta property=\"og:image:width\" content=\"2048\" \/>\n\t<meta property=\"og:image:height\" content=\"1535\" \/>\n\t<meta property=\"og:image:type\" content=\"image\/jpeg\" \/>\n<meta name=\"author\" content=\"Redacao VerdadeOn\" \/>\n<meta name=\"twitter:card\" content=\"summary_large_image\" \/>\n<meta name=\"twitter:label1\" content=\"Escrito por\" \/>\n\t<meta name=\"twitter:data1\" content=\"Redacao VerdadeOn\" \/>\n\t<meta name=\"twitter:label2\" content=\"Est. tempo de leitura\" \/>\n\t<meta name=\"twitter:data2\" content=\"3 minutos\" \/>\n<script type=\"application\/ld+json\" class=\"yoast-schema-graph\">{\"@context\":\"https:\/\/schema.org\",\"@graph\":[{\"@type\":\"WebPage\",\"@id\":\"https:\/\/verdadeon.com.br\/portal\/2024\/07\/05\/ferias-de-julho-franca-shopping-anuncia-programacao-especial\/\",\"url\":\"https:\/\/verdadeon.com.br\/portal\/2024\/07\/05\/ferias-de-julho-franca-shopping-anuncia-programacao-especial\/\",\"name\":\"F\u00e9rias de Julho: Franca Shopping anuncia programa\u00e7\u00e3o especial - VerdadeOn\",\"isPartOf\":{\"@id\":\"https:\/\/verdadeon.com.br\/portal\/#website\"},\"primaryImageOfPage\":{\"@id\":\"https:\/\/verdadeon.com.br\/portal\/2024\/07\/05\/ferias-de-julho-franca-shopping-anuncia-programacao-especial\/#primaryimage\"},\"image\":{\"@id\":\"https:\/\/verdadeon.com.br\/portal\/2024\/07\/05\/ferias-de-julho-franca-shopping-anuncia-programacao-especial\/#primaryimage\"},\"thumbnailUrl\":\"https:\/\/i0.wp.com\/verdadeon.com.br\/portal\/wp-content\/uploads\/2024\/07\/OIP.jpg?fit=2048%2C1535&ssl=1\",\"datePublished\":\"2024-07-05T15:00:59+00:00\",\"dateModified\":\"2024-07-05T15:35:43+00:00\",\"author\":{\"@id\":\"https:\/\/verdadeon.com.br\/portal\/#\/schema\/person\/a5060ad1e9ea3df545188fc93ce43d2f\"},\"breadcrumb\":{\"@id\":\"https:\/\/verdadeon.com.br\/portal\/2024\/07\/05\/ferias-de-julho-franca-shopping-anuncia-programacao-especial\/#breadcrumb\"},\"inLanguage\":\"pt-BR\",\"potentialAction\":[{\"@type\":\"ReadAction\",\"target\":[\"https:\/\/verdadeon.com.br\/portal\/2024\/07\/05\/ferias-de-julho-franca-shopping-anuncia-programacao-especial\/\"]}]},{\"@type\":\"ImageObject\",\"inLanguage\":\"pt-BR\",\"@id\":\"https:\/\/verdadeon.com.br\/portal\/2024\/07\/05\/ferias-de-julho-franca-shopping-anuncia-programacao-especial\/#primaryimage\",\"url\":\"https:\/\/i0.wp.com\/verdadeon.com.br\/portal\/wp-content\/uploads\/2024\/07\/OIP.jpg?fit=2048%2C1535&ssl=1\",\"contentUrl\":\"https:\/\/i0.wp.com\/verdadeon.com.br\/portal\/wp-content\/uploads\/2024\/07\/OIP.jpg?fit=2048%2C1535&ssl=1\",\"width\":2048,\"height\":1535,\"caption\":\"Inaugurado em outubro de 1993, o Franca Shopping \u00e9 um pioneiro centro de compras e entretenimento no interior de S\u00e3o Paulo, com um design de open mall e um ic\u00f4nico lago interno (\u00a9Google maps)\"},{\"@type\":\"BreadcrumbList\",\"@id\":\"https:\/\/verdadeon.com.br\/portal\/2024\/07\/05\/ferias-de-julho-franca-shopping-anuncia-programacao-especial\/#breadcrumb\",\"itemListElement\":[{\"@type\":\"ListItem\",\"position\":1,\"name\":\"In\u00edcio\",\"item\":\"https:\/\/verdadeon.com.br\/portal\/\"},{\"@type\":\"ListItem\",\"position\":2,\"name\":\"F\u00e9rias de Julho: Franca Shopping anuncia programa\u00e7\u00e3o especial\"}]},{\"@type\":\"WebSite\",\"@id\":\"https:\/\/verdadeon.com.br\/portal\/#website\",\"url\":\"https:\/\/verdadeon.com.br\/portal\/\",\"name\":\"VerdadeOn\",\"description\":\"Not\u00edcias di\u00e1rias sobre Franca, Regi\u00e3o, Esporte, Cultura, Cotidiano, Colunas. Cobertura nos principais eventos da cidade \u00e9 aqui - Verdadeon Franca\",\"potentialAction\":[{\"@type\":\"SearchAction\",\"target\":{\"@type\":\"EntryPoint\",\"urlTemplate\":\"https:\/\/verdadeon.com.br\/portal\/?s={search_term_string}\"},\"query-input\":{\"@type\":\"PropertyValueSpecification\",\"valueRequired\":true,\"valueName\":\"search_term_string\"}}],\"inLanguage\":\"pt-BR\"},{\"@type\":\"Person\",\"@id\":\"https:\/\/verdadeon.com.br\/portal\/#\/schema\/person\/a5060ad1e9ea3df545188fc93ce43d2f\",\"name\":\"Redacao VerdadeOn\",\"image\":{\"@type\":\"ImageObject\",\"inLanguage\":\"pt-BR\",\"@id\":\"https:\/\/verdadeon.com.br\/portal\/#\/schema\/person\/image\/\",\"url\":\"https:\/\/secure.gravatar.com\/avatar\/459a9613caaaf07f582c3d0841eea68bdd66f533e465e6ba8b9cb45619572cf4?s=96&d=mm&r=g\",\"contentUrl\":\"https:\/\/secure.gravatar.com\/avatar\/459a9613caaaf07f582c3d0841eea68bdd66f533e465e6ba8b9cb45619572cf4?s=96&d=mm&r=g\",\"caption\":\"Redacao VerdadeOn\"},\"url\":\"https:\/\/verdadeon.com.br\/portal\/author\/redacao\/\"}]}<\/script>\n<!-- \/ Yoast SEO plugin. -->","yoast_head_json":{"title":"F\u00e9rias de Julho: Franca Shopping anuncia programa\u00e7\u00e3o especial - VerdadeOn","robots":{"index":"index","follow":"follow","max-snippet":"max-snippet:-1","max-image-preview":"max-image-preview:large","max-video-preview":"max-video-preview:-1"},"canonical":"https:\/\/verdadeon.com.br\/portal\/2024\/07\/05\/ferias-de-julho-franca-shopping-anuncia-programacao-especial\/","og_locale":"pt_BR","og_type":"article","og_title":"F\u00e9rias de Julho: Franca Shopping anuncia programa\u00e7\u00e3o especial - VerdadeOn","og_description":"Lazer e divers\u00e3o para crian\u00e7as e adultos, o empreendimento oferece diferentes atividades durante o m\u00eas As F\u00e9rias de Julho chegaram e o Franca Shopping preparou uma [\u2026]","og_url":"https:\/\/verdadeon.com.br\/portal\/2024\/07\/05\/ferias-de-julho-franca-shopping-anuncia-programacao-especial\/","og_site_name":"VerdadeOn","article_published_time":"2024-07-05T15:00:59+00:00","article_modified_time":"2024-07-05T15:35:43+00:00","og_image":[{"width":2048,"height":1535,"url":"https:\/\/verdadeon.com.br\/portal\/wp-content\/uploads\/2024\/07\/OIP.jpg","type":"image\/jpeg"}],"author":"Redacao VerdadeOn","twitter_card":"summary_large_image","twitter_misc":{"Escrito por":"Redacao VerdadeOn","Est. tempo de leitura":"3 minutos"},"schema":{"@context":"https:\/\/schema.org","@graph":[{"@type":"WebPage","@id":"https:\/\/verdadeon.com.br\/portal\/2024\/07\/05\/ferias-de-julho-franca-shopping-anuncia-programacao-especial\/","url":"https:\/\/verdadeon.com.br\/portal\/2024\/07\/05\/ferias-de-julho-franca-shopping-anuncia-programacao-especial\/","name":"F\u00e9rias de Julho: Franca Shopping anuncia programa\u00e7\u00e3o especial - VerdadeOn","isPartOf":{"@id":"https:\/\/verdadeon.com.br\/portal\/#website"},"primaryImageOfPage":{"@id":"https:\/\/verdadeon.com.br\/portal\/2024\/07\/05\/ferias-de-julho-franca-shopping-anuncia-programacao-especial\/#primaryimage"},"image":{"@id":"https:\/\/verdadeon.com.br\/portal\/2024\/07\/05\/ferias-de-julho-franca-shopping-anuncia-programacao-especial\/#primaryimage"},"thumbnailUrl":"https:\/\/i0.wp.com\/verdadeon.com.br\/portal\/wp-content\/uploads\/2024\/07\/OIP.jpg?fit=2048%2C1535&ssl=1","datePublished":"2024-07-05T15:00:59+00:00","dateModified":"2024-07-05T15:35:43+00:00","author":{"@id":"https:\/\/verdadeon.com.br\/portal\/#\/schema\/person\/a5060ad1e9ea3df545188fc93ce43d2f"},"breadcrumb":{"@id":"https:\/\/verdadeon.com.br\/portal\/2024\/07\/05\/ferias-de-julho-franca-shopping-anuncia-programacao-especial\/#breadcrumb"},"inLanguage":"pt-BR","potentialAction":[{"@type":"ReadAction","target":["https:\/\/verdadeon.com.br\/portal\/2024\/07\/05\/ferias-de-julho-franca-shopping-anuncia-programacao-especial\/"]}]},{"@type":"ImageObject","inLanguage":"pt-BR","@id":"https:\/\/verdadeon.com.br\/portal\/2024\/07\/05\/ferias-de-julho-franca-shopping-anuncia-programacao-especial\/#primaryimage","url":"https:\/\/i0.wp.com\/verdadeon.com.br\/portal\/wp-content\/uploads\/2024\/07\/OIP.jpg?fit=2048%2C1535&ssl=1","contentUrl":"https:\/\/i0.wp.com\/verdadeon.com.br\/portal\/wp-content\/uploads\/2024\/07\/OIP.jpg?fit=2048%2C1535&ssl=1","width":2048,"height":1535,"caption":"Inaugurado em outubro de 1993, o Franca Shopping \u00e9 um pioneiro centro de compras e entretenimento no interior de S\u00e3o Paulo, com um design de open mall e um ic\u00f4nico lago interno (\u00a9Google maps)"},{"@type":"BreadcrumbList","@id":"https:\/\/verdadeon.com.br\/portal\/2024\/07\/05\/ferias-de-julho-franca-shopping-anuncia-programacao-especial\/#breadcrumb","itemListElement":[{"@type":"ListItem","position":1,"name":"In\u00edcio","item":"https:\/\/verdadeon.com.br\/portal\/"},{"@type":"ListItem","position":2,"name":"F\u00e9rias de Julho: Franca Shopping anuncia programa\u00e7\u00e3o especial"}]},{"@type":"WebSite","@id":"https:\/\/verdadeon.com.br\/portal\/#website","url":"https:\/\/verdadeon.com.br\/portal\/","name":"VerdadeOn","description":"Not\u00edcias di\u00e1rias sobre Franca, Regi\u00e3o, Esporte, Cultura, Cotidiano, Colunas. Cobertura nos principais eventos da cidade \u00e9 aqui - Verdadeon Franca","potentialAction":[{"@type":"SearchAction","target":{"@type":"EntryPoint","urlTemplate":"https:\/\/verdadeon.com.br\/portal\/?s={search_term_string}"},"query-input":{"@type":"PropertyValueSpecification","valueRequired":true,"valueName":"search_term_string"}}],"inLanguage":"pt-BR"},{"@type":"Person","@id":"https:\/\/verdadeon.com.br\/portal\/#\/schema\/person\/a5060ad1e9ea3df545188fc93ce43d2f","name":"Redacao VerdadeOn","image":{"@type":"ImageObject","inLanguage":"pt-BR","@id":"https:\/\/verdadeon.com.br\/portal\/#\/schema\/person\/image\/","url":"https:\/\/secure.gravatar.com\/avatar\/459a9613caaaf07f582c3d0841eea68bdd66f533e465e6ba8b9cb45619572cf4?s=96&d=mm&r=g","contentUrl":"https:\/\/secure.gravatar.com\/avatar\/459a9613caaaf07f582c3d0841eea68bdd66f533e465e6ba8b9cb45619572cf4?s=96&d=mm&r=g","caption":"Redacao VerdadeOn"},"url":"https:\/\/verdadeon.com.br\/portal\/author\/redacao\/"}]}},"jetpack_publicize_connections":[],"jetpack_featured_media_url":"https:\/\/i0.wp.com\/verdadeon.com.br\/portal\/wp-content\/uploads\/2024\/07\/OIP.jpg?fit=2048%2C1535&ssl=1","jetpack_sharing_enabled":true,"_links":{"self":[{"href":"https:\/\/verdadeon.com.br\/portal\/wp-json\/wp\/v2\/posts\/46781","targetHints":{"allow":["GET"]}}],"collection":[{"href":"https:\/\/verdadeon.com.br\/portal\/wp-json\/wp\/v2\/posts"}],"about":[{"href":"https:\/\/verdadeon.com.br\/portal\/wp-json\/wp\/v2\/types\/post"}],"author":[{"embeddable":true,"href":"https:\/\/verdadeon.com.br\/portal\/wp-json\/wp\/v2\/users\/10"}],"replies":[{"embeddable":true,"href":"https:\/\/verdadeon.com.br\/portal\/wp-json\/wp\/v2\/comments?post=46781"}],"version-history":[{"count":1,"href":"https:\/\/verdadeon.com.br\/portal\/wp-json\/wp\/v2\/posts\/46781\/revisions"}],"predecessor-version":[{"id":46784,"href":"https:\/\/verdadeon.com.br\/portal\/wp-json\/wp\/v2\/posts\/46781\/revisions\/46784"}],"wp:featuredmedia":[{"embeddable":true,"href":"https:\/\/verdadeon.com.br\/portal\/wp-json\/wp\/v2\/media\/46782"}],"wp:attachment":[{"href":"https:\/\/verdadeon.com.br\/portal\/wp-json\/wp\/v2\/media?parent=46781"}],"wp:term":[{"taxonomy":"category","embeddable":true,"href":"https:\/\/verdadeon.com.br\/portal\/wp-json\/wp\/v2\/categories?post=46781"},{"taxonomy":"post_tag","embeddable":true,"href":"https:\/\/verdadeon.com.br\/portal\/wp-json\/wp\/v2\/tags?post=46781"}],"curies":[{"name":"wp","href":"https:\/\/api.w.org\/{rel}","templated":true}]}}