{"id":46461,"date":"2024-06-27T12:23:37","date_gmt":"2024-06-27T15:23:37","guid":{"rendered":"https:\/\/verdadeon.com.br\/portal\/?p=46461"},"modified":"2024-06-27T12:23:37","modified_gmt":"2024-06-27T15:23:37","slug":"eventos-esportivos-e-culturais-marcam-os-200-anos-da-cidade","status":"publish","type":"post","link":"https:\/\/verdadeon.com.br\/portal\/2024\/06\/27\/eventos-esportivos-e-culturais-marcam-os-200-anos-da-cidade\/","title":{"rendered":"Eventos esportivos e culturais marcam os 200 anos da cidade"},"content":{"rendered":"<h2>Franca se prepara para um semestre repleto de esporte e cultura<\/h2>\n<div>A FEAC (Funda\u00e7\u00e3o Esporte, Arte e Cultura) est\u00e1 com uma programa\u00e7\u00e3o variada para o segundo semestre do ano, com uma s\u00e9rie de<\/div>\n<div>competi\u00e7\u00f5es esportivas abertas para crian\u00e7as a partir dos 6 anos at\u00e9 os adultos, associadas as comemora\u00e7\u00f5es dos 200 anos da cidade, que ser\u00e3o celebrados em 28 de novembro. Na \u00e1rea cultural, ser\u00e3o oferecidas oficinas, teatro e at\u00e9 um Festival de M\u00fasica ser\u00e1 realizado.<\/div>\n<div>Entre as op\u00e7\u00f5es no esporte, constam do calend\u00e1rio os campeonatos de Futebol Varzeano, S\u00e9rie B, de Veteranos e para crian\u00e7as, nas faixas et\u00e1rias de 6, 9, 10, 11, 12, 13 e 15 anos, com a perspectiva de envolver mais de dois mil atletas nos campos de futebol, sem contar outras competi\u00e7\u00f5es envolvendo as modalidades de voleibol, futsal, handebol e basquete.<\/div>\n<div>Inicialmente, com data marcada para 3 de agosto, est\u00e1 definido o calend\u00e1rio do Campeonato de Futebol de Veteranos e da S\u00e9rie B, com 35 agremia\u00e7\u00f5es confirmadas, sendo 21 da S\u00e9rie B e 14 do Veteranos, que v\u00e3o envolver em torno de 820 participantes.<\/div>\n<div>As agremia\u00e7\u00f5es inscritas para estes dois certames s\u00e3o: S\u00e9rie B &#8211; Batist\u00e3o da Quinta, Brasil\u00e2ndia FC, C. A. Popular, City Petr\u00f3polis, Coyotes, Eden FC, Gr\u00eamio S\u00e3o Jos\u00e9, Ibis S\u00e3o Jos\u00e9, Imperador FC, Morro do Sim\u00f5es FC, OAB, Os Koringas FC, Palermo City FC, Panorama FC, Polvoados FC, Lend\u00e1rios FC, Roleta Russa FC, S\u00e3o Jos\u00e9 FC, Skin\u00e3o FC, Val\u00eancia FZ e Wescley SC; Veteranos: C. A. Zona Norte, Casa do Fiat, Eden FC, El Shadday, Gr\u00eamio S\u00e3o Jos\u00e9, Internacional EC, Miramontes FC, Palermo City FC, Palestina FC, Palmeiras FC, Realidade Aeroporto FC, Rose\u2019n Boys, Vila Ti\u00e3o, V S Representa\u00e7\u00f5es\/UNA.<\/div>\n<h4>Futebol de base<\/h4>\n<div>Com os detalhes finais em fase de defini\u00e7\u00e3o, o campeonato das categorias de base, dos 6 aos 15 anos, que objetiva abrir espa\u00e7os para os futuros talentos, deve mobilizar tamb\u00e9m no segundo semestre, em torno de 900 crian\u00e7as e adolescentes. At\u00e9 o momento, a FEAC confirma a participa\u00e7\u00e3o de 18 agremia\u00e7\u00f5es, sendo elas: \u00a0Assoc. Desp. Bom de Bola , Associa\u00e7\u00e3o Sabesp, B J R Brasil, Bom de Bola, C. A. Popular, C. E. Dente de Leite, E C Leporace, Gol de Letra, Internacional EC \u2013 Branco, Internacional EC \u2013 Preto, Lend\u00e1rio FC, Meninos do Bem, Meninos Santa Terezinha, Palmeiras FC, Portinari EC, Rose\u2019n Boys, S. C Aeroporto, Vall\u00eancia EC.<\/div>\n<h4>Outras modalidades<\/h4>\n<div>Tamb\u00e9m como parte das comemora\u00e7\u00f5es dos 200 anos da cidade, outras competi\u00e7\u00f5es previstas, com datas e tabelas em fase de elabora\u00e7\u00e3o e confirma\u00e7\u00e3o, s\u00e3o: voleibol masculino e feminino, de basquete e o torneio da basquete 3&#215;3. Segundo o presidente da FEAC\/Franca, Mateus Caetano, o intuito \u00e9 abrir as pra\u00e7as esportivas, estimular a integra\u00e7\u00e3o dos esportistas e envolver a popula\u00e7\u00e3o neste ambiente comemorativo, em que a cidade est\u00e1 prestes a completar dois s\u00e9culos.<\/div>\n<div><\/div>\n<h4>Atividades culturais<\/h4>\n<div>Na \u00e1rea da cultura, com o suporte da Lei de Incentivo Paulo Gustavo, nos finais de semana, est\u00e3o acontecendo exibi\u00e7\u00f5es de teatro, dan\u00e7a e oficinas das mais variadas, valorizando os artistas da cidade e oferecendo boas op\u00e7\u00f5es ao p\u00fablico.<\/div>\n<div>Nos dias 29 e 30, deste m\u00eas, est\u00e1 previsto o Workshop de prepara\u00e7\u00e3o visual de atores, projeto in\u00e9dito na cidade, amparado na Lei Paulo Gustavo\/FEAC, voltado a capacitar os participantes locais para o mercado de trabalho. \u00c9 direcionado aos estudantes de escolas p\u00fablicas do Ensino M\u00e9dio, a partir dos 18 anos. A inscri\u00e7\u00e3o deve ser feita no link: <a href=\"https:\/\/docs.google.com\/forms\/d\/e\/1FAIpQLSf1hmMAeMRDia5UBHt8oItz28tgYpPgFS_IHoomI63F45DHBQ\/viewform\" target=\"_blank\" rel=\"noopener\" data-saferedirecturl=\"https:\/\/www.google.com\/url?q=https:\/\/docs.google.com\/forms\/d\/e\/1FAIpQLSf1hmMAeMRDia5UBHt8oItz28tgYpPgFS_IHoomI63F45DHBQ\/viewform&amp;source=gmail&amp;ust=1719586982416000&amp;usg=AOvVaw385oXDdrhCKS42DkTKW1Q0\">https:\/\/docs.google.com\/forms\/<wbr \/>d\/e\/<wbr \/>1FAIpQLSf1hmMAeMRDia5UBHt8oItz<wbr \/>28tgYpPgFS_IHoomI63F45DHBQ\/<wbr \/>viewform<\/a>\u00a0, com o preenchimento de formul\u00e1rio. As aulas ser\u00e3o ministradas no s\u00e1bado e domingo, das 9 \u00e0s 13 horas, no espa\u00e7o da rua Gon\u00e7alves Dias, 1877, Esta\u00e7\u00e3o.<\/div>\n<div>Uma segunda op\u00e7\u00e3o gratuita \u00e9 o curso de Mosaico, onde est\u00e1 incluso todo o material e o participante ao final levar\u00e1 a obra produzida para casa. As inscri\u00e7\u00f5es est\u00e3o abertas e devem ser feitas no pr\u00f3prio Ateli\u00ea Malta Mosaico, contemplado pela Lei Federal, na Av. Major Nic\u00e1cio, 1501 ou por meio do telefone (16) 99184-3105. Uma das condi\u00e7\u00f5es para se habilitar a uma das vagas \u00e9 apresentar comprovante de matr\u00edcula na escola em que estiver matriculado.<\/div>\n","protected":false},"excerpt":{"rendered":"<p>Franca se prepara para um semestre repleto de esporte e cultura A FEAC (Funda\u00e7\u00e3o Esporte, Arte e Cultura) est\u00e1 com uma programa\u00e7\u00e3o variada para o segundo<span class=\"excerpt-hellip\"> [\u2026]<\/span><\/p>\n","protected":false},"author":10,"featured_media":46462,"comment_status":"open","ping_status":"open","sticky":false,"template":"","format":"standard","meta":{"_jetpack_memberships_contains_paid_content":false,"footnotes":"","jetpack_publicize_message":"","jetpack_publicize_feature_enabled":true,"jetpack_social_post_already_shared":true,"jetpack_social_options":{"image_generator_settings":{"template":"highway","default_image_id":0,"enabled":false},"version":2}},"categories":[28,81],"tags":[],"class_list":["post-46461","post","type-post","status-publish","format-standard","has-post-thumbnail","hentry","category-cotidiano","category-manchete"],"yoast_head":"<!-- This site is optimized with the Yoast SEO plugin v25.6 - https:\/\/yoast.com\/wordpress\/plugins\/seo\/ -->\n<title>Eventos esportivos e culturais marcam os 200 anos da cidade - VerdadeOn<\/title>\n<meta name=\"robots\" content=\"index, follow, max-snippet:-1, max-image-preview:large, max-video-preview:-1\" \/>\n<link rel=\"canonical\" href=\"https:\/\/verdadeon.com.br\/portal\/2024\/06\/27\/eventos-esportivos-e-culturais-marcam-os-200-anos-da-cidade\/\" \/>\n<meta property=\"og:locale\" content=\"pt_BR\" \/>\n<meta property=\"og:type\" content=\"article\" \/>\n<meta property=\"og:title\" content=\"Eventos esportivos e culturais marcam os 200 anos da cidade - VerdadeOn\" \/>\n<meta property=\"og:description\" content=\"Franca se prepara para um semestre repleto de esporte e cultura A FEAC (Funda\u00e7\u00e3o Esporte, Arte e Cultura) est\u00e1 com uma programa\u00e7\u00e3o variada para o segundo [\u2026]\" \/>\n<meta property=\"og:url\" content=\"https:\/\/verdadeon.com.br\/portal\/2024\/06\/27\/eventos-esportivos-e-culturais-marcam-os-200-anos-da-cidade\/\" \/>\n<meta property=\"og:site_name\" content=\"VerdadeOn\" \/>\n<meta property=\"article:published_time\" content=\"2024-06-27T15:23:37+00:00\" \/>\n<meta property=\"og:image\" content=\"https:\/\/verdadeon.com.br\/portal\/wp-content\/uploads\/2024\/06\/WhatsApp-Image-2024-06-26-at-16.50.34.jpeg\" \/>\n\t<meta property=\"og:image:width\" content=\"1080\" \/>\n\t<meta property=\"og:image:height\" content=\"1282\" \/>\n\t<meta property=\"og:image:type\" content=\"image\/jpeg\" \/>\n<meta name=\"author\" content=\"Redacao VerdadeOn\" \/>\n<meta name=\"twitter:card\" content=\"summary_large_image\" \/>\n<meta name=\"twitter:label1\" content=\"Escrito por\" \/>\n\t<meta name=\"twitter:data1\" content=\"Redacao VerdadeOn\" \/>\n\t<meta name=\"twitter:label2\" content=\"Est. tempo de leitura\" \/>\n\t<meta name=\"twitter:data2\" content=\"4 minutos\" \/>\n<script type=\"application\/ld+json\" class=\"yoast-schema-graph\">{\"@context\":\"https:\/\/schema.org\",\"@graph\":[{\"@type\":\"WebPage\",\"@id\":\"https:\/\/verdadeon.com.br\/portal\/2024\/06\/27\/eventos-esportivos-e-culturais-marcam-os-200-anos-da-cidade\/\",\"url\":\"https:\/\/verdadeon.com.br\/portal\/2024\/06\/27\/eventos-esportivos-e-culturais-marcam-os-200-anos-da-cidade\/\",\"name\":\"Eventos esportivos e culturais marcam os 200 anos da cidade - VerdadeOn\",\"isPartOf\":{\"@id\":\"https:\/\/verdadeon.com.br\/portal\/#website\"},\"primaryImageOfPage\":{\"@id\":\"https:\/\/verdadeon.com.br\/portal\/2024\/06\/27\/eventos-esportivos-e-culturais-marcam-os-200-anos-da-cidade\/#primaryimage\"},\"image\":{\"@id\":\"https:\/\/verdadeon.com.br\/portal\/2024\/06\/27\/eventos-esportivos-e-culturais-marcam-os-200-anos-da-cidade\/#primaryimage\"},\"thumbnailUrl\":\"https:\/\/i0.wp.com\/verdadeon.com.br\/portal\/wp-content\/uploads\/2024\/06\/WhatsApp-Image-2024-06-26-at-16.50.34.jpeg?fit=1080%2C1282&ssl=1\",\"datePublished\":\"2024-06-27T15:23:37+00:00\",\"author\":{\"@id\":\"https:\/\/verdadeon.com.br\/portal\/#\/schema\/person\/a5060ad1e9ea3df545188fc93ce43d2f\"},\"breadcrumb\":{\"@id\":\"https:\/\/verdadeon.com.br\/portal\/2024\/06\/27\/eventos-esportivos-e-culturais-marcam-os-200-anos-da-cidade\/#breadcrumb\"},\"inLanguage\":\"pt-BR\",\"potentialAction\":[{\"@type\":\"ReadAction\",\"target\":[\"https:\/\/verdadeon.com.br\/portal\/2024\/06\/27\/eventos-esportivos-e-culturais-marcam-os-200-anos-da-cidade\/\"]}]},{\"@type\":\"ImageObject\",\"inLanguage\":\"pt-BR\",\"@id\":\"https:\/\/verdadeon.com.br\/portal\/2024\/06\/27\/eventos-esportivos-e-culturais-marcam-os-200-anos-da-cidade\/#primaryimage\",\"url\":\"https:\/\/i0.wp.com\/verdadeon.com.br\/portal\/wp-content\/uploads\/2024\/06\/WhatsApp-Image-2024-06-26-at-16.50.34.jpeg?fit=1080%2C1282&ssl=1\",\"contentUrl\":\"https:\/\/i0.wp.com\/verdadeon.com.br\/portal\/wp-content\/uploads\/2024\/06\/WhatsApp-Image-2024-06-26-at-16.50.34.jpeg?fit=1080%2C1282&ssl=1\",\"width\":1080,\"height\":1282,\"caption\":\"O calend\u00e1rio esportivo inclui campeonatos de futebol em v\u00e1rias categorias de idade (\u00a9Divulga\u00e7\u00e3o)\"},{\"@type\":\"BreadcrumbList\",\"@id\":\"https:\/\/verdadeon.com.br\/portal\/2024\/06\/27\/eventos-esportivos-e-culturais-marcam-os-200-anos-da-cidade\/#breadcrumb\",\"itemListElement\":[{\"@type\":\"ListItem\",\"position\":1,\"name\":\"In\u00edcio\",\"item\":\"https:\/\/verdadeon.com.br\/portal\/\"},{\"@type\":\"ListItem\",\"position\":2,\"name\":\"Eventos esportivos e culturais marcam os 200 anos da cidade\"}]},{\"@type\":\"WebSite\",\"@id\":\"https:\/\/verdadeon.com.br\/portal\/#website\",\"url\":\"https:\/\/verdadeon.com.br\/portal\/\",\"name\":\"VerdadeOn\",\"description\":\"Not\u00edcias di\u00e1rias sobre Franca, Regi\u00e3o, Esporte, Cultura, Cotidiano, Colunas. Cobertura nos principais eventos da cidade \u00e9 aqui - Verdadeon Franca\",\"potentialAction\":[{\"@type\":\"SearchAction\",\"target\":{\"@type\":\"EntryPoint\",\"urlTemplate\":\"https:\/\/verdadeon.com.br\/portal\/?s={search_term_string}\"},\"query-input\":{\"@type\":\"PropertyValueSpecification\",\"valueRequired\":true,\"valueName\":\"search_term_string\"}}],\"inLanguage\":\"pt-BR\"},{\"@type\":\"Person\",\"@id\":\"https:\/\/verdadeon.com.br\/portal\/#\/schema\/person\/a5060ad1e9ea3df545188fc93ce43d2f\",\"name\":\"Redacao VerdadeOn\",\"image\":{\"@type\":\"ImageObject\",\"inLanguage\":\"pt-BR\",\"@id\":\"https:\/\/verdadeon.com.br\/portal\/#\/schema\/person\/image\/\",\"url\":\"https:\/\/secure.gravatar.com\/avatar\/459a9613caaaf07f582c3d0841eea68bdd66f533e465e6ba8b9cb45619572cf4?s=96&d=mm&r=g\",\"contentUrl\":\"https:\/\/secure.gravatar.com\/avatar\/459a9613caaaf07f582c3d0841eea68bdd66f533e465e6ba8b9cb45619572cf4?s=96&d=mm&r=g\",\"caption\":\"Redacao VerdadeOn\"},\"url\":\"https:\/\/verdadeon.com.br\/portal\/author\/redacao\/\"}]}<\/script>\n<!-- \/ Yoast SEO plugin. -->","yoast_head_json":{"title":"Eventos esportivos e culturais marcam os 200 anos da cidade - VerdadeOn","robots":{"index":"index","follow":"follow","max-snippet":"max-snippet:-1","max-image-preview":"max-image-preview:large","max-video-preview":"max-video-preview:-1"},"canonical":"https:\/\/verdadeon.com.br\/portal\/2024\/06\/27\/eventos-esportivos-e-culturais-marcam-os-200-anos-da-cidade\/","og_locale":"pt_BR","og_type":"article","og_title":"Eventos esportivos e culturais marcam os 200 anos da cidade - VerdadeOn","og_description":"Franca se prepara para um semestre repleto de esporte e cultura A FEAC (Funda\u00e7\u00e3o Esporte, Arte e Cultura) est\u00e1 com uma programa\u00e7\u00e3o variada para o segundo [\u2026]","og_url":"https:\/\/verdadeon.com.br\/portal\/2024\/06\/27\/eventos-esportivos-e-culturais-marcam-os-200-anos-da-cidade\/","og_site_name":"VerdadeOn","article_published_time":"2024-06-27T15:23:37+00:00","og_image":[{"width":1080,"height":1282,"url":"https:\/\/verdadeon.com.br\/portal\/wp-content\/uploads\/2024\/06\/WhatsApp-Image-2024-06-26-at-16.50.34.jpeg","type":"image\/jpeg"}],"author":"Redacao VerdadeOn","twitter_card":"summary_large_image","twitter_misc":{"Escrito por":"Redacao VerdadeOn","Est. tempo de leitura":"4 minutos"},"schema":{"@context":"https:\/\/schema.org","@graph":[{"@type":"WebPage","@id":"https:\/\/verdadeon.com.br\/portal\/2024\/06\/27\/eventos-esportivos-e-culturais-marcam-os-200-anos-da-cidade\/","url":"https:\/\/verdadeon.com.br\/portal\/2024\/06\/27\/eventos-esportivos-e-culturais-marcam-os-200-anos-da-cidade\/","name":"Eventos esportivos e culturais marcam os 200 anos da cidade - VerdadeOn","isPartOf":{"@id":"https:\/\/verdadeon.com.br\/portal\/#website"},"primaryImageOfPage":{"@id":"https:\/\/verdadeon.com.br\/portal\/2024\/06\/27\/eventos-esportivos-e-culturais-marcam-os-200-anos-da-cidade\/#primaryimage"},"image":{"@id":"https:\/\/verdadeon.com.br\/portal\/2024\/06\/27\/eventos-esportivos-e-culturais-marcam-os-200-anos-da-cidade\/#primaryimage"},"thumbnailUrl":"https:\/\/i0.wp.com\/verdadeon.com.br\/portal\/wp-content\/uploads\/2024\/06\/WhatsApp-Image-2024-06-26-at-16.50.34.jpeg?fit=1080%2C1282&ssl=1","datePublished":"2024-06-27T15:23:37+00:00","author":{"@id":"https:\/\/verdadeon.com.br\/portal\/#\/schema\/person\/a5060ad1e9ea3df545188fc93ce43d2f"},"breadcrumb":{"@id":"https:\/\/verdadeon.com.br\/portal\/2024\/06\/27\/eventos-esportivos-e-culturais-marcam-os-200-anos-da-cidade\/#breadcrumb"},"inLanguage":"pt-BR","potentialAction":[{"@type":"ReadAction","target":["https:\/\/verdadeon.com.br\/portal\/2024\/06\/27\/eventos-esportivos-e-culturais-marcam-os-200-anos-da-cidade\/"]}]},{"@type":"ImageObject","inLanguage":"pt-BR","@id":"https:\/\/verdadeon.com.br\/portal\/2024\/06\/27\/eventos-esportivos-e-culturais-marcam-os-200-anos-da-cidade\/#primaryimage","url":"https:\/\/i0.wp.com\/verdadeon.com.br\/portal\/wp-content\/uploads\/2024\/06\/WhatsApp-Image-2024-06-26-at-16.50.34.jpeg?fit=1080%2C1282&ssl=1","contentUrl":"https:\/\/i0.wp.com\/verdadeon.com.br\/portal\/wp-content\/uploads\/2024\/06\/WhatsApp-Image-2024-06-26-at-16.50.34.jpeg?fit=1080%2C1282&ssl=1","width":1080,"height":1282,"caption":"O calend\u00e1rio esportivo inclui campeonatos de futebol em v\u00e1rias categorias de idade (\u00a9Divulga\u00e7\u00e3o)"},{"@type":"BreadcrumbList","@id":"https:\/\/verdadeon.com.br\/portal\/2024\/06\/27\/eventos-esportivos-e-culturais-marcam-os-200-anos-da-cidade\/#breadcrumb","itemListElement":[{"@type":"ListItem","position":1,"name":"In\u00edcio","item":"https:\/\/verdadeon.com.br\/portal\/"},{"@type":"ListItem","position":2,"name":"Eventos esportivos e culturais marcam os 200 anos da cidade"}]},{"@type":"WebSite","@id":"https:\/\/verdadeon.com.br\/portal\/#website","url":"https:\/\/verdadeon.com.br\/portal\/","name":"VerdadeOn","description":"Not\u00edcias di\u00e1rias sobre Franca, Regi\u00e3o, Esporte, Cultura, Cotidiano, Colunas. Cobertura nos principais eventos da cidade \u00e9 aqui - Verdadeon Franca","potentialAction":[{"@type":"SearchAction","target":{"@type":"EntryPoint","urlTemplate":"https:\/\/verdadeon.com.br\/portal\/?s={search_term_string}"},"query-input":{"@type":"PropertyValueSpecification","valueRequired":true,"valueName":"search_term_string"}}],"inLanguage":"pt-BR"},{"@type":"Person","@id":"https:\/\/verdadeon.com.br\/portal\/#\/schema\/person\/a5060ad1e9ea3df545188fc93ce43d2f","name":"Redacao VerdadeOn","image":{"@type":"ImageObject","inLanguage":"pt-BR","@id":"https:\/\/verdadeon.com.br\/portal\/#\/schema\/person\/image\/","url":"https:\/\/secure.gravatar.com\/avatar\/459a9613caaaf07f582c3d0841eea68bdd66f533e465e6ba8b9cb45619572cf4?s=96&d=mm&r=g","contentUrl":"https:\/\/secure.gravatar.com\/avatar\/459a9613caaaf07f582c3d0841eea68bdd66f533e465e6ba8b9cb45619572cf4?s=96&d=mm&r=g","caption":"Redacao VerdadeOn"},"url":"https:\/\/verdadeon.com.br\/portal\/author\/redacao\/"}]}},"jetpack_publicize_connections":[],"jetpack_featured_media_url":"https:\/\/i0.wp.com\/verdadeon.com.br\/portal\/wp-content\/uploads\/2024\/06\/WhatsApp-Image-2024-06-26-at-16.50.34.jpeg?fit=1080%2C1282&ssl=1","jetpack_sharing_enabled":true,"_links":{"self":[{"href":"https:\/\/verdadeon.com.br\/portal\/wp-json\/wp\/v2\/posts\/46461","targetHints":{"allow":["GET"]}}],"collection":[{"href":"https:\/\/verdadeon.com.br\/portal\/wp-json\/wp\/v2\/posts"}],"about":[{"href":"https:\/\/verdadeon.com.br\/portal\/wp-json\/wp\/v2\/types\/post"}],"author":[{"embeddable":true,"href":"https:\/\/verdadeon.com.br\/portal\/wp-json\/wp\/v2\/users\/10"}],"replies":[{"embeddable":true,"href":"https:\/\/verdadeon.com.br\/portal\/wp-json\/wp\/v2\/comments?post=46461"}],"version-history":[{"count":1,"href":"https:\/\/verdadeon.com.br\/portal\/wp-json\/wp\/v2\/posts\/46461\/revisions"}],"predecessor-version":[{"id":46463,"href":"https:\/\/verdadeon.com.br\/portal\/wp-json\/wp\/v2\/posts\/46461\/revisions\/46463"}],"wp:featuredmedia":[{"embeddable":true,"href":"https:\/\/verdadeon.com.br\/portal\/wp-json\/wp\/v2\/media\/46462"}],"wp:attachment":[{"href":"https:\/\/verdadeon.com.br\/portal\/wp-json\/wp\/v2\/media?parent=46461"}],"wp:term":[{"taxonomy":"category","embeddable":true,"href":"https:\/\/verdadeon.com.br\/portal\/wp-json\/wp\/v2\/categories?post=46461"},{"taxonomy":"post_tag","embeddable":true,"href":"https:\/\/verdadeon.com.br\/portal\/wp-json\/wp\/v2\/tags?post=46461"}],"curies":[{"name":"wp","href":"https:\/\/api.w.org\/{rel}","templated":true}]}}