{"id":46458,"date":"2024-06-27T12:08:40","date_gmt":"2024-06-27T15:08:40","guid":{"rendered":"https:\/\/verdadeon.com.br\/portal\/?p=46458"},"modified":"2024-06-27T12:08:40","modified_gmt":"2024-06-27T15:08:40","slug":"saude-divulga-balanco-da-vacinacao-contra-poliomielite-e-influenza","status":"publish","type":"post","link":"https:\/\/verdadeon.com.br\/portal\/2024\/06\/27\/saude-divulga-balanco-da-vacinacao-contra-poliomielite-e-influenza\/","title":{"rendered":"Sa\u00fade divulga balan\u00e7o da vacina\u00e7\u00e3o contra Poliomielite e Influenza"},"content":{"rendered":"<h2>Ap\u00f3s o t\u00e9rmino das campanhas, ambas as vacinas continuar\u00e3o dispon\u00edveis em v\u00e1rias unidades de sa\u00fade da cidade, com hor\u00e1rios espec\u00edficos de atendimento<\/h2>\n<div>A Secretaria de Sa\u00fade segue mobilizada com as Campanhas de Vacina\u00e7\u00e3o. Uma delas \u00e9 a de Poliomielite (Paralisia Infantil), que foi prorrogada e termina nesta sexta-feira, 28. Esta a\u00e7\u00e3o come\u00e7ou no final de maio, tendo como p\u00fablico as crian\u00e7as na faixa et\u00e1ria de 1 a 4 anos, 11 meses e 29 dias. De acordo com a Secretaria de Sa\u00fade, at\u00e9 esta ter\u00e7a-feira, foram aplicadas 4.682 doses.<\/div>\n<div>A outra campanha \u00e9 contra a Influenza, que tamb\u00e9m ser\u00e1 finalizada nesta sexta-feira, destinada a pessoas a partir de 6 meses. At\u00e9 esta ter\u00e7a-feira, foram contabilizadas 52.866 doses.<\/div>\n<div>Mesmo com a t\u00e9rmino das campanhas, as duas vacinas v\u00e3o continuar dispon\u00edveis na rede de UBSs Aeroporto 1, Progresso, \u00c2ngela Rosa, Santa Clara, Guanabara, Esta\u00e7\u00e3o, Horto, Leporace, Paulistano, Aeroporto 3, Santa Terezinha, Paulista, Planalto, Brasil\u00e2ndia, S\u00e3o Sebasti\u00e3o, Lu\u00edza, Paraty, Paineiras e City Petr\u00f3polis, no hor\u00e1rio das 8 \u00e0s 19 horas e ESFs do Parque das Esmeraldas e Palma, das 10 \u00e0s 12 horas e das 13 \u00e0s 16 horas. Os pais ou respons\u00e1veis dever\u00e3o levar seus filhos para receber o imunizante, apresentando a carteira de vacina\u00e7\u00e3o.<\/div>\n<div>No caso da Poliomielite, a Secretaria de Sa\u00fade informa que far\u00e1 uma a\u00e7\u00e3o de refor\u00e7a da vacina\u00e7\u00e3o nas creches municipais, cuja programa\u00e7\u00e3o ser\u00e1 divulgada.<\/div>\n","protected":false},"excerpt":{"rendered":"<p>Ap\u00f3s o t\u00e9rmino das campanhas, ambas as vacinas continuar\u00e3o dispon\u00edveis em v\u00e1rias unidades de sa\u00fade da cidade, com hor\u00e1rios espec\u00edficos de atendimento A Secretaria de Sa\u00fade<span class=\"excerpt-hellip\"> [\u2026]<\/span><\/p>\n","protected":false},"author":10,"featured_media":46459,"comment_status":"open","ping_status":"open","sticky":false,"template":"","format":"standard","meta":{"_jetpack_memberships_contains_paid_content":false,"footnotes":"","jetpack_publicize_message":"","jetpack_publicize_feature_enabled":true,"jetpack_social_post_already_shared":true,"jetpack_social_options":{"image_generator_settings":{"template":"highway","default_image_id":0,"enabled":false},"version":2}},"categories":[28,81],"tags":[],"class_list":["post-46458","post","type-post","status-publish","format-standard","has-post-thumbnail","hentry","category-cotidiano","category-manchete"],"yoast_head":"<!-- This site is optimized with the Yoast SEO plugin v25.6 - https:\/\/yoast.com\/wordpress\/plugins\/seo\/ -->\n<title>Sa\u00fade divulga balan\u00e7o da vacina\u00e7\u00e3o contra Poliomielite e Influenza - VerdadeOn<\/title>\n<meta name=\"robots\" content=\"index, follow, max-snippet:-1, max-image-preview:large, max-video-preview:-1\" \/>\n<link rel=\"canonical\" href=\"https:\/\/verdadeon.com.br\/portal\/2024\/06\/27\/saude-divulga-balanco-da-vacinacao-contra-poliomielite-e-influenza\/\" \/>\n<meta property=\"og:locale\" content=\"pt_BR\" \/>\n<meta property=\"og:type\" content=\"article\" \/>\n<meta property=\"og:title\" content=\"Sa\u00fade divulga balan\u00e7o da vacina\u00e7\u00e3o contra Poliomielite e Influenza - VerdadeOn\" \/>\n<meta property=\"og:description\" content=\"Ap\u00f3s o t\u00e9rmino das campanhas, ambas as vacinas continuar\u00e3o dispon\u00edveis em v\u00e1rias unidades de sa\u00fade da cidade, com hor\u00e1rios espec\u00edficos de atendimento A Secretaria de Sa\u00fade [\u2026]\" \/>\n<meta property=\"og:url\" content=\"https:\/\/verdadeon.com.br\/portal\/2024\/06\/27\/saude-divulga-balanco-da-vacinacao-contra-poliomielite-e-influenza\/\" \/>\n<meta property=\"og:site_name\" content=\"VerdadeOn\" \/>\n<meta property=\"article:published_time\" content=\"2024-06-27T15:08:40+00:00\" \/>\n<meta property=\"og:image\" content=\"https:\/\/verdadeon.com.br\/portal\/wp-content\/uploads\/2024\/06\/vacina-gripe-scaled.jpg\" \/>\n\t<meta property=\"og:image:width\" content=\"2560\" \/>\n\t<meta property=\"og:image:height\" content=\"1696\" \/>\n\t<meta property=\"og:image:type\" content=\"image\/jpeg\" \/>\n<meta name=\"author\" content=\"Redacao VerdadeOn\" \/>\n<meta name=\"twitter:card\" content=\"summary_large_image\" \/>\n<meta name=\"twitter:label1\" content=\"Escrito por\" \/>\n\t<meta name=\"twitter:data1\" content=\"Redacao VerdadeOn\" \/>\n\t<meta name=\"twitter:label2\" content=\"Est. tempo de leitura\" \/>\n\t<meta name=\"twitter:data2\" content=\"2 minutos\" \/>\n<script type=\"application\/ld+json\" class=\"yoast-schema-graph\">{\"@context\":\"https:\/\/schema.org\",\"@graph\":[{\"@type\":\"WebPage\",\"@id\":\"https:\/\/verdadeon.com.br\/portal\/2024\/06\/27\/saude-divulga-balanco-da-vacinacao-contra-poliomielite-e-influenza\/\",\"url\":\"https:\/\/verdadeon.com.br\/portal\/2024\/06\/27\/saude-divulga-balanco-da-vacinacao-contra-poliomielite-e-influenza\/\",\"name\":\"Sa\u00fade divulga balan\u00e7o da vacina\u00e7\u00e3o contra Poliomielite e Influenza - VerdadeOn\",\"isPartOf\":{\"@id\":\"https:\/\/verdadeon.com.br\/portal\/#website\"},\"primaryImageOfPage\":{\"@id\":\"https:\/\/verdadeon.com.br\/portal\/2024\/06\/27\/saude-divulga-balanco-da-vacinacao-contra-poliomielite-e-influenza\/#primaryimage\"},\"image\":{\"@id\":\"https:\/\/verdadeon.com.br\/portal\/2024\/06\/27\/saude-divulga-balanco-da-vacinacao-contra-poliomielite-e-influenza\/#primaryimage\"},\"thumbnailUrl\":\"https:\/\/i0.wp.com\/verdadeon.com.br\/portal\/wp-content\/uploads\/2024\/06\/vacina-gripe-scaled.jpg?fit=2560%2C1696&ssl=1\",\"datePublished\":\"2024-06-27T15:08:40+00:00\",\"author\":{\"@id\":\"https:\/\/verdadeon.com.br\/portal\/#\/schema\/person\/a5060ad1e9ea3df545188fc93ce43d2f\"},\"breadcrumb\":{\"@id\":\"https:\/\/verdadeon.com.br\/portal\/2024\/06\/27\/saude-divulga-balanco-da-vacinacao-contra-poliomielite-e-influenza\/#breadcrumb\"},\"inLanguage\":\"pt-BR\",\"potentialAction\":[{\"@type\":\"ReadAction\",\"target\":[\"https:\/\/verdadeon.com.br\/portal\/2024\/06\/27\/saude-divulga-balanco-da-vacinacao-contra-poliomielite-e-influenza\/\"]}]},{\"@type\":\"ImageObject\",\"inLanguage\":\"pt-BR\",\"@id\":\"https:\/\/verdadeon.com.br\/portal\/2024\/06\/27\/saude-divulga-balanco-da-vacinacao-contra-poliomielite-e-influenza\/#primaryimage\",\"url\":\"https:\/\/i0.wp.com\/verdadeon.com.br\/portal\/wp-content\/uploads\/2024\/06\/vacina-gripe-scaled.jpg?fit=2560%2C1696&ssl=1\",\"contentUrl\":\"https:\/\/i0.wp.com\/verdadeon.com.br\/portal\/wp-content\/uploads\/2024\/06\/vacina-gripe-scaled.jpg?fit=2560%2C1696&ssl=1\",\"width\":2560,\"height\":1696,\"caption\":\"Das 64 mil doses aplicadas, 35 mil cobrem p\u00fablico-alvo (\u00a9Divulga\u00e7\u00e3o)\"},{\"@type\":\"BreadcrumbList\",\"@id\":\"https:\/\/verdadeon.com.br\/portal\/2024\/06\/27\/saude-divulga-balanco-da-vacinacao-contra-poliomielite-e-influenza\/#breadcrumb\",\"itemListElement\":[{\"@type\":\"ListItem\",\"position\":1,\"name\":\"In\u00edcio\",\"item\":\"https:\/\/verdadeon.com.br\/portal\/\"},{\"@type\":\"ListItem\",\"position\":2,\"name\":\"Sa\u00fade divulga balan\u00e7o da vacina\u00e7\u00e3o contra Poliomielite e Influenza\"}]},{\"@type\":\"WebSite\",\"@id\":\"https:\/\/verdadeon.com.br\/portal\/#website\",\"url\":\"https:\/\/verdadeon.com.br\/portal\/\",\"name\":\"VerdadeOn\",\"description\":\"Not\u00edcias di\u00e1rias sobre Franca, Regi\u00e3o, Esporte, Cultura, Cotidiano, Colunas. Cobertura nos principais eventos da cidade \u00e9 aqui - Verdadeon Franca\",\"potentialAction\":[{\"@type\":\"SearchAction\",\"target\":{\"@type\":\"EntryPoint\",\"urlTemplate\":\"https:\/\/verdadeon.com.br\/portal\/?s={search_term_string}\"},\"query-input\":{\"@type\":\"PropertyValueSpecification\",\"valueRequired\":true,\"valueName\":\"search_term_string\"}}],\"inLanguage\":\"pt-BR\"},{\"@type\":\"Person\",\"@id\":\"https:\/\/verdadeon.com.br\/portal\/#\/schema\/person\/a5060ad1e9ea3df545188fc93ce43d2f\",\"name\":\"Redacao VerdadeOn\",\"image\":{\"@type\":\"ImageObject\",\"inLanguage\":\"pt-BR\",\"@id\":\"https:\/\/verdadeon.com.br\/portal\/#\/schema\/person\/image\/\",\"url\":\"https:\/\/secure.gravatar.com\/avatar\/459a9613caaaf07f582c3d0841eea68bdd66f533e465e6ba8b9cb45619572cf4?s=96&d=mm&r=g\",\"contentUrl\":\"https:\/\/secure.gravatar.com\/avatar\/459a9613caaaf07f582c3d0841eea68bdd66f533e465e6ba8b9cb45619572cf4?s=96&d=mm&r=g\",\"caption\":\"Redacao VerdadeOn\"},\"url\":\"https:\/\/verdadeon.com.br\/portal\/author\/redacao\/\"}]}<\/script>\n<!-- \/ Yoast SEO plugin. -->","yoast_head_json":{"title":"Sa\u00fade divulga balan\u00e7o da vacina\u00e7\u00e3o contra Poliomielite e Influenza - VerdadeOn","robots":{"index":"index","follow":"follow","max-snippet":"max-snippet:-1","max-image-preview":"max-image-preview:large","max-video-preview":"max-video-preview:-1"},"canonical":"https:\/\/verdadeon.com.br\/portal\/2024\/06\/27\/saude-divulga-balanco-da-vacinacao-contra-poliomielite-e-influenza\/","og_locale":"pt_BR","og_type":"article","og_title":"Sa\u00fade divulga balan\u00e7o da vacina\u00e7\u00e3o contra Poliomielite e Influenza - VerdadeOn","og_description":"Ap\u00f3s o t\u00e9rmino das campanhas, ambas as vacinas continuar\u00e3o dispon\u00edveis em v\u00e1rias unidades de sa\u00fade da cidade, com hor\u00e1rios espec\u00edficos de atendimento A Secretaria de Sa\u00fade [\u2026]","og_url":"https:\/\/verdadeon.com.br\/portal\/2024\/06\/27\/saude-divulga-balanco-da-vacinacao-contra-poliomielite-e-influenza\/","og_site_name":"VerdadeOn","article_published_time":"2024-06-27T15:08:40+00:00","og_image":[{"width":2560,"height":1696,"url":"https:\/\/verdadeon.com.br\/portal\/wp-content\/uploads\/2024\/06\/vacina-gripe-scaled.jpg","type":"image\/jpeg"}],"author":"Redacao VerdadeOn","twitter_card":"summary_large_image","twitter_misc":{"Escrito por":"Redacao VerdadeOn","Est. tempo de leitura":"2 minutos"},"schema":{"@context":"https:\/\/schema.org","@graph":[{"@type":"WebPage","@id":"https:\/\/verdadeon.com.br\/portal\/2024\/06\/27\/saude-divulga-balanco-da-vacinacao-contra-poliomielite-e-influenza\/","url":"https:\/\/verdadeon.com.br\/portal\/2024\/06\/27\/saude-divulga-balanco-da-vacinacao-contra-poliomielite-e-influenza\/","name":"Sa\u00fade divulga balan\u00e7o da vacina\u00e7\u00e3o contra Poliomielite e Influenza - VerdadeOn","isPartOf":{"@id":"https:\/\/verdadeon.com.br\/portal\/#website"},"primaryImageOfPage":{"@id":"https:\/\/verdadeon.com.br\/portal\/2024\/06\/27\/saude-divulga-balanco-da-vacinacao-contra-poliomielite-e-influenza\/#primaryimage"},"image":{"@id":"https:\/\/verdadeon.com.br\/portal\/2024\/06\/27\/saude-divulga-balanco-da-vacinacao-contra-poliomielite-e-influenza\/#primaryimage"},"thumbnailUrl":"https:\/\/i0.wp.com\/verdadeon.com.br\/portal\/wp-content\/uploads\/2024\/06\/vacina-gripe-scaled.jpg?fit=2560%2C1696&ssl=1","datePublished":"2024-06-27T15:08:40+00:00","author":{"@id":"https:\/\/verdadeon.com.br\/portal\/#\/schema\/person\/a5060ad1e9ea3df545188fc93ce43d2f"},"breadcrumb":{"@id":"https:\/\/verdadeon.com.br\/portal\/2024\/06\/27\/saude-divulga-balanco-da-vacinacao-contra-poliomielite-e-influenza\/#breadcrumb"},"inLanguage":"pt-BR","potentialAction":[{"@type":"ReadAction","target":["https:\/\/verdadeon.com.br\/portal\/2024\/06\/27\/saude-divulga-balanco-da-vacinacao-contra-poliomielite-e-influenza\/"]}]},{"@type":"ImageObject","inLanguage":"pt-BR","@id":"https:\/\/verdadeon.com.br\/portal\/2024\/06\/27\/saude-divulga-balanco-da-vacinacao-contra-poliomielite-e-influenza\/#primaryimage","url":"https:\/\/i0.wp.com\/verdadeon.com.br\/portal\/wp-content\/uploads\/2024\/06\/vacina-gripe-scaled.jpg?fit=2560%2C1696&ssl=1","contentUrl":"https:\/\/i0.wp.com\/verdadeon.com.br\/portal\/wp-content\/uploads\/2024\/06\/vacina-gripe-scaled.jpg?fit=2560%2C1696&ssl=1","width":2560,"height":1696,"caption":"Das 64 mil doses aplicadas, 35 mil cobrem p\u00fablico-alvo (\u00a9Divulga\u00e7\u00e3o)"},{"@type":"BreadcrumbList","@id":"https:\/\/verdadeon.com.br\/portal\/2024\/06\/27\/saude-divulga-balanco-da-vacinacao-contra-poliomielite-e-influenza\/#breadcrumb","itemListElement":[{"@type":"ListItem","position":1,"name":"In\u00edcio","item":"https:\/\/verdadeon.com.br\/portal\/"},{"@type":"ListItem","position":2,"name":"Sa\u00fade divulga balan\u00e7o da vacina\u00e7\u00e3o contra Poliomielite e Influenza"}]},{"@type":"WebSite","@id":"https:\/\/verdadeon.com.br\/portal\/#website","url":"https:\/\/verdadeon.com.br\/portal\/","name":"VerdadeOn","description":"Not\u00edcias di\u00e1rias sobre Franca, Regi\u00e3o, Esporte, Cultura, Cotidiano, Colunas. Cobertura nos principais eventos da cidade \u00e9 aqui - Verdadeon Franca","potentialAction":[{"@type":"SearchAction","target":{"@type":"EntryPoint","urlTemplate":"https:\/\/verdadeon.com.br\/portal\/?s={search_term_string}"},"query-input":{"@type":"PropertyValueSpecification","valueRequired":true,"valueName":"search_term_string"}}],"inLanguage":"pt-BR"},{"@type":"Person","@id":"https:\/\/verdadeon.com.br\/portal\/#\/schema\/person\/a5060ad1e9ea3df545188fc93ce43d2f","name":"Redacao VerdadeOn","image":{"@type":"ImageObject","inLanguage":"pt-BR","@id":"https:\/\/verdadeon.com.br\/portal\/#\/schema\/person\/image\/","url":"https:\/\/secure.gravatar.com\/avatar\/459a9613caaaf07f582c3d0841eea68bdd66f533e465e6ba8b9cb45619572cf4?s=96&d=mm&r=g","contentUrl":"https:\/\/secure.gravatar.com\/avatar\/459a9613caaaf07f582c3d0841eea68bdd66f533e465e6ba8b9cb45619572cf4?s=96&d=mm&r=g","caption":"Redacao VerdadeOn"},"url":"https:\/\/verdadeon.com.br\/portal\/author\/redacao\/"}]}},"jetpack_publicize_connections":[],"jetpack_featured_media_url":"https:\/\/i0.wp.com\/verdadeon.com.br\/portal\/wp-content\/uploads\/2024\/06\/vacina-gripe-scaled.jpg?fit=2560%2C1696&ssl=1","jetpack_sharing_enabled":true,"_links":{"self":[{"href":"https:\/\/verdadeon.com.br\/portal\/wp-json\/wp\/v2\/posts\/46458","targetHints":{"allow":["GET"]}}],"collection":[{"href":"https:\/\/verdadeon.com.br\/portal\/wp-json\/wp\/v2\/posts"}],"about":[{"href":"https:\/\/verdadeon.com.br\/portal\/wp-json\/wp\/v2\/types\/post"}],"author":[{"embeddable":true,"href":"https:\/\/verdadeon.com.br\/portal\/wp-json\/wp\/v2\/users\/10"}],"replies":[{"embeddable":true,"href":"https:\/\/verdadeon.com.br\/portal\/wp-json\/wp\/v2\/comments?post=46458"}],"version-history":[{"count":1,"href":"https:\/\/verdadeon.com.br\/portal\/wp-json\/wp\/v2\/posts\/46458\/revisions"}],"predecessor-version":[{"id":46460,"href":"https:\/\/verdadeon.com.br\/portal\/wp-json\/wp\/v2\/posts\/46458\/revisions\/46460"}],"wp:featuredmedia":[{"embeddable":true,"href":"https:\/\/verdadeon.com.br\/portal\/wp-json\/wp\/v2\/media\/46459"}],"wp:attachment":[{"href":"https:\/\/verdadeon.com.br\/portal\/wp-json\/wp\/v2\/media?parent=46458"}],"wp:term":[{"taxonomy":"category","embeddable":true,"href":"https:\/\/verdadeon.com.br\/portal\/wp-json\/wp\/v2\/categories?post=46458"},{"taxonomy":"post_tag","embeddable":true,"href":"https:\/\/verdadeon.com.br\/portal\/wp-json\/wp\/v2\/tags?post=46458"}],"curies":[{"name":"wp","href":"https:\/\/api.w.org\/{rel}","templated":true}]}}