{"id":46434,"date":"2024-06-27T09:29:51","date_gmt":"2024-06-27T12:29:51","guid":{"rendered":"https:\/\/verdadeon.com.br\/portal\/?p=46434"},"modified":"2024-06-27T09:34:02","modified_gmt":"2024-06-27T12:34:02","slug":"entenda-a-decisao-do-stf-sobre-descriminalizacao-do-porte-de-maconha","status":"publish","type":"post","link":"https:\/\/verdadeon.com.br\/portal\/2024\/06\/27\/entenda-a-decisao-do-stf-sobre-descriminalizacao-do-porte-de-maconha\/","title":{"rendered":"Entenda a decis\u00e3o do STF sobre descriminaliza\u00e7\u00e3o do porte de maconha"},"content":{"rendered":"<div class=\"row\">\n<h2 class=\"col-10 offset-1 animated fadeInDown dealy-900 display-8 display-md-8 alt-font font-italic my-1 text-center\">Medida n\u00e3o legaliza porte; consequ\u00eancias apenas passam a ser administrativas<\/h2>\n<p>Ap\u00f3s nove anos de sucessivas interrup\u00e7\u00f5es, por 6 votos a 3, o Supremo Tribunal Federal (STF) finalizou na quarta-feira (26) o julgamento que descriminalizou o porte de maconha para uso pessoal e fixou a quantia de 40 gramas para diferenciar usu\u00e1rios de traficantes.<\/p>\n<p>Com a decis\u00e3o, n\u00e3o comete infra\u00e7\u00e3o penal quem adquirir, guardar, tiver em dep\u00f3sito, transportar ou trouxer consigo at\u00e9 40 gramas de maconha para consumo pessoal. A decis\u00e3o dever\u00e1 ser aplicada em todo o pa\u00eds ap\u00f3s a publica\u00e7\u00e3o da ata do julgamento, que deve ocorrer nos pr\u00f3ximos dias.<\/p>\n<p>A decis\u00e3o do Supremo n\u00e3o legaliza o porte de maconha. O porte para uso pessoal continua como comportamento il\u00edcito, ou seja, permanece proibido fumar a droga em local p\u00fablico, mas as consequ\u00eancias passam a ter natureza administrativa\u00a0e n\u00e3o criminal.<\/p>\n<p>O Supremo julgou a constitucionalidade do Artigo 28 da Lei de Drogas (Lei 11.343\/2006). Para diferenciar usu\u00e1rios e traficantes, a norma prev\u00ea penas alternativas de presta\u00e7\u00e3o de servi\u00e7os \u00e0 comunidade, advert\u00eancia sobre os efeitos das drogas e comparecimento obrigat\u00f3rio a curso educativo.<\/p>\n<p>A lei deixou de prever a pena de pris\u00e3o, mas manteve a criminaliza\u00e7\u00e3o. Dessa forma, antes da decis\u00e3o da Corte, usu\u00e1rios de drogas eram alvos de inqu\u00e9rito policial e processos judiciais que buscavam a condena\u00e7\u00e3o para o cumprimento dessas penas alternativas.<\/p>\n<h4>Principais pontos de decis\u00e3o<\/h4>\n<h2><strong style=\"font-size: 14px;\">Puni\u00e7\u00e3o administrativa<\/strong><\/h2>\n<p>A Corte manteve a validade da Lei de Drogas, mas entendeu que as consequ\u00eancias s\u00e3o administrativas, deixando de valer a possibilidade de cumprimento de presta\u00e7\u00e3o de servi\u00e7os comunit\u00e1rios.<\/p>\n<p>A advert\u00eancia e presen\u00e7a obrigat\u00f3ria em curso educativo seguem mantidas e dever\u00e3o ser aplicadas pela Justi\u00e7a em procedimentos administrativos, sem repercuss\u00e3o penal.<\/p>\n<p>O registro de antecedentes criminais tamb\u00e9m n\u00e3o poder\u00e1 ser avaliado contra os usu\u00e1rios.<\/p>\n<p><strong>Usu\u00e1rio x Traficante<\/strong><\/p>\n<p>A Corte fixou que deve ser de 40 gramas ou seis plantas f\u00eameas de\u00a0<em>cannabis<\/em>\u00a0a quantidade de maconha para caracterizar porte para uso pessoal e diferenciar usu\u00e1rios e traficantes.<\/p>\n<p>O c\u00e1lculo foi feito com base nos votos dos ministros que fixaram a quantia entre 25 e 60 gramas nos votos favor\u00e1veis \u00e0 descriminaliza\u00e7\u00e3o. \u00a0A partir de uma m\u00e9dia entre as sugest\u00f5es, a quantidade de 40 gramas foi fixada.<\/p>\n<p>A decis\u00e3o tamb\u00e9m permite a pris\u00e3o por tr\u00e1fico de drogas nos casos de quantidade de maconha inferiores a 40 gramas. Nesses casos, dever\u00e3o ser considerados pelos delegados ind\u00edcios de comercializa\u00e7\u00e3o, apreens\u00e3o de balan\u00e7a para pesar o entorpecente e registros de vendas e de contatos entre traficantes.<\/p>\n<h4>Delegacia<\/h4>\n<p>A decis\u00e3o n\u00e3o impede abordagens policiais, e a apreens\u00e3o da droga poder\u00e1 ser feita\u00a0pelos agentes.<\/p>\n<p>Os usu\u00e1rios poder\u00e3o ser levados para uma delegacia quando forem abordados pela pol\u00edcia portando maconha. Caber\u00e1 ao delegado pesar a droga, verificar se a situa\u00e7\u00e3o realmente pode ser configurada como porte para uso pessoal. Em seguida, o usu\u00e1rio ser\u00e1 notificado a comparecer \u00e0 Justi\u00e7a.<\/p>\n<p>Contudo, n\u00e3o pode ocorrer pris\u00e3o em flagrante no caso de usu\u00e1rio.<\/p>\n<h4>Revis\u00e3o<\/h4>\n<p>Ap\u00f3s o julgamento, o presidente do STF, Lu\u00eds Roberto Barroso, disse que a decis\u00e3o pode retroagir para atingir pessoas condenadas pela Justi\u00e7a.<\/p>\n<p>Segundo ele,\u00a0a decis\u00e3o pode beneficiar pessoas exclusivamente condenadas por porte de at\u00e9 40 gramas de maconha, sem liga\u00e7\u00f5es com o tr\u00e1fico. A revis\u00e3o da pena n\u00e3o \u00e9 autom\u00e1tica e s\u00f3 poderia ocorrer por meio de um recurso apresentado \u00e0 Justi\u00e7a.<\/p>\n<p>&#8220;A regra b\u00e1sica em mat\u00e9ria de Direito Penal \u00e9 que a lei n\u00e3o retroage se ela agravar a situa\u00e7\u00e3o de quem \u00e9 acusado ou esteja preso. Para beneficiar, \u00e9 poss\u00edvel&#8221;, afirmou.<\/p>\n<h2 class=\"col-10 offset-1 animated fadeInDown dealy-750 display-6 display-md-4 display-lg-5 font-weight-bold alt-font text-center my-1\">Barroso: decis\u00e3o do STF pode beneficiar condenado por porte de maconha<\/h2>\n<h4 class=\"col-10 offset-1 animated fadeInDown dealy-900 display-8 display-md-8 alt-font font-italic my-1 text-center\">Lei n\u00e3o retroage se agravar situa\u00e7\u00e3o de quem \u00e9 acusado, diz ministro<\/h4>\n<p><img data-recalc-dims=\"1\" loading=\"lazy\" decoding=\"async\" class=\"alignnone size-full wp-image-46441\" src=\"https:\/\/i0.wp.com\/verdadeon.com.br\/portal\/wp-content\/uploads\/2024\/06\/img_2033.jpg?resize=1170%2C700&#038;ssl=1\" alt=\"\" width=\"1170\" height=\"700\" srcset=\"https:\/\/i0.wp.com\/verdadeon.com.br\/portal\/wp-content\/uploads\/2024\/06\/img_2033.jpg?w=1170&amp;ssl=1 1170w, https:\/\/i0.wp.com\/verdadeon.com.br\/portal\/wp-content\/uploads\/2024\/06\/img_2033.jpg?resize=300%2C179&amp;ssl=1 300w, https:\/\/i0.wp.com\/verdadeon.com.br\/portal\/wp-content\/uploads\/2024\/06\/img_2033.jpg?resize=1024%2C613&amp;ssl=1 1024w, https:\/\/i0.wp.com\/verdadeon.com.br\/portal\/wp-content\/uploads\/2024\/06\/img_2033.jpg?resize=768%2C459&amp;ssl=1 768w, https:\/\/i0.wp.com\/verdadeon.com.br\/portal\/wp-content\/uploads\/2024\/06\/img_2033.jpg?resize=244%2C146&amp;ssl=1 244w, https:\/\/i0.wp.com\/verdadeon.com.br\/portal\/wp-content\/uploads\/2024\/06\/img_2033.jpg?resize=50%2C30&amp;ssl=1 50w, https:\/\/i0.wp.com\/verdadeon.com.br\/portal\/wp-content\/uploads\/2024\/06\/img_2033.jpg?resize=125%2C75&amp;ssl=1 125w\" sizes=\"auto, (max-width: 1170px) 100vw, 1170px\" \/><\/p>\n<p>O presidente do Supremo Tribunal Federal (STF), ministro Lu\u00eds Roberto Barroso, afirmou nesta quarta-feira (26) que a decis\u00e3o da Corte sobre a descriminaliza\u00e7\u00e3o do porte de maconha para uso pessoal pode retroagir para atingir pessoas condenadas pela Justi\u00e7a.<\/p>\n<p>Durante entrevista ap\u00f3s o julgamento, Barroso disse que a decis\u00e3o pode beneficiar pessoas exclusivamente condenadas por porte de at\u00e9 40 gramas de maconha, sem liga\u00e7\u00f5es com tr\u00e1fico. A revis\u00e3o da pena n\u00e3o \u00e9 autom\u00e1tica e s\u00f3 poderia ocorrer por meio de um recurso apresentado \u00e0 Justi\u00e7a.<\/p>\n<p>&#8220;A regra b\u00e1sica em mat\u00e9ria de direito penal \u00e9 que a lei n\u00e3o retroage se ela agravar a situa\u00e7\u00e3o de quem \u00e9 acusado ou esteja preso. Para beneficiar, \u00e9 poss\u00edvel&#8221;, afirmou.<\/p>\n<p>Barroso disse que o Supremo n\u00e3o legalizou a maconha ao fixar a quantidade de 40 gramas para diferenciar usu\u00e1rios de traficantes. &#8220;A mesma quantidade em um bairro rico \u00e9 tratada como consumo e no bairro pobre \u00e9 tratada como tr\u00e1fico. O esfor\u00e7o que n\u00f3s fizemos foi acabar com a discrimina\u00e7\u00e3o que se tem feito no Brasil. Estabelecemos um crit\u00e9rio objetivo que vale para pobres e para ricos.&#8221;<\/p>\n<p>O ministro tamb\u00e9m voltou a criticar o modelo brasileiro de encarceramento de presos com pequenas quantidades de drogas. &#8220;\u00c9 uma pol\u00edtica que n\u00e3o produz nenhum resultado, nenhum abalo sobre o tr\u00e1fico. A pol\u00edtica de drogas adequada \u00e9 monitorar os grandes carregamentos, prender traficantes, seguir o dinheiro, policiar as fronteiras e parar de prender menino de periferia.&#8221;<\/p>\n<p>A descriminaliza\u00e7\u00e3o n\u00e3o legaliza o uso da droga. O porte de maconha continua como comportamento il\u00edcito, ou seja, permanece proibido fumar a droga em local p\u00fablico, mas as consequ\u00eancias do porte passam a ter natureza administrativa, e n\u00e3o criminal.<\/p>\n<p>Ag\u00eancia Brasil<\/p>\n<\/div>\n","protected":false},"excerpt":{"rendered":"<p>Medida n\u00e3o legaliza porte; consequ\u00eancias apenas passam a ser administrativas Ap\u00f3s nove anos de sucessivas interrup\u00e7\u00f5es, por 6 votos a 3, o Supremo Tribunal Federal (STF)<span class=\"excerpt-hellip\"> [\u2026]<\/span><\/p>\n","protected":false},"author":10,"featured_media":46209,"comment_status":"open","ping_status":"open","sticky":false,"template":"","format":"standard","meta":{"_jetpack_memberships_contains_paid_content":false,"footnotes":"","jetpack_publicize_message":"","jetpack_publicize_feature_enabled":true,"jetpack_social_post_already_shared":true,"jetpack_social_options":{"image_generator_settings":{"template":"highway","default_image_id":0,"enabled":false},"version":2}},"categories":[28,44],"tags":[],"class_list":["post-46434","post","type-post","status-publish","format-standard","has-post-thumbnail","hentry","category-cotidiano","category-noticias"],"yoast_head":"<!-- This site is optimized with the Yoast SEO plugin v25.6 - https:\/\/yoast.com\/wordpress\/plugins\/seo\/ -->\n<title>Entenda a decis\u00e3o do STF sobre descriminaliza\u00e7\u00e3o do porte de maconha - VerdadeOn<\/title>\n<meta name=\"robots\" content=\"index, follow, max-snippet:-1, max-image-preview:large, max-video-preview:-1\" \/>\n<link rel=\"canonical\" href=\"https:\/\/verdadeon.com.br\/portal\/2024\/06\/27\/entenda-a-decisao-do-stf-sobre-descriminalizacao-do-porte-de-maconha\/\" \/>\n<meta property=\"og:locale\" content=\"pt_BR\" \/>\n<meta property=\"og:type\" content=\"article\" \/>\n<meta property=\"og:title\" content=\"Entenda a decis\u00e3o do STF sobre descriminaliza\u00e7\u00e3o do porte de maconha - VerdadeOn\" \/>\n<meta property=\"og:description\" content=\"Medida n\u00e3o legaliza porte; consequ\u00eancias apenas passam a ser administrativas Ap\u00f3s nove anos de sucessivas interrup\u00e7\u00f5es, por 6 votos a 3, o Supremo Tribunal Federal (STF) [\u2026]\" \/>\n<meta property=\"og:url\" content=\"https:\/\/verdadeon.com.br\/portal\/2024\/06\/27\/entenda-a-decisao-do-stf-sobre-descriminalizacao-do-porte-de-maconha\/\" \/>\n<meta property=\"og:site_name\" content=\"VerdadeOn\" \/>\n<meta property=\"article:published_time\" content=\"2024-06-27T12:29:51+00:00\" \/>\n<meta property=\"article:modified_time\" content=\"2024-06-27T12:34:02+00:00\" \/>\n<meta property=\"og:image\" content=\"https:\/\/i0.wp.com\/verdadeon.com.br\/portal\/wp-content\/uploads\/2024\/06\/pin9717.webp?fit=1170%2C700&ssl=1\" \/>\n\t<meta property=\"og:image:width\" content=\"1170\" \/>\n\t<meta property=\"og:image:height\" content=\"700\" \/>\n\t<meta property=\"og:image:type\" content=\"image\/webp\" \/>\n<meta name=\"author\" content=\"Redacao VerdadeOn\" \/>\n<meta name=\"twitter:card\" content=\"summary_large_image\" \/>\n<meta name=\"twitter:label1\" content=\"Escrito por\" \/>\n\t<meta name=\"twitter:data1\" content=\"Redacao VerdadeOn\" \/>\n\t<meta name=\"twitter:label2\" content=\"Est. tempo de leitura\" \/>\n\t<meta name=\"twitter:data2\" content=\"6 minutos\" \/>\n<script type=\"application\/ld+json\" class=\"yoast-schema-graph\">{\"@context\":\"https:\/\/schema.org\",\"@graph\":[{\"@type\":\"WebPage\",\"@id\":\"https:\/\/verdadeon.com.br\/portal\/2024\/06\/27\/entenda-a-decisao-do-stf-sobre-descriminalizacao-do-porte-de-maconha\/\",\"url\":\"https:\/\/verdadeon.com.br\/portal\/2024\/06\/27\/entenda-a-decisao-do-stf-sobre-descriminalizacao-do-porte-de-maconha\/\",\"name\":\"Entenda a decis\u00e3o do STF sobre descriminaliza\u00e7\u00e3o do porte de maconha - VerdadeOn\",\"isPartOf\":{\"@id\":\"https:\/\/verdadeon.com.br\/portal\/#website\"},\"primaryImageOfPage\":{\"@id\":\"https:\/\/verdadeon.com.br\/portal\/2024\/06\/27\/entenda-a-decisao-do-stf-sobre-descriminalizacao-do-porte-de-maconha\/#primaryimage\"},\"image\":{\"@id\":\"https:\/\/verdadeon.com.br\/portal\/2024\/06\/27\/entenda-a-decisao-do-stf-sobre-descriminalizacao-do-porte-de-maconha\/#primaryimage\"},\"thumbnailUrl\":\"https:\/\/i0.wp.com\/verdadeon.com.br\/portal\/wp-content\/uploads\/2024\/06\/pin9717.webp?fit=1170%2C700&ssl=1\",\"datePublished\":\"2024-06-27T12:29:51+00:00\",\"dateModified\":\"2024-06-27T12:34:02+00:00\",\"author\":{\"@id\":\"https:\/\/verdadeon.com.br\/portal\/#\/schema\/person\/a5060ad1e9ea3df545188fc93ce43d2f\"},\"breadcrumb\":{\"@id\":\"https:\/\/verdadeon.com.br\/portal\/2024\/06\/27\/entenda-a-decisao-do-stf-sobre-descriminalizacao-do-porte-de-maconha\/#breadcrumb\"},\"inLanguage\":\"pt-BR\",\"potentialAction\":[{\"@type\":\"ReadAction\",\"target\":[\"https:\/\/verdadeon.com.br\/portal\/2024\/06\/27\/entenda-a-decisao-do-stf-sobre-descriminalizacao-do-porte-de-maconha\/\"]}]},{\"@type\":\"ImageObject\",\"inLanguage\":\"pt-BR\",\"@id\":\"https:\/\/verdadeon.com.br\/portal\/2024\/06\/27\/entenda-a-decisao-do-stf-sobre-descriminalizacao-do-porte-de-maconha\/#primaryimage\",\"url\":\"https:\/\/i0.wp.com\/verdadeon.com.br\/portal\/wp-content\/uploads\/2024\/06\/pin9717.webp?fit=1170%2C700&ssl=1\",\"contentUrl\":\"https:\/\/i0.wp.com\/verdadeon.com.br\/portal\/wp-content\/uploads\/2024\/06\/pin9717.webp?fit=1170%2C700&ssl=1\",\"width\":1170,\"height\":700,\"caption\":\"Nesta quarta-feira, o STF debateu a poss\u00edvel legaliza\u00e7\u00e3o da maconha. Confira os desdobramentos (\u00a9Paulo Pinto)\"},{\"@type\":\"BreadcrumbList\",\"@id\":\"https:\/\/verdadeon.com.br\/portal\/2024\/06\/27\/entenda-a-decisao-do-stf-sobre-descriminalizacao-do-porte-de-maconha\/#breadcrumb\",\"itemListElement\":[{\"@type\":\"ListItem\",\"position\":1,\"name\":\"In\u00edcio\",\"item\":\"https:\/\/verdadeon.com.br\/portal\/\"},{\"@type\":\"ListItem\",\"position\":2,\"name\":\"Entenda a decis\u00e3o do STF sobre descriminaliza\u00e7\u00e3o do porte de maconha\"}]},{\"@type\":\"WebSite\",\"@id\":\"https:\/\/verdadeon.com.br\/portal\/#website\",\"url\":\"https:\/\/verdadeon.com.br\/portal\/\",\"name\":\"VerdadeOn\",\"description\":\"Not\u00edcias di\u00e1rias sobre Franca, Regi\u00e3o, Esporte, Cultura, Cotidiano, Colunas. Cobertura nos principais eventos da cidade \u00e9 aqui - Verdadeon Franca\",\"potentialAction\":[{\"@type\":\"SearchAction\",\"target\":{\"@type\":\"EntryPoint\",\"urlTemplate\":\"https:\/\/verdadeon.com.br\/portal\/?s={search_term_string}\"},\"query-input\":{\"@type\":\"PropertyValueSpecification\",\"valueRequired\":true,\"valueName\":\"search_term_string\"}}],\"inLanguage\":\"pt-BR\"},{\"@type\":\"Person\",\"@id\":\"https:\/\/verdadeon.com.br\/portal\/#\/schema\/person\/a5060ad1e9ea3df545188fc93ce43d2f\",\"name\":\"Redacao VerdadeOn\",\"image\":{\"@type\":\"ImageObject\",\"inLanguage\":\"pt-BR\",\"@id\":\"https:\/\/verdadeon.com.br\/portal\/#\/schema\/person\/image\/\",\"url\":\"https:\/\/secure.gravatar.com\/avatar\/459a9613caaaf07f582c3d0841eea68bdd66f533e465e6ba8b9cb45619572cf4?s=96&d=mm&r=g\",\"contentUrl\":\"https:\/\/secure.gravatar.com\/avatar\/459a9613caaaf07f582c3d0841eea68bdd66f533e465e6ba8b9cb45619572cf4?s=96&d=mm&r=g\",\"caption\":\"Redacao VerdadeOn\"},\"url\":\"https:\/\/verdadeon.com.br\/portal\/author\/redacao\/\"}]}<\/script>\n<!-- \/ Yoast SEO plugin. -->","yoast_head_json":{"title":"Entenda a decis\u00e3o do STF sobre descriminaliza\u00e7\u00e3o do porte de maconha - VerdadeOn","robots":{"index":"index","follow":"follow","max-snippet":"max-snippet:-1","max-image-preview":"max-image-preview:large","max-video-preview":"max-video-preview:-1"},"canonical":"https:\/\/verdadeon.com.br\/portal\/2024\/06\/27\/entenda-a-decisao-do-stf-sobre-descriminalizacao-do-porte-de-maconha\/","og_locale":"pt_BR","og_type":"article","og_title":"Entenda a decis\u00e3o do STF sobre descriminaliza\u00e7\u00e3o do porte de maconha - VerdadeOn","og_description":"Medida n\u00e3o legaliza porte; consequ\u00eancias apenas passam a ser administrativas Ap\u00f3s nove anos de sucessivas interrup\u00e7\u00f5es, por 6 votos a 3, o Supremo Tribunal Federal (STF) [\u2026]","og_url":"https:\/\/verdadeon.com.br\/portal\/2024\/06\/27\/entenda-a-decisao-do-stf-sobre-descriminalizacao-do-porte-de-maconha\/","og_site_name":"VerdadeOn","article_published_time":"2024-06-27T12:29:51+00:00","article_modified_time":"2024-06-27T12:34:02+00:00","og_image":[{"width":1170,"height":700,"url":"https:\/\/i0.wp.com\/verdadeon.com.br\/portal\/wp-content\/uploads\/2024\/06\/pin9717.webp?fit=1170%2C700&ssl=1","type":"image\/webp"}],"author":"Redacao VerdadeOn","twitter_card":"summary_large_image","twitter_misc":{"Escrito por":"Redacao VerdadeOn","Est. tempo de leitura":"6 minutos"},"schema":{"@context":"https:\/\/schema.org","@graph":[{"@type":"WebPage","@id":"https:\/\/verdadeon.com.br\/portal\/2024\/06\/27\/entenda-a-decisao-do-stf-sobre-descriminalizacao-do-porte-de-maconha\/","url":"https:\/\/verdadeon.com.br\/portal\/2024\/06\/27\/entenda-a-decisao-do-stf-sobre-descriminalizacao-do-porte-de-maconha\/","name":"Entenda a decis\u00e3o do STF sobre descriminaliza\u00e7\u00e3o do porte de maconha - VerdadeOn","isPartOf":{"@id":"https:\/\/verdadeon.com.br\/portal\/#website"},"primaryImageOfPage":{"@id":"https:\/\/verdadeon.com.br\/portal\/2024\/06\/27\/entenda-a-decisao-do-stf-sobre-descriminalizacao-do-porte-de-maconha\/#primaryimage"},"image":{"@id":"https:\/\/verdadeon.com.br\/portal\/2024\/06\/27\/entenda-a-decisao-do-stf-sobre-descriminalizacao-do-porte-de-maconha\/#primaryimage"},"thumbnailUrl":"https:\/\/i0.wp.com\/verdadeon.com.br\/portal\/wp-content\/uploads\/2024\/06\/pin9717.webp?fit=1170%2C700&ssl=1","datePublished":"2024-06-27T12:29:51+00:00","dateModified":"2024-06-27T12:34:02+00:00","author":{"@id":"https:\/\/verdadeon.com.br\/portal\/#\/schema\/person\/a5060ad1e9ea3df545188fc93ce43d2f"},"breadcrumb":{"@id":"https:\/\/verdadeon.com.br\/portal\/2024\/06\/27\/entenda-a-decisao-do-stf-sobre-descriminalizacao-do-porte-de-maconha\/#breadcrumb"},"inLanguage":"pt-BR","potentialAction":[{"@type":"ReadAction","target":["https:\/\/verdadeon.com.br\/portal\/2024\/06\/27\/entenda-a-decisao-do-stf-sobre-descriminalizacao-do-porte-de-maconha\/"]}]},{"@type":"ImageObject","inLanguage":"pt-BR","@id":"https:\/\/verdadeon.com.br\/portal\/2024\/06\/27\/entenda-a-decisao-do-stf-sobre-descriminalizacao-do-porte-de-maconha\/#primaryimage","url":"https:\/\/i0.wp.com\/verdadeon.com.br\/portal\/wp-content\/uploads\/2024\/06\/pin9717.webp?fit=1170%2C700&ssl=1","contentUrl":"https:\/\/i0.wp.com\/verdadeon.com.br\/portal\/wp-content\/uploads\/2024\/06\/pin9717.webp?fit=1170%2C700&ssl=1","width":1170,"height":700,"caption":"Nesta quarta-feira, o STF debateu a poss\u00edvel legaliza\u00e7\u00e3o da maconha. Confira os desdobramentos (\u00a9Paulo Pinto)"},{"@type":"BreadcrumbList","@id":"https:\/\/verdadeon.com.br\/portal\/2024\/06\/27\/entenda-a-decisao-do-stf-sobre-descriminalizacao-do-porte-de-maconha\/#breadcrumb","itemListElement":[{"@type":"ListItem","position":1,"name":"In\u00edcio","item":"https:\/\/verdadeon.com.br\/portal\/"},{"@type":"ListItem","position":2,"name":"Entenda a decis\u00e3o do STF sobre descriminaliza\u00e7\u00e3o do porte de maconha"}]},{"@type":"WebSite","@id":"https:\/\/verdadeon.com.br\/portal\/#website","url":"https:\/\/verdadeon.com.br\/portal\/","name":"VerdadeOn","description":"Not\u00edcias di\u00e1rias sobre Franca, Regi\u00e3o, Esporte, Cultura, Cotidiano, Colunas. Cobertura nos principais eventos da cidade \u00e9 aqui - Verdadeon Franca","potentialAction":[{"@type":"SearchAction","target":{"@type":"EntryPoint","urlTemplate":"https:\/\/verdadeon.com.br\/portal\/?s={search_term_string}"},"query-input":{"@type":"PropertyValueSpecification","valueRequired":true,"valueName":"search_term_string"}}],"inLanguage":"pt-BR"},{"@type":"Person","@id":"https:\/\/verdadeon.com.br\/portal\/#\/schema\/person\/a5060ad1e9ea3df545188fc93ce43d2f","name":"Redacao VerdadeOn","image":{"@type":"ImageObject","inLanguage":"pt-BR","@id":"https:\/\/verdadeon.com.br\/portal\/#\/schema\/person\/image\/","url":"https:\/\/secure.gravatar.com\/avatar\/459a9613caaaf07f582c3d0841eea68bdd66f533e465e6ba8b9cb45619572cf4?s=96&d=mm&r=g","contentUrl":"https:\/\/secure.gravatar.com\/avatar\/459a9613caaaf07f582c3d0841eea68bdd66f533e465e6ba8b9cb45619572cf4?s=96&d=mm&r=g","caption":"Redacao VerdadeOn"},"url":"https:\/\/verdadeon.com.br\/portal\/author\/redacao\/"}]}},"jetpack_publicize_connections":[],"jetpack_featured_media_url":"https:\/\/i0.wp.com\/verdadeon.com.br\/portal\/wp-content\/uploads\/2024\/06\/pin9717.webp?fit=1170%2C700&ssl=1","jetpack_sharing_enabled":true,"_links":{"self":[{"href":"https:\/\/verdadeon.com.br\/portal\/wp-json\/wp\/v2\/posts\/46434","targetHints":{"allow":["GET"]}}],"collection":[{"href":"https:\/\/verdadeon.com.br\/portal\/wp-json\/wp\/v2\/posts"}],"about":[{"href":"https:\/\/verdadeon.com.br\/portal\/wp-json\/wp\/v2\/types\/post"}],"author":[{"embeddable":true,"href":"https:\/\/verdadeon.com.br\/portal\/wp-json\/wp\/v2\/users\/10"}],"replies":[{"embeddable":true,"href":"https:\/\/verdadeon.com.br\/portal\/wp-json\/wp\/v2\/comments?post=46434"}],"version-history":[{"count":3,"href":"https:\/\/verdadeon.com.br\/portal\/wp-json\/wp\/v2\/posts\/46434\/revisions"}],"predecessor-version":[{"id":46442,"href":"https:\/\/verdadeon.com.br\/portal\/wp-json\/wp\/v2\/posts\/46434\/revisions\/46442"}],"wp:featuredmedia":[{"embeddable":true,"href":"https:\/\/verdadeon.com.br\/portal\/wp-json\/wp\/v2\/media\/46209"}],"wp:attachment":[{"href":"https:\/\/verdadeon.com.br\/portal\/wp-json\/wp\/v2\/media?parent=46434"}],"wp:term":[{"taxonomy":"category","embeddable":true,"href":"https:\/\/verdadeon.com.br\/portal\/wp-json\/wp\/v2\/categories?post=46434"},{"taxonomy":"post_tag","embeddable":true,"href":"https:\/\/verdadeon.com.br\/portal\/wp-json\/wp\/v2\/tags?post=46434"}],"curies":[{"name":"wp","href":"https:\/\/api.w.org\/{rel}","templated":true}]}}