{"id":46397,"date":"2024-06-26T10:46:22","date_gmt":"2024-06-26T13:46:22","guid":{"rendered":"https:\/\/verdadeon.com.br\/portal\/?p=46397"},"modified":"2024-06-26T10:46:22","modified_gmt":"2024-06-26T13:46:22","slug":"desestatizacao-da-sabesp-medida-amplia-numero-de-beneficiados-por-reducao-na-tarifa","status":"publish","type":"post","link":"https:\/\/verdadeon.com.br\/portal\/2024\/06\/26\/desestatizacao-da-sabesp-medida-amplia-numero-de-beneficiados-por-reducao-na-tarifa\/","title":{"rendered":"Desestatiza\u00e7\u00e3o da Sabesp: medida amplia n\u00famero de beneficiados por redu\u00e7\u00e3o na tarifa"},"content":{"rendered":"<h2>Cadastrado no Cad\u00danico que preencher requisitos ser\u00e1 beneficiado pela tarifa reduzida em 10% e ter\u00e1 desconto autom\u00e1tico na conta<\/h2>\n<p>A Ag\u00eancia Reguladora de Servi\u00e7os P\u00fablicos do Estado de S\u00e3o Paulo (Arsesp) abriu consulta p\u00fablica para discutir os crit\u00e9rios e procedimentos para o enquadramento autom\u00e1tico dos usu\u00e1rios da Companhia de Saneamento B\u00e1sico do Estado de S\u00e3o Paulo (Sabesp) inscritos no Cadastro \u00danico (Cad\u00danico) nas categorias \u201cresidencial vulner\u00e1vel\u201d (renda familiar per capita de at\u00e9 R$ 218) e \u201cresidencial social\u201d (renda familiar per capita entre R$ 218 e R$ 706).<\/p>\n<p>A norma, que ser\u00e1 aplicada j\u00e1 no contexto do novo contrato de\u00a0<a href=\"https:\/\/www.saopaulo.sp.gov.br\/spnoticias\/ultimas-noticias\/oferta-publica-da-sabesp-e-aberta\/\">concess\u00e3o da Sabesp<\/a>, vai permitir amplia\u00e7\u00e3o significativa da base de fam\u00edlias beneficiadas pelos descontos, que ser\u00e3o aplicados sobre tarifa 10% menor do que a atual.<\/p>\n<p>\u201cUm dos pilares da desestatiza\u00e7\u00e3o da Sabesp \u00e9 a modicidade tarif\u00e1ria e o avan\u00e7o dessa medida faz parte do esfor\u00e7o de beneficiar o maior n\u00famero poss\u00edvel de paulistas. O novo contrato de concess\u00e3o garante redu\u00e7\u00e3o de 10% no valor da tarifa social de \u00e1gua e esgoto, com sustentabilidade ao longo do tempo por meio da utiliza\u00e7\u00e3o do FAUSP, fundo criado no \u00e2mbito da desestatiza\u00e7\u00e3o especialmente para que o aumento vultoso de investimentos e a inclus\u00e3o de quem hoje est\u00e1 fora da chamada \u00e1rea atend\u00edvel seja acompanhado dessa preocupa\u00e7\u00e3o com a tarifa\u201d, afirma a secret\u00e1ria de Estado de Meio Ambiente, Infraestrutura e Log\u00edstica, Nat\u00e1lia Resende.<\/p>\n<p>Ela lembra que as demais categorias tarif\u00e1rias tamb\u00e9m ficar\u00e3o mais baratas com a desestatiza\u00e7\u00e3o \u2013 a residencial ter\u00e1 queda de 1%, e as demais, como comercial e industrial, ter\u00e3o 0,5% de diminui\u00e7\u00e3o. Com a inclus\u00e3o autom\u00e1tica dos eleg\u00edveis nessa base, cerca de 325 mil fam\u00edlias passar\u00e3o automaticamente a contar com tarifa menor e tamb\u00e9m com descontos que podem chegar a 76,2%.<\/p>\n<h4>Como ser\u00e1 na pr\u00e1tica<\/h4>\n<p>A partir da entrada em vigor da medida, esperada para setembro, os usu\u00e1rios cadastrados no Cad\u00danico que preencherem os requisitos definidos na delibera\u00e7\u00e3o ser\u00e3o beneficiados pela tarifa reduzida em 10% e ter\u00e3o tamb\u00e9m o desconto de social ou vulner\u00e1vel aplicado automaticamente em suas contas, sem a necessidade de deslocamento at\u00e9 uma loja de atendimento da Sabesp ou qualquer procedimento adicional.<\/p>\n<p>Considerando um consumo de 10m\u00b3\/m\u00eas, o enquadramento do usu\u00e1rio na categoria \u201cresidencial social\u201d proporciona um desconto de 68,8% no valor da fatura de \u00e1gua e esgoto, e, com o enquadramento na categoria \u201cresidencial vulner\u00e1vel\u201d, o desconto chega a 76,2% em compara\u00e7\u00e3o aos valores devidos na categoria residencial.<\/p>\n<p>Para ter o benef\u00edcio concedido automaticamente, o usu\u00e1rio precisa ter o cadastro atualizado no Cad\u00danico nos \u00faltimos 24 meses, com identifica\u00e7\u00e3o por meio do CPF, nas faixas de renda definidas para cada categoria tarif\u00e1ria. Caso o cadastro esteja desatualizado, ou o Cad\u00danico n\u00e3o tenha os dados do CPF, a pessoa dever\u00e1 comparecer a uma loja da empresa com CPF e comprovante de resid\u00eancia, al\u00e9m de comprovante do registro no Cad\u00danico em uma das duas faixas de renda.<\/p>\n<p>Para assegurar a efic\u00e1cia desse processo, a Arsesp exigir\u00e1 que a Sabesp implemente um plano de comunica\u00e7\u00e3o, instruindo todos os seus consumidores quanto aos requisitos para a obten\u00e7\u00e3o do benef\u00edcio e \u00e0 exig\u00eancia de que mantenham seus cadastros atualizados no Cad\u00danico, permitindo, assim, a aplica\u00e7\u00e3o autom\u00e1tica dos descontos.<\/p>\n<h4>Participa\u00e7\u00e3o social<\/h4>\n<p>Todos os documentos relacionados \u00e0 Consulta P\u00fablica n\u00ba 02\/2024, incluindo o regulamento com os procedimentos para participa\u00e7\u00e3o, o modelo para envio de contribui\u00e7\u00e3o, a Nota T\u00e9cnica que fundamenta a a\u00e7\u00e3o e a minuta de delibera\u00e7\u00e3o est\u00e3o dispon\u00edveis no\u00a0<a href=\"http:\/\/www.arsesp.sp.gov.br\/SitePages\/Consultas-Audiencias-Publicas.aspx\" target=\"_blank\" rel=\"noopener\">site da Arsesp<\/a>.<\/p>\n<p>As contribui\u00e7\u00f5es e manifesta\u00e7\u00f5es dever\u00e3o ser feitas por escrito e enviadas exclusivamente pelo e-mail: consultapublica@arsesp.sp.gov.br at\u00e9 dia 4 de julho, conforme estabelecido no regulamento. Ap\u00f3s o encerramento do per\u00edodo da Consulta P\u00fablica, a Arsesp divulgar\u00e1 em seu site a integralidade das contribui\u00e7\u00f5es e manifesta\u00e7\u00f5es recebidas.<\/p>\n<p>A Diretoria da Arsesp apreciar\u00e1 as contribui\u00e7\u00f5es e manifesta\u00e7\u00f5es recebidas e divulgar\u00e1 um relat\u00f3rio circunstanciado, previamente \u00e0 delibera\u00e7\u00e3o.<\/p>\n<h4>Compromisso p\u00fablico<\/h4>\n<p>A implementa\u00e7\u00e3o dessa medida \u00e9 poss\u00edvel gra\u00e7as \u00e0 colabora\u00e7\u00e3o entre a Arsesp e a Secretaria Estadual de Desenvolvimento Social (SEDS), respons\u00e1vel pela base do Cad\u00danico no estado. Todo o processo ser\u00e1 realizado por meio de ferramentas que asseguram a confiabilidade dos dados e a preserva\u00e7\u00e3o do sigilo das informa\u00e7\u00f5es, em observ\u00e2ncia \u00e0s normas do Cad\u00danico e \u00e0 Lei Geral de Prote\u00e7\u00e3o de Dados Pessoais (LGPD).<\/p>\n<p>Nesse contexto, a Arsesp ser\u00e1 respons\u00e1vel por realizar todos os tratamentos necess\u00e1rios na base de dados, repassando \u00e0 Sabesp exclusivamente os dados indispens\u00e1veis \u00e0 identifica\u00e7\u00e3o dos usu\u00e1rios eleg\u00edveis ao benef\u00edcio tarif\u00e1rio. A ag\u00eancia garantir\u00e1 a transpar\u00eancia do processo, publicando periodicamente os dados consolidados dos usu\u00e1rios beneficiados, sem identific\u00e1-los.<\/p>\n<p>Com a implementa\u00e7\u00e3o desse trabalho, a Arsesp ter\u00e1 conclu\u00eddo o processo de amplia\u00e7\u00e3o dos descontos tarif\u00e1rios previsto na Delibera\u00e7\u00e3o n\u00ba 1.150\/2021, refor\u00e7ando o compromisso da ag\u00eancia em proporcionar maior acesso aos servi\u00e7os essenciais para todos os cidad\u00e3os do estado, e a vanguarda da regula\u00e7\u00e3o paulista no setor de saneamento, que desde 2021 oferece benef\u00edcio tarif\u00e1rio com patamares superiores aos exigidos na pr\u00f3pria Lei Federal n\u00ba 14.898\/2024, que entrar\u00e1 em vigor ao final deste ano.<\/p>\n<p>Com a conclus\u00e3o da consulta p\u00fablica, a Arsesp reafirma o empenho junto aos Objetivos de Desenvolvimento Sustent\u00e1vel da Organiza\u00e7\u00e3o das Na\u00e7\u00f5es Unidas (ONU), especialmente em rela\u00e7\u00e3o \u00e0 disponibilidade e gest\u00e3o sustent\u00e1vel da \u00e1gua e do saneamento para todos.<\/p>\n<p>Essa iniciativa est\u00e1 em conformidade com o Novo Marco Regulat\u00f3rio do Saneamento e com as diretrizes publicadas pela Ag\u00eancia Nacional de \u00c1guas (ANA), criando um ambiente regulat\u00f3rio favor\u00e1vel para o setor de saneamento e refor\u00e7ando o comprometimento com o bem-estar da popula\u00e7\u00e3o.<\/p>\n<p>SP Not\u00edcias<\/p>\n","protected":false},"excerpt":{"rendered":"<p>Cadastrado no Cad\u00danico que preencher requisitos ser\u00e1 beneficiado pela tarifa reduzida em 10% e ter\u00e1 desconto autom\u00e1tico na conta A Ag\u00eancia Reguladora de Servi\u00e7os P\u00fablicos do<span class=\"excerpt-hellip\"> [\u2026]<\/span><\/p>\n","protected":false},"author":10,"featured_media":46398,"comment_status":"open","ping_status":"open","sticky":false,"template":"","format":"standard","meta":{"_jetpack_memberships_contains_paid_content":false,"footnotes":"","jetpack_publicize_message":"","jetpack_publicize_feature_enabled":true,"jetpack_social_post_already_shared":true,"jetpack_social_options":{"image_generator_settings":{"template":"highway","default_image_id":0,"enabled":false},"version":2}},"categories":[28,44],"tags":[],"class_list":["post-46397","post","type-post","status-publish","format-standard","has-post-thumbnail","hentry","category-cotidiano","category-noticias"],"yoast_head":"<!-- This site is optimized with the Yoast SEO plugin v25.6 - https:\/\/yoast.com\/wordpress\/plugins\/seo\/ -->\n<title>Desestatiza\u00e7\u00e3o da Sabesp: medida amplia n\u00famero de beneficiados por redu\u00e7\u00e3o na tarifa - VerdadeOn<\/title>\n<meta name=\"robots\" content=\"index, follow, max-snippet:-1, max-image-preview:large, max-video-preview:-1\" \/>\n<link rel=\"canonical\" href=\"https:\/\/verdadeon.com.br\/portal\/2024\/06\/26\/desestatizacao-da-sabesp-medida-amplia-numero-de-beneficiados-por-reducao-na-tarifa\/\" \/>\n<meta property=\"og:locale\" content=\"pt_BR\" \/>\n<meta property=\"og:type\" content=\"article\" \/>\n<meta property=\"og:title\" content=\"Desestatiza\u00e7\u00e3o da Sabesp: medida amplia n\u00famero de beneficiados por redu\u00e7\u00e3o na tarifa - VerdadeOn\" \/>\n<meta property=\"og:description\" content=\"Cadastrado no Cad\u00danico que preencher requisitos ser\u00e1 beneficiado pela tarifa reduzida em 10% e ter\u00e1 desconto autom\u00e1tico na conta A Ag\u00eancia Reguladora de Servi\u00e7os P\u00fablicos do [\u2026]\" \/>\n<meta property=\"og:url\" content=\"https:\/\/verdadeon.com.br\/portal\/2024\/06\/26\/desestatizacao-da-sabesp-medida-amplia-numero-de-beneficiados-por-reducao-na-tarifa\/\" \/>\n<meta property=\"og:site_name\" content=\"VerdadeOn\" \/>\n<meta property=\"article:published_time\" content=\"2024-06-26T13:46:22+00:00\" \/>\n<meta property=\"og:image\" content=\"https:\/\/verdadeon.com.br\/portal\/wp-content\/uploads\/2024\/06\/WhatsApp-Image-2024-02-23-at-10.18.56-1024x768-1.jpeg\" \/>\n\t<meta property=\"og:image:width\" content=\"1024\" \/>\n\t<meta property=\"og:image:height\" content=\"768\" \/>\n\t<meta property=\"og:image:type\" content=\"image\/jpeg\" \/>\n<meta name=\"author\" content=\"Redacao VerdadeOn\" \/>\n<meta name=\"twitter:card\" content=\"summary_large_image\" \/>\n<meta name=\"twitter:label1\" content=\"Escrito por\" \/>\n\t<meta name=\"twitter:data1\" content=\"Redacao VerdadeOn\" \/>\n\t<meta name=\"twitter:label2\" content=\"Est. tempo de leitura\" \/>\n\t<meta name=\"twitter:data2\" content=\"5 minutos\" \/>\n<script type=\"application\/ld+json\" class=\"yoast-schema-graph\">{\"@context\":\"https:\/\/schema.org\",\"@graph\":[{\"@type\":\"WebPage\",\"@id\":\"https:\/\/verdadeon.com.br\/portal\/2024\/06\/26\/desestatizacao-da-sabesp-medida-amplia-numero-de-beneficiados-por-reducao-na-tarifa\/\",\"url\":\"https:\/\/verdadeon.com.br\/portal\/2024\/06\/26\/desestatizacao-da-sabesp-medida-amplia-numero-de-beneficiados-por-reducao-na-tarifa\/\",\"name\":\"Desestatiza\u00e7\u00e3o da Sabesp: medida amplia n\u00famero de beneficiados por redu\u00e7\u00e3o na tarifa - VerdadeOn\",\"isPartOf\":{\"@id\":\"https:\/\/verdadeon.com.br\/portal\/#website\"},\"primaryImageOfPage\":{\"@id\":\"https:\/\/verdadeon.com.br\/portal\/2024\/06\/26\/desestatizacao-da-sabesp-medida-amplia-numero-de-beneficiados-por-reducao-na-tarifa\/#primaryimage\"},\"image\":{\"@id\":\"https:\/\/verdadeon.com.br\/portal\/2024\/06\/26\/desestatizacao-da-sabesp-medida-amplia-numero-de-beneficiados-por-reducao-na-tarifa\/#primaryimage\"},\"thumbnailUrl\":\"https:\/\/i0.wp.com\/verdadeon.com.br\/portal\/wp-content\/uploads\/2024\/06\/WhatsApp-Image-2024-02-23-at-10.18.56-1024x768-1.jpeg?fit=1024%2C768&ssl=1\",\"datePublished\":\"2024-06-26T13:46:22+00:00\",\"author\":{\"@id\":\"https:\/\/verdadeon.com.br\/portal\/#\/schema\/person\/a5060ad1e9ea3df545188fc93ce43d2f\"},\"breadcrumb\":{\"@id\":\"https:\/\/verdadeon.com.br\/portal\/2024\/06\/26\/desestatizacao-da-sabesp-medida-amplia-numero-de-beneficiados-por-reducao-na-tarifa\/#breadcrumb\"},\"inLanguage\":\"pt-BR\",\"potentialAction\":[{\"@type\":\"ReadAction\",\"target\":[\"https:\/\/verdadeon.com.br\/portal\/2024\/06\/26\/desestatizacao-da-sabesp-medida-amplia-numero-de-beneficiados-por-reducao-na-tarifa\/\"]}]},{\"@type\":\"ImageObject\",\"inLanguage\":\"pt-BR\",\"@id\":\"https:\/\/verdadeon.com.br\/portal\/2024\/06\/26\/desestatizacao-da-sabesp-medida-amplia-numero-de-beneficiados-por-reducao-na-tarifa\/#primaryimage\",\"url\":\"https:\/\/i0.wp.com\/verdadeon.com.br\/portal\/wp-content\/uploads\/2024\/06\/WhatsApp-Image-2024-02-23-at-10.18.56-1024x768-1.jpeg?fit=1024%2C768&ssl=1\",\"contentUrl\":\"https:\/\/i0.wp.com\/verdadeon.com.br\/portal\/wp-content\/uploads\/2024\/06\/WhatsApp-Image-2024-02-23-at-10.18.56-1024x768-1.jpeg?fit=1024%2C768&ssl=1\",\"width\":1024,\"height\":768,\"caption\":\"(\u00a9SP Not\u00edcias)\"},{\"@type\":\"BreadcrumbList\",\"@id\":\"https:\/\/verdadeon.com.br\/portal\/2024\/06\/26\/desestatizacao-da-sabesp-medida-amplia-numero-de-beneficiados-por-reducao-na-tarifa\/#breadcrumb\",\"itemListElement\":[{\"@type\":\"ListItem\",\"position\":1,\"name\":\"In\u00edcio\",\"item\":\"https:\/\/verdadeon.com.br\/portal\/\"},{\"@type\":\"ListItem\",\"position\":2,\"name\":\"Desestatiza\u00e7\u00e3o da Sabesp: medida amplia n\u00famero de beneficiados por redu\u00e7\u00e3o na tarifa\"}]},{\"@type\":\"WebSite\",\"@id\":\"https:\/\/verdadeon.com.br\/portal\/#website\",\"url\":\"https:\/\/verdadeon.com.br\/portal\/\",\"name\":\"VerdadeOn\",\"description\":\"Not\u00edcias di\u00e1rias sobre Franca, Regi\u00e3o, Esporte, Cultura, Cotidiano, Colunas. Cobertura nos principais eventos da cidade \u00e9 aqui - Verdadeon Franca\",\"potentialAction\":[{\"@type\":\"SearchAction\",\"target\":{\"@type\":\"EntryPoint\",\"urlTemplate\":\"https:\/\/verdadeon.com.br\/portal\/?s={search_term_string}\"},\"query-input\":{\"@type\":\"PropertyValueSpecification\",\"valueRequired\":true,\"valueName\":\"search_term_string\"}}],\"inLanguage\":\"pt-BR\"},{\"@type\":\"Person\",\"@id\":\"https:\/\/verdadeon.com.br\/portal\/#\/schema\/person\/a5060ad1e9ea3df545188fc93ce43d2f\",\"name\":\"Redacao VerdadeOn\",\"image\":{\"@type\":\"ImageObject\",\"inLanguage\":\"pt-BR\",\"@id\":\"https:\/\/verdadeon.com.br\/portal\/#\/schema\/person\/image\/\",\"url\":\"https:\/\/secure.gravatar.com\/avatar\/459a9613caaaf07f582c3d0841eea68bdd66f533e465e6ba8b9cb45619572cf4?s=96&d=mm&r=g\",\"contentUrl\":\"https:\/\/secure.gravatar.com\/avatar\/459a9613caaaf07f582c3d0841eea68bdd66f533e465e6ba8b9cb45619572cf4?s=96&d=mm&r=g\",\"caption\":\"Redacao VerdadeOn\"},\"url\":\"https:\/\/verdadeon.com.br\/portal\/author\/redacao\/\"}]}<\/script>\n<!-- \/ Yoast SEO plugin. -->","yoast_head_json":{"title":"Desestatiza\u00e7\u00e3o da Sabesp: medida amplia n\u00famero de beneficiados por redu\u00e7\u00e3o na tarifa - VerdadeOn","robots":{"index":"index","follow":"follow","max-snippet":"max-snippet:-1","max-image-preview":"max-image-preview:large","max-video-preview":"max-video-preview:-1"},"canonical":"https:\/\/verdadeon.com.br\/portal\/2024\/06\/26\/desestatizacao-da-sabesp-medida-amplia-numero-de-beneficiados-por-reducao-na-tarifa\/","og_locale":"pt_BR","og_type":"article","og_title":"Desestatiza\u00e7\u00e3o da Sabesp: medida amplia n\u00famero de beneficiados por redu\u00e7\u00e3o na tarifa - VerdadeOn","og_description":"Cadastrado no Cad\u00danico que preencher requisitos ser\u00e1 beneficiado pela tarifa reduzida em 10% e ter\u00e1 desconto autom\u00e1tico na conta A Ag\u00eancia Reguladora de Servi\u00e7os P\u00fablicos do [\u2026]","og_url":"https:\/\/verdadeon.com.br\/portal\/2024\/06\/26\/desestatizacao-da-sabesp-medida-amplia-numero-de-beneficiados-por-reducao-na-tarifa\/","og_site_name":"VerdadeOn","article_published_time":"2024-06-26T13:46:22+00:00","og_image":[{"width":1024,"height":768,"url":"https:\/\/verdadeon.com.br\/portal\/wp-content\/uploads\/2024\/06\/WhatsApp-Image-2024-02-23-at-10.18.56-1024x768-1.jpeg","type":"image\/jpeg"}],"author":"Redacao VerdadeOn","twitter_card":"summary_large_image","twitter_misc":{"Escrito por":"Redacao VerdadeOn","Est. tempo de leitura":"5 minutos"},"schema":{"@context":"https:\/\/schema.org","@graph":[{"@type":"WebPage","@id":"https:\/\/verdadeon.com.br\/portal\/2024\/06\/26\/desestatizacao-da-sabesp-medida-amplia-numero-de-beneficiados-por-reducao-na-tarifa\/","url":"https:\/\/verdadeon.com.br\/portal\/2024\/06\/26\/desestatizacao-da-sabesp-medida-amplia-numero-de-beneficiados-por-reducao-na-tarifa\/","name":"Desestatiza\u00e7\u00e3o da Sabesp: medida amplia n\u00famero de beneficiados por redu\u00e7\u00e3o na tarifa - VerdadeOn","isPartOf":{"@id":"https:\/\/verdadeon.com.br\/portal\/#website"},"primaryImageOfPage":{"@id":"https:\/\/verdadeon.com.br\/portal\/2024\/06\/26\/desestatizacao-da-sabesp-medida-amplia-numero-de-beneficiados-por-reducao-na-tarifa\/#primaryimage"},"image":{"@id":"https:\/\/verdadeon.com.br\/portal\/2024\/06\/26\/desestatizacao-da-sabesp-medida-amplia-numero-de-beneficiados-por-reducao-na-tarifa\/#primaryimage"},"thumbnailUrl":"https:\/\/i0.wp.com\/verdadeon.com.br\/portal\/wp-content\/uploads\/2024\/06\/WhatsApp-Image-2024-02-23-at-10.18.56-1024x768-1.jpeg?fit=1024%2C768&ssl=1","datePublished":"2024-06-26T13:46:22+00:00","author":{"@id":"https:\/\/verdadeon.com.br\/portal\/#\/schema\/person\/a5060ad1e9ea3df545188fc93ce43d2f"},"breadcrumb":{"@id":"https:\/\/verdadeon.com.br\/portal\/2024\/06\/26\/desestatizacao-da-sabesp-medida-amplia-numero-de-beneficiados-por-reducao-na-tarifa\/#breadcrumb"},"inLanguage":"pt-BR","potentialAction":[{"@type":"ReadAction","target":["https:\/\/verdadeon.com.br\/portal\/2024\/06\/26\/desestatizacao-da-sabesp-medida-amplia-numero-de-beneficiados-por-reducao-na-tarifa\/"]}]},{"@type":"ImageObject","inLanguage":"pt-BR","@id":"https:\/\/verdadeon.com.br\/portal\/2024\/06\/26\/desestatizacao-da-sabesp-medida-amplia-numero-de-beneficiados-por-reducao-na-tarifa\/#primaryimage","url":"https:\/\/i0.wp.com\/verdadeon.com.br\/portal\/wp-content\/uploads\/2024\/06\/WhatsApp-Image-2024-02-23-at-10.18.56-1024x768-1.jpeg?fit=1024%2C768&ssl=1","contentUrl":"https:\/\/i0.wp.com\/verdadeon.com.br\/portal\/wp-content\/uploads\/2024\/06\/WhatsApp-Image-2024-02-23-at-10.18.56-1024x768-1.jpeg?fit=1024%2C768&ssl=1","width":1024,"height":768,"caption":"(\u00a9SP Not\u00edcias)"},{"@type":"BreadcrumbList","@id":"https:\/\/verdadeon.com.br\/portal\/2024\/06\/26\/desestatizacao-da-sabesp-medida-amplia-numero-de-beneficiados-por-reducao-na-tarifa\/#breadcrumb","itemListElement":[{"@type":"ListItem","position":1,"name":"In\u00edcio","item":"https:\/\/verdadeon.com.br\/portal\/"},{"@type":"ListItem","position":2,"name":"Desestatiza\u00e7\u00e3o da Sabesp: medida amplia n\u00famero de beneficiados por redu\u00e7\u00e3o na tarifa"}]},{"@type":"WebSite","@id":"https:\/\/verdadeon.com.br\/portal\/#website","url":"https:\/\/verdadeon.com.br\/portal\/","name":"VerdadeOn","description":"Not\u00edcias di\u00e1rias sobre Franca, Regi\u00e3o, Esporte, Cultura, Cotidiano, Colunas. Cobertura nos principais eventos da cidade \u00e9 aqui - Verdadeon Franca","potentialAction":[{"@type":"SearchAction","target":{"@type":"EntryPoint","urlTemplate":"https:\/\/verdadeon.com.br\/portal\/?s={search_term_string}"},"query-input":{"@type":"PropertyValueSpecification","valueRequired":true,"valueName":"search_term_string"}}],"inLanguage":"pt-BR"},{"@type":"Person","@id":"https:\/\/verdadeon.com.br\/portal\/#\/schema\/person\/a5060ad1e9ea3df545188fc93ce43d2f","name":"Redacao VerdadeOn","image":{"@type":"ImageObject","inLanguage":"pt-BR","@id":"https:\/\/verdadeon.com.br\/portal\/#\/schema\/person\/image\/","url":"https:\/\/secure.gravatar.com\/avatar\/459a9613caaaf07f582c3d0841eea68bdd66f533e465e6ba8b9cb45619572cf4?s=96&d=mm&r=g","contentUrl":"https:\/\/secure.gravatar.com\/avatar\/459a9613caaaf07f582c3d0841eea68bdd66f533e465e6ba8b9cb45619572cf4?s=96&d=mm&r=g","caption":"Redacao VerdadeOn"},"url":"https:\/\/verdadeon.com.br\/portal\/author\/redacao\/"}]}},"jetpack_publicize_connections":[],"jetpack_featured_media_url":"https:\/\/i0.wp.com\/verdadeon.com.br\/portal\/wp-content\/uploads\/2024\/06\/WhatsApp-Image-2024-02-23-at-10.18.56-1024x768-1.jpeg?fit=1024%2C768&ssl=1","jetpack_sharing_enabled":true,"_links":{"self":[{"href":"https:\/\/verdadeon.com.br\/portal\/wp-json\/wp\/v2\/posts\/46397","targetHints":{"allow":["GET"]}}],"collection":[{"href":"https:\/\/verdadeon.com.br\/portal\/wp-json\/wp\/v2\/posts"}],"about":[{"href":"https:\/\/verdadeon.com.br\/portal\/wp-json\/wp\/v2\/types\/post"}],"author":[{"embeddable":true,"href":"https:\/\/verdadeon.com.br\/portal\/wp-json\/wp\/v2\/users\/10"}],"replies":[{"embeddable":true,"href":"https:\/\/verdadeon.com.br\/portal\/wp-json\/wp\/v2\/comments?post=46397"}],"version-history":[{"count":1,"href":"https:\/\/verdadeon.com.br\/portal\/wp-json\/wp\/v2\/posts\/46397\/revisions"}],"predecessor-version":[{"id":46399,"href":"https:\/\/verdadeon.com.br\/portal\/wp-json\/wp\/v2\/posts\/46397\/revisions\/46399"}],"wp:featuredmedia":[{"embeddable":true,"href":"https:\/\/verdadeon.com.br\/portal\/wp-json\/wp\/v2\/media\/46398"}],"wp:attachment":[{"href":"https:\/\/verdadeon.com.br\/portal\/wp-json\/wp\/v2\/media?parent=46397"}],"wp:term":[{"taxonomy":"category","embeddable":true,"href":"https:\/\/verdadeon.com.br\/portal\/wp-json\/wp\/v2\/categories?post=46397"},{"taxonomy":"post_tag","embeddable":true,"href":"https:\/\/verdadeon.com.br\/portal\/wp-json\/wp\/v2\/tags?post=46397"}],"curies":[{"name":"wp","href":"https:\/\/api.w.org\/{rel}","templated":true}]}}