{"id":46393,"date":"2024-06-26T10:28:49","date_gmt":"2024-06-26T13:28:49","guid":{"rendered":"https:\/\/verdadeon.com.br\/portal\/?p=46393"},"modified":"2024-06-26T10:28:49","modified_gmt":"2024-06-26T13:28:49","slug":"acif-reune-mural-de-empregos-consulta-ao-nome-e-clube-de-beneficios-em-app-gratuito","status":"publish","type":"post","link":"https:\/\/verdadeon.com.br\/portal\/2024\/06\/26\/acif-reune-mural-de-empregos-consulta-ao-nome-e-clube-de-beneficios-em-app-gratuito\/","title":{"rendered":"ACIF re\u00fane mural de empregos, consulta ao nome e Clube de Benef\u00edcios em app gratuito"},"content":{"rendered":"<h2>Portal de not\u00edcias, Guia Comercial, hor\u00e1rio do com\u00e9rcio e demais servi\u00e7os da entidade tamb\u00e9m est\u00e3o inclusos<\/h2>\n<p style=\"font-weight: 400;\">A ACIF (Associa\u00e7\u00e3o do Com\u00e9rcio e Ind\u00fastria de Franca) lan\u00e7ou nesta segunda-feira, 24, a divulga\u00e7\u00e3o do aplicativo \u201cACIF Franca\u201d, novidade que re\u00fane em uma s\u00f3 plataforma diversos servi\u00e7os da entidade. Gratuito, o app oferece acesso ao mural de vagas do Empregos ACIF que, atualmente, conta com 80 oportunidades no mercado de trabalho francano; consulta ao nome no Consumidor Positivo; agenda de cursos e eventos; Guia Comercial segmentado por categorias comerciais, como Academias, Vestu\u00e1rio, Bares e Restaurantes e etc.; portal de not\u00edcias sobre o universo empresarial, curiosidades e agenda de eventos da cidade, al\u00e9m da grande novidade: o Clube de Benef\u00edcios da ACIF.<\/p>\n<p style=\"font-weight: 400;\">Projetado para oferecer uma s\u00e9rie de vantagens como descontos em produtos e pacotes de servi\u00e7os, facilita\u00e7\u00f5es especiais na forma de pagamento, brindes e isen\u00e7\u00f5es, a iniciativa chega com o objetivo de fomentar o com\u00e9rcio local e estreitar a intera\u00e7\u00e3o entre comerciantes e clientes na regi\u00e3o.\u00a0 A ades\u00e3o ao Clube de Benef\u00edcios por parte da popula\u00e7\u00e3o \u00e9 muito simples: basta fazer o download gratuito do APP ACIF, verificar as vantagens dispon\u00edveis e apresentar o app no momento da compra, nas empresas escolhidas.<\/p>\n<p style=\"font-weight: 400;\">\u201cO lan\u00e7amento do APP \u2018ACIF Franca\u2019 faz parte do projeto \u2018Rumo aos 80\u2019, iniciado em setembro de 2023 com o objetivo de promover uma s\u00e9rie de a\u00e7\u00f5es e inova\u00e7\u00f5es em celebra\u00e7\u00e3o aos 80 anos da ACIF, que ser\u00e1 celebrado no dia 18 de setembro deste ano\u201d, conta o presidente da ACIF, Fernando Rached Jorge.<\/p>\n<p style=\"font-weight: 400;\">Agendamentos para emiss\u00e3o de Certificado Digital, acesso ao Box de Marketing para download gratuito de pe\u00e7as de divulga\u00e7\u00e3o para campanhas promocionais nas principais datas comerciais do ano e demais servi\u00e7os da entidade tamb\u00e9m est\u00e3o dispon\u00edveis via APP.<\/p>\n<p style=\"font-weight: 400;\"><strong>P\u00fablico Empresarial<\/strong><\/p>\n<p style=\"font-weight: 400;\">O APP \u201cACIF Franca\u201d ainda traz uma s\u00e9rie de facilidades para as empresas usu\u00e1rias, como acesso ao Portal do Associado, visibilidade no Guia Comercial e dentro do pr\u00f3prio Clube de Benef\u00edcios.\u00a0Para as empresas, o clube oferece uma plataforma de exposi\u00e7\u00e3o e engajamento com novos clientes, al\u00e9m de permitir a cria\u00e7\u00e3o de promo\u00e7\u00f5es exclusivas para os membros do clube.<\/p>\n<p style=\"font-weight: 400;\">O APP tamb\u00e9m permite aos associados emitirem a 2\u00aa via de seus boletos e entrar em contato com a entidade, sempre que necess\u00e1rio. O APP \u201cACIF Franca\u201d est\u00e1 dispon\u00edvel para os sistemas Android e iOS.<\/p>\n","protected":false},"excerpt":{"rendered":"<p>Portal de not\u00edcias, Guia Comercial, hor\u00e1rio do com\u00e9rcio e demais servi\u00e7os da entidade tamb\u00e9m est\u00e3o inclusos A ACIF (Associa\u00e7\u00e3o do Com\u00e9rcio e Ind\u00fastria de Franca) lan\u00e7ou<span class=\"excerpt-hellip\"> [\u2026]<\/span><\/p>\n","protected":false},"author":10,"featured_media":46394,"comment_status":"open","ping_status":"open","sticky":false,"template":"","format":"standard","meta":{"_jetpack_memberships_contains_paid_content":false,"footnotes":"","jetpack_publicize_message":"","jetpack_publicize_feature_enabled":true,"jetpack_social_post_already_shared":true,"jetpack_social_options":{"image_generator_settings":{"template":"highway","default_image_id":0,"enabled":false},"version":2}},"categories":[28,44],"tags":[],"class_list":["post-46393","post","type-post","status-publish","format-standard","has-post-thumbnail","hentry","category-cotidiano","category-noticias"],"yoast_head":"<!-- This site is optimized with the Yoast SEO plugin v25.6 - https:\/\/yoast.com\/wordpress\/plugins\/seo\/ -->\n<title>ACIF re\u00fane mural de empregos, consulta ao nome e Clube de Benef\u00edcios em app gratuito - VerdadeOn<\/title>\n<meta name=\"robots\" content=\"index, follow, max-snippet:-1, max-image-preview:large, max-video-preview:-1\" \/>\n<link rel=\"canonical\" href=\"https:\/\/verdadeon.com.br\/portal\/2024\/06\/26\/acif-reune-mural-de-empregos-consulta-ao-nome-e-clube-de-beneficios-em-app-gratuito\/\" \/>\n<meta property=\"og:locale\" content=\"pt_BR\" \/>\n<meta property=\"og:type\" content=\"article\" \/>\n<meta property=\"og:title\" content=\"ACIF re\u00fane mural de empregos, consulta ao nome e Clube de Benef\u00edcios em app gratuito - VerdadeOn\" \/>\n<meta property=\"og:description\" content=\"Portal de not\u00edcias, Guia Comercial, hor\u00e1rio do com\u00e9rcio e demais servi\u00e7os da entidade tamb\u00e9m est\u00e3o inclusos A ACIF (Associa\u00e7\u00e3o do Com\u00e9rcio e Ind\u00fastria de Franca) lan\u00e7ou [\u2026]\" \/>\n<meta property=\"og:url\" content=\"https:\/\/verdadeon.com.br\/portal\/2024\/06\/26\/acif-reune-mural-de-empregos-consulta-ao-nome-e-clube-de-beneficios-em-app-gratuito\/\" \/>\n<meta property=\"og:site_name\" content=\"VerdadeOn\" \/>\n<meta property=\"article:published_time\" content=\"2024-06-26T13:28:49+00:00\" \/>\n<meta property=\"og:image\" content=\"https:\/\/verdadeon.com.br\/portal\/wp-content\/uploads\/2024\/06\/IMG_4295-scaled.jpg\" \/>\n\t<meta property=\"og:image:width\" content=\"2560\" \/>\n\t<meta property=\"og:image:height\" content=\"1715\" \/>\n\t<meta property=\"og:image:type\" content=\"image\/jpeg\" \/>\n<meta name=\"author\" content=\"Redacao VerdadeOn\" \/>\n<meta name=\"twitter:card\" content=\"summary_large_image\" \/>\n<meta name=\"twitter:label1\" content=\"Escrito por\" \/>\n\t<meta name=\"twitter:data1\" content=\"Redacao VerdadeOn\" \/>\n\t<meta name=\"twitter:label2\" content=\"Est. tempo de leitura\" \/>\n\t<meta name=\"twitter:data2\" content=\"3 minutos\" \/>\n<script type=\"application\/ld+json\" class=\"yoast-schema-graph\">{\"@context\":\"https:\/\/schema.org\",\"@graph\":[{\"@type\":\"WebPage\",\"@id\":\"https:\/\/verdadeon.com.br\/portal\/2024\/06\/26\/acif-reune-mural-de-empregos-consulta-ao-nome-e-clube-de-beneficios-em-app-gratuito\/\",\"url\":\"https:\/\/verdadeon.com.br\/portal\/2024\/06\/26\/acif-reune-mural-de-empregos-consulta-ao-nome-e-clube-de-beneficios-em-app-gratuito\/\",\"name\":\"ACIF re\u00fane mural de empregos, consulta ao nome e Clube de Benef\u00edcios em app gratuito - VerdadeOn\",\"isPartOf\":{\"@id\":\"https:\/\/verdadeon.com.br\/portal\/#website\"},\"primaryImageOfPage\":{\"@id\":\"https:\/\/verdadeon.com.br\/portal\/2024\/06\/26\/acif-reune-mural-de-empregos-consulta-ao-nome-e-clube-de-beneficios-em-app-gratuito\/#primaryimage\"},\"image\":{\"@id\":\"https:\/\/verdadeon.com.br\/portal\/2024\/06\/26\/acif-reune-mural-de-empregos-consulta-ao-nome-e-clube-de-beneficios-em-app-gratuito\/#primaryimage\"},\"thumbnailUrl\":\"https:\/\/i0.wp.com\/verdadeon.com.br\/portal\/wp-content\/uploads\/2024\/06\/IMG_4295-scaled.jpg?fit=2560%2C1715&ssl=1\",\"datePublished\":\"2024-06-26T13:28:49+00:00\",\"author\":{\"@id\":\"https:\/\/verdadeon.com.br\/portal\/#\/schema\/person\/a5060ad1e9ea3df545188fc93ce43d2f\"},\"breadcrumb\":{\"@id\":\"https:\/\/verdadeon.com.br\/portal\/2024\/06\/26\/acif-reune-mural-de-empregos-consulta-ao-nome-e-clube-de-beneficios-em-app-gratuito\/#breadcrumb\"},\"inLanguage\":\"pt-BR\",\"potentialAction\":[{\"@type\":\"ReadAction\",\"target\":[\"https:\/\/verdadeon.com.br\/portal\/2024\/06\/26\/acif-reune-mural-de-empregos-consulta-ao-nome-e-clube-de-beneficios-em-app-gratuito\/\"]}]},{\"@type\":\"ImageObject\",\"inLanguage\":\"pt-BR\",\"@id\":\"https:\/\/verdadeon.com.br\/portal\/2024\/06\/26\/acif-reune-mural-de-empregos-consulta-ao-nome-e-clube-de-beneficios-em-app-gratuito\/#primaryimage\",\"url\":\"https:\/\/i0.wp.com\/verdadeon.com.br\/portal\/wp-content\/uploads\/2024\/06\/IMG_4295-scaled.jpg?fit=2560%2C1715&ssl=1\",\"contentUrl\":\"https:\/\/i0.wp.com\/verdadeon.com.br\/portal\/wp-content\/uploads\/2024\/06\/IMG_4295-scaled.jpg?fit=2560%2C1715&ssl=1\",\"width\":2560,\"height\":1715,\"caption\":\"A ACIF acaba de lan\u00e7ar um app completo, que d\u00e1 acesso aos servi\u00e7os da entidade, como mural de vagas de emprego, consulta ao nome e muito mais (\u00a9Divulga\u00e7\u00e3o\/ACIF)\"},{\"@type\":\"BreadcrumbList\",\"@id\":\"https:\/\/verdadeon.com.br\/portal\/2024\/06\/26\/acif-reune-mural-de-empregos-consulta-ao-nome-e-clube-de-beneficios-em-app-gratuito\/#breadcrumb\",\"itemListElement\":[{\"@type\":\"ListItem\",\"position\":1,\"name\":\"In\u00edcio\",\"item\":\"https:\/\/verdadeon.com.br\/portal\/\"},{\"@type\":\"ListItem\",\"position\":2,\"name\":\"ACIF re\u00fane mural de empregos, consulta ao nome e Clube de Benef\u00edcios em app gratuito\"}]},{\"@type\":\"WebSite\",\"@id\":\"https:\/\/verdadeon.com.br\/portal\/#website\",\"url\":\"https:\/\/verdadeon.com.br\/portal\/\",\"name\":\"VerdadeOn\",\"description\":\"Not\u00edcias di\u00e1rias sobre Franca, Regi\u00e3o, Esporte, Cultura, Cotidiano, Colunas. Cobertura nos principais eventos da cidade \u00e9 aqui - Verdadeon Franca\",\"potentialAction\":[{\"@type\":\"SearchAction\",\"target\":{\"@type\":\"EntryPoint\",\"urlTemplate\":\"https:\/\/verdadeon.com.br\/portal\/?s={search_term_string}\"},\"query-input\":{\"@type\":\"PropertyValueSpecification\",\"valueRequired\":true,\"valueName\":\"search_term_string\"}}],\"inLanguage\":\"pt-BR\"},{\"@type\":\"Person\",\"@id\":\"https:\/\/verdadeon.com.br\/portal\/#\/schema\/person\/a5060ad1e9ea3df545188fc93ce43d2f\",\"name\":\"Redacao VerdadeOn\",\"image\":{\"@type\":\"ImageObject\",\"inLanguage\":\"pt-BR\",\"@id\":\"https:\/\/verdadeon.com.br\/portal\/#\/schema\/person\/image\/\",\"url\":\"https:\/\/secure.gravatar.com\/avatar\/459a9613caaaf07f582c3d0841eea68bdd66f533e465e6ba8b9cb45619572cf4?s=96&d=mm&r=g\",\"contentUrl\":\"https:\/\/secure.gravatar.com\/avatar\/459a9613caaaf07f582c3d0841eea68bdd66f533e465e6ba8b9cb45619572cf4?s=96&d=mm&r=g\",\"caption\":\"Redacao VerdadeOn\"},\"url\":\"https:\/\/verdadeon.com.br\/portal\/author\/redacao\/\"}]}<\/script>\n<!-- \/ Yoast SEO plugin. -->","yoast_head_json":{"title":"ACIF re\u00fane mural de empregos, consulta ao nome e Clube de Benef\u00edcios em app gratuito - VerdadeOn","robots":{"index":"index","follow":"follow","max-snippet":"max-snippet:-1","max-image-preview":"max-image-preview:large","max-video-preview":"max-video-preview:-1"},"canonical":"https:\/\/verdadeon.com.br\/portal\/2024\/06\/26\/acif-reune-mural-de-empregos-consulta-ao-nome-e-clube-de-beneficios-em-app-gratuito\/","og_locale":"pt_BR","og_type":"article","og_title":"ACIF re\u00fane mural de empregos, consulta ao nome e Clube de Benef\u00edcios em app gratuito - VerdadeOn","og_description":"Portal de not\u00edcias, Guia Comercial, hor\u00e1rio do com\u00e9rcio e demais servi\u00e7os da entidade tamb\u00e9m est\u00e3o inclusos A ACIF (Associa\u00e7\u00e3o do Com\u00e9rcio e Ind\u00fastria de Franca) lan\u00e7ou [\u2026]","og_url":"https:\/\/verdadeon.com.br\/portal\/2024\/06\/26\/acif-reune-mural-de-empregos-consulta-ao-nome-e-clube-de-beneficios-em-app-gratuito\/","og_site_name":"VerdadeOn","article_published_time":"2024-06-26T13:28:49+00:00","og_image":[{"width":2560,"height":1715,"url":"https:\/\/verdadeon.com.br\/portal\/wp-content\/uploads\/2024\/06\/IMG_4295-scaled.jpg","type":"image\/jpeg"}],"author":"Redacao VerdadeOn","twitter_card":"summary_large_image","twitter_misc":{"Escrito por":"Redacao VerdadeOn","Est. tempo de leitura":"3 minutos"},"schema":{"@context":"https:\/\/schema.org","@graph":[{"@type":"WebPage","@id":"https:\/\/verdadeon.com.br\/portal\/2024\/06\/26\/acif-reune-mural-de-empregos-consulta-ao-nome-e-clube-de-beneficios-em-app-gratuito\/","url":"https:\/\/verdadeon.com.br\/portal\/2024\/06\/26\/acif-reune-mural-de-empregos-consulta-ao-nome-e-clube-de-beneficios-em-app-gratuito\/","name":"ACIF re\u00fane mural de empregos, consulta ao nome e Clube de Benef\u00edcios em app gratuito - VerdadeOn","isPartOf":{"@id":"https:\/\/verdadeon.com.br\/portal\/#website"},"primaryImageOfPage":{"@id":"https:\/\/verdadeon.com.br\/portal\/2024\/06\/26\/acif-reune-mural-de-empregos-consulta-ao-nome-e-clube-de-beneficios-em-app-gratuito\/#primaryimage"},"image":{"@id":"https:\/\/verdadeon.com.br\/portal\/2024\/06\/26\/acif-reune-mural-de-empregos-consulta-ao-nome-e-clube-de-beneficios-em-app-gratuito\/#primaryimage"},"thumbnailUrl":"https:\/\/i0.wp.com\/verdadeon.com.br\/portal\/wp-content\/uploads\/2024\/06\/IMG_4295-scaled.jpg?fit=2560%2C1715&ssl=1","datePublished":"2024-06-26T13:28:49+00:00","author":{"@id":"https:\/\/verdadeon.com.br\/portal\/#\/schema\/person\/a5060ad1e9ea3df545188fc93ce43d2f"},"breadcrumb":{"@id":"https:\/\/verdadeon.com.br\/portal\/2024\/06\/26\/acif-reune-mural-de-empregos-consulta-ao-nome-e-clube-de-beneficios-em-app-gratuito\/#breadcrumb"},"inLanguage":"pt-BR","potentialAction":[{"@type":"ReadAction","target":["https:\/\/verdadeon.com.br\/portal\/2024\/06\/26\/acif-reune-mural-de-empregos-consulta-ao-nome-e-clube-de-beneficios-em-app-gratuito\/"]}]},{"@type":"ImageObject","inLanguage":"pt-BR","@id":"https:\/\/verdadeon.com.br\/portal\/2024\/06\/26\/acif-reune-mural-de-empregos-consulta-ao-nome-e-clube-de-beneficios-em-app-gratuito\/#primaryimage","url":"https:\/\/i0.wp.com\/verdadeon.com.br\/portal\/wp-content\/uploads\/2024\/06\/IMG_4295-scaled.jpg?fit=2560%2C1715&ssl=1","contentUrl":"https:\/\/i0.wp.com\/verdadeon.com.br\/portal\/wp-content\/uploads\/2024\/06\/IMG_4295-scaled.jpg?fit=2560%2C1715&ssl=1","width":2560,"height":1715,"caption":"A ACIF acaba de lan\u00e7ar um app completo, que d\u00e1 acesso aos servi\u00e7os da entidade, como mural de vagas de emprego, consulta ao nome e muito mais (\u00a9Divulga\u00e7\u00e3o\/ACIF)"},{"@type":"BreadcrumbList","@id":"https:\/\/verdadeon.com.br\/portal\/2024\/06\/26\/acif-reune-mural-de-empregos-consulta-ao-nome-e-clube-de-beneficios-em-app-gratuito\/#breadcrumb","itemListElement":[{"@type":"ListItem","position":1,"name":"In\u00edcio","item":"https:\/\/verdadeon.com.br\/portal\/"},{"@type":"ListItem","position":2,"name":"ACIF re\u00fane mural de empregos, consulta ao nome e Clube de Benef\u00edcios em app gratuito"}]},{"@type":"WebSite","@id":"https:\/\/verdadeon.com.br\/portal\/#website","url":"https:\/\/verdadeon.com.br\/portal\/","name":"VerdadeOn","description":"Not\u00edcias di\u00e1rias sobre Franca, Regi\u00e3o, Esporte, Cultura, Cotidiano, Colunas. Cobertura nos principais eventos da cidade \u00e9 aqui - Verdadeon Franca","potentialAction":[{"@type":"SearchAction","target":{"@type":"EntryPoint","urlTemplate":"https:\/\/verdadeon.com.br\/portal\/?s={search_term_string}"},"query-input":{"@type":"PropertyValueSpecification","valueRequired":true,"valueName":"search_term_string"}}],"inLanguage":"pt-BR"},{"@type":"Person","@id":"https:\/\/verdadeon.com.br\/portal\/#\/schema\/person\/a5060ad1e9ea3df545188fc93ce43d2f","name":"Redacao VerdadeOn","image":{"@type":"ImageObject","inLanguage":"pt-BR","@id":"https:\/\/verdadeon.com.br\/portal\/#\/schema\/person\/image\/","url":"https:\/\/secure.gravatar.com\/avatar\/459a9613caaaf07f582c3d0841eea68bdd66f533e465e6ba8b9cb45619572cf4?s=96&d=mm&r=g","contentUrl":"https:\/\/secure.gravatar.com\/avatar\/459a9613caaaf07f582c3d0841eea68bdd66f533e465e6ba8b9cb45619572cf4?s=96&d=mm&r=g","caption":"Redacao VerdadeOn"},"url":"https:\/\/verdadeon.com.br\/portal\/author\/redacao\/"}]}},"jetpack_publicize_connections":[],"jetpack_featured_media_url":"https:\/\/i0.wp.com\/verdadeon.com.br\/portal\/wp-content\/uploads\/2024\/06\/IMG_4295-scaled.jpg?fit=2560%2C1715&ssl=1","jetpack_sharing_enabled":true,"_links":{"self":[{"href":"https:\/\/verdadeon.com.br\/portal\/wp-json\/wp\/v2\/posts\/46393","targetHints":{"allow":["GET"]}}],"collection":[{"href":"https:\/\/verdadeon.com.br\/portal\/wp-json\/wp\/v2\/posts"}],"about":[{"href":"https:\/\/verdadeon.com.br\/portal\/wp-json\/wp\/v2\/types\/post"}],"author":[{"embeddable":true,"href":"https:\/\/verdadeon.com.br\/portal\/wp-json\/wp\/v2\/users\/10"}],"replies":[{"embeddable":true,"href":"https:\/\/verdadeon.com.br\/portal\/wp-json\/wp\/v2\/comments?post=46393"}],"version-history":[{"count":1,"href":"https:\/\/verdadeon.com.br\/portal\/wp-json\/wp\/v2\/posts\/46393\/revisions"}],"predecessor-version":[{"id":46395,"href":"https:\/\/verdadeon.com.br\/portal\/wp-json\/wp\/v2\/posts\/46393\/revisions\/46395"}],"wp:featuredmedia":[{"embeddable":true,"href":"https:\/\/verdadeon.com.br\/portal\/wp-json\/wp\/v2\/media\/46394"}],"wp:attachment":[{"href":"https:\/\/verdadeon.com.br\/portal\/wp-json\/wp\/v2\/media?parent=46393"}],"wp:term":[{"taxonomy":"category","embeddable":true,"href":"https:\/\/verdadeon.com.br\/portal\/wp-json\/wp\/v2\/categories?post=46393"},{"taxonomy":"post_tag","embeddable":true,"href":"https:\/\/verdadeon.com.br\/portal\/wp-json\/wp\/v2\/tags?post=46393"}],"curies":[{"name":"wp","href":"https:\/\/api.w.org\/{rel}","templated":true}]}}