{"id":4625,"date":"2020-03-06T07:30:30","date_gmt":"2020-03-06T10:30:30","guid":{"rendered":"http:\/\/verdadeon.com.br\/portal\/?p=4625"},"modified":"2020-03-05T20:36:50","modified_gmt":"2020-03-05T23:36:50","slug":"cafe-tecnologia","status":"publish","type":"post","link":"https:\/\/verdadeon.com.br\/portal\/2020\/03\/06\/cafe-tecnologia\/","title":{"rendered":"Caf\u00e9 &#038; Tecnologia"},"content":{"rendered":"<h2>Alta Caf\u00e9, feira realiza esta semana, encerrou ontem (5), com R$ 30 milh\u00f5es em neg\u00f3cios concretizados<\/h2>\n<p>&nbsp;<\/p>\n<p>Reportagem Daniel Afonso<\/p>\n<p>A 1\u00aa Feira de Neg\u00f3cios e Tecnologia da Alta Mogiana \u2013 Alta Caf\u00e9 encerrou ontem (5) se consolidando como um dos maiores eventos que Franca e regi\u00e3o j\u00e1 presenciou em tecnologia e inova\u00e7\u00e3o na produ\u00e7\u00e3o cafeeira.<br \/>\nDe acordo com os organizadores, estima-se que R$ 30 milh\u00f5es foram negociados pelos 89 expositores nos tr\u00eas dias de evento. A feira foi uma realiza\u00e7\u00e3o do Sindicato Rural de Franca e da Aeagro (Associa\u00e7\u00e3o dos Empreendedores do Agroneg\u00f3cio de Franca e regi\u00e3o), que j\u00e1 confirmaram a segunda edi\u00e7\u00e3o em 2021.<br \/>\nMais que uma oportunidade de neg\u00f3cios para os cafeicultores, a Alta Caf\u00e9 apresentou os \u00faltimos equipamentos agr\u00edcolas do mercado, com estandes de empresas renomadas de todo o Pa\u00eds. O evento movimentou o setor trazendo inova\u00e7\u00f5es em m\u00e1quinas e implementos, novidades em sistemas de irriga\u00e7\u00e3o, motores e bombas, tecnologia para agricultura de precis\u00e3o (drones, app e rob\u00f4s), agroqu\u00edmicos e agrobiol\u00f3gicos, tecnologia em energia e ve\u00edculos automotores.<br \/>\nAvalia\u00e7\u00e3o<br \/>\nQue a feira foi um sucesso, tanto os organizadores, participantes e p\u00fablico em geral, avaliaram que realmente movimentou o agroneg\u00f3cio da regi\u00e3o da Alta Mogiana. Para o presidente do sindicato, Jos\u00e9 Henrique Mendon\u00e7a, apenas no primeiro dia a feira superou o esperado para os tr\u00eas dias. \u201cEstamos muito felizes, pois no primeiro dia alcan\u00e7amos o movimento que imagin\u00e1vamos para toda a feira. Ultrapassou a nossa expectativa tanto em neg\u00f3cios como em p\u00fablico\u201d, declarou. Com este resultado positivo, disse ainda que muitas empresas j\u00e1 entraram em contato para participar da pr\u00f3xima edi\u00e7\u00e3o que ser\u00e1 lan\u00e7ada em breve.<br \/>\nUm dos expositores, o gerente comercial, Leandro Jesus, disse que se surpreendeu com o resultado da feira: \u201co primeiro dia de feira foi excelente. Al\u00e9m das vendas fechadas, muitos or\u00e7amentos foram feitos e as negocia\u00e7\u00f5es est\u00e3o em andamento. E n\u00e3o \u00e9 s\u00f3 em maquin\u00e1rios, tamb\u00e9m negociamos solu\u00e7\u00f5es para agricultura de precis\u00e3o e servi\u00e7os\u201d.<\/p>\n<p>Workshop<br \/>\nAl\u00e9m de tecnologia, a Alta Caf\u00e9 levou mais know-how para seu p\u00fablico. E isso fez a diferen\u00e7a. O tema central do workshop foi \u201cTecnologia e Inova\u00e7\u00e3o na Produ\u00e7\u00e3o Cafeeira\u201d. Foram tr\u00eas dias de conhecimento, com assuntos de tecnologias para cafeicultura sustent\u00e1vel de alta produtividade, o uso de oz\u00f4nio no cultivo de caf\u00e9, agricultura digital, manejo monitorado e irriga\u00e7\u00e3o e clones de cafeeiros.<br \/>\nNa ocasi\u00e3o, os participantes ainda tiveram um perfil do profissional de agronomia atual e a organiza\u00e7\u00e3o dos pa\u00edses produtores de caf\u00e9.<br \/>\nA economista Celina Ramalho foi uma das palestrantes e ressaltou a import\u00e2ncia de associar pr\u00e1tica e teoria durante a feira. \u201c\u00c9 importante ter a ci\u00eancia para bem utilizar os equipamentos. O produtor busca esse conhecimento\u201d, disse.<br \/>\nO evento realizado no Villa Eventos, teve a sua abertura na \u00faltima segunda-feira (2), contando com a presen\u00e7a de v\u00e1rias autoridades, dentre elas, o secret\u00e1rio de Agricultura e Abastecimento do Estado de S\u00e3o Paulo, Gustavo Junqueira.<\/p>\n","protected":false},"excerpt":{"rendered":"<p>Alta Caf\u00e9, feira realiza esta semana, encerrou ontem (5), com R$ 30 milh\u00f5es em neg\u00f3cios concretizados &nbsp; Reportagem Daniel Afonso A 1\u00aa Feira de Neg\u00f3cios e<span class=\"excerpt-hellip\"> [\u2026]<\/span><\/p>\n","protected":false},"author":10,"featured_media":4632,"comment_status":"open","ping_status":"open","sticky":false,"template":"","format":"standard","meta":{"_jetpack_memberships_contains_paid_content":false,"footnotes":"","jetpack_publicize_message":"","jetpack_publicize_feature_enabled":true,"jetpack_social_post_already_shared":false,"jetpack_social_options":{"image_generator_settings":{"template":"highway","default_image_id":0,"enabled":false},"version":2}},"categories":[28,44],"tags":[],"class_list":["post-4625","post","type-post","status-publish","format-standard","has-post-thumbnail","hentry","category-cotidiano","category-noticias"],"yoast_head":"<!-- This site is optimized with the Yoast SEO plugin v25.6 - https:\/\/yoast.com\/wordpress\/plugins\/seo\/ -->\n<title>Caf\u00e9 &amp; Tecnologia - VerdadeOn<\/title>\n<meta name=\"robots\" content=\"index, follow, max-snippet:-1, max-image-preview:large, max-video-preview:-1\" \/>\n<link rel=\"canonical\" href=\"https:\/\/verdadeon.com.br\/portal\/2020\/03\/06\/cafe-tecnologia\/\" \/>\n<meta property=\"og:locale\" content=\"pt_BR\" \/>\n<meta property=\"og:type\" content=\"article\" \/>\n<meta property=\"og:title\" content=\"Caf\u00e9 &amp; Tecnologia - VerdadeOn\" \/>\n<meta property=\"og:description\" content=\"Alta Caf\u00e9, feira realiza esta semana, encerrou ontem (5), com R$ 30 milh\u00f5es em neg\u00f3cios concretizados &nbsp; Reportagem Daniel Afonso A 1\u00aa Feira de Neg\u00f3cios e [\u2026]\" \/>\n<meta property=\"og:url\" content=\"https:\/\/verdadeon.com.br\/portal\/2020\/03\/06\/cafe-tecnologia\/\" \/>\n<meta property=\"og:site_name\" content=\"VerdadeOn\" \/>\n<meta property=\"article:published_time\" content=\"2020-03-06T10:30:30+00:00\" \/>\n<meta property=\"og:image\" content=\"https:\/\/verdadeon.com.br\/portal\/wp-content\/uploads\/2020\/03\/DSC9417.jpg\" \/>\n\t<meta property=\"og:image:width\" content=\"1000\" \/>\n\t<meta property=\"og:image:height\" content=\"670\" \/>\n\t<meta property=\"og:image:type\" content=\"image\/jpeg\" \/>\n<meta name=\"author\" content=\"Redacao VerdadeOn\" \/>\n<meta name=\"twitter:card\" content=\"summary_large_image\" \/>\n<meta name=\"twitter:label1\" content=\"Escrito por\" \/>\n\t<meta name=\"twitter:data1\" content=\"Redacao VerdadeOn\" \/>\n\t<meta name=\"twitter:label2\" content=\"Est. tempo de leitura\" \/>\n\t<meta name=\"twitter:data2\" content=\"3 minutos\" \/>\n<script type=\"application\/ld+json\" class=\"yoast-schema-graph\">{\"@context\":\"https:\/\/schema.org\",\"@graph\":[{\"@type\":\"WebPage\",\"@id\":\"https:\/\/verdadeon.com.br\/portal\/2020\/03\/06\/cafe-tecnologia\/\",\"url\":\"https:\/\/verdadeon.com.br\/portal\/2020\/03\/06\/cafe-tecnologia\/\",\"name\":\"Caf\u00e9 & Tecnologia - VerdadeOn\",\"isPartOf\":{\"@id\":\"https:\/\/verdadeon.com.br\/portal\/#website\"},\"primaryImageOfPage\":{\"@id\":\"https:\/\/verdadeon.com.br\/portal\/2020\/03\/06\/cafe-tecnologia\/#primaryimage\"},\"image\":{\"@id\":\"https:\/\/verdadeon.com.br\/portal\/2020\/03\/06\/cafe-tecnologia\/#primaryimage\"},\"thumbnailUrl\":\"https:\/\/i0.wp.com\/verdadeon.com.br\/portal\/wp-content\/uploads\/2020\/03\/DSC9417.jpg?fit=1000%2C670&ssl=1\",\"datePublished\":\"2020-03-06T10:30:30+00:00\",\"author\":{\"@id\":\"https:\/\/verdadeon.com.br\/portal\/#\/schema\/person\/a5060ad1e9ea3df545188fc93ce43d2f\"},\"breadcrumb\":{\"@id\":\"https:\/\/verdadeon.com.br\/portal\/2020\/03\/06\/cafe-tecnologia\/#breadcrumb\"},\"inLanguage\":\"pt-BR\",\"potentialAction\":[{\"@type\":\"ReadAction\",\"target\":[\"https:\/\/verdadeon.com.br\/portal\/2020\/03\/06\/cafe-tecnologia\/\"]}]},{\"@type\":\"ImageObject\",\"inLanguage\":\"pt-BR\",\"@id\":\"https:\/\/verdadeon.com.br\/portal\/2020\/03\/06\/cafe-tecnologia\/#primaryimage\",\"url\":\"https:\/\/i0.wp.com\/verdadeon.com.br\/portal\/wp-content\/uploads\/2020\/03\/DSC9417.jpg?fit=1000%2C670&ssl=1\",\"contentUrl\":\"https:\/\/i0.wp.com\/verdadeon.com.br\/portal\/wp-content\/uploads\/2020\/03\/DSC9417.jpg?fit=1000%2C670&ssl=1\",\"width\":1000,\"height\":670,\"caption\":\"movimento - Feira movimentou o setor do caf\u00e9 na regi\u00e3o da Alta Mogiana. Cerca de 89 estandes marcaram presen\u00e7a nesta edi\u00e7\u00e3o. Organiza\u00e7\u00e3o j\u00e1 confirmou a pr\u00f3xima Alta Caf\u00e9 em 2021 | Foto: Divulga\u00e7\u00e3o\"},{\"@type\":\"BreadcrumbList\",\"@id\":\"https:\/\/verdadeon.com.br\/portal\/2020\/03\/06\/cafe-tecnologia\/#breadcrumb\",\"itemListElement\":[{\"@type\":\"ListItem\",\"position\":1,\"name\":\"In\u00edcio\",\"item\":\"https:\/\/verdadeon.com.br\/portal\/\"},{\"@type\":\"ListItem\",\"position\":2,\"name\":\"Caf\u00e9 &#038; Tecnologia\"}]},{\"@type\":\"WebSite\",\"@id\":\"https:\/\/verdadeon.com.br\/portal\/#website\",\"url\":\"https:\/\/verdadeon.com.br\/portal\/\",\"name\":\"VerdadeOn\",\"description\":\"Not\u00edcias di\u00e1rias sobre Franca, Regi\u00e3o, Esporte, Cultura, Cotidiano, Colunas. Cobertura nos principais eventos da cidade \u00e9 aqui - Verdadeon Franca\",\"potentialAction\":[{\"@type\":\"SearchAction\",\"target\":{\"@type\":\"EntryPoint\",\"urlTemplate\":\"https:\/\/verdadeon.com.br\/portal\/?s={search_term_string}\"},\"query-input\":{\"@type\":\"PropertyValueSpecification\",\"valueRequired\":true,\"valueName\":\"search_term_string\"}}],\"inLanguage\":\"pt-BR\"},{\"@type\":\"Person\",\"@id\":\"https:\/\/verdadeon.com.br\/portal\/#\/schema\/person\/a5060ad1e9ea3df545188fc93ce43d2f\",\"name\":\"Redacao VerdadeOn\",\"image\":{\"@type\":\"ImageObject\",\"inLanguage\":\"pt-BR\",\"@id\":\"https:\/\/verdadeon.com.br\/portal\/#\/schema\/person\/image\/\",\"url\":\"https:\/\/secure.gravatar.com\/avatar\/459a9613caaaf07f582c3d0841eea68bdd66f533e465e6ba8b9cb45619572cf4?s=96&d=mm&r=g\",\"contentUrl\":\"https:\/\/secure.gravatar.com\/avatar\/459a9613caaaf07f582c3d0841eea68bdd66f533e465e6ba8b9cb45619572cf4?s=96&d=mm&r=g\",\"caption\":\"Redacao VerdadeOn\"},\"url\":\"https:\/\/verdadeon.com.br\/portal\/author\/redacao\/\"}]}<\/script>\n<!-- \/ Yoast SEO plugin. -->","yoast_head_json":{"title":"Caf\u00e9 & Tecnologia - VerdadeOn","robots":{"index":"index","follow":"follow","max-snippet":"max-snippet:-1","max-image-preview":"max-image-preview:large","max-video-preview":"max-video-preview:-1"},"canonical":"https:\/\/verdadeon.com.br\/portal\/2020\/03\/06\/cafe-tecnologia\/","og_locale":"pt_BR","og_type":"article","og_title":"Caf\u00e9 & Tecnologia - VerdadeOn","og_description":"Alta Caf\u00e9, feira realiza esta semana, encerrou ontem (5), com R$ 30 milh\u00f5es em neg\u00f3cios concretizados &nbsp; Reportagem Daniel Afonso A 1\u00aa Feira de Neg\u00f3cios e [\u2026]","og_url":"https:\/\/verdadeon.com.br\/portal\/2020\/03\/06\/cafe-tecnologia\/","og_site_name":"VerdadeOn","article_published_time":"2020-03-06T10:30:30+00:00","og_image":[{"width":1000,"height":670,"url":"https:\/\/verdadeon.com.br\/portal\/wp-content\/uploads\/2020\/03\/DSC9417.jpg","type":"image\/jpeg"}],"author":"Redacao VerdadeOn","twitter_card":"summary_large_image","twitter_misc":{"Escrito por":"Redacao VerdadeOn","Est. tempo de leitura":"3 minutos"},"schema":{"@context":"https:\/\/schema.org","@graph":[{"@type":"WebPage","@id":"https:\/\/verdadeon.com.br\/portal\/2020\/03\/06\/cafe-tecnologia\/","url":"https:\/\/verdadeon.com.br\/portal\/2020\/03\/06\/cafe-tecnologia\/","name":"Caf\u00e9 & Tecnologia - VerdadeOn","isPartOf":{"@id":"https:\/\/verdadeon.com.br\/portal\/#website"},"primaryImageOfPage":{"@id":"https:\/\/verdadeon.com.br\/portal\/2020\/03\/06\/cafe-tecnologia\/#primaryimage"},"image":{"@id":"https:\/\/verdadeon.com.br\/portal\/2020\/03\/06\/cafe-tecnologia\/#primaryimage"},"thumbnailUrl":"https:\/\/i0.wp.com\/verdadeon.com.br\/portal\/wp-content\/uploads\/2020\/03\/DSC9417.jpg?fit=1000%2C670&ssl=1","datePublished":"2020-03-06T10:30:30+00:00","author":{"@id":"https:\/\/verdadeon.com.br\/portal\/#\/schema\/person\/a5060ad1e9ea3df545188fc93ce43d2f"},"breadcrumb":{"@id":"https:\/\/verdadeon.com.br\/portal\/2020\/03\/06\/cafe-tecnologia\/#breadcrumb"},"inLanguage":"pt-BR","potentialAction":[{"@type":"ReadAction","target":["https:\/\/verdadeon.com.br\/portal\/2020\/03\/06\/cafe-tecnologia\/"]}]},{"@type":"ImageObject","inLanguage":"pt-BR","@id":"https:\/\/verdadeon.com.br\/portal\/2020\/03\/06\/cafe-tecnologia\/#primaryimage","url":"https:\/\/i0.wp.com\/verdadeon.com.br\/portal\/wp-content\/uploads\/2020\/03\/DSC9417.jpg?fit=1000%2C670&ssl=1","contentUrl":"https:\/\/i0.wp.com\/verdadeon.com.br\/portal\/wp-content\/uploads\/2020\/03\/DSC9417.jpg?fit=1000%2C670&ssl=1","width":1000,"height":670,"caption":"movimento - Feira movimentou o setor do caf\u00e9 na regi\u00e3o da Alta Mogiana. Cerca de 89 estandes marcaram presen\u00e7a nesta edi\u00e7\u00e3o. Organiza\u00e7\u00e3o j\u00e1 confirmou a pr\u00f3xima Alta Caf\u00e9 em 2021 | Foto: Divulga\u00e7\u00e3o"},{"@type":"BreadcrumbList","@id":"https:\/\/verdadeon.com.br\/portal\/2020\/03\/06\/cafe-tecnologia\/#breadcrumb","itemListElement":[{"@type":"ListItem","position":1,"name":"In\u00edcio","item":"https:\/\/verdadeon.com.br\/portal\/"},{"@type":"ListItem","position":2,"name":"Caf\u00e9 &#038; Tecnologia"}]},{"@type":"WebSite","@id":"https:\/\/verdadeon.com.br\/portal\/#website","url":"https:\/\/verdadeon.com.br\/portal\/","name":"VerdadeOn","description":"Not\u00edcias di\u00e1rias sobre Franca, Regi\u00e3o, Esporte, Cultura, Cotidiano, Colunas. Cobertura nos principais eventos da cidade \u00e9 aqui - Verdadeon Franca","potentialAction":[{"@type":"SearchAction","target":{"@type":"EntryPoint","urlTemplate":"https:\/\/verdadeon.com.br\/portal\/?s={search_term_string}"},"query-input":{"@type":"PropertyValueSpecification","valueRequired":true,"valueName":"search_term_string"}}],"inLanguage":"pt-BR"},{"@type":"Person","@id":"https:\/\/verdadeon.com.br\/portal\/#\/schema\/person\/a5060ad1e9ea3df545188fc93ce43d2f","name":"Redacao VerdadeOn","image":{"@type":"ImageObject","inLanguage":"pt-BR","@id":"https:\/\/verdadeon.com.br\/portal\/#\/schema\/person\/image\/","url":"https:\/\/secure.gravatar.com\/avatar\/459a9613caaaf07f582c3d0841eea68bdd66f533e465e6ba8b9cb45619572cf4?s=96&d=mm&r=g","contentUrl":"https:\/\/secure.gravatar.com\/avatar\/459a9613caaaf07f582c3d0841eea68bdd66f533e465e6ba8b9cb45619572cf4?s=96&d=mm&r=g","caption":"Redacao VerdadeOn"},"url":"https:\/\/verdadeon.com.br\/portal\/author\/redacao\/"}]}},"jetpack_publicize_connections":[],"jetpack_featured_media_url":"https:\/\/i0.wp.com\/verdadeon.com.br\/portal\/wp-content\/uploads\/2020\/03\/DSC9417.jpg?fit=1000%2C670&ssl=1","jetpack_sharing_enabled":true,"_links":{"self":[{"href":"https:\/\/verdadeon.com.br\/portal\/wp-json\/wp\/v2\/posts\/4625","targetHints":{"allow":["GET"]}}],"collection":[{"href":"https:\/\/verdadeon.com.br\/portal\/wp-json\/wp\/v2\/posts"}],"about":[{"href":"https:\/\/verdadeon.com.br\/portal\/wp-json\/wp\/v2\/types\/post"}],"author":[{"embeddable":true,"href":"https:\/\/verdadeon.com.br\/portal\/wp-json\/wp\/v2\/users\/10"}],"replies":[{"embeddable":true,"href":"https:\/\/verdadeon.com.br\/portal\/wp-json\/wp\/v2\/comments?post=4625"}],"version-history":[{"count":0,"href":"https:\/\/verdadeon.com.br\/portal\/wp-json\/wp\/v2\/posts\/4625\/revisions"}],"wp:featuredmedia":[{"embeddable":true,"href":"https:\/\/verdadeon.com.br\/portal\/wp-json\/wp\/v2\/media\/4632"}],"wp:attachment":[{"href":"https:\/\/verdadeon.com.br\/portal\/wp-json\/wp\/v2\/media?parent=4625"}],"wp:term":[{"taxonomy":"category","embeddable":true,"href":"https:\/\/verdadeon.com.br\/portal\/wp-json\/wp\/v2\/categories?post=4625"},{"taxonomy":"post_tag","embeddable":true,"href":"https:\/\/verdadeon.com.br\/portal\/wp-json\/wp\/v2\/tags?post=4625"}],"curies":[{"name":"wp","href":"https:\/\/api.w.org\/{rel}","templated":true}]}}