{"id":46189,"date":"2024-06-20T12:57:16","date_gmt":"2024-06-20T15:57:16","guid":{"rendered":"https:\/\/verdadeon.com.br\/portal\/?p=46189"},"modified":"2024-06-20T12:57:16","modified_gmt":"2024-06-20T15:57:16","slug":"protocolo-nao-se-cale-procon-sp-faz-palestra-sobre-protecao-as-mulheres","status":"publish","type":"post","link":"https:\/\/verdadeon.com.br\/portal\/2024\/06\/20\/protocolo-nao-se-cale-procon-sp-faz-palestra-sobre-protecao-as-mulheres\/","title":{"rendered":"Protocolo N\u00e3o se Cale: Procon-SP faz palestra sobre prote\u00e7\u00e3o \u00e0s mulheres"},"content":{"rendered":"<h2>Procon-SP oferece mais uma palestra com orienta\u00e7\u00f5es sobre a nova legisla\u00e7\u00e3o de enfrentamento \u00e0 viol\u00eancia contra a mulher<\/h2>\n<p>O Procon-SP oferece no pr\u00f3ximo dia 25 de junho uma nova apresenta\u00e7\u00e3o sobre o Protocolo N\u00e3o se Cale, pol\u00edtica p\u00fablica adotada pelo Governo de S\u00e3o Paulo para combater a viol\u00eancia contra a mulher em bares, baladas, restaurantes, casas de espet\u00e1culos e estabelecimentos similares.<\/p>\n<p>A palestra n\u00e3o substitui o curso de capacita\u00e7\u00e3o obrigat\u00f3rio estabelecido nas leis estaduais 17.621\/23 e 17.635\/23 e oferecido pela Secretaria de Pol\u00edticas para a Mulher do Estado de S\u00e3o Paulo. A iniciativa detalha o Protocolo e refor\u00e7a a import\u00e2ncia dos estabelecimentos estarem adequados \u00e0 legisla\u00e7\u00e3o.<\/p>\n<p>A apresenta\u00e7\u00e3o, que ser\u00e1 transmitida via plataforma Teams, \u00e9 voltada para profissionais que atuam no ramo e dar\u00e1 informa\u00e7\u00f5es sobre a nova legisla\u00e7\u00e3o, seus objetivos e diretrizes.<\/p>\n<p><a href=\"https:\/\/www.saopaulo.sp.gov.br\/spnoticias\/ultimas-noticias\/procon-sp-autua-68-estabelecimentos-na-primeira-fiscalizacao-do-protocolo-nao-se-cale\/\" target=\"_blank\" rel=\"noopener noreferrer\">O Procon-SP atua na fiscaliza\u00e7\u00e3o do cumprimento do Protocolo N\u00e3o se Cale,<\/a>\u00a0verificando a presen\u00e7a dos cartazes obrigat\u00f3rios que sinalizam que o estabelecimento est\u00e1 preparado para atender situa\u00e7\u00f5es de amea\u00e7a. A presen\u00e7a de funcion\u00e1rios capacitados no curso espec\u00edfico oferecido pela Secretaria de Pol\u00edticas para a Mulher e que o habilita a identificar e prestar aux\u00edlio para mulheres em situa\u00e7\u00e3o de risco ainda recebe apenas orienta\u00e7\u00e3o, j\u00e1 que a adequa\u00e7\u00e3o ainda est\u00e1 dentro do novo prazo concedido para o treinamento.<\/p>\n<h4>N\u00e3o se Cale faz parte do Movimento SP por Todas<\/h4>\n<p>A a\u00e7\u00e3o integra o movimento S\u00e3o Paulo por Todas, promovido pelo Governo de SP para ampliar a visibilidade das pol\u00edticas p\u00fablicas do estado para mulheres, bem como a rede de prote\u00e7\u00e3o, acolhimento e autonomia profissional e financeira para elas.<\/p>\n<p>SP Not\u00edcias<\/p>\n","protected":false},"excerpt":{"rendered":"<p>Procon-SP oferece mais uma palestra com orienta\u00e7\u00f5es sobre a nova legisla\u00e7\u00e3o de enfrentamento \u00e0 viol\u00eancia contra a mulher O Procon-SP oferece no pr\u00f3ximo dia 25 de<span class=\"excerpt-hellip\"> [\u2026]<\/span><\/p>\n","protected":false},"author":10,"featured_media":46191,"comment_status":"open","ping_status":"open","sticky":false,"template":"","format":"standard","meta":{"_jetpack_memberships_contains_paid_content":false,"footnotes":"","jetpack_publicize_message":"","jetpack_publicize_feature_enabled":true,"jetpack_social_post_already_shared":true,"jetpack_social_options":{"image_generator_settings":{"template":"highway","default_image_id":0,"enabled":false},"version":2}},"categories":[28,44],"tags":[],"class_list":["post-46189","post","type-post","status-publish","format-standard","has-post-thumbnail","hentry","category-cotidiano","category-noticias"],"yoast_head":"<!-- This site is optimized with the Yoast SEO plugin v25.6 - https:\/\/yoast.com\/wordpress\/plugins\/seo\/ -->\n<title>Protocolo N\u00e3o se Cale: Procon-SP faz palestra sobre prote\u00e7\u00e3o \u00e0s mulheres - VerdadeOn<\/title>\n<meta name=\"robots\" content=\"index, follow, max-snippet:-1, max-image-preview:large, max-video-preview:-1\" \/>\n<link rel=\"canonical\" href=\"https:\/\/verdadeon.com.br\/portal\/2024\/06\/20\/protocolo-nao-se-cale-procon-sp-faz-palestra-sobre-protecao-as-mulheres\/\" \/>\n<meta property=\"og:locale\" content=\"pt_BR\" \/>\n<meta property=\"og:type\" content=\"article\" \/>\n<meta property=\"og:title\" content=\"Protocolo N\u00e3o se Cale: Procon-SP faz palestra sobre prote\u00e7\u00e3o \u00e0s mulheres - VerdadeOn\" \/>\n<meta property=\"og:description\" content=\"Procon-SP oferece mais uma palestra com orienta\u00e7\u00f5es sobre a nova legisla\u00e7\u00e3o de enfrentamento \u00e0 viol\u00eancia contra a mulher O Procon-SP oferece no pr\u00f3ximo dia 25 de [\u2026]\" \/>\n<meta property=\"og:url\" content=\"https:\/\/verdadeon.com.br\/portal\/2024\/06\/20\/protocolo-nao-se-cale-procon-sp-faz-palestra-sobre-protecao-as-mulheres\/\" \/>\n<meta property=\"og:site_name\" content=\"VerdadeOn\" \/>\n<meta property=\"article:published_time\" content=\"2024-06-20T15:57:16+00:00\" \/>\n<meta property=\"og:image\" content=\"https:\/\/verdadeon.com.br\/portal\/wp-content\/uploads\/2024\/06\/Fiscalizacao-do-protocolo-nao-se-cale-procon.jpeg\" \/>\n\t<meta property=\"og:image:width\" content=\"1440\" \/>\n\t<meta property=\"og:image:height\" content=\"960\" \/>\n\t<meta property=\"og:image:type\" content=\"image\/jpeg\" \/>\n<meta name=\"author\" content=\"Redacao VerdadeOn\" \/>\n<meta name=\"twitter:card\" content=\"summary_large_image\" \/>\n<meta name=\"twitter:label1\" content=\"Escrito por\" \/>\n\t<meta name=\"twitter:data1\" content=\"Redacao VerdadeOn\" \/>\n\t<meta name=\"twitter:label2\" content=\"Est. tempo de leitura\" \/>\n\t<meta name=\"twitter:data2\" content=\"2 minutos\" \/>\n<script type=\"application\/ld+json\" class=\"yoast-schema-graph\">{\"@context\":\"https:\/\/schema.org\",\"@graph\":[{\"@type\":\"WebPage\",\"@id\":\"https:\/\/verdadeon.com.br\/portal\/2024\/06\/20\/protocolo-nao-se-cale-procon-sp-faz-palestra-sobre-protecao-as-mulheres\/\",\"url\":\"https:\/\/verdadeon.com.br\/portal\/2024\/06\/20\/protocolo-nao-se-cale-procon-sp-faz-palestra-sobre-protecao-as-mulheres\/\",\"name\":\"Protocolo N\u00e3o se Cale: Procon-SP faz palestra sobre prote\u00e7\u00e3o \u00e0s mulheres - VerdadeOn\",\"isPartOf\":{\"@id\":\"https:\/\/verdadeon.com.br\/portal\/#website\"},\"primaryImageOfPage\":{\"@id\":\"https:\/\/verdadeon.com.br\/portal\/2024\/06\/20\/protocolo-nao-se-cale-procon-sp-faz-palestra-sobre-protecao-as-mulheres\/#primaryimage\"},\"image\":{\"@id\":\"https:\/\/verdadeon.com.br\/portal\/2024\/06\/20\/protocolo-nao-se-cale-procon-sp-faz-palestra-sobre-protecao-as-mulheres\/#primaryimage\"},\"thumbnailUrl\":\"https:\/\/i0.wp.com\/verdadeon.com.br\/portal\/wp-content\/uploads\/2024\/06\/Fiscalizacao-do-protocolo-nao-se-cale-procon.jpeg?fit=1440%2C960&ssl=1\",\"datePublished\":\"2024-06-20T15:57:16+00:00\",\"author\":{\"@id\":\"https:\/\/verdadeon.com.br\/portal\/#\/schema\/person\/a5060ad1e9ea3df545188fc93ce43d2f\"},\"breadcrumb\":{\"@id\":\"https:\/\/verdadeon.com.br\/portal\/2024\/06\/20\/protocolo-nao-se-cale-procon-sp-faz-palestra-sobre-protecao-as-mulheres\/#breadcrumb\"},\"inLanguage\":\"pt-BR\",\"potentialAction\":[{\"@type\":\"ReadAction\",\"target\":[\"https:\/\/verdadeon.com.br\/portal\/2024\/06\/20\/protocolo-nao-se-cale-procon-sp-faz-palestra-sobre-protecao-as-mulheres\/\"]}]},{\"@type\":\"ImageObject\",\"inLanguage\":\"pt-BR\",\"@id\":\"https:\/\/verdadeon.com.br\/portal\/2024\/06\/20\/protocolo-nao-se-cale-procon-sp-faz-palestra-sobre-protecao-as-mulheres\/#primaryimage\",\"url\":\"https:\/\/i0.wp.com\/verdadeon.com.br\/portal\/wp-content\/uploads\/2024\/06\/Fiscalizacao-do-protocolo-nao-se-cale-procon.jpeg?fit=1440%2C960&ssl=1\",\"contentUrl\":\"https:\/\/i0.wp.com\/verdadeon.com.br\/portal\/wp-content\/uploads\/2024\/06\/Fiscalizacao-do-protocolo-nao-se-cale-procon.jpeg?fit=1440%2C960&ssl=1\",\"width\":1440,\"height\":960,\"caption\":\"O Procon-SP atua na fiscaliza\u00e7\u00e3o do cumprimento do Protocolo N\u00e3o se Cale verificando a presen\u00e7a dos cartazes obrigat\u00f3rios (\u00a9SP Not\u00edcias)\"},{\"@type\":\"BreadcrumbList\",\"@id\":\"https:\/\/verdadeon.com.br\/portal\/2024\/06\/20\/protocolo-nao-se-cale-procon-sp-faz-palestra-sobre-protecao-as-mulheres\/#breadcrumb\",\"itemListElement\":[{\"@type\":\"ListItem\",\"position\":1,\"name\":\"In\u00edcio\",\"item\":\"https:\/\/verdadeon.com.br\/portal\/\"},{\"@type\":\"ListItem\",\"position\":2,\"name\":\"Protocolo N\u00e3o se Cale: Procon-SP faz palestra sobre prote\u00e7\u00e3o \u00e0s mulheres\"}]},{\"@type\":\"WebSite\",\"@id\":\"https:\/\/verdadeon.com.br\/portal\/#website\",\"url\":\"https:\/\/verdadeon.com.br\/portal\/\",\"name\":\"VerdadeOn\",\"description\":\"Not\u00edcias di\u00e1rias sobre Franca, Regi\u00e3o, Esporte, Cultura, Cotidiano, Colunas. Cobertura nos principais eventos da cidade \u00e9 aqui - Verdadeon Franca\",\"potentialAction\":[{\"@type\":\"SearchAction\",\"target\":{\"@type\":\"EntryPoint\",\"urlTemplate\":\"https:\/\/verdadeon.com.br\/portal\/?s={search_term_string}\"},\"query-input\":{\"@type\":\"PropertyValueSpecification\",\"valueRequired\":true,\"valueName\":\"search_term_string\"}}],\"inLanguage\":\"pt-BR\"},{\"@type\":\"Person\",\"@id\":\"https:\/\/verdadeon.com.br\/portal\/#\/schema\/person\/a5060ad1e9ea3df545188fc93ce43d2f\",\"name\":\"Redacao VerdadeOn\",\"image\":{\"@type\":\"ImageObject\",\"inLanguage\":\"pt-BR\",\"@id\":\"https:\/\/verdadeon.com.br\/portal\/#\/schema\/person\/image\/\",\"url\":\"https:\/\/secure.gravatar.com\/avatar\/459a9613caaaf07f582c3d0841eea68bdd66f533e465e6ba8b9cb45619572cf4?s=96&d=mm&r=g\",\"contentUrl\":\"https:\/\/secure.gravatar.com\/avatar\/459a9613caaaf07f582c3d0841eea68bdd66f533e465e6ba8b9cb45619572cf4?s=96&d=mm&r=g\",\"caption\":\"Redacao VerdadeOn\"},\"url\":\"https:\/\/verdadeon.com.br\/portal\/author\/redacao\/\"}]}<\/script>\n<!-- \/ Yoast SEO plugin. -->","yoast_head_json":{"title":"Protocolo N\u00e3o se Cale: Procon-SP faz palestra sobre prote\u00e7\u00e3o \u00e0s mulheres - VerdadeOn","robots":{"index":"index","follow":"follow","max-snippet":"max-snippet:-1","max-image-preview":"max-image-preview:large","max-video-preview":"max-video-preview:-1"},"canonical":"https:\/\/verdadeon.com.br\/portal\/2024\/06\/20\/protocolo-nao-se-cale-procon-sp-faz-palestra-sobre-protecao-as-mulheres\/","og_locale":"pt_BR","og_type":"article","og_title":"Protocolo N\u00e3o se Cale: Procon-SP faz palestra sobre prote\u00e7\u00e3o \u00e0s mulheres - VerdadeOn","og_description":"Procon-SP oferece mais uma palestra com orienta\u00e7\u00f5es sobre a nova legisla\u00e7\u00e3o de enfrentamento \u00e0 viol\u00eancia contra a mulher O Procon-SP oferece no pr\u00f3ximo dia 25 de [\u2026]","og_url":"https:\/\/verdadeon.com.br\/portal\/2024\/06\/20\/protocolo-nao-se-cale-procon-sp-faz-palestra-sobre-protecao-as-mulheres\/","og_site_name":"VerdadeOn","article_published_time":"2024-06-20T15:57:16+00:00","og_image":[{"width":1440,"height":960,"url":"https:\/\/verdadeon.com.br\/portal\/wp-content\/uploads\/2024\/06\/Fiscalizacao-do-protocolo-nao-se-cale-procon.jpeg","type":"image\/jpeg"}],"author":"Redacao VerdadeOn","twitter_card":"summary_large_image","twitter_misc":{"Escrito por":"Redacao VerdadeOn","Est. tempo de leitura":"2 minutos"},"schema":{"@context":"https:\/\/schema.org","@graph":[{"@type":"WebPage","@id":"https:\/\/verdadeon.com.br\/portal\/2024\/06\/20\/protocolo-nao-se-cale-procon-sp-faz-palestra-sobre-protecao-as-mulheres\/","url":"https:\/\/verdadeon.com.br\/portal\/2024\/06\/20\/protocolo-nao-se-cale-procon-sp-faz-palestra-sobre-protecao-as-mulheres\/","name":"Protocolo N\u00e3o se Cale: Procon-SP faz palestra sobre prote\u00e7\u00e3o \u00e0s mulheres - VerdadeOn","isPartOf":{"@id":"https:\/\/verdadeon.com.br\/portal\/#website"},"primaryImageOfPage":{"@id":"https:\/\/verdadeon.com.br\/portal\/2024\/06\/20\/protocolo-nao-se-cale-procon-sp-faz-palestra-sobre-protecao-as-mulheres\/#primaryimage"},"image":{"@id":"https:\/\/verdadeon.com.br\/portal\/2024\/06\/20\/protocolo-nao-se-cale-procon-sp-faz-palestra-sobre-protecao-as-mulheres\/#primaryimage"},"thumbnailUrl":"https:\/\/i0.wp.com\/verdadeon.com.br\/portal\/wp-content\/uploads\/2024\/06\/Fiscalizacao-do-protocolo-nao-se-cale-procon.jpeg?fit=1440%2C960&ssl=1","datePublished":"2024-06-20T15:57:16+00:00","author":{"@id":"https:\/\/verdadeon.com.br\/portal\/#\/schema\/person\/a5060ad1e9ea3df545188fc93ce43d2f"},"breadcrumb":{"@id":"https:\/\/verdadeon.com.br\/portal\/2024\/06\/20\/protocolo-nao-se-cale-procon-sp-faz-palestra-sobre-protecao-as-mulheres\/#breadcrumb"},"inLanguage":"pt-BR","potentialAction":[{"@type":"ReadAction","target":["https:\/\/verdadeon.com.br\/portal\/2024\/06\/20\/protocolo-nao-se-cale-procon-sp-faz-palestra-sobre-protecao-as-mulheres\/"]}]},{"@type":"ImageObject","inLanguage":"pt-BR","@id":"https:\/\/verdadeon.com.br\/portal\/2024\/06\/20\/protocolo-nao-se-cale-procon-sp-faz-palestra-sobre-protecao-as-mulheres\/#primaryimage","url":"https:\/\/i0.wp.com\/verdadeon.com.br\/portal\/wp-content\/uploads\/2024\/06\/Fiscalizacao-do-protocolo-nao-se-cale-procon.jpeg?fit=1440%2C960&ssl=1","contentUrl":"https:\/\/i0.wp.com\/verdadeon.com.br\/portal\/wp-content\/uploads\/2024\/06\/Fiscalizacao-do-protocolo-nao-se-cale-procon.jpeg?fit=1440%2C960&ssl=1","width":1440,"height":960,"caption":"O Procon-SP atua na fiscaliza\u00e7\u00e3o do cumprimento do Protocolo N\u00e3o se Cale verificando a presen\u00e7a dos cartazes obrigat\u00f3rios (\u00a9SP Not\u00edcias)"},{"@type":"BreadcrumbList","@id":"https:\/\/verdadeon.com.br\/portal\/2024\/06\/20\/protocolo-nao-se-cale-procon-sp-faz-palestra-sobre-protecao-as-mulheres\/#breadcrumb","itemListElement":[{"@type":"ListItem","position":1,"name":"In\u00edcio","item":"https:\/\/verdadeon.com.br\/portal\/"},{"@type":"ListItem","position":2,"name":"Protocolo N\u00e3o se Cale: Procon-SP faz palestra sobre prote\u00e7\u00e3o \u00e0s mulheres"}]},{"@type":"WebSite","@id":"https:\/\/verdadeon.com.br\/portal\/#website","url":"https:\/\/verdadeon.com.br\/portal\/","name":"VerdadeOn","description":"Not\u00edcias di\u00e1rias sobre Franca, Regi\u00e3o, Esporte, Cultura, Cotidiano, Colunas. Cobertura nos principais eventos da cidade \u00e9 aqui - Verdadeon Franca","potentialAction":[{"@type":"SearchAction","target":{"@type":"EntryPoint","urlTemplate":"https:\/\/verdadeon.com.br\/portal\/?s={search_term_string}"},"query-input":{"@type":"PropertyValueSpecification","valueRequired":true,"valueName":"search_term_string"}}],"inLanguage":"pt-BR"},{"@type":"Person","@id":"https:\/\/verdadeon.com.br\/portal\/#\/schema\/person\/a5060ad1e9ea3df545188fc93ce43d2f","name":"Redacao VerdadeOn","image":{"@type":"ImageObject","inLanguage":"pt-BR","@id":"https:\/\/verdadeon.com.br\/portal\/#\/schema\/person\/image\/","url":"https:\/\/secure.gravatar.com\/avatar\/459a9613caaaf07f582c3d0841eea68bdd66f533e465e6ba8b9cb45619572cf4?s=96&d=mm&r=g","contentUrl":"https:\/\/secure.gravatar.com\/avatar\/459a9613caaaf07f582c3d0841eea68bdd66f533e465e6ba8b9cb45619572cf4?s=96&d=mm&r=g","caption":"Redacao VerdadeOn"},"url":"https:\/\/verdadeon.com.br\/portal\/author\/redacao\/"}]}},"jetpack_publicize_connections":[],"jetpack_featured_media_url":"https:\/\/i0.wp.com\/verdadeon.com.br\/portal\/wp-content\/uploads\/2024\/06\/Fiscalizacao-do-protocolo-nao-se-cale-procon.jpeg?fit=1440%2C960&ssl=1","jetpack_sharing_enabled":true,"_links":{"self":[{"href":"https:\/\/verdadeon.com.br\/portal\/wp-json\/wp\/v2\/posts\/46189","targetHints":{"allow":["GET"]}}],"collection":[{"href":"https:\/\/verdadeon.com.br\/portal\/wp-json\/wp\/v2\/posts"}],"about":[{"href":"https:\/\/verdadeon.com.br\/portal\/wp-json\/wp\/v2\/types\/post"}],"author":[{"embeddable":true,"href":"https:\/\/verdadeon.com.br\/portal\/wp-json\/wp\/v2\/users\/10"}],"replies":[{"embeddable":true,"href":"https:\/\/verdadeon.com.br\/portal\/wp-json\/wp\/v2\/comments?post=46189"}],"version-history":[{"count":1,"href":"https:\/\/verdadeon.com.br\/portal\/wp-json\/wp\/v2\/posts\/46189\/revisions"}],"predecessor-version":[{"id":46193,"href":"https:\/\/verdadeon.com.br\/portal\/wp-json\/wp\/v2\/posts\/46189\/revisions\/46193"}],"wp:featuredmedia":[{"embeddable":true,"href":"https:\/\/verdadeon.com.br\/portal\/wp-json\/wp\/v2\/media\/46191"}],"wp:attachment":[{"href":"https:\/\/verdadeon.com.br\/portal\/wp-json\/wp\/v2\/media?parent=46189"}],"wp:term":[{"taxonomy":"category","embeddable":true,"href":"https:\/\/verdadeon.com.br\/portal\/wp-json\/wp\/v2\/categories?post=46189"},{"taxonomy":"post_tag","embeddable":true,"href":"https:\/\/verdadeon.com.br\/portal\/wp-json\/wp\/v2\/tags?post=46189"}],"curies":[{"name":"wp","href":"https:\/\/api.w.org\/{rel}","templated":true}]}}