{"id":46185,"date":"2024-06-20T12:29:16","date_gmt":"2024-06-20T15:29:16","guid":{"rendered":"https:\/\/verdadeon.com.br\/portal\/?p=46185"},"modified":"2024-06-20T12:29:16","modified_gmt":"2024-06-20T15:29:16","slug":"cantor-chrystian-morre-em-sao-paulo-aos-67-anos","status":"publish","type":"post","link":"https:\/\/verdadeon.com.br\/portal\/2024\/06\/20\/cantor-chrystian-morre-em-sao-paulo-aos-67-anos\/","title":{"rendered":"Cantor Chrystian morre em S\u00e3o Paulo, aos 67 anos"},"content":{"rendered":"<h2 class=\"col-10 offset-1 animated fadeInDown dealy-900 display-8 display-md-8 alt-font font-italic my-1 text-center\">Ele tinha problemas renais e card\u00edacos<\/h2>\n<p>O corpo do cantor sertanejo Chrystian, de 67 anos, est\u00e1 sendo velado nessa quinta-feira (20), no cemit\u00e9rio de S\u00e3o Caetano do Sul, no estado de S\u00e3o Paulo. Depois, ser\u00e1 cremado. O artista morreu na noite dessa quarta-feira (19), no Hospital Samaritano, em S\u00e3o Paulo, onde estava internado desde o in\u00edcio da manh\u00e3. Ele fazia tratamento para enfrentar problemas renais e card\u00edacos. O artista deixa a esposa Key Vieira e dois filhos.<\/p>\n<p>Chrystian era conhecido principalmente pela dupla sertaneja com o irm\u00e3o Ralf. Juntos, eles lan\u00e7aram 20 \u00e1lbuns e alcan\u00e7aram a marca de 15 milh\u00f5es de c\u00f3pias comercializadas, com v\u00e1rias can\u00e7\u00f5es inclu\u00eddas em trilhas de telenovelas.<\/p>\n<h4>M\u00fasicas em CD<\/h4>\n<p>Os irm\u00e3os, que gravaram o primeiro \u00e1lbum em 1983, fizeram parte do quinteto de ouro da m\u00fasica sertaneja, j\u00e1 que sempre estiveram entre as cinco maiores duplas do Brasil. Foi tamb\u00e9m a primeira dupla sertaneja a gravar em formato de CD no Brasil.<\/p>\n<p>No auge do sucesso, entre 1988 e 1990, os irm\u00e3os venderam um milh\u00e3o de c\u00f3pias de LPs, proeza que naquele per\u00edodo somente era atingida pelo cantor Roberto Carlos.<\/p>\n<p>Chrystian era o nome art\u00edstico de Jos\u00e9 Pereira da Silva Neto, que nasceu em Goi\u00e2nia. Ele come\u00e7ou cantando sozinho, e em ingl\u00eas, emplacando o primeiro sucesso com a m\u00fasica\u00a0<em>Don&#8217;t say goodbye<\/em>\u00a0(N\u00e3o Diga Adeus),\u00a0em 1973.<\/p>\n","protected":false},"excerpt":{"rendered":"<p>Ele tinha problemas renais e card\u00edacos O corpo do cantor sertanejo Chrystian, de 67 anos, est\u00e1 sendo velado nessa quinta-feira (20), no cemit\u00e9rio de S\u00e3o Caetano<span class=\"excerpt-hellip\"> [\u2026]<\/span><\/p>\n","protected":false},"author":10,"featured_media":46186,"comment_status":"open","ping_status":"open","sticky":false,"template":"","format":"standard","meta":{"_jetpack_memberships_contains_paid_content":false,"footnotes":"","jetpack_publicize_message":"","jetpack_publicize_feature_enabled":true,"jetpack_social_post_already_shared":true,"jetpack_social_options":{"image_generator_settings":{"template":"highway","default_image_id":0,"enabled":false},"version":2}},"categories":[28,81],"tags":[],"class_list":["post-46185","post","type-post","status-publish","format-standard","has-post-thumbnail","hentry","category-cotidiano","category-manchete"],"yoast_head":"<!-- This site is optimized with the Yoast SEO plugin v25.6 - https:\/\/yoast.com\/wordpress\/plugins\/seo\/ -->\n<title>Cantor Chrystian morre em S\u00e3o Paulo, aos 67 anos - VerdadeOn<\/title>\n<meta name=\"robots\" content=\"index, follow, max-snippet:-1, max-image-preview:large, max-video-preview:-1\" \/>\n<link rel=\"canonical\" href=\"https:\/\/verdadeon.com.br\/portal\/2024\/06\/20\/cantor-chrystian-morre-em-sao-paulo-aos-67-anos\/\" \/>\n<meta property=\"og:locale\" content=\"pt_BR\" \/>\n<meta property=\"og:type\" content=\"article\" \/>\n<meta property=\"og:title\" content=\"Cantor Chrystian morre em S\u00e3o Paulo, aos 67 anos - VerdadeOn\" \/>\n<meta property=\"og:description\" content=\"Ele tinha problemas renais e card\u00edacos O corpo do cantor sertanejo Chrystian, de 67 anos, est\u00e1 sendo velado nessa quinta-feira (20), no cemit\u00e9rio de S\u00e3o Caetano [\u2026]\" \/>\n<meta property=\"og:url\" content=\"https:\/\/verdadeon.com.br\/portal\/2024\/06\/20\/cantor-chrystian-morre-em-sao-paulo-aos-67-anos\/\" \/>\n<meta property=\"og:site_name\" content=\"VerdadeOn\" \/>\n<meta property=\"article:published_time\" content=\"2024-06-20T15:29:16+00:00\" \/>\n<meta property=\"og:image\" content=\"https:\/\/i0.wp.com\/verdadeon.com.br\/portal\/wp-content\/uploads\/2024\/06\/chrystian_e_ralf.webp?fit=1170%2C700&ssl=1\" \/>\n\t<meta property=\"og:image:width\" content=\"1170\" \/>\n\t<meta property=\"og:image:height\" content=\"700\" \/>\n\t<meta property=\"og:image:type\" content=\"image\/webp\" \/>\n<meta name=\"author\" content=\"Redacao VerdadeOn\" \/>\n<meta name=\"twitter:card\" content=\"summary_large_image\" \/>\n<meta name=\"twitter:label1\" content=\"Escrito por\" \/>\n\t<meta name=\"twitter:data1\" content=\"Redacao VerdadeOn\" \/>\n\t<meta name=\"twitter:label2\" content=\"Est. tempo de leitura\" \/>\n\t<meta name=\"twitter:data2\" content=\"2 minutos\" \/>\n<script type=\"application\/ld+json\" class=\"yoast-schema-graph\">{\"@context\":\"https:\/\/schema.org\",\"@graph\":[{\"@type\":\"WebPage\",\"@id\":\"https:\/\/verdadeon.com.br\/portal\/2024\/06\/20\/cantor-chrystian-morre-em-sao-paulo-aos-67-anos\/\",\"url\":\"https:\/\/verdadeon.com.br\/portal\/2024\/06\/20\/cantor-chrystian-morre-em-sao-paulo-aos-67-anos\/\",\"name\":\"Cantor Chrystian morre em S\u00e3o Paulo, aos 67 anos - VerdadeOn\",\"isPartOf\":{\"@id\":\"https:\/\/verdadeon.com.br\/portal\/#website\"},\"primaryImageOfPage\":{\"@id\":\"https:\/\/verdadeon.com.br\/portal\/2024\/06\/20\/cantor-chrystian-morre-em-sao-paulo-aos-67-anos\/#primaryimage\"},\"image\":{\"@id\":\"https:\/\/verdadeon.com.br\/portal\/2024\/06\/20\/cantor-chrystian-morre-em-sao-paulo-aos-67-anos\/#primaryimage\"},\"thumbnailUrl\":\"https:\/\/i0.wp.com\/verdadeon.com.br\/portal\/wp-content\/uploads\/2024\/06\/chrystian_e_ralf.webp?fit=1170%2C700&ssl=1\",\"datePublished\":\"2024-06-20T15:29:16+00:00\",\"author\":{\"@id\":\"https:\/\/verdadeon.com.br\/portal\/#\/schema\/person\/a5060ad1e9ea3df545188fc93ce43d2f\"},\"breadcrumb\":{\"@id\":\"https:\/\/verdadeon.com.br\/portal\/2024\/06\/20\/cantor-chrystian-morre-em-sao-paulo-aos-67-anos\/#breadcrumb\"},\"inLanguage\":\"pt-BR\",\"potentialAction\":[{\"@type\":\"ReadAction\",\"target\":[\"https:\/\/verdadeon.com.br\/portal\/2024\/06\/20\/cantor-chrystian-morre-em-sao-paulo-aos-67-anos\/\"]}]},{\"@type\":\"ImageObject\",\"inLanguage\":\"pt-BR\",\"@id\":\"https:\/\/verdadeon.com.br\/portal\/2024\/06\/20\/cantor-chrystian-morre-em-sao-paulo-aos-67-anos\/#primaryimage\",\"url\":\"https:\/\/i0.wp.com\/verdadeon.com.br\/portal\/wp-content\/uploads\/2024\/06\/chrystian_e_ralf.webp?fit=1170%2C700&ssl=1\",\"contentUrl\":\"https:\/\/i0.wp.com\/verdadeon.com.br\/portal\/wp-content\/uploads\/2024\/06\/chrystian_e_ralf.webp?fit=1170%2C700&ssl=1\",\"width\":1170,\"height\":700,\"caption\":\"Facele cantor da conhecida dupla sertaneja Chrystian & Ralf (\u00a9Facebook)\"},{\"@type\":\"BreadcrumbList\",\"@id\":\"https:\/\/verdadeon.com.br\/portal\/2024\/06\/20\/cantor-chrystian-morre-em-sao-paulo-aos-67-anos\/#breadcrumb\",\"itemListElement\":[{\"@type\":\"ListItem\",\"position\":1,\"name\":\"In\u00edcio\",\"item\":\"https:\/\/verdadeon.com.br\/portal\/\"},{\"@type\":\"ListItem\",\"position\":2,\"name\":\"Cantor Chrystian morre em S\u00e3o Paulo, aos 67 anos\"}]},{\"@type\":\"WebSite\",\"@id\":\"https:\/\/verdadeon.com.br\/portal\/#website\",\"url\":\"https:\/\/verdadeon.com.br\/portal\/\",\"name\":\"VerdadeOn\",\"description\":\"Not\u00edcias di\u00e1rias sobre Franca, Regi\u00e3o, Esporte, Cultura, Cotidiano, Colunas. Cobertura nos principais eventos da cidade \u00e9 aqui - Verdadeon Franca\",\"potentialAction\":[{\"@type\":\"SearchAction\",\"target\":{\"@type\":\"EntryPoint\",\"urlTemplate\":\"https:\/\/verdadeon.com.br\/portal\/?s={search_term_string}\"},\"query-input\":{\"@type\":\"PropertyValueSpecification\",\"valueRequired\":true,\"valueName\":\"search_term_string\"}}],\"inLanguage\":\"pt-BR\"},{\"@type\":\"Person\",\"@id\":\"https:\/\/verdadeon.com.br\/portal\/#\/schema\/person\/a5060ad1e9ea3df545188fc93ce43d2f\",\"name\":\"Redacao VerdadeOn\",\"image\":{\"@type\":\"ImageObject\",\"inLanguage\":\"pt-BR\",\"@id\":\"https:\/\/verdadeon.com.br\/portal\/#\/schema\/person\/image\/\",\"url\":\"https:\/\/secure.gravatar.com\/avatar\/459a9613caaaf07f582c3d0841eea68bdd66f533e465e6ba8b9cb45619572cf4?s=96&d=mm&r=g\",\"contentUrl\":\"https:\/\/secure.gravatar.com\/avatar\/459a9613caaaf07f582c3d0841eea68bdd66f533e465e6ba8b9cb45619572cf4?s=96&d=mm&r=g\",\"caption\":\"Redacao VerdadeOn\"},\"url\":\"https:\/\/verdadeon.com.br\/portal\/author\/redacao\/\"}]}<\/script>\n<!-- \/ Yoast SEO plugin. -->","yoast_head_json":{"title":"Cantor Chrystian morre em S\u00e3o Paulo, aos 67 anos - VerdadeOn","robots":{"index":"index","follow":"follow","max-snippet":"max-snippet:-1","max-image-preview":"max-image-preview:large","max-video-preview":"max-video-preview:-1"},"canonical":"https:\/\/verdadeon.com.br\/portal\/2024\/06\/20\/cantor-chrystian-morre-em-sao-paulo-aos-67-anos\/","og_locale":"pt_BR","og_type":"article","og_title":"Cantor Chrystian morre em S\u00e3o Paulo, aos 67 anos - VerdadeOn","og_description":"Ele tinha problemas renais e card\u00edacos O corpo do cantor sertanejo Chrystian, de 67 anos, est\u00e1 sendo velado nessa quinta-feira (20), no cemit\u00e9rio de S\u00e3o Caetano [\u2026]","og_url":"https:\/\/verdadeon.com.br\/portal\/2024\/06\/20\/cantor-chrystian-morre-em-sao-paulo-aos-67-anos\/","og_site_name":"VerdadeOn","article_published_time":"2024-06-20T15:29:16+00:00","og_image":[{"width":1170,"height":700,"url":"https:\/\/i0.wp.com\/verdadeon.com.br\/portal\/wp-content\/uploads\/2024\/06\/chrystian_e_ralf.webp?fit=1170%2C700&ssl=1","type":"image\/webp"}],"author":"Redacao VerdadeOn","twitter_card":"summary_large_image","twitter_misc":{"Escrito por":"Redacao VerdadeOn","Est. tempo de leitura":"2 minutos"},"schema":{"@context":"https:\/\/schema.org","@graph":[{"@type":"WebPage","@id":"https:\/\/verdadeon.com.br\/portal\/2024\/06\/20\/cantor-chrystian-morre-em-sao-paulo-aos-67-anos\/","url":"https:\/\/verdadeon.com.br\/portal\/2024\/06\/20\/cantor-chrystian-morre-em-sao-paulo-aos-67-anos\/","name":"Cantor Chrystian morre em S\u00e3o Paulo, aos 67 anos - VerdadeOn","isPartOf":{"@id":"https:\/\/verdadeon.com.br\/portal\/#website"},"primaryImageOfPage":{"@id":"https:\/\/verdadeon.com.br\/portal\/2024\/06\/20\/cantor-chrystian-morre-em-sao-paulo-aos-67-anos\/#primaryimage"},"image":{"@id":"https:\/\/verdadeon.com.br\/portal\/2024\/06\/20\/cantor-chrystian-morre-em-sao-paulo-aos-67-anos\/#primaryimage"},"thumbnailUrl":"https:\/\/i0.wp.com\/verdadeon.com.br\/portal\/wp-content\/uploads\/2024\/06\/chrystian_e_ralf.webp?fit=1170%2C700&ssl=1","datePublished":"2024-06-20T15:29:16+00:00","author":{"@id":"https:\/\/verdadeon.com.br\/portal\/#\/schema\/person\/a5060ad1e9ea3df545188fc93ce43d2f"},"breadcrumb":{"@id":"https:\/\/verdadeon.com.br\/portal\/2024\/06\/20\/cantor-chrystian-morre-em-sao-paulo-aos-67-anos\/#breadcrumb"},"inLanguage":"pt-BR","potentialAction":[{"@type":"ReadAction","target":["https:\/\/verdadeon.com.br\/portal\/2024\/06\/20\/cantor-chrystian-morre-em-sao-paulo-aos-67-anos\/"]}]},{"@type":"ImageObject","inLanguage":"pt-BR","@id":"https:\/\/verdadeon.com.br\/portal\/2024\/06\/20\/cantor-chrystian-morre-em-sao-paulo-aos-67-anos\/#primaryimage","url":"https:\/\/i0.wp.com\/verdadeon.com.br\/portal\/wp-content\/uploads\/2024\/06\/chrystian_e_ralf.webp?fit=1170%2C700&ssl=1","contentUrl":"https:\/\/i0.wp.com\/verdadeon.com.br\/portal\/wp-content\/uploads\/2024\/06\/chrystian_e_ralf.webp?fit=1170%2C700&ssl=1","width":1170,"height":700,"caption":"Facele cantor da conhecida dupla sertaneja Chrystian & Ralf (\u00a9Facebook)"},{"@type":"BreadcrumbList","@id":"https:\/\/verdadeon.com.br\/portal\/2024\/06\/20\/cantor-chrystian-morre-em-sao-paulo-aos-67-anos\/#breadcrumb","itemListElement":[{"@type":"ListItem","position":1,"name":"In\u00edcio","item":"https:\/\/verdadeon.com.br\/portal\/"},{"@type":"ListItem","position":2,"name":"Cantor Chrystian morre em S\u00e3o Paulo, aos 67 anos"}]},{"@type":"WebSite","@id":"https:\/\/verdadeon.com.br\/portal\/#website","url":"https:\/\/verdadeon.com.br\/portal\/","name":"VerdadeOn","description":"Not\u00edcias di\u00e1rias sobre Franca, Regi\u00e3o, Esporte, Cultura, Cotidiano, Colunas. Cobertura nos principais eventos da cidade \u00e9 aqui - Verdadeon Franca","potentialAction":[{"@type":"SearchAction","target":{"@type":"EntryPoint","urlTemplate":"https:\/\/verdadeon.com.br\/portal\/?s={search_term_string}"},"query-input":{"@type":"PropertyValueSpecification","valueRequired":true,"valueName":"search_term_string"}}],"inLanguage":"pt-BR"},{"@type":"Person","@id":"https:\/\/verdadeon.com.br\/portal\/#\/schema\/person\/a5060ad1e9ea3df545188fc93ce43d2f","name":"Redacao VerdadeOn","image":{"@type":"ImageObject","inLanguage":"pt-BR","@id":"https:\/\/verdadeon.com.br\/portal\/#\/schema\/person\/image\/","url":"https:\/\/secure.gravatar.com\/avatar\/459a9613caaaf07f582c3d0841eea68bdd66f533e465e6ba8b9cb45619572cf4?s=96&d=mm&r=g","contentUrl":"https:\/\/secure.gravatar.com\/avatar\/459a9613caaaf07f582c3d0841eea68bdd66f533e465e6ba8b9cb45619572cf4?s=96&d=mm&r=g","caption":"Redacao VerdadeOn"},"url":"https:\/\/verdadeon.com.br\/portal\/author\/redacao\/"}]}},"jetpack_publicize_connections":[],"jetpack_featured_media_url":"https:\/\/i0.wp.com\/verdadeon.com.br\/portal\/wp-content\/uploads\/2024\/06\/chrystian_e_ralf.webp?fit=1170%2C700&ssl=1","jetpack_sharing_enabled":true,"_links":{"self":[{"href":"https:\/\/verdadeon.com.br\/portal\/wp-json\/wp\/v2\/posts\/46185","targetHints":{"allow":["GET"]}}],"collection":[{"href":"https:\/\/verdadeon.com.br\/portal\/wp-json\/wp\/v2\/posts"}],"about":[{"href":"https:\/\/verdadeon.com.br\/portal\/wp-json\/wp\/v2\/types\/post"}],"author":[{"embeddable":true,"href":"https:\/\/verdadeon.com.br\/portal\/wp-json\/wp\/v2\/users\/10"}],"replies":[{"embeddable":true,"href":"https:\/\/verdadeon.com.br\/portal\/wp-json\/wp\/v2\/comments?post=46185"}],"version-history":[{"count":1,"href":"https:\/\/verdadeon.com.br\/portal\/wp-json\/wp\/v2\/posts\/46185\/revisions"}],"predecessor-version":[{"id":46187,"href":"https:\/\/verdadeon.com.br\/portal\/wp-json\/wp\/v2\/posts\/46185\/revisions\/46187"}],"wp:featuredmedia":[{"embeddable":true,"href":"https:\/\/verdadeon.com.br\/portal\/wp-json\/wp\/v2\/media\/46186"}],"wp:attachment":[{"href":"https:\/\/verdadeon.com.br\/portal\/wp-json\/wp\/v2\/media?parent=46185"}],"wp:term":[{"taxonomy":"category","embeddable":true,"href":"https:\/\/verdadeon.com.br\/portal\/wp-json\/wp\/v2\/categories?post=46185"},{"taxonomy":"post_tag","embeddable":true,"href":"https:\/\/verdadeon.com.br\/portal\/wp-json\/wp\/v2\/tags?post=46185"}],"curies":[{"name":"wp","href":"https:\/\/api.w.org\/{rel}","templated":true}]}}