{"id":46182,"date":"2024-06-20T12:56:45","date_gmt":"2024-06-20T15:56:45","guid":{"rendered":"https:\/\/verdadeon.com.br\/portal\/?p=46182"},"modified":"2024-06-20T12:56:45","modified_gmt":"2024-06-20T15:56:45","slug":"nova-regra-permitira-a-cartorios-de-franca-negociarem-dividas-enviadas-a-protesto","status":"publish","type":"post","link":"https:\/\/verdadeon.com.br\/portal\/2024\/06\/20\/nova-regra-permitira-a-cartorios-de-franca-negociarem-dividas-enviadas-a-protesto\/","title":{"rendered":"Nova regra permitir\u00e1 a Cart\u00f3rios de Franca negociarem d\u00edvidas enviadas a Protesto"},"content":{"rendered":"<h2>Solu\u00e7\u00e3o negocial, que envolve tamb\u00e9m entes e autarquias p\u00fablicas, poder\u00e1 ocorrer antes ou ap\u00f3s o protesto de uma d\u00edvida<\/h2>\n<p>As cerca de 116 mil pessoas que possuem alguma d\u00edvida protestada ou est\u00e3o com seus CPFs ou CNPJs de suas empresas inadimplentes poder\u00e3o renegociar suas d\u00edvidas diretamente nos Cart\u00f3rios de Protesto de Franca. A novidade permite ainda que a negocia\u00e7\u00e3o ocorra antes do nome ficar \u201csujo\u201d no Cart\u00f3rio, durante o processo ou at\u00e9 mesmo depois do Protesto e contribuir\u00e1 para a diminui\u00e7\u00e3o das demandas que chegam ao Poder Judici\u00e1rio.<\/p>\n<p>Publicado pela Corregedoria Nacional de Justi\u00e7a no Di\u00e1rio Oficial da Justi\u00e7a neste m\u00eas, o Provimento n\u00ba 168\/24 definiu novas regras para a negocia\u00e7\u00e3o de d\u00edvidas, prevendo medidas de solu\u00e7\u00f5es negociais tanto nos casos em que o protesto j\u00e1 ocorreu, como naquelas situa\u00e7\u00f5es em que o credor enviou a d\u00edvida para o Cart\u00f3rio, mas o devedor ainda se encontra no prazo para pagamento.<\/p>\n<p>Em ambas as situa\u00e7\u00f5es, o credor poder\u00e1 oferecer, de forma\u00a0<i>online<\/i>, a proposta de solu\u00e7\u00e3o negocial ao devedor, que ser\u00e1 notificado pelo Cart\u00f3rio de Protesto, inclusive de maneira eletr\u00f4nica (e-mail, SMS, WhatsApp etc.) e ter\u00e1 30 dias para responder \u00e0 proposta. Caso seja positiva, o devedor j\u00e1 protestado ficar\u00e1 com o nome limpo logo ap\u00f3s o pagamento.<\/p>\n<p>Caber\u00e1 tamb\u00e9m ao credor enviar as informa\u00e7\u00f5es da d\u00edvida e os dados do devedor ao Cart\u00f3rio de Protesto, com elementos que permitam a identifica\u00e7\u00e3o e localiza\u00e7\u00e3o do devedor para convite eletr\u00f4nico para a efetiva\u00e7\u00e3o da proposta de solu\u00e7\u00e3o negocial pr\u00e9via ao protesto, assim como seus dados banc\u00e1rios e prazo a ser concedido ao devedor para o direito de resposta a partir da data de sua intima\u00e7\u00e3o \u2013 observado o limite de 30 dias.<\/p>\n<p>Todo o procedimento poder\u00e1 transcorrer de forma\u00a0<i>online<\/i>\u00a0pela plataforma eletr\u00f4nica dos Cart\u00f3rios de Protesto de S\u00e3o Paulo. \u201cA possibilidade de as pessoas negociarem suas d\u00edvidas nos cart\u00f3rios de protesto \u00e9 mais um meio de contribuir com a redu\u00e7\u00e3o da inadimpl\u00eancia e do custo do cr\u00e9dito no Brasil, melhorando o ambiente\u00a0de neg\u00f3cios\u00a0e promovendo uma maior cidadania financeira \u00e0 popula\u00e7\u00e3o\u201d, explica Jos\u00e9 Carlos Alves, presidente do Instituto de Estudos de Protesto de T\u00edtulos do Brasil \u2013 Se\u00e7\u00e3o S\u00e3o Paulo (IEPTB\/SP). \u201cO quanto mais cedo esta d\u00edvida for quitada, \u00e9 melhor para o credor, que consegue a satisfa\u00e7\u00e3o de seu cr\u00e9dito como para o devedor, que volta a ficar sem restri\u00e7\u00f5es de cr\u00e9dito no mercado\u201d, completa.<\/p>\n<p>A possibilidade de solu\u00e7\u00e3o negocial pr\u00e9via ou posterior ao protesto tamb\u00e9m se aplica aos entes p\u00fablicos, que cobram seus cr\u00e9ditos tribut\u00e1rios ou n\u00e3o tribut\u00e1rios n\u00e3o pagos por meio dos Cart\u00f3rios, como nos casos de multas de tr\u00e2nsito, IPVAs, IPTUs, Imposto de Renda, ICMS, entre outros. Tamb\u00e9m vale para autarquias p\u00fablicas. \u201cTrata-se de mais um mecanismo que possibilita uma solu\u00e7\u00e3o pr\u00e9via entre as partes antes de uma poss\u00edvel restri\u00e7\u00e3o financeira\u201d, diz Jos\u00e9 Carlos Alves.<\/p>\n<p><strong>Sobre os Cart\u00f3rios de Protesto<\/strong><\/p>\n<p>Presentes em todo Estado de S\u00e3o Paulo, os 409 Cart\u00f3rios de Protesto d\u00e3o uma contribui\u00e7\u00e3o fundamental para a economia do Pa\u00eds, garantindo e protegendo os direitos e deveres dos consumidores e das empresas e recuperando cr\u00e9ditos para os setores p\u00fablico e privado. Os cart\u00f3rios s\u00e3o criados e regulados por lei, fiscalizados pelo Poder Judici\u00e1rio, sendo um bra\u00e7o auxiliar da Justi\u00e7a. A\u00a0<a href=\"https:\/\/protestosp.com.br\/\" target=\"_blank\" rel=\"noopener\" data-saferedirecturl=\"https:\/\/www.google.com\/url?q=https:\/\/protestosp.com.br\/&amp;source=gmail&amp;ust=1718982819521000&amp;usg=AOvVaw0G9Vhm5LNJSnNaOJOdOJmL\">Central do Protesto de SP<\/a>\u00a0re\u00fane os servi\u00e7os digitais de todos os Cart\u00f3rios do Estado.<\/p>\n","protected":false},"excerpt":{"rendered":"<p>Solu\u00e7\u00e3o negocial, que envolve tamb\u00e9m entes e autarquias p\u00fablicas, poder\u00e1 ocorrer antes ou ap\u00f3s o protesto de uma d\u00edvida As cerca de 116 mil pessoas que<span class=\"excerpt-hellip\"> [\u2026]<\/span><\/p>\n","protected":false},"author":10,"featured_media":46190,"comment_status":"open","ping_status":"open","sticky":false,"template":"","format":"standard","meta":{"_jetpack_memberships_contains_paid_content":false,"footnotes":"","jetpack_publicize_message":"","jetpack_publicize_feature_enabled":true,"jetpack_social_post_already_shared":true,"jetpack_social_options":{"image_generator_settings":{"template":"highway","default_image_id":0,"enabled":false},"version":2}},"categories":[28,81],"tags":[],"class_list":["post-46182","post","type-post","status-publish","format-standard","has-post-thumbnail","hentry","category-cotidiano","category-manchete"],"yoast_head":"<!-- This site is optimized with the Yoast SEO plugin v25.6 - https:\/\/yoast.com\/wordpress\/plugins\/seo\/ -->\n<title>Nova regra permitir\u00e1 a Cart\u00f3rios de Franca negociarem d\u00edvidas enviadas a Protesto - VerdadeOn<\/title>\n<meta name=\"robots\" content=\"index, follow, max-snippet:-1, max-image-preview:large, max-video-preview:-1\" \/>\n<link rel=\"canonical\" href=\"https:\/\/verdadeon.com.br\/portal\/2024\/06\/20\/nova-regra-permitira-a-cartorios-de-franca-negociarem-dividas-enviadas-a-protesto\/\" \/>\n<meta property=\"og:locale\" content=\"pt_BR\" \/>\n<meta property=\"og:type\" content=\"article\" \/>\n<meta property=\"og:title\" content=\"Nova regra permitir\u00e1 a Cart\u00f3rios de Franca negociarem d\u00edvidas enviadas a Protesto - VerdadeOn\" \/>\n<meta property=\"og:description\" content=\"Solu\u00e7\u00e3o negocial, que envolve tamb\u00e9m entes e autarquias p\u00fablicas, poder\u00e1 ocorrer antes ou ap\u00f3s o protesto de uma d\u00edvida As cerca de 116 mil pessoas que [\u2026]\" \/>\n<meta property=\"og:url\" content=\"https:\/\/verdadeon.com.br\/portal\/2024\/06\/20\/nova-regra-permitira-a-cartorios-de-franca-negociarem-dividas-enviadas-a-protesto\/\" \/>\n<meta property=\"og:site_name\" content=\"VerdadeOn\" \/>\n<meta property=\"article:published_time\" content=\"2024-06-20T15:56:45+00:00\" \/>\n<meta property=\"og:image\" content=\"https:\/\/verdadeon.com.br\/portal\/wp-content\/uploads\/2024\/06\/side-view-woman-laptop-with-credit-card-shopping-cyber-monday-scaled.jpg\" \/>\n\t<meta property=\"og:image:width\" content=\"2560\" \/>\n\t<meta property=\"og:image:height\" content=\"1715\" \/>\n\t<meta property=\"og:image:type\" content=\"image\/jpeg\" \/>\n<meta name=\"author\" content=\"Redacao VerdadeOn\" \/>\n<meta name=\"twitter:card\" content=\"summary_large_image\" \/>\n<meta name=\"twitter:label1\" content=\"Escrito por\" \/>\n\t<meta name=\"twitter:data1\" content=\"Redacao VerdadeOn\" \/>\n\t<meta name=\"twitter:label2\" content=\"Est. tempo de leitura\" \/>\n\t<meta name=\"twitter:data2\" content=\"4 minutos\" \/>\n<script type=\"application\/ld+json\" class=\"yoast-schema-graph\">{\"@context\":\"https:\/\/schema.org\",\"@graph\":[{\"@type\":\"WebPage\",\"@id\":\"https:\/\/verdadeon.com.br\/portal\/2024\/06\/20\/nova-regra-permitira-a-cartorios-de-franca-negociarem-dividas-enviadas-a-protesto\/\",\"url\":\"https:\/\/verdadeon.com.br\/portal\/2024\/06\/20\/nova-regra-permitira-a-cartorios-de-franca-negociarem-dividas-enviadas-a-protesto\/\",\"name\":\"Nova regra permitir\u00e1 a Cart\u00f3rios de Franca negociarem d\u00edvidas enviadas a Protesto - VerdadeOn\",\"isPartOf\":{\"@id\":\"https:\/\/verdadeon.com.br\/portal\/#website\"},\"primaryImageOfPage\":{\"@id\":\"https:\/\/verdadeon.com.br\/portal\/2024\/06\/20\/nova-regra-permitira-a-cartorios-de-franca-negociarem-dividas-enviadas-a-protesto\/#primaryimage\"},\"image\":{\"@id\":\"https:\/\/verdadeon.com.br\/portal\/2024\/06\/20\/nova-regra-permitira-a-cartorios-de-franca-negociarem-dividas-enviadas-a-protesto\/#primaryimage\"},\"thumbnailUrl\":\"https:\/\/i0.wp.com\/verdadeon.com.br\/portal\/wp-content\/uploads\/2024\/06\/side-view-woman-laptop-with-credit-card-shopping-cyber-monday-scaled.jpg?fit=2560%2C1715&ssl=1\",\"datePublished\":\"2024-06-20T15:56:45+00:00\",\"author\":{\"@id\":\"https:\/\/verdadeon.com.br\/portal\/#\/schema\/person\/a5060ad1e9ea3df545188fc93ce43d2f\"},\"breadcrumb\":{\"@id\":\"https:\/\/verdadeon.com.br\/portal\/2024\/06\/20\/nova-regra-permitira-a-cartorios-de-franca-negociarem-dividas-enviadas-a-protesto\/#breadcrumb\"},\"inLanguage\":\"pt-BR\",\"potentialAction\":[{\"@type\":\"ReadAction\",\"target\":[\"https:\/\/verdadeon.com.br\/portal\/2024\/06\/20\/nova-regra-permitira-a-cartorios-de-franca-negociarem-dividas-enviadas-a-protesto\/\"]}]},{\"@type\":\"ImageObject\",\"inLanguage\":\"pt-BR\",\"@id\":\"https:\/\/verdadeon.com.br\/portal\/2024\/06\/20\/nova-regra-permitira-a-cartorios-de-franca-negociarem-dividas-enviadas-a-protesto\/#primaryimage\",\"url\":\"https:\/\/i0.wp.com\/verdadeon.com.br\/portal\/wp-content\/uploads\/2024\/06\/side-view-woman-laptop-with-credit-card-shopping-cyber-monday-scaled.jpg?fit=2560%2C1715&ssl=1\",\"contentUrl\":\"https:\/\/i0.wp.com\/verdadeon.com.br\/portal\/wp-content\/uploads\/2024\/06\/side-view-woman-laptop-with-credit-card-shopping-cyber-monday-scaled.jpg?fit=2560%2C1715&ssl=1\",\"width\":2560,\"height\":1715,\"caption\":\"Em Franca, s\u00e3o mais de 116 mil pessoas que poder\u00e3o ser beneficiadas com essa norma (\u00a9Divulga\u00e7\u00e3o)\"},{\"@type\":\"BreadcrumbList\",\"@id\":\"https:\/\/verdadeon.com.br\/portal\/2024\/06\/20\/nova-regra-permitira-a-cartorios-de-franca-negociarem-dividas-enviadas-a-protesto\/#breadcrumb\",\"itemListElement\":[{\"@type\":\"ListItem\",\"position\":1,\"name\":\"In\u00edcio\",\"item\":\"https:\/\/verdadeon.com.br\/portal\/\"},{\"@type\":\"ListItem\",\"position\":2,\"name\":\"Nova regra permitir\u00e1 a Cart\u00f3rios de Franca negociarem d\u00edvidas enviadas a Protesto\"}]},{\"@type\":\"WebSite\",\"@id\":\"https:\/\/verdadeon.com.br\/portal\/#website\",\"url\":\"https:\/\/verdadeon.com.br\/portal\/\",\"name\":\"VerdadeOn\",\"description\":\"Not\u00edcias di\u00e1rias sobre Franca, Regi\u00e3o, Esporte, Cultura, Cotidiano, Colunas. Cobertura nos principais eventos da cidade \u00e9 aqui - Verdadeon Franca\",\"potentialAction\":[{\"@type\":\"SearchAction\",\"target\":{\"@type\":\"EntryPoint\",\"urlTemplate\":\"https:\/\/verdadeon.com.br\/portal\/?s={search_term_string}\"},\"query-input\":{\"@type\":\"PropertyValueSpecification\",\"valueRequired\":true,\"valueName\":\"search_term_string\"}}],\"inLanguage\":\"pt-BR\"},{\"@type\":\"Person\",\"@id\":\"https:\/\/verdadeon.com.br\/portal\/#\/schema\/person\/a5060ad1e9ea3df545188fc93ce43d2f\",\"name\":\"Redacao VerdadeOn\",\"image\":{\"@type\":\"ImageObject\",\"inLanguage\":\"pt-BR\",\"@id\":\"https:\/\/verdadeon.com.br\/portal\/#\/schema\/person\/image\/\",\"url\":\"https:\/\/secure.gravatar.com\/avatar\/459a9613caaaf07f582c3d0841eea68bdd66f533e465e6ba8b9cb45619572cf4?s=96&d=mm&r=g\",\"contentUrl\":\"https:\/\/secure.gravatar.com\/avatar\/459a9613caaaf07f582c3d0841eea68bdd66f533e465e6ba8b9cb45619572cf4?s=96&d=mm&r=g\",\"caption\":\"Redacao VerdadeOn\"},\"url\":\"https:\/\/verdadeon.com.br\/portal\/author\/redacao\/\"}]}<\/script>\n<!-- \/ Yoast SEO plugin. -->","yoast_head_json":{"title":"Nova regra permitir\u00e1 a Cart\u00f3rios de Franca negociarem d\u00edvidas enviadas a Protesto - VerdadeOn","robots":{"index":"index","follow":"follow","max-snippet":"max-snippet:-1","max-image-preview":"max-image-preview:large","max-video-preview":"max-video-preview:-1"},"canonical":"https:\/\/verdadeon.com.br\/portal\/2024\/06\/20\/nova-regra-permitira-a-cartorios-de-franca-negociarem-dividas-enviadas-a-protesto\/","og_locale":"pt_BR","og_type":"article","og_title":"Nova regra permitir\u00e1 a Cart\u00f3rios de Franca negociarem d\u00edvidas enviadas a Protesto - VerdadeOn","og_description":"Solu\u00e7\u00e3o negocial, que envolve tamb\u00e9m entes e autarquias p\u00fablicas, poder\u00e1 ocorrer antes ou ap\u00f3s o protesto de uma d\u00edvida As cerca de 116 mil pessoas que [\u2026]","og_url":"https:\/\/verdadeon.com.br\/portal\/2024\/06\/20\/nova-regra-permitira-a-cartorios-de-franca-negociarem-dividas-enviadas-a-protesto\/","og_site_name":"VerdadeOn","article_published_time":"2024-06-20T15:56:45+00:00","og_image":[{"width":2560,"height":1715,"url":"https:\/\/verdadeon.com.br\/portal\/wp-content\/uploads\/2024\/06\/side-view-woman-laptop-with-credit-card-shopping-cyber-monday-scaled.jpg","type":"image\/jpeg"}],"author":"Redacao VerdadeOn","twitter_card":"summary_large_image","twitter_misc":{"Escrito por":"Redacao VerdadeOn","Est. tempo de leitura":"4 minutos"},"schema":{"@context":"https:\/\/schema.org","@graph":[{"@type":"WebPage","@id":"https:\/\/verdadeon.com.br\/portal\/2024\/06\/20\/nova-regra-permitira-a-cartorios-de-franca-negociarem-dividas-enviadas-a-protesto\/","url":"https:\/\/verdadeon.com.br\/portal\/2024\/06\/20\/nova-regra-permitira-a-cartorios-de-franca-negociarem-dividas-enviadas-a-protesto\/","name":"Nova regra permitir\u00e1 a Cart\u00f3rios de Franca negociarem d\u00edvidas enviadas a Protesto - VerdadeOn","isPartOf":{"@id":"https:\/\/verdadeon.com.br\/portal\/#website"},"primaryImageOfPage":{"@id":"https:\/\/verdadeon.com.br\/portal\/2024\/06\/20\/nova-regra-permitira-a-cartorios-de-franca-negociarem-dividas-enviadas-a-protesto\/#primaryimage"},"image":{"@id":"https:\/\/verdadeon.com.br\/portal\/2024\/06\/20\/nova-regra-permitira-a-cartorios-de-franca-negociarem-dividas-enviadas-a-protesto\/#primaryimage"},"thumbnailUrl":"https:\/\/i0.wp.com\/verdadeon.com.br\/portal\/wp-content\/uploads\/2024\/06\/side-view-woman-laptop-with-credit-card-shopping-cyber-monday-scaled.jpg?fit=2560%2C1715&ssl=1","datePublished":"2024-06-20T15:56:45+00:00","author":{"@id":"https:\/\/verdadeon.com.br\/portal\/#\/schema\/person\/a5060ad1e9ea3df545188fc93ce43d2f"},"breadcrumb":{"@id":"https:\/\/verdadeon.com.br\/portal\/2024\/06\/20\/nova-regra-permitira-a-cartorios-de-franca-negociarem-dividas-enviadas-a-protesto\/#breadcrumb"},"inLanguage":"pt-BR","potentialAction":[{"@type":"ReadAction","target":["https:\/\/verdadeon.com.br\/portal\/2024\/06\/20\/nova-regra-permitira-a-cartorios-de-franca-negociarem-dividas-enviadas-a-protesto\/"]}]},{"@type":"ImageObject","inLanguage":"pt-BR","@id":"https:\/\/verdadeon.com.br\/portal\/2024\/06\/20\/nova-regra-permitira-a-cartorios-de-franca-negociarem-dividas-enviadas-a-protesto\/#primaryimage","url":"https:\/\/i0.wp.com\/verdadeon.com.br\/portal\/wp-content\/uploads\/2024\/06\/side-view-woman-laptop-with-credit-card-shopping-cyber-monday-scaled.jpg?fit=2560%2C1715&ssl=1","contentUrl":"https:\/\/i0.wp.com\/verdadeon.com.br\/portal\/wp-content\/uploads\/2024\/06\/side-view-woman-laptop-with-credit-card-shopping-cyber-monday-scaled.jpg?fit=2560%2C1715&ssl=1","width":2560,"height":1715,"caption":"Em Franca, s\u00e3o mais de 116 mil pessoas que poder\u00e3o ser beneficiadas com essa norma (\u00a9Divulga\u00e7\u00e3o)"},{"@type":"BreadcrumbList","@id":"https:\/\/verdadeon.com.br\/portal\/2024\/06\/20\/nova-regra-permitira-a-cartorios-de-franca-negociarem-dividas-enviadas-a-protesto\/#breadcrumb","itemListElement":[{"@type":"ListItem","position":1,"name":"In\u00edcio","item":"https:\/\/verdadeon.com.br\/portal\/"},{"@type":"ListItem","position":2,"name":"Nova regra permitir\u00e1 a Cart\u00f3rios de Franca negociarem d\u00edvidas enviadas a Protesto"}]},{"@type":"WebSite","@id":"https:\/\/verdadeon.com.br\/portal\/#website","url":"https:\/\/verdadeon.com.br\/portal\/","name":"VerdadeOn","description":"Not\u00edcias di\u00e1rias sobre Franca, Regi\u00e3o, Esporte, Cultura, Cotidiano, Colunas. Cobertura nos principais eventos da cidade \u00e9 aqui - Verdadeon Franca","potentialAction":[{"@type":"SearchAction","target":{"@type":"EntryPoint","urlTemplate":"https:\/\/verdadeon.com.br\/portal\/?s={search_term_string}"},"query-input":{"@type":"PropertyValueSpecification","valueRequired":true,"valueName":"search_term_string"}}],"inLanguage":"pt-BR"},{"@type":"Person","@id":"https:\/\/verdadeon.com.br\/portal\/#\/schema\/person\/a5060ad1e9ea3df545188fc93ce43d2f","name":"Redacao VerdadeOn","image":{"@type":"ImageObject","inLanguage":"pt-BR","@id":"https:\/\/verdadeon.com.br\/portal\/#\/schema\/person\/image\/","url":"https:\/\/secure.gravatar.com\/avatar\/459a9613caaaf07f582c3d0841eea68bdd66f533e465e6ba8b9cb45619572cf4?s=96&d=mm&r=g","contentUrl":"https:\/\/secure.gravatar.com\/avatar\/459a9613caaaf07f582c3d0841eea68bdd66f533e465e6ba8b9cb45619572cf4?s=96&d=mm&r=g","caption":"Redacao VerdadeOn"},"url":"https:\/\/verdadeon.com.br\/portal\/author\/redacao\/"}]}},"jetpack_publicize_connections":[],"jetpack_featured_media_url":"https:\/\/i0.wp.com\/verdadeon.com.br\/portal\/wp-content\/uploads\/2024\/06\/side-view-woman-laptop-with-credit-card-shopping-cyber-monday-scaled.jpg?fit=2560%2C1715&ssl=1","jetpack_sharing_enabled":true,"_links":{"self":[{"href":"https:\/\/verdadeon.com.br\/portal\/wp-json\/wp\/v2\/posts\/46182","targetHints":{"allow":["GET"]}}],"collection":[{"href":"https:\/\/verdadeon.com.br\/portal\/wp-json\/wp\/v2\/posts"}],"about":[{"href":"https:\/\/verdadeon.com.br\/portal\/wp-json\/wp\/v2\/types\/post"}],"author":[{"embeddable":true,"href":"https:\/\/verdadeon.com.br\/portal\/wp-json\/wp\/v2\/users\/10"}],"replies":[{"embeddable":true,"href":"https:\/\/verdadeon.com.br\/portal\/wp-json\/wp\/v2\/comments?post=46182"}],"version-history":[{"count":1,"href":"https:\/\/verdadeon.com.br\/portal\/wp-json\/wp\/v2\/posts\/46182\/revisions"}],"predecessor-version":[{"id":46192,"href":"https:\/\/verdadeon.com.br\/portal\/wp-json\/wp\/v2\/posts\/46182\/revisions\/46192"}],"wp:featuredmedia":[{"embeddable":true,"href":"https:\/\/verdadeon.com.br\/portal\/wp-json\/wp\/v2\/media\/46190"}],"wp:attachment":[{"href":"https:\/\/verdadeon.com.br\/portal\/wp-json\/wp\/v2\/media?parent=46182"}],"wp:term":[{"taxonomy":"category","embeddable":true,"href":"https:\/\/verdadeon.com.br\/portal\/wp-json\/wp\/v2\/categories?post=46182"},{"taxonomy":"post_tag","embeddable":true,"href":"https:\/\/verdadeon.com.br\/portal\/wp-json\/wp\/v2\/tags?post=46182"}],"curies":[{"name":"wp","href":"https:\/\/api.w.org\/{rel}","templated":true}]}}