{"id":46157,"date":"2024-06-20T12:09:07","date_gmt":"2024-06-20T15:09:07","guid":{"rendered":"https:\/\/verdadeon.com.br\/portal\/?p=46157"},"modified":"2024-06-20T12:09:07","modified_gmt":"2024-06-20T15:09:07","slug":"santa-casa-de-franca-comemora-127-anos-com-vitalidade-e-experiencia","status":"publish","type":"post","link":"https:\/\/verdadeon.com.br\/portal\/2024\/06\/20\/santa-casa-de-franca-comemora-127-anos-com-vitalidade-e-experiencia\/","title":{"rendered":"Santa Casa de Franca comemora 127 anos com vitalidade e experi\u00eancia"},"content":{"rendered":"<h2>Fundada em 1897, institui\u00e7\u00e3o \u00e9 um Grupo Hospitalar de refer\u00eancia para 22 munic\u00edpios e mais de 800 mil pessoas, aliando experi\u00eancia e inova\u00e7\u00e3o para salvar vidas!<\/h2>\n<p>A Santa Casa de Miseric\u00f3rdia de Franca \u2013 Hospital Geral do Grupo Santa Casa de Franca \u2013 completa neste <strong>domingo, dia 16 de junho<\/strong>, 127 anos de sua funda\u00e7\u00e3o e de presta\u00e7\u00e3o servi\u00e7os filantr\u00f3picos em sa\u00fade SUS, atendendo a cidade de Franca e mais 21 munic\u00edpios da regi\u00e3o (uma popula\u00e7\u00e3o de mais de 800 mil pessoas).<\/p>\n<p>S\u00e3o poucas as entidades ou empresas que ultrapassam um s\u00e9culo de exist\u00eancia. Um n\u00famero ainda menor consegue alcan\u00e7ar o centen\u00e1rio mantendo sua vitalidade, desempenho e a energia com que a Santa Casa de Franca chegou aos seus 127 anos, sempre oferecendo um atendimento de sa\u00fade com qualidade para popula\u00e7\u00e3o da cidade de Franca e regi\u00e3o &#8211; consolidando-se como <strong>hospital estruturante de refer\u00eancia em atendimentos de m\u00e9dia e alta complexidade<\/strong>, possuindo mais duas unidades \u2013 Hospitais do C\u00e2ncer e do Cora\u00e7\u00e3o \u2013 que comp\u00f5em o Grupo Santa Casa de Franca, al\u00e9m de ser credenciada pelo Governo do Estado de SP como OSS (Organiza\u00e7\u00e3o Social de Sa\u00fade) respons\u00e1vel pela <strong>administra\u00e7\u00e3o dos AMEs<\/strong> de Franca, Campinas, Casa Branca, Taquaritinga, Vale do Jurumirim\/Avar\u00e9, S\u00e3o Carlos e Ribeir\u00e3o Preto. Al\u00e9m disso possui o <strong>selo \u201cSantas Casas SUStent\u00e1veis\u201d<\/strong> concedido pela CMB (Confedera\u00e7\u00e3o das Miseric\u00f3rdias do Brasil), estando entre as <strong>50 maiores Santas Casas do pa\u00eds<\/strong>! Conta ainda com <strong>importantes t\u00edtulos<\/strong> como: <strong>Hospital Amigo da Crian\u00e7a, Hospital de Ensino, Banco de Leite com certifica\u00e7\u00f5es de excel\u00eancia, T\u00edtulo Ouro em Qualidade Hospitalar (pela CPFL\/Cealag), 2\u00ba Melhor Hospital do Estado, 9\u00aa Melhor Maternidade e j\u00e1 est\u00e1 no processo para muito em breve conquistar o t\u00edtulo da ONA (Organiza\u00e7\u00e3o Nacional de Acredita\u00e7\u00e3o).<\/strong> Tudo isso, resultado do total comprometimento e sincronismo da diretoria administrativa, diretorias m\u00e9dicas e t\u00e9cnicas, corpo cl\u00ednico, equipe gerencial e colaboradores.<\/p>\n<p><strong><img data-recalc-dims=\"1\" loading=\"lazy\" decoding=\"async\" class=\" wp-image-46158 alignleft\" src=\"https:\/\/i0.wp.com\/verdadeon.com.br\/portal\/wp-content\/uploads\/2024\/06\/dhwser.jpg?resize=268%2C150&#038;ssl=1\" alt=\"\" width=\"268\" height=\"150\" srcset=\"https:\/\/i0.wp.com\/verdadeon.com.br\/portal\/wp-content\/uploads\/2024\/06\/dhwser.jpg?w=1101&amp;ssl=1 1101w, https:\/\/i0.wp.com\/verdadeon.com.br\/portal\/wp-content\/uploads\/2024\/06\/dhwser.jpg?resize=300%2C168&amp;ssl=1 300w, https:\/\/i0.wp.com\/verdadeon.com.br\/portal\/wp-content\/uploads\/2024\/06\/dhwser.jpg?resize=1024%2C575&amp;ssl=1 1024w, https:\/\/i0.wp.com\/verdadeon.com.br\/portal\/wp-content\/uploads\/2024\/06\/dhwser.jpg?resize=768%2C431&amp;ssl=1 768w, https:\/\/i0.wp.com\/verdadeon.com.br\/portal\/wp-content\/uploads\/2024\/06\/dhwser.jpg?resize=260%2C146&amp;ssl=1 260w, https:\/\/i0.wp.com\/verdadeon.com.br\/portal\/wp-content\/uploads\/2024\/06\/dhwser.jpg?resize=50%2C28&amp;ssl=1 50w, https:\/\/i0.wp.com\/verdadeon.com.br\/portal\/wp-content\/uploads\/2024\/06\/dhwser.jpg?resize=134%2C75&amp;ssl=1 134w\" sizes=\"auto, (max-width: 268px) 100vw, 268px\" \/>O presidente volunt\u00e1rio, Tony Graciano, comenta:<\/strong> \u201cA Santa Casa de Franca \u00e9, desde sua funda\u00e7\u00e3o, focada no acolhimento das pessoas mais necessitadas e historicamente se consolidou como um patrim\u00f4nio da pr\u00f3pria sociedade; \u00e9 por isso que todos nossos esfor\u00e7os administrativos est\u00e3o sempre direcionados em ampliar e melhorar as estruturas tecnol\u00f3gica e humana, proporcionando um atendimento digno e humanizado \u00e0 popula\u00e7\u00e3o. Contando constantemente com o <strong>apoio de Parlamentares e \u00d3rg\u00e3os P\u00fablicos<\/strong>, das <strong>esferas p\u00fablicas Federal, Estadual e Municipal<\/strong> &#8211; e tamb\u00e9m da <strong>iniciativa privada<\/strong> e da pr\u00f3pria <strong>comunidade<\/strong>, que contribui constantemente com doa\u00e7\u00f5es \u2013 o Grupo Santa Casa de Franca n\u00e3o para de inovar e evoluir, investindo em qualidade, tecnologia e valor humano\u201d, conclui o presidente.<\/p>\n<p><img data-recalc-dims=\"1\" loading=\"lazy\" decoding=\"async\" class=\" wp-image-46159 alignright\" src=\"https:\/\/i0.wp.com\/verdadeon.com.br\/portal\/wp-content\/uploads\/2024\/06\/fhdrhr.jpg?resize=356%2C164&#038;ssl=1\" alt=\"\" width=\"356\" height=\"164\" srcset=\"https:\/\/i0.wp.com\/verdadeon.com.br\/portal\/wp-content\/uploads\/2024\/06\/fhdrhr.jpg?w=1280&amp;ssl=1 1280w, https:\/\/i0.wp.com\/verdadeon.com.br\/portal\/wp-content\/uploads\/2024\/06\/fhdrhr.jpg?resize=300%2C138&amp;ssl=1 300w, https:\/\/i0.wp.com\/verdadeon.com.br\/portal\/wp-content\/uploads\/2024\/06\/fhdrhr.jpg?resize=1024%2C472&amp;ssl=1 1024w, https:\/\/i0.wp.com\/verdadeon.com.br\/portal\/wp-content\/uploads\/2024\/06\/fhdrhr.jpg?resize=768%2C354&amp;ssl=1 768w, https:\/\/i0.wp.com\/verdadeon.com.br\/portal\/wp-content\/uploads\/2024\/06\/fhdrhr.jpg?resize=260%2C120&amp;ssl=1 260w, https:\/\/i0.wp.com\/verdadeon.com.br\/portal\/wp-content\/uploads\/2024\/06\/fhdrhr.jpg?resize=50%2C23&amp;ssl=1 50w, https:\/\/i0.wp.com\/verdadeon.com.br\/portal\/wp-content\/uploads\/2024\/06\/fhdrhr.jpg?resize=150%2C69&amp;ssl=1 150w\" sizes=\"auto, (max-width: 356px) 100vw, 356px\" \/>Com seus 127 anos de hist\u00f3ria, a institui\u00e7\u00e3o permanece atuante e em constante evolu\u00e7\u00e3o; entre muitas a\u00e7\u00f5es, algumas t\u00eam se destacado, como a implanta\u00e7\u00e3o do <strong>novo Laborat\u00f3rio \u2018Santa Casa Mais\u2019<\/strong> \u2013 a maior estrutura laboratorial de an\u00e1lises cl\u00ednicas da regi\u00e3o \u2013 \u00e9 um inovador conceito em equipamento de sa\u00fade com qualidade e efici\u00eancia, que chegou para ficar e continuar sempre com novos lan\u00e7amentos e grandes inova\u00e7\u00f5es em um mercado que evolui rapidamente com aplica\u00e7\u00e3o da tecnologia a servi\u00e7o da vida! Alinhado ao mais novo conceito de <strong>Hospital 100% Digital<\/strong>, o <strong>Laborat\u00f3rio \u2018Santa Casa Mais\u2019 \u00e9 equipado com avan\u00e7adas tecnologias<\/strong>, que facilitam o acesso dos usu\u00e1rios aos resultados de exames \u2013 podendo baixar estes arquivos em seus dispositivos eletr\u00f4nicos para acesso a qualquer momento \u2013 al\u00e9m de gerar laudos de exames em formato digital, com alta precis\u00e3o e resultados extremamente pontuais, proporcionando muito mais informa\u00e7\u00f5es aos m\u00e9dicos para que estes possam chegar a diagn\u00f3sticos precisos. Al\u00e9m disso, existe a seguran\u00e7a digital, proporcionada por um armazenamento de dados em nossos servidores, o que permite ao usu\u00e1rio acessar sempre que necessitar. Dispondo de um vasto parque tecnol\u00f3gico, o <strong>Laborat\u00f3rio \u2018Santa Casa Mais\u2019 oferece uma ampla gama de exames cl\u00ednicos laboratoriais<\/strong> \u2013 al\u00e9m de servi\u00e7os de diagn\u00f3sticos por imagem como Tomografia Computadorizada, Resson\u00e2ncia Magn\u00e9tica revitalizada (oferecendo exames ainda mais precisos, r\u00e1pidos e com emiss\u00e3o de laudos diferenciados, feitos por m\u00e9dicos especialistas e <u>subespecialistas<\/u>), Raio X Digital, nova Hemodin\u00e2mica (que j\u00e1 est\u00e1 em fase de implanta\u00e7\u00e3o), nova Mamografia (com equipamento e tecnologia de ponta), entre outros servi\u00e7os que ser\u00e3o inaugurados em breve.<\/p>\n<p><img data-recalc-dims=\"1\" loading=\"lazy\" decoding=\"async\" class=\"wp-image-46160 alignleft\" src=\"https:\/\/i0.wp.com\/verdadeon.com.br\/portal\/wp-content\/uploads\/2024\/06\/sryhaerhear.jpg?resize=450%2C207&#038;ssl=1\" alt=\"\" width=\"450\" height=\"207\" srcset=\"https:\/\/i0.wp.com\/verdadeon.com.br\/portal\/wp-content\/uploads\/2024\/06\/sryhaerhear.jpg?w=840&amp;ssl=1 840w, https:\/\/i0.wp.com\/verdadeon.com.br\/portal\/wp-content\/uploads\/2024\/06\/sryhaerhear.jpg?resize=300%2C138&amp;ssl=1 300w, https:\/\/i0.wp.com\/verdadeon.com.br\/portal\/wp-content\/uploads\/2024\/06\/sryhaerhear.jpg?resize=768%2C354&amp;ssl=1 768w, https:\/\/i0.wp.com\/verdadeon.com.br\/portal\/wp-content\/uploads\/2024\/06\/sryhaerhear.jpg?resize=260%2C120&amp;ssl=1 260w, https:\/\/i0.wp.com\/verdadeon.com.br\/portal\/wp-content\/uploads\/2024\/06\/sryhaerhear.jpg?resize=50%2C23&amp;ssl=1 50w, https:\/\/i0.wp.com\/verdadeon.com.br\/portal\/wp-content\/uploads\/2024\/06\/sryhaerhear.jpg?resize=150%2C69&amp;ssl=1 150w\" sizes=\"auto, (max-width: 450px) 100vw, 450px\" \/>Outra expressiva realiza\u00e7\u00e3o foi a inaugura\u00e7\u00e3o da <strong>Lavanderia Hospitalar<\/strong>, que possui equipamentos com alta tecnologia, totalmente computadorizados, com sistemas de seguran\u00e7a e maquin\u00e1rios com controles de dosagem de produtos automatizados, gerando economia, uso racional de recursos como \u00e1gua e subst\u00e2ncias espec\u00edficas, al\u00e9m de colaborar para baixa produ\u00e7\u00e3o de res\u00edduos para o meio ambiente. E sua grande import\u00e2ncia para a estrutura hospitalar \u00e9 garantir a seguran\u00e7a do paciente e dos colaboradores contra dissemina\u00e7\u00e3o de infec\u00e7\u00f5es hospitalares, mantendo todos os enxovais utilizados em perfeita assepsia.<\/p>\n<p><img data-recalc-dims=\"1\" loading=\"lazy\" decoding=\"async\" class=\" wp-image-46161 alignright\" src=\"https:\/\/i0.wp.com\/verdadeon.com.br\/portal\/wp-content\/uploads\/2024\/06\/fhdrherhew.jpg?resize=395%2C188&#038;ssl=1\" alt=\"\" width=\"395\" height=\"188\" srcset=\"https:\/\/i0.wp.com\/verdadeon.com.br\/portal\/wp-content\/uploads\/2024\/06\/fhdrherhew.jpg?w=1104&amp;ssl=1 1104w, https:\/\/i0.wp.com\/verdadeon.com.br\/portal\/wp-content\/uploads\/2024\/06\/fhdrherhew.jpg?resize=300%2C143&amp;ssl=1 300w, https:\/\/i0.wp.com\/verdadeon.com.br\/portal\/wp-content\/uploads\/2024\/06\/fhdrherhew.jpg?resize=1024%2C488&amp;ssl=1 1024w, https:\/\/i0.wp.com\/verdadeon.com.br\/portal\/wp-content\/uploads\/2024\/06\/fhdrherhew.jpg?resize=768%2C366&amp;ssl=1 768w, https:\/\/i0.wp.com\/verdadeon.com.br\/portal\/wp-content\/uploads\/2024\/06\/fhdrherhew.jpg?resize=260%2C124&amp;ssl=1 260w, https:\/\/i0.wp.com\/verdadeon.com.br\/portal\/wp-content\/uploads\/2024\/06\/fhdrherhew.jpg?resize=50%2C24&amp;ssl=1 50w, https:\/\/i0.wp.com\/verdadeon.com.br\/portal\/wp-content\/uploads\/2024\/06\/fhdrherhew.jpg?resize=150%2C71&amp;ssl=1 150w\" sizes=\"auto, (max-width: 395px) 100vw, 395px\" \/>Em 2022, foi inaugurado o <strong>Centro Multidisciplinar \u2018Santa Casa Mais\u2019<\/strong> \u2013 uma estrutura equipada com consult\u00f3rios m\u00e9dicos, salas de pr\u00e9 e p\u00f3s-consulta, sala de exames, sala de ultrassom e odontol\u00f3gica &#8211; com um corpo cl\u00ednico altamente qualificado, oferecendo mais de 20 especialidades, uma equipe completa para diminuir as filas e promover o acesso \u00e0 sa\u00fade. Atrav\u00e9s de modernas instala\u00e7\u00f5es, trabalha com uma equipe comprometida &#8211; e tamb\u00e9m realiza coletas domiciliares e no trabalho para exames, priorizando sempre a seguran\u00e7a e o conforto dos pacientes. O atendimento particular \u00e9 outro diferencial, sendo poss\u00edvel a aquisi\u00e7\u00e3o de consultas particulares utilizando os Cart\u00f5es do Santa Casa Mais com valores mais acess\u00edveis e descontos exclusivos para diferentes especialidades. A receita gerada com este equipamento particular \u00e9 utilizada para inova\u00e7\u00f5es e melhorias no atendimento SUS, promovendo um ciclo cont\u00ednuo de qualidade e excel\u00eancia.<\/p>\n<p><strong>HUMANIZA\u00c7\u00c3O E RESPEITO \u00c0 VIDA<\/strong><\/p>\n<p>Por\u00e9m, essa gigantesca estrutura s\u00f3 se mant\u00e9m em funcionamento e constante evolu\u00e7\u00e3o gra\u00e7as ao principal de todos os aspectos: o elemento humano. As pessoas \u00e9 que s\u00e3o o verdadeiro cora\u00e7\u00e3o desta grande m\u00e1quina de aten\u00e7\u00e3o \u00e0 sa\u00fade \u2013 trazendo para a institui\u00e7\u00e3o todos os seus conhecimentos t\u00e9cnicos, valores morais e \u00e9ticos e, principalmente, sua empatia pelo ser humano e acima de tudo, o foco total em salvar vidas! Todo o aparato tecnol\u00f3gico e estrutural oferece ferramentas que nas m\u00e3os certas geram os resultados esperados; aten\u00e7\u00e3o ao ser humano, amor ao que se faz e melhoria cont\u00ednua s\u00e3o os ingredientes para o sucesso de uma institui\u00e7\u00e3o centen\u00e1ria, que re\u00fane experi\u00eancia e modernidade para o bem das pessoas que comp\u00f5em nossa comunidade.<\/p>\n<p><img data-recalc-dims=\"1\" loading=\"lazy\" decoding=\"async\" class=\" wp-image-46162 alignright\" src=\"https:\/\/i0.wp.com\/verdadeon.com.br\/portal\/wp-content\/uploads\/2024\/06\/ergaerge.jpg?resize=332%2C223&#038;ssl=1\" alt=\"\" width=\"332\" height=\"223\" srcset=\"https:\/\/i0.wp.com\/verdadeon.com.br\/portal\/wp-content\/uploads\/2024\/06\/ergaerge.jpg?w=984&amp;ssl=1 984w, https:\/\/i0.wp.com\/verdadeon.com.br\/portal\/wp-content\/uploads\/2024\/06\/ergaerge.jpg?resize=300%2C201&amp;ssl=1 300w, https:\/\/i0.wp.com\/verdadeon.com.br\/portal\/wp-content\/uploads\/2024\/06\/ergaerge.jpg?resize=768%2C515&amp;ssl=1 768w, https:\/\/i0.wp.com\/verdadeon.com.br\/portal\/wp-content\/uploads\/2024\/06\/ergaerge.jpg?resize=218%2C146&amp;ssl=1 218w, https:\/\/i0.wp.com\/verdadeon.com.br\/portal\/wp-content\/uploads\/2024\/06\/ergaerge.jpg?resize=50%2C34&amp;ssl=1 50w, https:\/\/i0.wp.com\/verdadeon.com.br\/portal\/wp-content\/uploads\/2024\/06\/ergaerge.jpg?resize=112%2C75&amp;ssl=1 112w\" sizes=\"auto, (max-width: 332px) 100vw, 332px\" \/>A institui\u00e7\u00e3o atuou ainda, desde o in\u00edcio de 2020, no combate \u00e0 pandemia, quando criou um grande <strong>Centro COVID<\/strong>, com leitos de UTI e de Enfermaria, tornando-se rapidamente uma refer\u00eancia pela qualidade de seu corpo cl\u00ednico e equipes multidisciplinares \u2013 sendo escolhida entre v\u00e1rios centros especializados para participar do Programa de TeleUTI da Divis\u00e3o de Pneumologia e UTI Respirat\u00f3ria do InCor (Instituto do Cora\u00e7\u00e3o do Hospital das Cl\u00ednicas da FMUSP) \u2013 que visa promover o ensino e a pesquisa, com a dissemina\u00e7\u00e3o on-line do conhecimento, no intuito de auxiliar profissionais de sa\u00fade de todo o Brasil no enfrentamento \u00e0 COVID-19.<\/p>\n<p><strong>ACREDITA\u00c7\u00c3O ONA \u2013 mais uma conquista que se aproxima!<\/strong><\/p>\n<p>Ainda, al\u00e9m de diversos t\u00edtulos que a institui\u00e7\u00e3o j\u00e1 possui, conquistados ao longo de d\u00e9cadas, agora j\u00e1 est\u00e1 trabalhando para, nos pr\u00f3ximos meses, adquirir a certifica\u00e7\u00e3o da ONA (Organiza\u00e7\u00e3o Nacional de Acredita\u00e7\u00e3o) &#8211; um processo que visa reconhecer as Organiza\u00e7\u00f5es de Sa\u00fade que implementam as melhores pr\u00e1ticas da qualidade, de acordo com os padr\u00f5es e requisitos definidos pela metodologia do Sistema Brasileiro de Acredita\u00e7\u00e3o. O processo de acredita\u00e7\u00e3o assegura que as pr\u00e1ticas de qualidade, gest\u00e3o e assist\u00eancia \u00e0 sa\u00fade s\u00e3o aceit\u00e1veis, impactando direta e positivamente em todos os processos \u2013 e mais diretamente na assist\u00eancia, visando principalmente a seguran\u00e7a do paciente e excel\u00eancia nas pr\u00e1ticas de aten\u00e7\u00e3o \u00e0 sa\u00fade.<\/p>\n<p><strong><img data-recalc-dims=\"1\" loading=\"lazy\" decoding=\"async\" class=\" wp-image-46163 alignleft\" src=\"https:\/\/i0.wp.com\/verdadeon.com.br\/portal\/wp-content\/uploads\/2024\/06\/regherer.jpg?resize=98%2C125&#038;ssl=1\" alt=\"\" width=\"98\" height=\"125\" srcset=\"https:\/\/i0.wp.com\/verdadeon.com.br\/portal\/wp-content\/uploads\/2024\/06\/regherer.jpg?w=292&amp;ssl=1 292w, https:\/\/i0.wp.com\/verdadeon.com.br\/portal\/wp-content\/uploads\/2024\/06\/regherer.jpg?resize=235%2C300&amp;ssl=1 235w, https:\/\/i0.wp.com\/verdadeon.com.br\/portal\/wp-content\/uploads\/2024\/06\/regherer.jpg?resize=114%2C146&amp;ssl=1 114w, https:\/\/i0.wp.com\/verdadeon.com.br\/portal\/wp-content\/uploads\/2024\/06\/regherer.jpg?resize=39%2C50&amp;ssl=1 39w, https:\/\/i0.wp.com\/verdadeon.com.br\/portal\/wp-content\/uploads\/2024\/06\/regherer.jpg?resize=59%2C75&amp;ssl=1 59w\" sizes=\"auto, (max-width: 98px) 100vw, 98px\" \/>Thiago Silva<\/strong>, administrador hospitalar do Grupo, falou: \u201cO processo de Acredita\u00e7\u00e3o \u00e9 uma iniciativa do pr\u00f3prio Grupo Santa Casa de Franca, com o objetivo de elevar o seu padr\u00e3o em busca da excel\u00eancia. Recebendo a Acredita\u00e7\u00e3o estaremos aptos a trabalhar de maneira ainda mais organizada, com acompanhamento de indicadores, e orientados para melhores tomadas de decis\u00e3o, sempre com foco na melhoria cont\u00ednua dos processos da assist\u00eancia e ampliando a seguran\u00e7a do paciente, que \u00e9 nossa prioridade&#8221;, concluiu.<\/p>\n<p><strong>Diretoria T\u00e9cnica<\/strong><\/p>\n<p><strong><img data-recalc-dims=\"1\" loading=\"lazy\" decoding=\"async\" class=\" wp-image-46164 alignright\" src=\"https:\/\/i0.wp.com\/verdadeon.com.br\/portal\/wp-content\/uploads\/2024\/06\/fgergher.jpg?resize=154%2C290&#038;ssl=1\" alt=\"\" width=\"154\" height=\"290\" srcset=\"https:\/\/i0.wp.com\/verdadeon.com.br\/portal\/wp-content\/uploads\/2024\/06\/fgergher.jpg?w=256&amp;ssl=1 256w, https:\/\/i0.wp.com\/verdadeon.com.br\/portal\/wp-content\/uploads\/2024\/06\/fgergher.jpg?resize=159%2C300&amp;ssl=1 159w, https:\/\/i0.wp.com\/verdadeon.com.br\/portal\/wp-content\/uploads\/2024\/06\/fgergher.jpg?resize=77%2C146&amp;ssl=1 77w, https:\/\/i0.wp.com\/verdadeon.com.br\/portal\/wp-content\/uploads\/2024\/06\/fgergher.jpg?resize=27%2C50&amp;ssl=1 27w, https:\/\/i0.wp.com\/verdadeon.com.br\/portal\/wp-content\/uploads\/2024\/06\/fgergher.jpg?resize=40%2C75&amp;ssl=1 40w\" sizes=\"auto, (max-width: 154px) 100vw, 154px\" \/>Dr. Eduardo Migani Teixeira, <\/strong>diretor t\u00e9cnico da \u00e1rea m\u00e9dica da Santa Casa de Franca, relata: \u201cO Grupo Santa Casa de Franca, sendo uma institui\u00e7\u00e3o de grande porte e atendimentos de alta complexidade, trabalha com uma estrutura de gest\u00e3o tanto administrativa quanto m\u00e9dica em diversos n\u00edveis; mas o grande diferencial \u00e9 que todos esses n\u00edveis da gest\u00e3o est\u00e3o apoiados na mesma miss\u00e3o, vis\u00e3o e valores \u2013 e oferecem total respaldo uns aos outros, o que proporciona alta efici\u00eancia e efic\u00e1cia nas tomadas de decis\u00e3o. Essa forma de gerir a institui\u00e7\u00e3o impacta direta e positivamente na qualidade da assist\u00eancia aos pacientes e ao p\u00fablico em geral aqui atendidos, gerando altos \u00edndices de satisfa\u00e7\u00e3o. Na diretoria t\u00e9cnica, trabalhamos muito pr\u00f3ximos e alinhados a todos os colegas m\u00e9dicos e equipe multidisciplinar, sempre mantendo o di\u00e1logo, a troca constante de informa\u00e7\u00f5es e uma constru\u00e7\u00e3o coletiva do conhecimento. Assim, proporcionamos um ambiente saud\u00e1vel de trabalho, aproveitando ao m\u00e1ximo o potencial de cada profissional dentro de sua \u00e1rea de atua\u00e7\u00e3o; lembrando que contamos sempre com o total apoio da Diretoria Administrativa do Grupo Santa Casa\u201d, concluiu.<\/p>\n<p><strong>\u00a0<\/strong><strong>Aquisi\u00e7\u00f5es com apoio de parcerias parlamentares e da sociedade:<\/strong><\/p>\n<p><strong>\u00a0&#8211;<\/strong><strong>\u00a0Ultrassom Port\u00e1til<\/strong><\/p>\n<p><img data-recalc-dims=\"1\" loading=\"lazy\" decoding=\"async\" class=\"alignnone size-full wp-image-46165\" src=\"https:\/\/i0.wp.com\/verdadeon.com.br\/portal\/wp-content\/uploads\/2024\/06\/drherh.jpg?resize=1181%2C886&#038;ssl=1\" alt=\"\" width=\"1181\" height=\"886\" srcset=\"https:\/\/i0.wp.com\/verdadeon.com.br\/portal\/wp-content\/uploads\/2024\/06\/drherh.jpg?w=1181&amp;ssl=1 1181w, https:\/\/i0.wp.com\/verdadeon.com.br\/portal\/wp-content\/uploads\/2024\/06\/drherh.jpg?resize=300%2C225&amp;ssl=1 300w, https:\/\/i0.wp.com\/verdadeon.com.br\/portal\/wp-content\/uploads\/2024\/06\/drherh.jpg?resize=1024%2C768&amp;ssl=1 1024w, https:\/\/i0.wp.com\/verdadeon.com.br\/portal\/wp-content\/uploads\/2024\/06\/drherh.jpg?resize=768%2C576&amp;ssl=1 768w, https:\/\/i0.wp.com\/verdadeon.com.br\/portal\/wp-content\/uploads\/2024\/06\/drherh.jpg?resize=195%2C146&amp;ssl=1 195w, https:\/\/i0.wp.com\/verdadeon.com.br\/portal\/wp-content\/uploads\/2024\/06\/drherh.jpg?resize=50%2C38&amp;ssl=1 50w, https:\/\/i0.wp.com\/verdadeon.com.br\/portal\/wp-content\/uploads\/2024\/06\/drherh.jpg?resize=100%2C75&amp;ssl=1 100w\" sizes=\"auto, (max-width: 1181px) 100vw, 1181px\" \/><\/p>\n<p><strong>&#8211; Mam\u00f3grafo<\/strong><\/p>\n<p><img data-recalc-dims=\"1\" loading=\"lazy\" decoding=\"async\" class=\"alignnone size-full wp-image-46166\" src=\"https:\/\/i0.wp.com\/verdadeon.com.br\/portal\/wp-content\/uploads\/2024\/06\/drhaerh.jpg?resize=1220%2C686&#038;ssl=1\" alt=\"\" width=\"1220\" height=\"686\" srcset=\"https:\/\/i0.wp.com\/verdadeon.com.br\/portal\/wp-content\/uploads\/2024\/06\/drhaerh.jpg?w=1539&amp;ssl=1 1539w, https:\/\/i0.wp.com\/verdadeon.com.br\/portal\/wp-content\/uploads\/2024\/06\/drhaerh.jpg?resize=300%2C169&amp;ssl=1 300w, https:\/\/i0.wp.com\/verdadeon.com.br\/portal\/wp-content\/uploads\/2024\/06\/drhaerh.jpg?resize=1024%2C576&amp;ssl=1 1024w, https:\/\/i0.wp.com\/verdadeon.com.br\/portal\/wp-content\/uploads\/2024\/06\/drhaerh.jpg?resize=768%2C432&amp;ssl=1 768w, https:\/\/i0.wp.com\/verdadeon.com.br\/portal\/wp-content\/uploads\/2024\/06\/drhaerh.jpg?resize=1536%2C864&amp;ssl=1 1536w, https:\/\/i0.wp.com\/verdadeon.com.br\/portal\/wp-content\/uploads\/2024\/06\/drhaerh.jpg?resize=260%2C146&amp;ssl=1 260w, https:\/\/i0.wp.com\/verdadeon.com.br\/portal\/wp-content\/uploads\/2024\/06\/drhaerh.jpg?resize=50%2C28&amp;ssl=1 50w, https:\/\/i0.wp.com\/verdadeon.com.br\/portal\/wp-content\/uploads\/2024\/06\/drhaerh.jpg?resize=133%2C75&amp;ssl=1 133w\" sizes=\"auto, (max-width: 1220px) 100vw, 1220px\" \/><\/p>\n<p><strong>&#8211; Arco Cir\u00fargico<\/strong><\/p>\n<p><img data-recalc-dims=\"1\" loading=\"lazy\" decoding=\"async\" class=\"alignnone size-full wp-image-46167\" src=\"https:\/\/i0.wp.com\/verdadeon.com.br\/portal\/wp-content\/uploads\/2024\/06\/rhaerher.jpg?resize=1220%2C915&#038;ssl=1\" alt=\"\" width=\"1220\" height=\"915\" srcset=\"https:\/\/i0.wp.com\/verdadeon.com.br\/portal\/wp-content\/uploads\/2024\/06\/rhaerher.jpg?w=1575&amp;ssl=1 1575w, https:\/\/i0.wp.com\/verdadeon.com.br\/portal\/wp-content\/uploads\/2024\/06\/rhaerher.jpg?resize=300%2C225&amp;ssl=1 300w, https:\/\/i0.wp.com\/verdadeon.com.br\/portal\/wp-content\/uploads\/2024\/06\/rhaerher.jpg?resize=1024%2C768&amp;ssl=1 1024w, https:\/\/i0.wp.com\/verdadeon.com.br\/portal\/wp-content\/uploads\/2024\/06\/rhaerher.jpg?resize=768%2C576&amp;ssl=1 768w, https:\/\/i0.wp.com\/verdadeon.com.br\/portal\/wp-content\/uploads\/2024\/06\/rhaerher.jpg?resize=1536%2C1152&amp;ssl=1 1536w, https:\/\/i0.wp.com\/verdadeon.com.br\/portal\/wp-content\/uploads\/2024\/06\/rhaerher.jpg?resize=195%2C146&amp;ssl=1 195w, https:\/\/i0.wp.com\/verdadeon.com.br\/portal\/wp-content\/uploads\/2024\/06\/rhaerher.jpg?resize=50%2C37&amp;ssl=1 50w, https:\/\/i0.wp.com\/verdadeon.com.br\/portal\/wp-content\/uploads\/2024\/06\/rhaerher.jpg?resize=100%2C75&amp;ssl=1 100w\" sizes=\"auto, (max-width: 1220px) 100vw, 1220px\" \/><\/p>\n<p><strong>&#8211; Raio X Port\u00e1til<\/strong><\/p>\n<p><img data-recalc-dims=\"1\" loading=\"lazy\" decoding=\"async\" class=\"alignnone size-full wp-image-46168\" src=\"https:\/\/i0.wp.com\/verdadeon.com.br\/portal\/wp-content\/uploads\/2024\/06\/adrher.jpg?resize=1220%2C1828&#038;ssl=1\" alt=\"\" width=\"1220\" height=\"1828\" srcset=\"https:\/\/i0.wp.com\/verdadeon.com.br\/portal\/wp-content\/uploads\/2024\/06\/adrher.jpg?w=1538&amp;ssl=1 1538w, https:\/\/i0.wp.com\/verdadeon.com.br\/portal\/wp-content\/uploads\/2024\/06\/adrher.jpg?resize=200%2C300&amp;ssl=1 200w, https:\/\/i0.wp.com\/verdadeon.com.br\/portal\/wp-content\/uploads\/2024\/06\/adrher.jpg?resize=684%2C1024&amp;ssl=1 684w, https:\/\/i0.wp.com\/verdadeon.com.br\/portal\/wp-content\/uploads\/2024\/06\/adrher.jpg?resize=768%2C1151&amp;ssl=1 768w, https:\/\/i0.wp.com\/verdadeon.com.br\/portal\/wp-content\/uploads\/2024\/06\/adrher.jpg?resize=1025%2C1536&amp;ssl=1 1025w, https:\/\/i0.wp.com\/verdadeon.com.br\/portal\/wp-content\/uploads\/2024\/06\/adrher.jpg?resize=1367%2C2048&amp;ssl=1 1367w, https:\/\/i0.wp.com\/verdadeon.com.br\/portal\/wp-content\/uploads\/2024\/06\/adrher.jpg?resize=97%2C146&amp;ssl=1 97w, https:\/\/i0.wp.com\/verdadeon.com.br\/portal\/wp-content\/uploads\/2024\/06\/adrher.jpg?resize=33%2C50&amp;ssl=1 33w, https:\/\/i0.wp.com\/verdadeon.com.br\/portal\/wp-content\/uploads\/2024\/06\/adrher.jpg?resize=50%2C75&amp;ssl=1 50w\" sizes=\"auto, (max-width: 1220px) 100vw, 1220px\" \/><\/p>\n<p><strong>&#8211; Digitalizador de Raios X<\/strong><\/p>\n<p><strong> <img data-recalc-dims=\"1\" loading=\"lazy\" decoding=\"async\" class=\"alignnone size-full wp-image-46169\" src=\"https:\/\/i0.wp.com\/verdadeon.com.br\/portal\/wp-content\/uploads\/2024\/06\/tudtyu.jpg?resize=1220%2C813&#038;ssl=1\" alt=\"\" width=\"1220\" height=\"813\" srcset=\"https:\/\/i0.wp.com\/verdadeon.com.br\/portal\/wp-content\/uploads\/2024\/06\/tudtyu.jpg?w=1350&amp;ssl=1 1350w, https:\/\/i0.wp.com\/verdadeon.com.br\/portal\/wp-content\/uploads\/2024\/06\/tudtyu.jpg?resize=300%2C200&amp;ssl=1 300w, https:\/\/i0.wp.com\/verdadeon.com.br\/portal\/wp-content\/uploads\/2024\/06\/tudtyu.jpg?resize=1024%2C683&amp;ssl=1 1024w, https:\/\/i0.wp.com\/verdadeon.com.br\/portal\/wp-content\/uploads\/2024\/06\/tudtyu.jpg?resize=768%2C512&amp;ssl=1 768w, https:\/\/i0.wp.com\/verdadeon.com.br\/portal\/wp-content\/uploads\/2024\/06\/tudtyu.jpg?resize=219%2C146&amp;ssl=1 219w, https:\/\/i0.wp.com\/verdadeon.com.br\/portal\/wp-content\/uploads\/2024\/06\/tudtyu.jpg?resize=50%2C33&amp;ssl=1 50w, https:\/\/i0.wp.com\/verdadeon.com.br\/portal\/wp-content\/uploads\/2024\/06\/tudtyu.jpg?resize=113%2C75&amp;ssl=1 113w\" sizes=\"auto, (max-width: 1220px) 100vw, 1220px\" \/><\/strong><\/p>\n<p><strong>&#8211; Resson\u00e2ncia Magn\u00e9tica<\/strong><\/p>\n<p><img data-recalc-dims=\"1\" loading=\"lazy\" decoding=\"async\" class=\"alignnone size-full wp-image-46170\" src=\"https:\/\/i0.wp.com\/verdadeon.com.br\/portal\/wp-content\/uploads\/2024\/06\/breerger.jpg?resize=1220%2C915&#038;ssl=1\" alt=\"\" width=\"1220\" height=\"915\" srcset=\"https:\/\/i0.wp.com\/verdadeon.com.br\/portal\/wp-content\/uploads\/2024\/06\/breerger.jpg?w=1350&amp;ssl=1 1350w, https:\/\/i0.wp.com\/verdadeon.com.br\/portal\/wp-content\/uploads\/2024\/06\/breerger.jpg?resize=300%2C225&amp;ssl=1 300w, https:\/\/i0.wp.com\/verdadeon.com.br\/portal\/wp-content\/uploads\/2024\/06\/breerger.jpg?resize=1024%2C768&amp;ssl=1 1024w, https:\/\/i0.wp.com\/verdadeon.com.br\/portal\/wp-content\/uploads\/2024\/06\/breerger.jpg?resize=768%2C576&amp;ssl=1 768w, https:\/\/i0.wp.com\/verdadeon.com.br\/portal\/wp-content\/uploads\/2024\/06\/breerger.jpg?resize=195%2C146&amp;ssl=1 195w, https:\/\/i0.wp.com\/verdadeon.com.br\/portal\/wp-content\/uploads\/2024\/06\/breerger.jpg?resize=50%2C37&amp;ssl=1 50w, https:\/\/i0.wp.com\/verdadeon.com.br\/portal\/wp-content\/uploads\/2024\/06\/breerger.jpg?resize=100%2C75&amp;ssl=1 100w\" sizes=\"auto, (max-width: 1220px) 100vw, 1220px\" \/><\/p>\n<p><strong>&#8211; Hemodin\u00e2mica<\/strong><\/p>\n<div id=\"attachment_46171\" style=\"width: 1549px\" class=\"wp-caption alignnone\"><img data-recalc-dims=\"1\" loading=\"lazy\" decoding=\"async\" aria-describedby=\"caption-attachment-46171\" class=\"wp-image-46171 size-full\" src=\"https:\/\/i0.wp.com\/verdadeon.com.br\/portal\/wp-content\/uploads\/2024\/06\/dgewg.jpg?resize=1220%2C686&#038;ssl=1\" alt=\"\" width=\"1220\" height=\"686\" srcset=\"https:\/\/i0.wp.com\/verdadeon.com.br\/portal\/wp-content\/uploads\/2024\/06\/dgewg.jpg?w=1539&amp;ssl=1 1539w, https:\/\/i0.wp.com\/verdadeon.com.br\/portal\/wp-content\/uploads\/2024\/06\/dgewg.jpg?resize=300%2C169&amp;ssl=1 300w, https:\/\/i0.wp.com\/verdadeon.com.br\/portal\/wp-content\/uploads\/2024\/06\/dgewg.jpg?resize=1024%2C576&amp;ssl=1 1024w, https:\/\/i0.wp.com\/verdadeon.com.br\/portal\/wp-content\/uploads\/2024\/06\/dgewg.jpg?resize=768%2C432&amp;ssl=1 768w, https:\/\/i0.wp.com\/verdadeon.com.br\/portal\/wp-content\/uploads\/2024\/06\/dgewg.jpg?resize=1536%2C864&amp;ssl=1 1536w, https:\/\/i0.wp.com\/verdadeon.com.br\/portal\/wp-content\/uploads\/2024\/06\/dgewg.jpg?resize=260%2C146&amp;ssl=1 260w, https:\/\/i0.wp.com\/verdadeon.com.br\/portal\/wp-content\/uploads\/2024\/06\/dgewg.jpg?resize=50%2C28&amp;ssl=1 50w, https:\/\/i0.wp.com\/verdadeon.com.br\/portal\/wp-content\/uploads\/2024\/06\/dgewg.jpg?resize=133%2C75&amp;ssl=1 133w\" sizes=\"auto, (max-width: 1220px) 100vw, 1220px\" \/><p id=\"caption-attachment-46171\" class=\"wp-caption-text\">Acima, imagem real do equipamento instalado na sala da Hemodin\u00e2mica, adquirido com verba parlamentar indicada pela Deputada Estadual Delegada Graciela<\/p><\/div>\n<div id=\"attachment_46172\" style=\"width: 1549px\" class=\"wp-caption alignnone\"><img data-recalc-dims=\"1\" loading=\"lazy\" decoding=\"async\" aria-describedby=\"caption-attachment-46172\" class=\"size-full wp-image-46172\" src=\"https:\/\/i0.wp.com\/verdadeon.com.br\/portal\/wp-content\/uploads\/2024\/06\/egesgf.jpg?resize=1220%2C686&#038;ssl=1\" alt=\"\" width=\"1220\" height=\"686\" srcset=\"https:\/\/i0.wp.com\/verdadeon.com.br\/portal\/wp-content\/uploads\/2024\/06\/egesgf.jpg?w=1539&amp;ssl=1 1539w, https:\/\/i0.wp.com\/verdadeon.com.br\/portal\/wp-content\/uploads\/2024\/06\/egesgf.jpg?resize=300%2C169&amp;ssl=1 300w, https:\/\/i0.wp.com\/verdadeon.com.br\/portal\/wp-content\/uploads\/2024\/06\/egesgf.jpg?resize=1024%2C576&amp;ssl=1 1024w, https:\/\/i0.wp.com\/verdadeon.com.br\/portal\/wp-content\/uploads\/2024\/06\/egesgf.jpg?resize=768%2C432&amp;ssl=1 768w, https:\/\/i0.wp.com\/verdadeon.com.br\/portal\/wp-content\/uploads\/2024\/06\/egesgf.jpg?resize=1536%2C864&amp;ssl=1 1536w, https:\/\/i0.wp.com\/verdadeon.com.br\/portal\/wp-content\/uploads\/2024\/06\/egesgf.jpg?resize=260%2C146&amp;ssl=1 260w, https:\/\/i0.wp.com\/verdadeon.com.br\/portal\/wp-content\/uploads\/2024\/06\/egesgf.jpg?resize=50%2C28&amp;ssl=1 50w, https:\/\/i0.wp.com\/verdadeon.com.br\/portal\/wp-content\/uploads\/2024\/06\/egesgf.jpg?resize=133%2C75&amp;ssl=1 133w\" sizes=\"auto, (max-width: 1220px) 100vw, 1220px\" \/><p id=\"caption-attachment-46172\" class=\"wp-caption-text\">Sala de controle do equipamento de Hemodin\u00e2mica<\/p><\/div>\n<p><strong>\u00a0&#8211;<\/strong><strong>\u00a0Raio X Telecomandado<\/strong><\/p>\n<p><strong> <img data-recalc-dims=\"1\" loading=\"lazy\" decoding=\"async\" class=\"alignnone size-full wp-image-46173\" src=\"https:\/\/i0.wp.com\/verdadeon.com.br\/portal\/wp-content\/uploads\/2024\/06\/fehr.jpg?resize=1220%2C801&#038;ssl=1\" alt=\"\" width=\"1220\" height=\"801\" srcset=\"https:\/\/i0.wp.com\/verdadeon.com.br\/portal\/wp-content\/uploads\/2024\/06\/fehr.jpg?w=1537&amp;ssl=1 1537w, https:\/\/i0.wp.com\/verdadeon.com.br\/portal\/wp-content\/uploads\/2024\/06\/fehr.jpg?resize=300%2C197&amp;ssl=1 300w, https:\/\/i0.wp.com\/verdadeon.com.br\/portal\/wp-content\/uploads\/2024\/06\/fehr.jpg?resize=1024%2C672&amp;ssl=1 1024w, https:\/\/i0.wp.com\/verdadeon.com.br\/portal\/wp-content\/uploads\/2024\/06\/fehr.jpg?resize=768%2C504&amp;ssl=1 768w, https:\/\/i0.wp.com\/verdadeon.com.br\/portal\/wp-content\/uploads\/2024\/06\/fehr.jpg?resize=222%2C146&amp;ssl=1 222w, https:\/\/i0.wp.com\/verdadeon.com.br\/portal\/wp-content\/uploads\/2024\/06\/fehr.jpg?resize=50%2C33&amp;ssl=1 50w, https:\/\/i0.wp.com\/verdadeon.com.br\/portal\/wp-content\/uploads\/2024\/06\/fehr.jpg?resize=114%2C75&amp;ssl=1 114w\" sizes=\"auto, (max-width: 1220px) 100vw, 1220px\" \/><\/strong><\/p>\n<p><strong>&#8211; Revitaliza\u00e7\u00e3o Leitos da UTI<\/strong><\/p>\n<p><strong> <img data-recalc-dims=\"1\" loading=\"lazy\" decoding=\"async\" class=\"alignnone size-full wp-image-46174\" src=\"https:\/\/i0.wp.com\/verdadeon.com.br\/portal\/wp-content\/uploads\/2024\/06\/tfxth.jpg?resize=1220%2C566&#038;ssl=1\" alt=\"\" width=\"1220\" height=\"566\" srcset=\"https:\/\/i0.wp.com\/verdadeon.com.br\/portal\/wp-content\/uploads\/2024\/06\/tfxth.jpg?w=1540&amp;ssl=1 1540w, https:\/\/i0.wp.com\/verdadeon.com.br\/portal\/wp-content\/uploads\/2024\/06\/tfxth.jpg?resize=300%2C139&amp;ssl=1 300w, https:\/\/i0.wp.com\/verdadeon.com.br\/portal\/wp-content\/uploads\/2024\/06\/tfxth.jpg?resize=1024%2C475&amp;ssl=1 1024w, https:\/\/i0.wp.com\/verdadeon.com.br\/portal\/wp-content\/uploads\/2024\/06\/tfxth.jpg?resize=768%2C357&amp;ssl=1 768w, https:\/\/i0.wp.com\/verdadeon.com.br\/portal\/wp-content\/uploads\/2024\/06\/tfxth.jpg?resize=1536%2C713&amp;ssl=1 1536w, https:\/\/i0.wp.com\/verdadeon.com.br\/portal\/wp-content\/uploads\/2024\/06\/tfxth.jpg?resize=260%2C121&amp;ssl=1 260w, https:\/\/i0.wp.com\/verdadeon.com.br\/portal\/wp-content\/uploads\/2024\/06\/tfxth.jpg?resize=50%2C23&amp;ssl=1 50w, https:\/\/i0.wp.com\/verdadeon.com.br\/portal\/wp-content\/uploads\/2024\/06\/tfxth.jpg?resize=150%2C70&amp;ssl=1 150w\" sizes=\"auto, (max-width: 1220px) 100vw, 1220px\" \/><\/strong><\/p>\n<p><strong>&#8211; UCINCo (Unidade de Cuidados Intermedi\u00e1rios Neonatal Convencional)<\/strong><\/p>\n<p><strong><img data-recalc-dims=\"1\" loading=\"lazy\" decoding=\"async\" class=\"alignnone size-full wp-image-46175\" src=\"https:\/\/i0.wp.com\/verdadeon.com.br\/portal\/wp-content\/uploads\/2024\/06\/arthrth.jpg?resize=1220%2C622&#038;ssl=1\" alt=\"\" width=\"1220\" height=\"622\" srcset=\"https:\/\/i0.wp.com\/verdadeon.com.br\/portal\/wp-content\/uploads\/2024\/06\/arthrth.jpg?w=1539&amp;ssl=1 1539w, https:\/\/i0.wp.com\/verdadeon.com.br\/portal\/wp-content\/uploads\/2024\/06\/arthrth.jpg?resize=300%2C153&amp;ssl=1 300w, https:\/\/i0.wp.com\/verdadeon.com.br\/portal\/wp-content\/uploads\/2024\/06\/arthrth.jpg?resize=1024%2C522&amp;ssl=1 1024w, https:\/\/i0.wp.com\/verdadeon.com.br\/portal\/wp-content\/uploads\/2024\/06\/arthrth.jpg?resize=768%2C392&amp;ssl=1 768w, https:\/\/i0.wp.com\/verdadeon.com.br\/portal\/wp-content\/uploads\/2024\/06\/arthrth.jpg?resize=1536%2C783&amp;ssl=1 1536w, https:\/\/i0.wp.com\/verdadeon.com.br\/portal\/wp-content\/uploads\/2024\/06\/arthrth.jpg?resize=260%2C133&amp;ssl=1 260w, https:\/\/i0.wp.com\/verdadeon.com.br\/portal\/wp-content\/uploads\/2024\/06\/arthrth.jpg?resize=50%2C26&amp;ssl=1 50w, https:\/\/i0.wp.com\/verdadeon.com.br\/portal\/wp-content\/uploads\/2024\/06\/arthrth.jpg?resize=147%2C75&amp;ssl=1 147w\" sizes=\"auto, (max-width: 1220px) 100vw, 1220px\" \/><\/strong><\/p>\n<p><strong>&#8211; Escada externa para evas\u00e3o de emerg\u00eancia<\/strong><\/p>\n<p><strong><img data-recalc-dims=\"1\" loading=\"lazy\" decoding=\"async\" class=\"alignnone size-full wp-image-46176\" src=\"https:\/\/i0.wp.com\/verdadeon.com.br\/portal\/wp-content\/uploads\/2024\/06\/jartjrt.jpg?resize=1220%2C731&#038;ssl=1\" alt=\"\" width=\"1220\" height=\"731\" srcset=\"https:\/\/i0.wp.com\/verdadeon.com.br\/portal\/wp-content\/uploads\/2024\/06\/jartjrt.jpg?w=1537&amp;ssl=1 1537w, https:\/\/i0.wp.com\/verdadeon.com.br\/portal\/wp-content\/uploads\/2024\/06\/jartjrt.jpg?resize=300%2C180&amp;ssl=1 300w, https:\/\/i0.wp.com\/verdadeon.com.br\/portal\/wp-content\/uploads\/2024\/06\/jartjrt.jpg?resize=1024%2C614&amp;ssl=1 1024w, https:\/\/i0.wp.com\/verdadeon.com.br\/portal\/wp-content\/uploads\/2024\/06\/jartjrt.jpg?resize=768%2C460&amp;ssl=1 768w, https:\/\/i0.wp.com\/verdadeon.com.br\/portal\/wp-content\/uploads\/2024\/06\/jartjrt.jpg?resize=244%2C146&amp;ssl=1 244w, https:\/\/i0.wp.com\/verdadeon.com.br\/portal\/wp-content\/uploads\/2024\/06\/jartjrt.jpg?resize=50%2C30&amp;ssl=1 50w, https:\/\/i0.wp.com\/verdadeon.com.br\/portal\/wp-content\/uploads\/2024\/06\/jartjrt.jpg?resize=125%2C75&amp;ssl=1 125w\" sizes=\"auto, (max-width: 1220px) 100vw, 1220px\" \/><\/strong><\/p>\n<p><strong>&#8211; Lavanderia hospitalar<\/strong><\/p>\n<p><img data-recalc-dims=\"1\" loading=\"lazy\" decoding=\"async\" class=\"alignnone size-full wp-image-46177\" src=\"https:\/\/i0.wp.com\/verdadeon.com.br\/portal\/wp-content\/uploads\/2024\/06\/ehweh.jpg?resize=1220%2C562&#038;ssl=1\" alt=\"\" width=\"1220\" height=\"562\" srcset=\"https:\/\/i0.wp.com\/verdadeon.com.br\/portal\/wp-content\/uploads\/2024\/06\/ehweh.jpg?w=1540&amp;ssl=1 1540w, https:\/\/i0.wp.com\/verdadeon.com.br\/portal\/wp-content\/uploads\/2024\/06\/ehweh.jpg?resize=300%2C138&amp;ssl=1 300w, https:\/\/i0.wp.com\/verdadeon.com.br\/portal\/wp-content\/uploads\/2024\/06\/ehweh.jpg?resize=1024%2C472&amp;ssl=1 1024w, https:\/\/i0.wp.com\/verdadeon.com.br\/portal\/wp-content\/uploads\/2024\/06\/ehweh.jpg?resize=768%2C354&amp;ssl=1 768w, https:\/\/i0.wp.com\/verdadeon.com.br\/portal\/wp-content\/uploads\/2024\/06\/ehweh.jpg?resize=1536%2C708&amp;ssl=1 1536w, https:\/\/i0.wp.com\/verdadeon.com.br\/portal\/wp-content\/uploads\/2024\/06\/ehweh.jpg?resize=260%2C120&amp;ssl=1 260w, https:\/\/i0.wp.com\/verdadeon.com.br\/portal\/wp-content\/uploads\/2024\/06\/ehweh.jpg?resize=50%2C23&amp;ssl=1 50w, https:\/\/i0.wp.com\/verdadeon.com.br\/portal\/wp-content\/uploads\/2024\/06\/ehweh.jpg?resize=150%2C69&amp;ssl=1 150w\" sizes=\"auto, (max-width: 1220px) 100vw, 1220px\" \/><\/p>\n<p><img data-recalc-dims=\"1\" loading=\"lazy\" decoding=\"async\" class=\"alignnone size-full wp-image-46178\" src=\"https:\/\/i0.wp.com\/verdadeon.com.br\/portal\/wp-content\/uploads\/2024\/06\/hwerh.jpg?resize=1220%2C562&#038;ssl=1\" alt=\"\" width=\"1220\" height=\"562\" srcset=\"https:\/\/i0.wp.com\/verdadeon.com.br\/portal\/wp-content\/uploads\/2024\/06\/hwerh.jpg?w=1540&amp;ssl=1 1540w, https:\/\/i0.wp.com\/verdadeon.com.br\/portal\/wp-content\/uploads\/2024\/06\/hwerh.jpg?resize=300%2C138&amp;ssl=1 300w, https:\/\/i0.wp.com\/verdadeon.com.br\/portal\/wp-content\/uploads\/2024\/06\/hwerh.jpg?resize=1024%2C472&amp;ssl=1 1024w, https:\/\/i0.wp.com\/verdadeon.com.br\/portal\/wp-content\/uploads\/2024\/06\/hwerh.jpg?resize=768%2C354&amp;ssl=1 768w, https:\/\/i0.wp.com\/verdadeon.com.br\/portal\/wp-content\/uploads\/2024\/06\/hwerh.jpg?resize=1536%2C708&amp;ssl=1 1536w, https:\/\/i0.wp.com\/verdadeon.com.br\/portal\/wp-content\/uploads\/2024\/06\/hwerh.jpg?resize=260%2C120&amp;ssl=1 260w, https:\/\/i0.wp.com\/verdadeon.com.br\/portal\/wp-content\/uploads\/2024\/06\/hwerh.jpg?resize=50%2C23&amp;ssl=1 50w, https:\/\/i0.wp.com\/verdadeon.com.br\/portal\/wp-content\/uploads\/2024\/06\/hwerh.jpg?resize=150%2C69&amp;ssl=1 150w\" sizes=\"auto, (max-width: 1220px) 100vw, 1220px\" \/><\/p>\n","protected":false},"excerpt":{"rendered":"<p>Fundada em 1897, institui\u00e7\u00e3o \u00e9 um Grupo Hospitalar de refer\u00eancia para 22 munic\u00edpios e mais de 800 mil pessoas, aliando experi\u00eancia e inova\u00e7\u00e3o para salvar vidas!<span class=\"excerpt-hellip\"> [\u2026]<\/span><\/p>\n","protected":false},"author":10,"featured_media":46179,"comment_status":"open","ping_status":"open","sticky":false,"template":"","format":"standard","meta":{"_jetpack_memberships_contains_paid_content":false,"footnotes":"","jetpack_publicize_message":"","jetpack_publicize_feature_enabled":true,"jetpack_social_post_already_shared":true,"jetpack_social_options":{"image_generator_settings":{"template":"highway","default_image_id":0,"enabled":false},"version":2}},"categories":[28,44],"tags":[],"class_list":["post-46157","post","type-post","status-publish","format-standard","has-post-thumbnail","hentry","category-cotidiano","category-noticias"],"yoast_head":"<!-- This site is optimized with the Yoast SEO plugin v25.6 - https:\/\/yoast.com\/wordpress\/plugins\/seo\/ -->\n<title>Santa Casa de Franca comemora 127 anos com vitalidade e experi\u00eancia - VerdadeOn<\/title>\n<meta name=\"robots\" content=\"index, follow, max-snippet:-1, max-image-preview:large, max-video-preview:-1\" \/>\n<link rel=\"canonical\" href=\"https:\/\/verdadeon.com.br\/portal\/2024\/06\/20\/santa-casa-de-franca-comemora-127-anos-com-vitalidade-e-experiencia\/\" \/>\n<meta property=\"og:locale\" content=\"pt_BR\" \/>\n<meta property=\"og:type\" content=\"article\" \/>\n<meta property=\"og:title\" content=\"Santa Casa de Franca comemora 127 anos com vitalidade e experi\u00eancia - VerdadeOn\" \/>\n<meta property=\"og:description\" content=\"Fundada em 1897, institui\u00e7\u00e3o \u00e9 um Grupo Hospitalar de refer\u00eancia para 22 munic\u00edpios e mais de 800 mil pessoas, aliando experi\u00eancia e inova\u00e7\u00e3o para salvar vidas! [\u2026]\" \/>\n<meta property=\"og:url\" content=\"https:\/\/verdadeon.com.br\/portal\/2024\/06\/20\/santa-casa-de-franca-comemora-127-anos-com-vitalidade-e-experiencia\/\" \/>\n<meta property=\"og:site_name\" content=\"VerdadeOn\" \/>\n<meta property=\"article:published_time\" content=\"2024-06-20T15:09:07+00:00\" \/>\n<meta property=\"og:image\" content=\"https:\/\/verdadeon.com.br\/portal\/wp-content\/uploads\/2024\/06\/rherherh.jpg\" \/>\n\t<meta property=\"og:image:width\" content=\"641\" \/>\n\t<meta property=\"og:image:height\" content=\"429\" \/>\n\t<meta property=\"og:image:type\" content=\"image\/jpeg\" \/>\n<meta name=\"author\" content=\"Redacao VerdadeOn\" \/>\n<meta name=\"twitter:card\" content=\"summary_large_image\" \/>\n<meta name=\"twitter:label1\" content=\"Escrito por\" \/>\n\t<meta name=\"twitter:data1\" content=\"Redacao VerdadeOn\" \/>\n\t<meta name=\"twitter:label2\" content=\"Est. tempo de leitura\" \/>\n\t<meta name=\"twitter:data2\" content=\"13 minutos\" \/>\n<script type=\"application\/ld+json\" class=\"yoast-schema-graph\">{\"@context\":\"https:\/\/schema.org\",\"@graph\":[{\"@type\":\"WebPage\",\"@id\":\"https:\/\/verdadeon.com.br\/portal\/2024\/06\/20\/santa-casa-de-franca-comemora-127-anos-com-vitalidade-e-experiencia\/\",\"url\":\"https:\/\/verdadeon.com.br\/portal\/2024\/06\/20\/santa-casa-de-franca-comemora-127-anos-com-vitalidade-e-experiencia\/\",\"name\":\"Santa Casa de Franca comemora 127 anos com vitalidade e experi\u00eancia - VerdadeOn\",\"isPartOf\":{\"@id\":\"https:\/\/verdadeon.com.br\/portal\/#website\"},\"primaryImageOfPage\":{\"@id\":\"https:\/\/verdadeon.com.br\/portal\/2024\/06\/20\/santa-casa-de-franca-comemora-127-anos-com-vitalidade-e-experiencia\/#primaryimage\"},\"image\":{\"@id\":\"https:\/\/verdadeon.com.br\/portal\/2024\/06\/20\/santa-casa-de-franca-comemora-127-anos-com-vitalidade-e-experiencia\/#primaryimage\"},\"thumbnailUrl\":\"https:\/\/i0.wp.com\/verdadeon.com.br\/portal\/wp-content\/uploads\/2024\/06\/rherherh.jpg?fit=641%2C429&ssl=1\",\"datePublished\":\"2024-06-20T15:09:07+00:00\",\"author\":{\"@id\":\"https:\/\/verdadeon.com.br\/portal\/#\/schema\/person\/a5060ad1e9ea3df545188fc93ce43d2f\"},\"breadcrumb\":{\"@id\":\"https:\/\/verdadeon.com.br\/portal\/2024\/06\/20\/santa-casa-de-franca-comemora-127-anos-com-vitalidade-e-experiencia\/#breadcrumb\"},\"inLanguage\":\"pt-BR\",\"potentialAction\":[{\"@type\":\"ReadAction\",\"target\":[\"https:\/\/verdadeon.com.br\/portal\/2024\/06\/20\/santa-casa-de-franca-comemora-127-anos-com-vitalidade-e-experiencia\/\"]}]},{\"@type\":\"ImageObject\",\"inLanguage\":\"pt-BR\",\"@id\":\"https:\/\/verdadeon.com.br\/portal\/2024\/06\/20\/santa-casa-de-franca-comemora-127-anos-com-vitalidade-e-experiencia\/#primaryimage\",\"url\":\"https:\/\/i0.wp.com\/verdadeon.com.br\/portal\/wp-content\/uploads\/2024\/06\/rherherh.jpg?fit=641%2C429&ssl=1\",\"contentUrl\":\"https:\/\/i0.wp.com\/verdadeon.com.br\/portal\/wp-content\/uploads\/2024\/06\/rherherh.jpg?fit=641%2C429&ssl=1\",\"width\":641,\"height\":429,\"caption\":\"No pr\u00f3ximo domingo, 16, a Santa Casa de Franca chega aos seus 127 anos (\u00a9Divulga\u00e7\u00e3o)\"},{\"@type\":\"BreadcrumbList\",\"@id\":\"https:\/\/verdadeon.com.br\/portal\/2024\/06\/20\/santa-casa-de-franca-comemora-127-anos-com-vitalidade-e-experiencia\/#breadcrumb\",\"itemListElement\":[{\"@type\":\"ListItem\",\"position\":1,\"name\":\"In\u00edcio\",\"item\":\"https:\/\/verdadeon.com.br\/portal\/\"},{\"@type\":\"ListItem\",\"position\":2,\"name\":\"Santa Casa de Franca comemora 127 anos com vitalidade e experi\u00eancia\"}]},{\"@type\":\"WebSite\",\"@id\":\"https:\/\/verdadeon.com.br\/portal\/#website\",\"url\":\"https:\/\/verdadeon.com.br\/portal\/\",\"name\":\"VerdadeOn\",\"description\":\"Not\u00edcias di\u00e1rias sobre Franca, Regi\u00e3o, Esporte, Cultura, Cotidiano, Colunas. Cobertura nos principais eventos da cidade \u00e9 aqui - Verdadeon Franca\",\"potentialAction\":[{\"@type\":\"SearchAction\",\"target\":{\"@type\":\"EntryPoint\",\"urlTemplate\":\"https:\/\/verdadeon.com.br\/portal\/?s={search_term_string}\"},\"query-input\":{\"@type\":\"PropertyValueSpecification\",\"valueRequired\":true,\"valueName\":\"search_term_string\"}}],\"inLanguage\":\"pt-BR\"},{\"@type\":\"Person\",\"@id\":\"https:\/\/verdadeon.com.br\/portal\/#\/schema\/person\/a5060ad1e9ea3df545188fc93ce43d2f\",\"name\":\"Redacao VerdadeOn\",\"image\":{\"@type\":\"ImageObject\",\"inLanguage\":\"pt-BR\",\"@id\":\"https:\/\/verdadeon.com.br\/portal\/#\/schema\/person\/image\/\",\"url\":\"https:\/\/secure.gravatar.com\/avatar\/459a9613caaaf07f582c3d0841eea68bdd66f533e465e6ba8b9cb45619572cf4?s=96&d=mm&r=g\",\"contentUrl\":\"https:\/\/secure.gravatar.com\/avatar\/459a9613caaaf07f582c3d0841eea68bdd66f533e465e6ba8b9cb45619572cf4?s=96&d=mm&r=g\",\"caption\":\"Redacao VerdadeOn\"},\"url\":\"https:\/\/verdadeon.com.br\/portal\/author\/redacao\/\"}]}<\/script>\n<!-- \/ Yoast SEO plugin. -->","yoast_head_json":{"title":"Santa Casa de Franca comemora 127 anos com vitalidade e experi\u00eancia - VerdadeOn","robots":{"index":"index","follow":"follow","max-snippet":"max-snippet:-1","max-image-preview":"max-image-preview:large","max-video-preview":"max-video-preview:-1"},"canonical":"https:\/\/verdadeon.com.br\/portal\/2024\/06\/20\/santa-casa-de-franca-comemora-127-anos-com-vitalidade-e-experiencia\/","og_locale":"pt_BR","og_type":"article","og_title":"Santa Casa de Franca comemora 127 anos com vitalidade e experi\u00eancia - VerdadeOn","og_description":"Fundada em 1897, institui\u00e7\u00e3o \u00e9 um Grupo Hospitalar de refer\u00eancia para 22 munic\u00edpios e mais de 800 mil pessoas, aliando experi\u00eancia e inova\u00e7\u00e3o para salvar vidas! [\u2026]","og_url":"https:\/\/verdadeon.com.br\/portal\/2024\/06\/20\/santa-casa-de-franca-comemora-127-anos-com-vitalidade-e-experiencia\/","og_site_name":"VerdadeOn","article_published_time":"2024-06-20T15:09:07+00:00","og_image":[{"width":641,"height":429,"url":"https:\/\/verdadeon.com.br\/portal\/wp-content\/uploads\/2024\/06\/rherherh.jpg","type":"image\/jpeg"}],"author":"Redacao VerdadeOn","twitter_card":"summary_large_image","twitter_misc":{"Escrito por":"Redacao VerdadeOn","Est. tempo de leitura":"13 minutos"},"schema":{"@context":"https:\/\/schema.org","@graph":[{"@type":"WebPage","@id":"https:\/\/verdadeon.com.br\/portal\/2024\/06\/20\/santa-casa-de-franca-comemora-127-anos-com-vitalidade-e-experiencia\/","url":"https:\/\/verdadeon.com.br\/portal\/2024\/06\/20\/santa-casa-de-franca-comemora-127-anos-com-vitalidade-e-experiencia\/","name":"Santa Casa de Franca comemora 127 anos com vitalidade e experi\u00eancia - VerdadeOn","isPartOf":{"@id":"https:\/\/verdadeon.com.br\/portal\/#website"},"primaryImageOfPage":{"@id":"https:\/\/verdadeon.com.br\/portal\/2024\/06\/20\/santa-casa-de-franca-comemora-127-anos-com-vitalidade-e-experiencia\/#primaryimage"},"image":{"@id":"https:\/\/verdadeon.com.br\/portal\/2024\/06\/20\/santa-casa-de-franca-comemora-127-anos-com-vitalidade-e-experiencia\/#primaryimage"},"thumbnailUrl":"https:\/\/i0.wp.com\/verdadeon.com.br\/portal\/wp-content\/uploads\/2024\/06\/rherherh.jpg?fit=641%2C429&ssl=1","datePublished":"2024-06-20T15:09:07+00:00","author":{"@id":"https:\/\/verdadeon.com.br\/portal\/#\/schema\/person\/a5060ad1e9ea3df545188fc93ce43d2f"},"breadcrumb":{"@id":"https:\/\/verdadeon.com.br\/portal\/2024\/06\/20\/santa-casa-de-franca-comemora-127-anos-com-vitalidade-e-experiencia\/#breadcrumb"},"inLanguage":"pt-BR","potentialAction":[{"@type":"ReadAction","target":["https:\/\/verdadeon.com.br\/portal\/2024\/06\/20\/santa-casa-de-franca-comemora-127-anos-com-vitalidade-e-experiencia\/"]}]},{"@type":"ImageObject","inLanguage":"pt-BR","@id":"https:\/\/verdadeon.com.br\/portal\/2024\/06\/20\/santa-casa-de-franca-comemora-127-anos-com-vitalidade-e-experiencia\/#primaryimage","url":"https:\/\/i0.wp.com\/verdadeon.com.br\/portal\/wp-content\/uploads\/2024\/06\/rherherh.jpg?fit=641%2C429&ssl=1","contentUrl":"https:\/\/i0.wp.com\/verdadeon.com.br\/portal\/wp-content\/uploads\/2024\/06\/rherherh.jpg?fit=641%2C429&ssl=1","width":641,"height":429,"caption":"No pr\u00f3ximo domingo, 16, a Santa Casa de Franca chega aos seus 127 anos (\u00a9Divulga\u00e7\u00e3o)"},{"@type":"BreadcrumbList","@id":"https:\/\/verdadeon.com.br\/portal\/2024\/06\/20\/santa-casa-de-franca-comemora-127-anos-com-vitalidade-e-experiencia\/#breadcrumb","itemListElement":[{"@type":"ListItem","position":1,"name":"In\u00edcio","item":"https:\/\/verdadeon.com.br\/portal\/"},{"@type":"ListItem","position":2,"name":"Santa Casa de Franca comemora 127 anos com vitalidade e experi\u00eancia"}]},{"@type":"WebSite","@id":"https:\/\/verdadeon.com.br\/portal\/#website","url":"https:\/\/verdadeon.com.br\/portal\/","name":"VerdadeOn","description":"Not\u00edcias di\u00e1rias sobre Franca, Regi\u00e3o, Esporte, Cultura, Cotidiano, Colunas. Cobertura nos principais eventos da cidade \u00e9 aqui - Verdadeon Franca","potentialAction":[{"@type":"SearchAction","target":{"@type":"EntryPoint","urlTemplate":"https:\/\/verdadeon.com.br\/portal\/?s={search_term_string}"},"query-input":{"@type":"PropertyValueSpecification","valueRequired":true,"valueName":"search_term_string"}}],"inLanguage":"pt-BR"},{"@type":"Person","@id":"https:\/\/verdadeon.com.br\/portal\/#\/schema\/person\/a5060ad1e9ea3df545188fc93ce43d2f","name":"Redacao VerdadeOn","image":{"@type":"ImageObject","inLanguage":"pt-BR","@id":"https:\/\/verdadeon.com.br\/portal\/#\/schema\/person\/image\/","url":"https:\/\/secure.gravatar.com\/avatar\/459a9613caaaf07f582c3d0841eea68bdd66f533e465e6ba8b9cb45619572cf4?s=96&d=mm&r=g","contentUrl":"https:\/\/secure.gravatar.com\/avatar\/459a9613caaaf07f582c3d0841eea68bdd66f533e465e6ba8b9cb45619572cf4?s=96&d=mm&r=g","caption":"Redacao VerdadeOn"},"url":"https:\/\/verdadeon.com.br\/portal\/author\/redacao\/"}]}},"jetpack_publicize_connections":[],"jetpack_featured_media_url":"https:\/\/i0.wp.com\/verdadeon.com.br\/portal\/wp-content\/uploads\/2024\/06\/rherherh.jpg?fit=641%2C429&ssl=1","jetpack_sharing_enabled":true,"_links":{"self":[{"href":"https:\/\/verdadeon.com.br\/portal\/wp-json\/wp\/v2\/posts\/46157","targetHints":{"allow":["GET"]}}],"collection":[{"href":"https:\/\/verdadeon.com.br\/portal\/wp-json\/wp\/v2\/posts"}],"about":[{"href":"https:\/\/verdadeon.com.br\/portal\/wp-json\/wp\/v2\/types\/post"}],"author":[{"embeddable":true,"href":"https:\/\/verdadeon.com.br\/portal\/wp-json\/wp\/v2\/users\/10"}],"replies":[{"embeddable":true,"href":"https:\/\/verdadeon.com.br\/portal\/wp-json\/wp\/v2\/comments?post=46157"}],"version-history":[{"count":1,"href":"https:\/\/verdadeon.com.br\/portal\/wp-json\/wp\/v2\/posts\/46157\/revisions"}],"predecessor-version":[{"id":46180,"href":"https:\/\/verdadeon.com.br\/portal\/wp-json\/wp\/v2\/posts\/46157\/revisions\/46180"}],"wp:featuredmedia":[{"embeddable":true,"href":"https:\/\/verdadeon.com.br\/portal\/wp-json\/wp\/v2\/media\/46179"}],"wp:attachment":[{"href":"https:\/\/verdadeon.com.br\/portal\/wp-json\/wp\/v2\/media?parent=46157"}],"wp:term":[{"taxonomy":"category","embeddable":true,"href":"https:\/\/verdadeon.com.br\/portal\/wp-json\/wp\/v2\/categories?post=46157"},{"taxonomy":"post_tag","embeddable":true,"href":"https:\/\/verdadeon.com.br\/portal\/wp-json\/wp\/v2\/tags?post=46157"}],"curies":[{"name":"wp","href":"https:\/\/api.w.org\/{rel}","templated":true}]}}