{"id":46150,"date":"2024-06-20T11:05:40","date_gmt":"2024-06-20T14:05:40","guid":{"rendered":"https:\/\/verdadeon.com.br\/portal\/?p=46150"},"modified":"2024-06-20T11:05:40","modified_gmt":"2024-06-20T14:05:40","slug":"parque-dos-trabalhadores-recebe-festival-de-beach-tennis-neste-domingo","status":"publish","type":"post","link":"https:\/\/verdadeon.com.br\/portal\/2024\/06\/20\/parque-dos-trabalhadores-recebe-festival-de-beach-tennis-neste-domingo\/","title":{"rendered":"Parque dos Trabalhadores recebe Festival de Beach Tennis neste domingo"},"content":{"rendered":"<h2>Alunos que desejarem participar dever\u00e3o estar vestidos a car\u00e1ter<\/h2>\n<p>O Parque dos Trabalhadores ter\u00e1, no pr\u00f3ximo domingo, 23, o 1\u00ba Festival de Beach Tennis. A iniciativa \u00e9 da FEAC (Funda\u00e7\u00e3o Esporte, Arte e Cultura) e faz parte das atividades que fechar\u00e3o o ciclo de inicia\u00e7\u00e3o nesta modalidade no primeiro semestre.<\/p>\n<p>O festival acontecer\u00e1 das 8 \u00e0s 12 horas, com a utiliza\u00e7\u00e3o de tr\u00eas quadras. N\u00e3o \u00e9 necess\u00e1rio fazer inscri\u00e7\u00e3o pr\u00e9via. Basta que os alunos se apresentem munidos de roupa esportiva.<\/p>\n<p>As aulas de beach tennis disponibilizadas no Parque dos Trabalhadores acontecem quatro dias da semana, \u00e0s segundas e quartas-feiras, a partir das 14h30, e nas ter\u00e7as e sextas-feiras a partir das 8 horas. Interessados podem deixar o nome completo e telefone de contato no local para que a administra\u00e7\u00e3o do espa\u00e7o entre em contato quando houver vagas.<\/p>\n<p><b>Mais op\u00e7\u00f5es de lazer<\/b><\/p>\n<p>Localizado na Alameda Vicente Leporace, 307, o Parque dos Trabalhadores possui pista de caminhada, campos e quadras para jogos de basquete e v\u00f4lei e quiosques com mesas e bancos. Tamb\u00e9m possui represa e mata nativa, al\u00e9m de uma trilha com mais de 5 quil\u00f4metros. O hor\u00e1rio de funcionamento \u00e9 de segunda a sexta, das 6 \u00e0s 21 horas, e aos s\u00e1bados, domingos e feriados, das 6 \u00e0s 20 horas.<\/p>\n","protected":false},"excerpt":{"rendered":"<p>Alunos que desejarem participar dever\u00e3o estar vestidos a car\u00e1ter O Parque dos Trabalhadores ter\u00e1, no pr\u00f3ximo domingo, 23, o 1\u00ba Festival de Beach Tennis. A iniciativa<span class=\"excerpt-hellip\"> [\u2026]<\/span><\/p>\n","protected":false},"author":10,"featured_media":46155,"comment_status":"open","ping_status":"open","sticky":false,"template":"","format":"standard","meta":{"_jetpack_memberships_contains_paid_content":false,"footnotes":"","jetpack_publicize_message":"","jetpack_publicize_feature_enabled":true,"jetpack_social_post_already_shared":true,"jetpack_social_options":{"image_generator_settings":{"template":"highway","default_image_id":0,"enabled":false},"version":2}},"categories":[28,81],"tags":[],"class_list":["post-46150","post","type-post","status-publish","format-standard","has-post-thumbnail","hentry","category-cotidiano","category-manchete"],"yoast_head":"<!-- This site is optimized with the Yoast SEO plugin v25.6 - https:\/\/yoast.com\/wordpress\/plugins\/seo\/ -->\n<title>Parque dos Trabalhadores recebe Festival de Beach Tennis neste domingo - VerdadeOn<\/title>\n<meta name=\"robots\" content=\"index, follow, max-snippet:-1, max-image-preview:large, max-video-preview:-1\" \/>\n<link rel=\"canonical\" href=\"https:\/\/verdadeon.com.br\/portal\/2024\/06\/20\/parque-dos-trabalhadores-recebe-festival-de-beach-tennis-neste-domingo\/\" \/>\n<meta property=\"og:locale\" content=\"pt_BR\" \/>\n<meta property=\"og:type\" content=\"article\" \/>\n<meta property=\"og:title\" content=\"Parque dos Trabalhadores recebe Festival de Beach Tennis neste domingo - VerdadeOn\" \/>\n<meta property=\"og:description\" content=\"Alunos que desejarem participar dever\u00e3o estar vestidos a car\u00e1ter O Parque dos Trabalhadores ter\u00e1, no pr\u00f3ximo domingo, 23, o 1\u00ba Festival de Beach Tennis. A iniciativa [\u2026]\" \/>\n<meta property=\"og:url\" content=\"https:\/\/verdadeon.com.br\/portal\/2024\/06\/20\/parque-dos-trabalhadores-recebe-festival-de-beach-tennis-neste-domingo\/\" \/>\n<meta property=\"og:site_name\" content=\"VerdadeOn\" \/>\n<meta property=\"article:published_time\" content=\"2024-06-20T14:05:40+00:00\" \/>\n<meta property=\"og:image\" content=\"https:\/\/verdadeon.com.br\/portal\/wp-content\/uploads\/2024\/06\/AnyConv.com__Beach-Tennis.jpg\" \/>\n\t<meta property=\"og:image:width\" content=\"1280\" \/>\n\t<meta property=\"og:image:height\" content=\"858\" \/>\n\t<meta property=\"og:image:type\" content=\"image\/jpeg\" \/>\n<meta name=\"author\" content=\"Redacao VerdadeOn\" \/>\n<meta name=\"twitter:card\" content=\"summary_large_image\" \/>\n<meta name=\"twitter:label1\" content=\"Escrito por\" \/>\n\t<meta name=\"twitter:data1\" content=\"Redacao VerdadeOn\" \/>\n\t<meta name=\"twitter:label2\" content=\"Est. tempo de leitura\" \/>\n\t<meta name=\"twitter:data2\" content=\"2 minutos\" \/>\n<script type=\"application\/ld+json\" class=\"yoast-schema-graph\">{\"@context\":\"https:\/\/schema.org\",\"@graph\":[{\"@type\":\"WebPage\",\"@id\":\"https:\/\/verdadeon.com.br\/portal\/2024\/06\/20\/parque-dos-trabalhadores-recebe-festival-de-beach-tennis-neste-domingo\/\",\"url\":\"https:\/\/verdadeon.com.br\/portal\/2024\/06\/20\/parque-dos-trabalhadores-recebe-festival-de-beach-tennis-neste-domingo\/\",\"name\":\"Parque dos Trabalhadores recebe Festival de Beach Tennis neste domingo - VerdadeOn\",\"isPartOf\":{\"@id\":\"https:\/\/verdadeon.com.br\/portal\/#website\"},\"primaryImageOfPage\":{\"@id\":\"https:\/\/verdadeon.com.br\/portal\/2024\/06\/20\/parque-dos-trabalhadores-recebe-festival-de-beach-tennis-neste-domingo\/#primaryimage\"},\"image\":{\"@id\":\"https:\/\/verdadeon.com.br\/portal\/2024\/06\/20\/parque-dos-trabalhadores-recebe-festival-de-beach-tennis-neste-domingo\/#primaryimage\"},\"thumbnailUrl\":\"https:\/\/i0.wp.com\/verdadeon.com.br\/portal\/wp-content\/uploads\/2024\/06\/AnyConv.com__Beach-Tennis.jpg?fit=1280%2C858&ssl=1\",\"datePublished\":\"2024-06-20T14:05:40+00:00\",\"author\":{\"@id\":\"https:\/\/verdadeon.com.br\/portal\/#\/schema\/person\/a5060ad1e9ea3df545188fc93ce43d2f\"},\"breadcrumb\":{\"@id\":\"https:\/\/verdadeon.com.br\/portal\/2024\/06\/20\/parque-dos-trabalhadores-recebe-festival-de-beach-tennis-neste-domingo\/#breadcrumb\"},\"inLanguage\":\"pt-BR\",\"potentialAction\":[{\"@type\":\"ReadAction\",\"target\":[\"https:\/\/verdadeon.com.br\/portal\/2024\/06\/20\/parque-dos-trabalhadores-recebe-festival-de-beach-tennis-neste-domingo\/\"]}]},{\"@type\":\"ImageObject\",\"inLanguage\":\"pt-BR\",\"@id\":\"https:\/\/verdadeon.com.br\/portal\/2024\/06\/20\/parque-dos-trabalhadores-recebe-festival-de-beach-tennis-neste-domingo\/#primaryimage\",\"url\":\"https:\/\/i0.wp.com\/verdadeon.com.br\/portal\/wp-content\/uploads\/2024\/06\/AnyConv.com__Beach-Tennis.jpg?fit=1280%2C858&ssl=1\",\"contentUrl\":\"https:\/\/i0.wp.com\/verdadeon.com.br\/portal\/wp-content\/uploads\/2024\/06\/AnyConv.com__Beach-Tennis.jpg?fit=1280%2C858&ssl=1\",\"width\":1280,\"height\":858,\"caption\":\"N\u00e3o h\u00e1 necessidade de inscri\u00e7\u00e3o pr\u00e9via para o festival (\u00a9Divulga\u00e7\u00e3o)\"},{\"@type\":\"BreadcrumbList\",\"@id\":\"https:\/\/verdadeon.com.br\/portal\/2024\/06\/20\/parque-dos-trabalhadores-recebe-festival-de-beach-tennis-neste-domingo\/#breadcrumb\",\"itemListElement\":[{\"@type\":\"ListItem\",\"position\":1,\"name\":\"In\u00edcio\",\"item\":\"https:\/\/verdadeon.com.br\/portal\/\"},{\"@type\":\"ListItem\",\"position\":2,\"name\":\"Parque dos Trabalhadores recebe Festival de Beach Tennis neste domingo\"}]},{\"@type\":\"WebSite\",\"@id\":\"https:\/\/verdadeon.com.br\/portal\/#website\",\"url\":\"https:\/\/verdadeon.com.br\/portal\/\",\"name\":\"VerdadeOn\",\"description\":\"Not\u00edcias di\u00e1rias sobre Franca, Regi\u00e3o, Esporte, Cultura, Cotidiano, Colunas. Cobertura nos principais eventos da cidade \u00e9 aqui - Verdadeon Franca\",\"potentialAction\":[{\"@type\":\"SearchAction\",\"target\":{\"@type\":\"EntryPoint\",\"urlTemplate\":\"https:\/\/verdadeon.com.br\/portal\/?s={search_term_string}\"},\"query-input\":{\"@type\":\"PropertyValueSpecification\",\"valueRequired\":true,\"valueName\":\"search_term_string\"}}],\"inLanguage\":\"pt-BR\"},{\"@type\":\"Person\",\"@id\":\"https:\/\/verdadeon.com.br\/portal\/#\/schema\/person\/a5060ad1e9ea3df545188fc93ce43d2f\",\"name\":\"Redacao VerdadeOn\",\"image\":{\"@type\":\"ImageObject\",\"inLanguage\":\"pt-BR\",\"@id\":\"https:\/\/verdadeon.com.br\/portal\/#\/schema\/person\/image\/\",\"url\":\"https:\/\/secure.gravatar.com\/avatar\/459a9613caaaf07f582c3d0841eea68bdd66f533e465e6ba8b9cb45619572cf4?s=96&d=mm&r=g\",\"contentUrl\":\"https:\/\/secure.gravatar.com\/avatar\/459a9613caaaf07f582c3d0841eea68bdd66f533e465e6ba8b9cb45619572cf4?s=96&d=mm&r=g\",\"caption\":\"Redacao VerdadeOn\"},\"url\":\"https:\/\/verdadeon.com.br\/portal\/author\/redacao\/\"}]}<\/script>\n<!-- \/ Yoast SEO plugin. -->","yoast_head_json":{"title":"Parque dos Trabalhadores recebe Festival de Beach Tennis neste domingo - VerdadeOn","robots":{"index":"index","follow":"follow","max-snippet":"max-snippet:-1","max-image-preview":"max-image-preview:large","max-video-preview":"max-video-preview:-1"},"canonical":"https:\/\/verdadeon.com.br\/portal\/2024\/06\/20\/parque-dos-trabalhadores-recebe-festival-de-beach-tennis-neste-domingo\/","og_locale":"pt_BR","og_type":"article","og_title":"Parque dos Trabalhadores recebe Festival de Beach Tennis neste domingo - VerdadeOn","og_description":"Alunos que desejarem participar dever\u00e3o estar vestidos a car\u00e1ter O Parque dos Trabalhadores ter\u00e1, no pr\u00f3ximo domingo, 23, o 1\u00ba Festival de Beach Tennis. A iniciativa [\u2026]","og_url":"https:\/\/verdadeon.com.br\/portal\/2024\/06\/20\/parque-dos-trabalhadores-recebe-festival-de-beach-tennis-neste-domingo\/","og_site_name":"VerdadeOn","article_published_time":"2024-06-20T14:05:40+00:00","og_image":[{"width":1280,"height":858,"url":"https:\/\/verdadeon.com.br\/portal\/wp-content\/uploads\/2024\/06\/AnyConv.com__Beach-Tennis.jpg","type":"image\/jpeg"}],"author":"Redacao VerdadeOn","twitter_card":"summary_large_image","twitter_misc":{"Escrito por":"Redacao VerdadeOn","Est. tempo de leitura":"2 minutos"},"schema":{"@context":"https:\/\/schema.org","@graph":[{"@type":"WebPage","@id":"https:\/\/verdadeon.com.br\/portal\/2024\/06\/20\/parque-dos-trabalhadores-recebe-festival-de-beach-tennis-neste-domingo\/","url":"https:\/\/verdadeon.com.br\/portal\/2024\/06\/20\/parque-dos-trabalhadores-recebe-festival-de-beach-tennis-neste-domingo\/","name":"Parque dos Trabalhadores recebe Festival de Beach Tennis neste domingo - VerdadeOn","isPartOf":{"@id":"https:\/\/verdadeon.com.br\/portal\/#website"},"primaryImageOfPage":{"@id":"https:\/\/verdadeon.com.br\/portal\/2024\/06\/20\/parque-dos-trabalhadores-recebe-festival-de-beach-tennis-neste-domingo\/#primaryimage"},"image":{"@id":"https:\/\/verdadeon.com.br\/portal\/2024\/06\/20\/parque-dos-trabalhadores-recebe-festival-de-beach-tennis-neste-domingo\/#primaryimage"},"thumbnailUrl":"https:\/\/i0.wp.com\/verdadeon.com.br\/portal\/wp-content\/uploads\/2024\/06\/AnyConv.com__Beach-Tennis.jpg?fit=1280%2C858&ssl=1","datePublished":"2024-06-20T14:05:40+00:00","author":{"@id":"https:\/\/verdadeon.com.br\/portal\/#\/schema\/person\/a5060ad1e9ea3df545188fc93ce43d2f"},"breadcrumb":{"@id":"https:\/\/verdadeon.com.br\/portal\/2024\/06\/20\/parque-dos-trabalhadores-recebe-festival-de-beach-tennis-neste-domingo\/#breadcrumb"},"inLanguage":"pt-BR","potentialAction":[{"@type":"ReadAction","target":["https:\/\/verdadeon.com.br\/portal\/2024\/06\/20\/parque-dos-trabalhadores-recebe-festival-de-beach-tennis-neste-domingo\/"]}]},{"@type":"ImageObject","inLanguage":"pt-BR","@id":"https:\/\/verdadeon.com.br\/portal\/2024\/06\/20\/parque-dos-trabalhadores-recebe-festival-de-beach-tennis-neste-domingo\/#primaryimage","url":"https:\/\/i0.wp.com\/verdadeon.com.br\/portal\/wp-content\/uploads\/2024\/06\/AnyConv.com__Beach-Tennis.jpg?fit=1280%2C858&ssl=1","contentUrl":"https:\/\/i0.wp.com\/verdadeon.com.br\/portal\/wp-content\/uploads\/2024\/06\/AnyConv.com__Beach-Tennis.jpg?fit=1280%2C858&ssl=1","width":1280,"height":858,"caption":"N\u00e3o h\u00e1 necessidade de inscri\u00e7\u00e3o pr\u00e9via para o festival (\u00a9Divulga\u00e7\u00e3o)"},{"@type":"BreadcrumbList","@id":"https:\/\/verdadeon.com.br\/portal\/2024\/06\/20\/parque-dos-trabalhadores-recebe-festival-de-beach-tennis-neste-domingo\/#breadcrumb","itemListElement":[{"@type":"ListItem","position":1,"name":"In\u00edcio","item":"https:\/\/verdadeon.com.br\/portal\/"},{"@type":"ListItem","position":2,"name":"Parque dos Trabalhadores recebe Festival de Beach Tennis neste domingo"}]},{"@type":"WebSite","@id":"https:\/\/verdadeon.com.br\/portal\/#website","url":"https:\/\/verdadeon.com.br\/portal\/","name":"VerdadeOn","description":"Not\u00edcias di\u00e1rias sobre Franca, Regi\u00e3o, Esporte, Cultura, Cotidiano, Colunas. Cobertura nos principais eventos da cidade \u00e9 aqui - Verdadeon Franca","potentialAction":[{"@type":"SearchAction","target":{"@type":"EntryPoint","urlTemplate":"https:\/\/verdadeon.com.br\/portal\/?s={search_term_string}"},"query-input":{"@type":"PropertyValueSpecification","valueRequired":true,"valueName":"search_term_string"}}],"inLanguage":"pt-BR"},{"@type":"Person","@id":"https:\/\/verdadeon.com.br\/portal\/#\/schema\/person\/a5060ad1e9ea3df545188fc93ce43d2f","name":"Redacao VerdadeOn","image":{"@type":"ImageObject","inLanguage":"pt-BR","@id":"https:\/\/verdadeon.com.br\/portal\/#\/schema\/person\/image\/","url":"https:\/\/secure.gravatar.com\/avatar\/459a9613caaaf07f582c3d0841eea68bdd66f533e465e6ba8b9cb45619572cf4?s=96&d=mm&r=g","contentUrl":"https:\/\/secure.gravatar.com\/avatar\/459a9613caaaf07f582c3d0841eea68bdd66f533e465e6ba8b9cb45619572cf4?s=96&d=mm&r=g","caption":"Redacao VerdadeOn"},"url":"https:\/\/verdadeon.com.br\/portal\/author\/redacao\/"}]}},"jetpack_publicize_connections":[],"jetpack_featured_media_url":"https:\/\/i0.wp.com\/verdadeon.com.br\/portal\/wp-content\/uploads\/2024\/06\/AnyConv.com__Beach-Tennis.jpg?fit=1280%2C858&ssl=1","jetpack_sharing_enabled":true,"_links":{"self":[{"href":"https:\/\/verdadeon.com.br\/portal\/wp-json\/wp\/v2\/posts\/46150","targetHints":{"allow":["GET"]}}],"collection":[{"href":"https:\/\/verdadeon.com.br\/portal\/wp-json\/wp\/v2\/posts"}],"about":[{"href":"https:\/\/verdadeon.com.br\/portal\/wp-json\/wp\/v2\/types\/post"}],"author":[{"embeddable":true,"href":"https:\/\/verdadeon.com.br\/portal\/wp-json\/wp\/v2\/users\/10"}],"replies":[{"embeddable":true,"href":"https:\/\/verdadeon.com.br\/portal\/wp-json\/wp\/v2\/comments?post=46150"}],"version-history":[{"count":1,"href":"https:\/\/verdadeon.com.br\/portal\/wp-json\/wp\/v2\/posts\/46150\/revisions"}],"predecessor-version":[{"id":46156,"href":"https:\/\/verdadeon.com.br\/portal\/wp-json\/wp\/v2\/posts\/46150\/revisions\/46156"}],"wp:featuredmedia":[{"embeddable":true,"href":"https:\/\/verdadeon.com.br\/portal\/wp-json\/wp\/v2\/media\/46155"}],"wp:attachment":[{"href":"https:\/\/verdadeon.com.br\/portal\/wp-json\/wp\/v2\/media?parent=46150"}],"wp:term":[{"taxonomy":"category","embeddable":true,"href":"https:\/\/verdadeon.com.br\/portal\/wp-json\/wp\/v2\/categories?post=46150"},{"taxonomy":"post_tag","embeddable":true,"href":"https:\/\/verdadeon.com.br\/portal\/wp-json\/wp\/v2\/tags?post=46150"}],"curies":[{"name":"wp","href":"https:\/\/api.w.org\/{rel}","templated":true}]}}