{"id":46053,"date":"2024-06-18T11:24:20","date_gmt":"2024-06-18T14:24:20","guid":{"rendered":"https:\/\/verdadeon.com.br\/portal\/?p=46053"},"modified":"2024-06-18T11:24:20","modified_gmt":"2024-06-18T14:24:20","slug":"final-do-mes-de-junho-tem-teatro-em-dose-dupla-no-judas-iscariotes","status":"publish","type":"post","link":"https:\/\/verdadeon.com.br\/portal\/2024\/06\/18\/final-do-mes-de-junho-tem-teatro-em-dose-dupla-no-judas-iscariotes\/","title":{"rendered":"Final do m\u00eas de junho tem teatro em dose dupla no Judas Iscariotes"},"content":{"rendered":"<h2>Pe\u00e7as s\u00e3o dirigidas por Mauro J\u00fanior<\/h2>\n<p>Nos dias 22 e 23, o Teatro Judas Iscariotes recebe a pe\u00e7a &#8220;CORRA, ELISE, CORRA&#8221;, que \u00e9 um exerc\u00edcio c\u00eanico envolvente, fruto do curso Imers\u00e3o Teatral do Instituto Arte Vida, com dramaturgia e dire\u00e7\u00e3o de Mauro J\u00fanior. Inspirado na pe\u00e7a &#8220;Por Elise&#8221;, de Grace Pass\u00f4, esse espet\u00e1culo aborda temas profundos como sa\u00fade mental, solid\u00e3o e resili\u00eancia.<\/p>\n<p>O espet\u00e1culo promete uma experi\u00eancia entre o on\u00edrico e o absurdo, onde o espectador \u00e9 convidado a explorar os labirintos internos de Elise e que h\u00e1 de ser uma jornada emocionante.<\/p>\n<p>J\u00e1 nos dias 29 e 30 ser\u00e1 a vez de S\u00c9U ROSA, que \u00e9 uma adapta\u00e7\u00e3o c\u00eanica imperd\u00edvel de quatro contos de Jo\u00e3o Guimar\u00e3es Rosa: &#8220;Os Irm\u00e3os Dagob\u00e9&#8221;, &#8220;Sor\u00f4co, Sua M\u00e3e, Sua Filha&#8221;, &#8220;A Menina de L\u00e1&#8221; e &#8220;O Espelho&#8221;. Cada conto explora diferentes aspectos da linguagem liter\u00e1ria e c\u00eanica, com uma interpreta\u00e7\u00e3o \u00fanica e emocionante. Com dramaturgia e dire\u00e7\u00e3o de Mauro J\u00fanior, essa obra do Instituto Arte e Vida \u00e9 realizada atrav\u00e9s do Edital de Parceria Cultural da FEAC e da Prefeitura de Franca.<\/p>\n<p>Todas as apresenta\u00e7\u00f5es ser\u00e3o \u00e0s 20h e os ingressos s\u00e3o gratuitos, por isso, recomenda-se chegar com pelo menos uma hora de anteced\u00eancia para garantir o seu convite.<\/p>\n","protected":false},"excerpt":{"rendered":"<p>Pe\u00e7as s\u00e3o dirigidas por Mauro J\u00fanior Nos dias 22 e 23, o Teatro Judas Iscariotes recebe a pe\u00e7a &#8220;CORRA, ELISE, CORRA&#8221;, que \u00e9 um exerc\u00edcio c\u00eanico<span class=\"excerpt-hellip\"> [\u2026]<\/span><\/p>\n","protected":false},"author":10,"featured_media":46063,"comment_status":"open","ping_status":"open","sticky":false,"template":"","format":"standard","meta":{"_jetpack_memberships_contains_paid_content":false,"footnotes":"","jetpack_publicize_message":"","jetpack_publicize_feature_enabled":true,"jetpack_social_post_already_shared":true,"jetpack_social_options":{"image_generator_settings":{"template":"highway","default_image_id":0,"enabled":false},"version":2}},"categories":[28,44],"tags":[],"class_list":["post-46053","post","type-post","status-publish","format-standard","has-post-thumbnail","hentry","category-cotidiano","category-noticias"],"yoast_head":"<!-- This site is optimized with the Yoast SEO plugin v25.6 - https:\/\/yoast.com\/wordpress\/plugins\/seo\/ -->\n<title>Final do m\u00eas de junho tem teatro em dose dupla no Judas Iscariotes - VerdadeOn<\/title>\n<meta name=\"robots\" content=\"index, follow, max-snippet:-1, max-image-preview:large, max-video-preview:-1\" \/>\n<link rel=\"canonical\" href=\"https:\/\/verdadeon.com.br\/portal\/2024\/06\/18\/final-do-mes-de-junho-tem-teatro-em-dose-dupla-no-judas-iscariotes\/\" \/>\n<meta property=\"og:locale\" content=\"pt_BR\" \/>\n<meta property=\"og:type\" content=\"article\" \/>\n<meta property=\"og:title\" content=\"Final do m\u00eas de junho tem teatro em dose dupla no Judas Iscariotes - VerdadeOn\" \/>\n<meta property=\"og:description\" content=\"Pe\u00e7as s\u00e3o dirigidas por Mauro J\u00fanior Nos dias 22 e 23, o Teatro Judas Iscariotes recebe a pe\u00e7a &#8220;CORRA, ELISE, CORRA&#8221;, que \u00e9 um exerc\u00edcio c\u00eanico [\u2026]\" \/>\n<meta property=\"og:url\" content=\"https:\/\/verdadeon.com.br\/portal\/2024\/06\/18\/final-do-mes-de-junho-tem-teatro-em-dose-dupla-no-judas-iscariotes\/\" \/>\n<meta property=\"og:site_name\" content=\"VerdadeOn\" \/>\n<meta property=\"article:published_time\" content=\"2024-06-18T14:24:20+00:00\" \/>\n<meta property=\"og:image\" content=\"https:\/\/verdadeon.com.br\/portal\/wp-content\/uploads\/2024\/06\/WhatsApp-Image-2024-06-17-at-16.06.07.jpeg\" \/>\n\t<meta property=\"og:image:width\" content=\"716\" \/>\n\t<meta property=\"og:image:height\" content=\"480\" \/>\n\t<meta property=\"og:image:type\" content=\"image\/jpeg\" \/>\n<meta name=\"author\" content=\"Redacao VerdadeOn\" \/>\n<meta name=\"twitter:card\" content=\"summary_large_image\" \/>\n<meta name=\"twitter:label1\" content=\"Escrito por\" \/>\n\t<meta name=\"twitter:data1\" content=\"Redacao VerdadeOn\" \/>\n\t<meta name=\"twitter:label2\" content=\"Est. tempo de leitura\" \/>\n\t<meta name=\"twitter:data2\" content=\"2 minutos\" \/>\n<script type=\"application\/ld+json\" class=\"yoast-schema-graph\">{\"@context\":\"https:\/\/schema.org\",\"@graph\":[{\"@type\":\"WebPage\",\"@id\":\"https:\/\/verdadeon.com.br\/portal\/2024\/06\/18\/final-do-mes-de-junho-tem-teatro-em-dose-dupla-no-judas-iscariotes\/\",\"url\":\"https:\/\/verdadeon.com.br\/portal\/2024\/06\/18\/final-do-mes-de-junho-tem-teatro-em-dose-dupla-no-judas-iscariotes\/\",\"name\":\"Final do m\u00eas de junho tem teatro em dose dupla no Judas Iscariotes - VerdadeOn\",\"isPartOf\":{\"@id\":\"https:\/\/verdadeon.com.br\/portal\/#website\"},\"primaryImageOfPage\":{\"@id\":\"https:\/\/verdadeon.com.br\/portal\/2024\/06\/18\/final-do-mes-de-junho-tem-teatro-em-dose-dupla-no-judas-iscariotes\/#primaryimage\"},\"image\":{\"@id\":\"https:\/\/verdadeon.com.br\/portal\/2024\/06\/18\/final-do-mes-de-junho-tem-teatro-em-dose-dupla-no-judas-iscariotes\/#primaryimage\"},\"thumbnailUrl\":\"https:\/\/i0.wp.com\/verdadeon.com.br\/portal\/wp-content\/uploads\/2024\/06\/WhatsApp-Image-2024-06-17-at-16.06.07.jpeg?fit=716%2C480&ssl=1\",\"datePublished\":\"2024-06-18T14:24:20+00:00\",\"author\":{\"@id\":\"https:\/\/verdadeon.com.br\/portal\/#\/schema\/person\/a5060ad1e9ea3df545188fc93ce43d2f\"},\"breadcrumb\":{\"@id\":\"https:\/\/verdadeon.com.br\/portal\/2024\/06\/18\/final-do-mes-de-junho-tem-teatro-em-dose-dupla-no-judas-iscariotes\/#breadcrumb\"},\"inLanguage\":\"pt-BR\",\"potentialAction\":[{\"@type\":\"ReadAction\",\"target\":[\"https:\/\/verdadeon.com.br\/portal\/2024\/06\/18\/final-do-mes-de-junho-tem-teatro-em-dose-dupla-no-judas-iscariotes\/\"]}]},{\"@type\":\"ImageObject\",\"inLanguage\":\"pt-BR\",\"@id\":\"https:\/\/verdadeon.com.br\/portal\/2024\/06\/18\/final-do-mes-de-junho-tem-teatro-em-dose-dupla-no-judas-iscariotes\/#primaryimage\",\"url\":\"https:\/\/i0.wp.com\/verdadeon.com.br\/portal\/wp-content\/uploads\/2024\/06\/WhatsApp-Image-2024-06-17-at-16.06.07.jpeg?fit=716%2C480&ssl=1\",\"contentUrl\":\"https:\/\/i0.wp.com\/verdadeon.com.br\/portal\/wp-content\/uploads\/2024\/06\/WhatsApp-Image-2024-06-17-at-16.06.07.jpeg?fit=716%2C480&ssl=1\",\"width\":716,\"height\":480,\"caption\":\"Atores do exerc\u00edcio c\u00eanico S\u00e9u Rosa, que trabalha adapta\u00e7\u00f5es das obras do escritor Guimar\u00e3es Rosa (\u00a9Divulga\u00e7\u00e3o)\"},{\"@type\":\"BreadcrumbList\",\"@id\":\"https:\/\/verdadeon.com.br\/portal\/2024\/06\/18\/final-do-mes-de-junho-tem-teatro-em-dose-dupla-no-judas-iscariotes\/#breadcrumb\",\"itemListElement\":[{\"@type\":\"ListItem\",\"position\":1,\"name\":\"In\u00edcio\",\"item\":\"https:\/\/verdadeon.com.br\/portal\/\"},{\"@type\":\"ListItem\",\"position\":2,\"name\":\"Final do m\u00eas de junho tem teatro em dose dupla no Judas Iscariotes\"}]},{\"@type\":\"WebSite\",\"@id\":\"https:\/\/verdadeon.com.br\/portal\/#website\",\"url\":\"https:\/\/verdadeon.com.br\/portal\/\",\"name\":\"VerdadeOn\",\"description\":\"Not\u00edcias di\u00e1rias sobre Franca, Regi\u00e3o, Esporte, Cultura, Cotidiano, Colunas. Cobertura nos principais eventos da cidade \u00e9 aqui - Verdadeon Franca\",\"potentialAction\":[{\"@type\":\"SearchAction\",\"target\":{\"@type\":\"EntryPoint\",\"urlTemplate\":\"https:\/\/verdadeon.com.br\/portal\/?s={search_term_string}\"},\"query-input\":{\"@type\":\"PropertyValueSpecification\",\"valueRequired\":true,\"valueName\":\"search_term_string\"}}],\"inLanguage\":\"pt-BR\"},{\"@type\":\"Person\",\"@id\":\"https:\/\/verdadeon.com.br\/portal\/#\/schema\/person\/a5060ad1e9ea3df545188fc93ce43d2f\",\"name\":\"Redacao VerdadeOn\",\"image\":{\"@type\":\"ImageObject\",\"inLanguage\":\"pt-BR\",\"@id\":\"https:\/\/verdadeon.com.br\/portal\/#\/schema\/person\/image\/\",\"url\":\"https:\/\/secure.gravatar.com\/avatar\/459a9613caaaf07f582c3d0841eea68bdd66f533e465e6ba8b9cb45619572cf4?s=96&d=mm&r=g\",\"contentUrl\":\"https:\/\/secure.gravatar.com\/avatar\/459a9613caaaf07f582c3d0841eea68bdd66f533e465e6ba8b9cb45619572cf4?s=96&d=mm&r=g\",\"caption\":\"Redacao VerdadeOn\"},\"url\":\"https:\/\/verdadeon.com.br\/portal\/author\/redacao\/\"}]}<\/script>\n<!-- \/ Yoast SEO plugin. -->","yoast_head_json":{"title":"Final do m\u00eas de junho tem teatro em dose dupla no Judas Iscariotes - VerdadeOn","robots":{"index":"index","follow":"follow","max-snippet":"max-snippet:-1","max-image-preview":"max-image-preview:large","max-video-preview":"max-video-preview:-1"},"canonical":"https:\/\/verdadeon.com.br\/portal\/2024\/06\/18\/final-do-mes-de-junho-tem-teatro-em-dose-dupla-no-judas-iscariotes\/","og_locale":"pt_BR","og_type":"article","og_title":"Final do m\u00eas de junho tem teatro em dose dupla no Judas Iscariotes - VerdadeOn","og_description":"Pe\u00e7as s\u00e3o dirigidas por Mauro J\u00fanior Nos dias 22 e 23, o Teatro Judas Iscariotes recebe a pe\u00e7a &#8220;CORRA, ELISE, CORRA&#8221;, que \u00e9 um exerc\u00edcio c\u00eanico [\u2026]","og_url":"https:\/\/verdadeon.com.br\/portal\/2024\/06\/18\/final-do-mes-de-junho-tem-teatro-em-dose-dupla-no-judas-iscariotes\/","og_site_name":"VerdadeOn","article_published_time":"2024-06-18T14:24:20+00:00","og_image":[{"width":716,"height":480,"url":"https:\/\/verdadeon.com.br\/portal\/wp-content\/uploads\/2024\/06\/WhatsApp-Image-2024-06-17-at-16.06.07.jpeg","type":"image\/jpeg"}],"author":"Redacao VerdadeOn","twitter_card":"summary_large_image","twitter_misc":{"Escrito por":"Redacao VerdadeOn","Est. tempo de leitura":"2 minutos"},"schema":{"@context":"https:\/\/schema.org","@graph":[{"@type":"WebPage","@id":"https:\/\/verdadeon.com.br\/portal\/2024\/06\/18\/final-do-mes-de-junho-tem-teatro-em-dose-dupla-no-judas-iscariotes\/","url":"https:\/\/verdadeon.com.br\/portal\/2024\/06\/18\/final-do-mes-de-junho-tem-teatro-em-dose-dupla-no-judas-iscariotes\/","name":"Final do m\u00eas de junho tem teatro em dose dupla no Judas Iscariotes - VerdadeOn","isPartOf":{"@id":"https:\/\/verdadeon.com.br\/portal\/#website"},"primaryImageOfPage":{"@id":"https:\/\/verdadeon.com.br\/portal\/2024\/06\/18\/final-do-mes-de-junho-tem-teatro-em-dose-dupla-no-judas-iscariotes\/#primaryimage"},"image":{"@id":"https:\/\/verdadeon.com.br\/portal\/2024\/06\/18\/final-do-mes-de-junho-tem-teatro-em-dose-dupla-no-judas-iscariotes\/#primaryimage"},"thumbnailUrl":"https:\/\/i0.wp.com\/verdadeon.com.br\/portal\/wp-content\/uploads\/2024\/06\/WhatsApp-Image-2024-06-17-at-16.06.07.jpeg?fit=716%2C480&ssl=1","datePublished":"2024-06-18T14:24:20+00:00","author":{"@id":"https:\/\/verdadeon.com.br\/portal\/#\/schema\/person\/a5060ad1e9ea3df545188fc93ce43d2f"},"breadcrumb":{"@id":"https:\/\/verdadeon.com.br\/portal\/2024\/06\/18\/final-do-mes-de-junho-tem-teatro-em-dose-dupla-no-judas-iscariotes\/#breadcrumb"},"inLanguage":"pt-BR","potentialAction":[{"@type":"ReadAction","target":["https:\/\/verdadeon.com.br\/portal\/2024\/06\/18\/final-do-mes-de-junho-tem-teatro-em-dose-dupla-no-judas-iscariotes\/"]}]},{"@type":"ImageObject","inLanguage":"pt-BR","@id":"https:\/\/verdadeon.com.br\/portal\/2024\/06\/18\/final-do-mes-de-junho-tem-teatro-em-dose-dupla-no-judas-iscariotes\/#primaryimage","url":"https:\/\/i0.wp.com\/verdadeon.com.br\/portal\/wp-content\/uploads\/2024\/06\/WhatsApp-Image-2024-06-17-at-16.06.07.jpeg?fit=716%2C480&ssl=1","contentUrl":"https:\/\/i0.wp.com\/verdadeon.com.br\/portal\/wp-content\/uploads\/2024\/06\/WhatsApp-Image-2024-06-17-at-16.06.07.jpeg?fit=716%2C480&ssl=1","width":716,"height":480,"caption":"Atores do exerc\u00edcio c\u00eanico S\u00e9u Rosa, que trabalha adapta\u00e7\u00f5es das obras do escritor Guimar\u00e3es Rosa (\u00a9Divulga\u00e7\u00e3o)"},{"@type":"BreadcrumbList","@id":"https:\/\/verdadeon.com.br\/portal\/2024\/06\/18\/final-do-mes-de-junho-tem-teatro-em-dose-dupla-no-judas-iscariotes\/#breadcrumb","itemListElement":[{"@type":"ListItem","position":1,"name":"In\u00edcio","item":"https:\/\/verdadeon.com.br\/portal\/"},{"@type":"ListItem","position":2,"name":"Final do m\u00eas de junho tem teatro em dose dupla no Judas Iscariotes"}]},{"@type":"WebSite","@id":"https:\/\/verdadeon.com.br\/portal\/#website","url":"https:\/\/verdadeon.com.br\/portal\/","name":"VerdadeOn","description":"Not\u00edcias di\u00e1rias sobre Franca, Regi\u00e3o, Esporte, Cultura, Cotidiano, Colunas. Cobertura nos principais eventos da cidade \u00e9 aqui - Verdadeon Franca","potentialAction":[{"@type":"SearchAction","target":{"@type":"EntryPoint","urlTemplate":"https:\/\/verdadeon.com.br\/portal\/?s={search_term_string}"},"query-input":{"@type":"PropertyValueSpecification","valueRequired":true,"valueName":"search_term_string"}}],"inLanguage":"pt-BR"},{"@type":"Person","@id":"https:\/\/verdadeon.com.br\/portal\/#\/schema\/person\/a5060ad1e9ea3df545188fc93ce43d2f","name":"Redacao VerdadeOn","image":{"@type":"ImageObject","inLanguage":"pt-BR","@id":"https:\/\/verdadeon.com.br\/portal\/#\/schema\/person\/image\/","url":"https:\/\/secure.gravatar.com\/avatar\/459a9613caaaf07f582c3d0841eea68bdd66f533e465e6ba8b9cb45619572cf4?s=96&d=mm&r=g","contentUrl":"https:\/\/secure.gravatar.com\/avatar\/459a9613caaaf07f582c3d0841eea68bdd66f533e465e6ba8b9cb45619572cf4?s=96&d=mm&r=g","caption":"Redacao VerdadeOn"},"url":"https:\/\/verdadeon.com.br\/portal\/author\/redacao\/"}]}},"jetpack_publicize_connections":[],"jetpack_featured_media_url":"https:\/\/i0.wp.com\/verdadeon.com.br\/portal\/wp-content\/uploads\/2024\/06\/WhatsApp-Image-2024-06-17-at-16.06.07.jpeg?fit=716%2C480&ssl=1","jetpack_sharing_enabled":true,"_links":{"self":[{"href":"https:\/\/verdadeon.com.br\/portal\/wp-json\/wp\/v2\/posts\/46053","targetHints":{"allow":["GET"]}}],"collection":[{"href":"https:\/\/verdadeon.com.br\/portal\/wp-json\/wp\/v2\/posts"}],"about":[{"href":"https:\/\/verdadeon.com.br\/portal\/wp-json\/wp\/v2\/types\/post"}],"author":[{"embeddable":true,"href":"https:\/\/verdadeon.com.br\/portal\/wp-json\/wp\/v2\/users\/10"}],"replies":[{"embeddable":true,"href":"https:\/\/verdadeon.com.br\/portal\/wp-json\/wp\/v2\/comments?post=46053"}],"version-history":[{"count":1,"href":"https:\/\/verdadeon.com.br\/portal\/wp-json\/wp\/v2\/posts\/46053\/revisions"}],"predecessor-version":[{"id":46064,"href":"https:\/\/verdadeon.com.br\/portal\/wp-json\/wp\/v2\/posts\/46053\/revisions\/46064"}],"wp:featuredmedia":[{"embeddable":true,"href":"https:\/\/verdadeon.com.br\/portal\/wp-json\/wp\/v2\/media\/46063"}],"wp:attachment":[{"href":"https:\/\/verdadeon.com.br\/portal\/wp-json\/wp\/v2\/media?parent=46053"}],"wp:term":[{"taxonomy":"category","embeddable":true,"href":"https:\/\/verdadeon.com.br\/portal\/wp-json\/wp\/v2\/categories?post=46053"},{"taxonomy":"post_tag","embeddable":true,"href":"https:\/\/verdadeon.com.br\/portal\/wp-json\/wp\/v2\/tags?post=46053"}],"curies":[{"name":"wp","href":"https:\/\/api.w.org\/{rel}","templated":true}]}}