{"id":4589,"date":"2020-03-05T07:30:02","date_gmt":"2020-03-05T10:30:02","guid":{"rendered":"http:\/\/verdadeon.com.br\/portal\/?p=4589"},"modified":"2020-03-04T22:44:48","modified_gmt":"2020-03-05T01:44:48","slug":"sesi-franca-e-minas-se-enfrentam-no-pedrocao","status":"publish","type":"post","link":"https:\/\/verdadeon.com.br\/portal\/2020\/03\/05\/sesi-franca-e-minas-se-enfrentam-no-pedrocao\/","title":{"rendered":"Sesi Franca e Minas se enfrentam no Pedroc\u00e3o"},"content":{"rendered":"<h2>Ap\u00f3s vit\u00f3ria tranquila diante do Bras\u00edlia, time est\u00e1 focado para buscar a ponta do NBB 12<\/h2>\n<p>Reportagem Gustavo Rodrigues<\/p>\n<p>O poliesportivo de Franca ser\u00e1 palco de mais um duelo v\u00e1lido pelo NBB (Novo Basquete Brasil), na noite desta quinta-feira (5). Sesi e Minas entram em quadra pela competi\u00e7\u00e3o nacional em busca de encostar na primeira coloca\u00e7\u00e3o da primeira fase. O confronto est\u00e1 marcado para \u00e0s 20h10.<br \/>\nCom 18 vit\u00f3rias e cinco derrotas at\u00e9 o momento, Helinho Garcia e companhia buscam o sexto resultado positivo seguido no torneio. Na segunda coloca\u00e7\u00e3o da tabela, a equipe tenta encostar o l\u00edder Flamengo. Os cariocas t\u00eam campanha de 20-3.<br \/>\nO advers\u00e1rio desta noite promete complicar a vida de Franca. Isso porque o Minas conta com um elenco experiente e acostumado com grandes jogos.<br \/>\nAs principais pe\u00e7as s\u00e3o o armador Leandrinho, um dos candidatos ao pr\u00eamio de melhor jogador da liga, e o ala Alex Garcia que, aos 40 anos mostra que pode ser fundamental para a equipe que ocupa a quarta posi\u00e7\u00e3o no NBB com 15 vit\u00f3rias e oito derrotas.<br \/>\nMais uma vez o Sesi Franca contar\u00e1 com o piv\u00f4 Cipolini que se recuperou de les\u00e3o, ap\u00f3s ficar mais de tr\u00eas meses sem jogar. Dessa forma, Helinho tem todo o plantel \u00e0 disposi\u00e7\u00e3o.<br \/>\nA promessa \u00e9 de casa cheia para o duelo. A torcida estava com saudade do time e a atual fase empolga os apaixonados pelo esporte. Os interessados em acompanhar o confronto podem adquirir os ingressos na loja do clube, no Shopping do Cal\u00e7ado ou pelo site.<br \/>\n\u00daltimo jogo<br \/>\nFranca voltou com tudo ap\u00f3s per\u00edodo sem jogar pelo Novo Basquete Brasil. Na noite da \u00faltima ter\u00e7a-feira (3), a equipe atropelou o Lobos Bras\u00edlia, no Pedroc\u00e3o, e venceu por 97 a 71. O time de Helinho Garcia dominou todo o confronto e saiu vitorioso em todos os quartos com parciais de 31-19, 16-12, 28-24 e 22-16.<br \/>\nChamou a aten\u00e7\u00e3o, mais uma vez, a atua\u00e7\u00e3o do piv\u00f4 Rafael Hettsheimeir. O atleta que foi convocado para a sele\u00e7\u00e3o brasileira, mas preferiu n\u00e3o disputar os jogos v\u00e1lidos pelas eliminat\u00f3rias para a Copa Am\u00e9rica, ficou em Franca treinando e anotou 22 pontos no P\u00f3li. Outros que tiveram bom desempenho foram Schattmann que fez 19 e Lucas Dias que encerrou o jogo com 18. Do lado advers\u00e1rio, o experiente Nezinho marcou 21 pontos.<br \/>\nO Sesi continua na cola do l\u00edder Flamengo que tamb\u00e9m venceu na rodada. Os cariocas receberam o Pinheiros e a partida terminou 83 a 72.<\/p>\n","protected":false},"excerpt":{"rendered":"<p>Ap\u00f3s vit\u00f3ria tranquila diante do Bras\u00edlia, time est\u00e1 focado para buscar a ponta do NBB 12 Reportagem Gustavo Rodrigues O poliesportivo de Franca ser\u00e1 palco de<span class=\"excerpt-hellip\"> [\u2026]<\/span><\/p>\n","protected":false},"author":10,"featured_media":0,"comment_status":"open","ping_status":"open","sticky":false,"template":"","format":"standard","meta":{"_jetpack_memberships_contains_paid_content":false,"footnotes":"","jetpack_publicize_message":"","jetpack_publicize_feature_enabled":true,"jetpack_social_post_already_shared":false,"jetpack_social_options":{"image_generator_settings":{"template":"highway","default_image_id":0,"enabled":false},"version":2}},"categories":[29,81],"tags":[],"class_list":["post-4589","post","type-post","status-publish","format-standard","hentry","category-esportes","category-manchete"],"yoast_head":"<!-- This site is optimized with the Yoast SEO plugin v25.6 - https:\/\/yoast.com\/wordpress\/plugins\/seo\/ -->\n<title>Sesi Franca e Minas se enfrentam no Pedroc\u00e3o - VerdadeOn<\/title>\n<meta name=\"robots\" content=\"index, follow, max-snippet:-1, max-image-preview:large, max-video-preview:-1\" \/>\n<link rel=\"canonical\" href=\"https:\/\/verdadeon.com.br\/portal\/2020\/03\/05\/sesi-franca-e-minas-se-enfrentam-no-pedrocao\/\" \/>\n<meta property=\"og:locale\" content=\"pt_BR\" \/>\n<meta property=\"og:type\" content=\"article\" \/>\n<meta property=\"og:title\" content=\"Sesi Franca e Minas se enfrentam no Pedroc\u00e3o - VerdadeOn\" \/>\n<meta property=\"og:description\" content=\"Ap\u00f3s vit\u00f3ria tranquila diante do Bras\u00edlia, time est\u00e1 focado para buscar a ponta do NBB 12 Reportagem Gustavo Rodrigues O poliesportivo de Franca ser\u00e1 palco de [\u2026]\" \/>\n<meta property=\"og:url\" content=\"https:\/\/verdadeon.com.br\/portal\/2020\/03\/05\/sesi-franca-e-minas-se-enfrentam-no-pedrocao\/\" \/>\n<meta property=\"og:site_name\" content=\"VerdadeOn\" \/>\n<meta property=\"article:published_time\" content=\"2020-03-05T10:30:02+00:00\" \/>\n<meta name=\"author\" content=\"Redacao VerdadeOn\" \/>\n<meta name=\"twitter:card\" content=\"summary_large_image\" \/>\n<meta name=\"twitter:label1\" content=\"Escrito por\" \/>\n\t<meta name=\"twitter:data1\" content=\"Redacao VerdadeOn\" \/>\n\t<meta name=\"twitter:label2\" content=\"Est. tempo de leitura\" \/>\n\t<meta name=\"twitter:data2\" content=\"2 minutos\" \/>\n<script type=\"application\/ld+json\" class=\"yoast-schema-graph\">{\"@context\":\"https:\/\/schema.org\",\"@graph\":[{\"@type\":\"WebPage\",\"@id\":\"https:\/\/verdadeon.com.br\/portal\/2020\/03\/05\/sesi-franca-e-minas-se-enfrentam-no-pedrocao\/\",\"url\":\"https:\/\/verdadeon.com.br\/portal\/2020\/03\/05\/sesi-franca-e-minas-se-enfrentam-no-pedrocao\/\",\"name\":\"Sesi Franca e Minas se enfrentam no Pedroc\u00e3o - VerdadeOn\",\"isPartOf\":{\"@id\":\"https:\/\/verdadeon.com.br\/portal\/#website\"},\"datePublished\":\"2020-03-05T10:30:02+00:00\",\"author\":{\"@id\":\"https:\/\/verdadeon.com.br\/portal\/#\/schema\/person\/a5060ad1e9ea3df545188fc93ce43d2f\"},\"breadcrumb\":{\"@id\":\"https:\/\/verdadeon.com.br\/portal\/2020\/03\/05\/sesi-franca-e-minas-se-enfrentam-no-pedrocao\/#breadcrumb\"},\"inLanguage\":\"pt-BR\",\"potentialAction\":[{\"@type\":\"ReadAction\",\"target\":[\"https:\/\/verdadeon.com.br\/portal\/2020\/03\/05\/sesi-franca-e-minas-se-enfrentam-no-pedrocao\/\"]}]},{\"@type\":\"BreadcrumbList\",\"@id\":\"https:\/\/verdadeon.com.br\/portal\/2020\/03\/05\/sesi-franca-e-minas-se-enfrentam-no-pedrocao\/#breadcrumb\",\"itemListElement\":[{\"@type\":\"ListItem\",\"position\":1,\"name\":\"In\u00edcio\",\"item\":\"https:\/\/verdadeon.com.br\/portal\/\"},{\"@type\":\"ListItem\",\"position\":2,\"name\":\"Sesi Franca e Minas se enfrentam no Pedroc\u00e3o\"}]},{\"@type\":\"WebSite\",\"@id\":\"https:\/\/verdadeon.com.br\/portal\/#website\",\"url\":\"https:\/\/verdadeon.com.br\/portal\/\",\"name\":\"VerdadeOn\",\"description\":\"Not\u00edcias di\u00e1rias sobre Franca, Regi\u00e3o, Esporte, Cultura, Cotidiano, Colunas. Cobertura nos principais eventos da cidade \u00e9 aqui - Verdadeon Franca\",\"potentialAction\":[{\"@type\":\"SearchAction\",\"target\":{\"@type\":\"EntryPoint\",\"urlTemplate\":\"https:\/\/verdadeon.com.br\/portal\/?s={search_term_string}\"},\"query-input\":{\"@type\":\"PropertyValueSpecification\",\"valueRequired\":true,\"valueName\":\"search_term_string\"}}],\"inLanguage\":\"pt-BR\"},{\"@type\":\"Person\",\"@id\":\"https:\/\/verdadeon.com.br\/portal\/#\/schema\/person\/a5060ad1e9ea3df545188fc93ce43d2f\",\"name\":\"Redacao VerdadeOn\",\"image\":{\"@type\":\"ImageObject\",\"inLanguage\":\"pt-BR\",\"@id\":\"https:\/\/verdadeon.com.br\/portal\/#\/schema\/person\/image\/\",\"url\":\"https:\/\/secure.gravatar.com\/avatar\/459a9613caaaf07f582c3d0841eea68bdd66f533e465e6ba8b9cb45619572cf4?s=96&d=mm&r=g\",\"contentUrl\":\"https:\/\/secure.gravatar.com\/avatar\/459a9613caaaf07f582c3d0841eea68bdd66f533e465e6ba8b9cb45619572cf4?s=96&d=mm&r=g\",\"caption\":\"Redacao VerdadeOn\"},\"url\":\"https:\/\/verdadeon.com.br\/portal\/author\/redacao\/\"}]}<\/script>\n<!-- \/ Yoast SEO plugin. -->","yoast_head_json":{"title":"Sesi Franca e Minas se enfrentam no Pedroc\u00e3o - VerdadeOn","robots":{"index":"index","follow":"follow","max-snippet":"max-snippet:-1","max-image-preview":"max-image-preview:large","max-video-preview":"max-video-preview:-1"},"canonical":"https:\/\/verdadeon.com.br\/portal\/2020\/03\/05\/sesi-franca-e-minas-se-enfrentam-no-pedrocao\/","og_locale":"pt_BR","og_type":"article","og_title":"Sesi Franca e Minas se enfrentam no Pedroc\u00e3o - VerdadeOn","og_description":"Ap\u00f3s vit\u00f3ria tranquila diante do Bras\u00edlia, time est\u00e1 focado para buscar a ponta do NBB 12 Reportagem Gustavo Rodrigues O poliesportivo de Franca ser\u00e1 palco de [\u2026]","og_url":"https:\/\/verdadeon.com.br\/portal\/2020\/03\/05\/sesi-franca-e-minas-se-enfrentam-no-pedrocao\/","og_site_name":"VerdadeOn","article_published_time":"2020-03-05T10:30:02+00:00","author":"Redacao VerdadeOn","twitter_card":"summary_large_image","twitter_misc":{"Escrito por":"Redacao VerdadeOn","Est. tempo de leitura":"2 minutos"},"schema":{"@context":"https:\/\/schema.org","@graph":[{"@type":"WebPage","@id":"https:\/\/verdadeon.com.br\/portal\/2020\/03\/05\/sesi-franca-e-minas-se-enfrentam-no-pedrocao\/","url":"https:\/\/verdadeon.com.br\/portal\/2020\/03\/05\/sesi-franca-e-minas-se-enfrentam-no-pedrocao\/","name":"Sesi Franca e Minas se enfrentam no Pedroc\u00e3o - VerdadeOn","isPartOf":{"@id":"https:\/\/verdadeon.com.br\/portal\/#website"},"datePublished":"2020-03-05T10:30:02+00:00","author":{"@id":"https:\/\/verdadeon.com.br\/portal\/#\/schema\/person\/a5060ad1e9ea3df545188fc93ce43d2f"},"breadcrumb":{"@id":"https:\/\/verdadeon.com.br\/portal\/2020\/03\/05\/sesi-franca-e-minas-se-enfrentam-no-pedrocao\/#breadcrumb"},"inLanguage":"pt-BR","potentialAction":[{"@type":"ReadAction","target":["https:\/\/verdadeon.com.br\/portal\/2020\/03\/05\/sesi-franca-e-minas-se-enfrentam-no-pedrocao\/"]}]},{"@type":"BreadcrumbList","@id":"https:\/\/verdadeon.com.br\/portal\/2020\/03\/05\/sesi-franca-e-minas-se-enfrentam-no-pedrocao\/#breadcrumb","itemListElement":[{"@type":"ListItem","position":1,"name":"In\u00edcio","item":"https:\/\/verdadeon.com.br\/portal\/"},{"@type":"ListItem","position":2,"name":"Sesi Franca e Minas se enfrentam no Pedroc\u00e3o"}]},{"@type":"WebSite","@id":"https:\/\/verdadeon.com.br\/portal\/#website","url":"https:\/\/verdadeon.com.br\/portal\/","name":"VerdadeOn","description":"Not\u00edcias di\u00e1rias sobre Franca, Regi\u00e3o, Esporte, Cultura, Cotidiano, Colunas. Cobertura nos principais eventos da cidade \u00e9 aqui - Verdadeon Franca","potentialAction":[{"@type":"SearchAction","target":{"@type":"EntryPoint","urlTemplate":"https:\/\/verdadeon.com.br\/portal\/?s={search_term_string}"},"query-input":{"@type":"PropertyValueSpecification","valueRequired":true,"valueName":"search_term_string"}}],"inLanguage":"pt-BR"},{"@type":"Person","@id":"https:\/\/verdadeon.com.br\/portal\/#\/schema\/person\/a5060ad1e9ea3df545188fc93ce43d2f","name":"Redacao VerdadeOn","image":{"@type":"ImageObject","inLanguage":"pt-BR","@id":"https:\/\/verdadeon.com.br\/portal\/#\/schema\/person\/image\/","url":"https:\/\/secure.gravatar.com\/avatar\/459a9613caaaf07f582c3d0841eea68bdd66f533e465e6ba8b9cb45619572cf4?s=96&d=mm&r=g","contentUrl":"https:\/\/secure.gravatar.com\/avatar\/459a9613caaaf07f582c3d0841eea68bdd66f533e465e6ba8b9cb45619572cf4?s=96&d=mm&r=g","caption":"Redacao VerdadeOn"},"url":"https:\/\/verdadeon.com.br\/portal\/author\/redacao\/"}]}},"jetpack_publicize_connections":[],"jetpack_featured_media_url":"","jetpack_sharing_enabled":true,"_links":{"self":[{"href":"https:\/\/verdadeon.com.br\/portal\/wp-json\/wp\/v2\/posts\/4589","targetHints":{"allow":["GET"]}}],"collection":[{"href":"https:\/\/verdadeon.com.br\/portal\/wp-json\/wp\/v2\/posts"}],"about":[{"href":"https:\/\/verdadeon.com.br\/portal\/wp-json\/wp\/v2\/types\/post"}],"author":[{"embeddable":true,"href":"https:\/\/verdadeon.com.br\/portal\/wp-json\/wp\/v2\/users\/10"}],"replies":[{"embeddable":true,"href":"https:\/\/verdadeon.com.br\/portal\/wp-json\/wp\/v2\/comments?post=4589"}],"version-history":[{"count":0,"href":"https:\/\/verdadeon.com.br\/portal\/wp-json\/wp\/v2\/posts\/4589\/revisions"}],"wp:attachment":[{"href":"https:\/\/verdadeon.com.br\/portal\/wp-json\/wp\/v2\/media?parent=4589"}],"wp:term":[{"taxonomy":"category","embeddable":true,"href":"https:\/\/verdadeon.com.br\/portal\/wp-json\/wp\/v2\/categories?post=4589"},{"taxonomy":"post_tag","embeddable":true,"href":"https:\/\/verdadeon.com.br\/portal\/wp-json\/wp\/v2\/tags?post=4589"}],"curies":[{"name":"wp","href":"https:\/\/api.w.org\/{rel}","templated":true}]}}