{"id":45831,"date":"2024-06-12T09:41:42","date_gmt":"2024-06-12T12:41:42","guid":{"rendered":"https:\/\/verdadeon.com.br\/portal\/?p=45831"},"modified":"2024-06-12T09:41:42","modified_gmt":"2024-06-12T12:41:42","slug":"governo-de-sp-implanta-fila-unica-para-otimizar-processos-a-populacao","status":"publish","type":"post","link":"https:\/\/verdadeon.com.br\/portal\/2024\/06\/12\/governo-de-sp-implanta-fila-unica-para-otimizar-processos-a-populacao\/","title":{"rendered":"Governo de SP implanta \u201cFila \u00danica\u201d para otimizar processos \u00e0 popula\u00e7\u00e3o"},"content":{"rendered":"<h2>Projeto unifica fluxos de trabalho das 18 Delegacias Regionais Tribut\u00e1rias (DRTs) situadas no estado de S\u00e3o Paulo, melhorando as opera\u00e7\u00f5es<\/h2>\n<p>A gest\u00e3o do secret\u00e1rio da Fazenda, Samuel Kinoshita, d\u00e1 mais um passo na moderniza\u00e7\u00e3o da administra\u00e7\u00e3o tribut\u00e1ria e fazend\u00e1ria com a implanta\u00e7\u00e3o da Fila \u00danica, projeto que unifica fluxos de trabalho das 18 Delegacias Regionais Tribut\u00e1rias (DRTs) situadas no estado de S\u00e3o Paulo. O objetivo \u00e9 otimizar os processos e melhorar as opera\u00e7\u00f5es desempenhadas pela Secretaria da Fazenda e Planejamento do Estado de S\u00e3o Paulo (Sefaz-SP).<\/p>\n<p>O Fila \u00danica, conforme Kinoshita, facilita a comunica\u00e7\u00e3o de melhorias, padroniza\u00e7\u00f5es e automa\u00e7\u00f5es de trabalhos repetitivos, tornando o trabalho fiscal mais eficiente e com foco em servi\u00e7os de maior valor agregado. \u201cA altera\u00e7\u00e3o permitir\u00e1 maior efici\u00eancia na tramita\u00e7\u00e3o de expedientes e processos que se originam de demandas de empresas e da popula\u00e7\u00e3o\u201d, completa Kinoshita. \u201cO objetivo \u00e9 reduzir os prazos de entrega dos servi\u00e7os prestados pela Sefaz-SP com foco na satisfa\u00e7\u00e3o dos contribuintes em geral.\u201d<\/p>\n<p>Assim, a partir de 1\u00b0 de julho, algumas atividades relacionadas a servi\u00e7os prestados ao contribuinte ser\u00e3o realizadas em Unidades de Gest\u00e3o Centralizadas (UGCs). A Sefaz-SP j\u00e1 mant\u00e9m a UGC-ITCMD (Imposto de Transmiss\u00e3o Causa Mortis e Doa\u00e7\u00e3o). A novidade \u00e9 a implanta\u00e7\u00e3o das UGCs do IPVA (Imposto sobre a Propriedade de Ve\u00edculos Automotores), do IBS\/ICMS (Imposto sobre Bens e Servi\u00e7os \u2013 Imposto sobre Circula\u00e7\u00e3o de Mercadorias e Servi\u00e7os) e da Cobran\u00e7a.<\/p>\n<p>A UGC-Cobran\u00e7a, por exemplo, \u00e9 respons\u00e1vel pela administra\u00e7\u00e3o dos d\u00e9bitos fiscais de ICMS declarado ou autuado e sua cobran\u00e7a administrativa, incluindo gest\u00e3o de contas fiscais e de parcelamentos de ICMS declarado ou autuado, retifica\u00e7\u00e3o de guias de recolhimento, a\u00e7\u00f5es de cobran\u00e7a qualificada de ICMS, e institui\u00e7\u00e3o de regimes especiais de of\u00edcio em raz\u00e3o de reiterado comportamento de inadimpl\u00eancia do contribuinte de ICMS.<\/p>\n<p>Benef\u00edcios como isen\u00e7\u00e3o de IPVA para taxista ou PCD (Pessoas com Defici\u00eancia s\u00e3o tratados na UGC-IPVA, que tamb\u00e9m fica respons\u00e1vel por todos os demais processos referentes ao imposto.<\/p>\n<p>J\u00e1 a UGC-IBS\/ICMS\u200b engloba an\u00e1lise de pedidos de restitui\u00e7\u00e3o de ICMS, regimes especiais, cadastro de contribuintes dentre outros servi\u00e7os referentes ao imposto.<\/p>\n<p>Por fim, a UGC-ITCMD\u200b, que foi criada em dezembro de 2022, al\u00e9m do imposto citado, abarcar\u00e1 a gest\u00e3o e fiscaliza\u00e7\u00e3o de taxas e melhorias no atendimento.<\/p>\n<p>No entanto, \u00e9 necess\u00e1rio refor\u00e7ar que o atendimento prestado nos Postos Fiscais distribu\u00eddos pelo estado continua funcionando normalmente, al\u00e9m das demais portas de entrada para o contribuinte como Sipet (Sistema de Peticionamento Eletr\u00f4nico), Fale Conosco, Call Center, etc.<\/p>\n<p>Para exemplificar, um morador de Bauru n\u00e3o ter\u00e1 mais seu processo analisado somente pela equipe da Delegacia Regional Tribut\u00e1ria da cidade: com o advento da UGC, essa distribui\u00e7\u00e3o ser\u00e1 otimizada, se utilizando dos demais recursos humanos da Sefaz-SP.<\/p>\n<p>Esse modelo de atendimento permitir\u00e1 ganhos de escala e efici\u00eancia decorrentes da padroniza\u00e7\u00e3o dos procedimentos realizados pela UGC.<\/p>\n<p>A expectativa \u00e9 que o prazo m\u00e9dio para a an\u00e1lise de solicita\u00e7\u00f5es seja reduzido e uniformizado em todas as Unidades Regionais, seja para uma isen\u00e7\u00e3o de ICMS na aquisi\u00e7\u00e3o de t\u00e1xi, por exemplo, at\u00e9 para demandas de grandes empresas como pedidos de restitui\u00e7\u00f5es de ICMS, regimes especiais e altera\u00e7\u00f5es referentes aos cadastros.<\/p>\n<p>SP Not\u00edcias<\/p>\n","protected":false},"excerpt":{"rendered":"<p>Projeto unifica fluxos de trabalho das 18 Delegacias Regionais Tribut\u00e1rias (DRTs) situadas no estado de S\u00e3o Paulo, melhorando as opera\u00e7\u00f5es A gest\u00e3o do secret\u00e1rio da Fazenda,<span class=\"excerpt-hellip\"> [\u2026]<\/span><\/p>\n","protected":false},"author":10,"featured_media":45656,"comment_status":"open","ping_status":"open","sticky":false,"template":"","format":"standard","meta":{"_jetpack_memberships_contains_paid_content":false,"footnotes":"","jetpack_publicize_message":"","jetpack_publicize_feature_enabled":true,"jetpack_social_post_already_shared":true,"jetpack_social_options":{"image_generator_settings":{"template":"highway","default_image_id":0,"enabled":false},"version":2}},"categories":[28,44],"tags":[],"class_list":["post-45831","post","type-post","status-publish","format-standard","has-post-thumbnail","hentry","category-cotidiano","category-noticias"],"yoast_head":"<!-- This site is optimized with the Yoast SEO plugin v25.6 - https:\/\/yoast.com\/wordpress\/plugins\/seo\/ -->\n<title>Governo de SP implanta \u201cFila \u00danica\u201d para otimizar processos \u00e0 popula\u00e7\u00e3o - VerdadeOn<\/title>\n<meta name=\"robots\" content=\"index, follow, max-snippet:-1, max-image-preview:large, max-video-preview:-1\" \/>\n<link rel=\"canonical\" href=\"https:\/\/verdadeon.com.br\/portal\/2024\/06\/12\/governo-de-sp-implanta-fila-unica-para-otimizar-processos-a-populacao\/\" \/>\n<meta property=\"og:locale\" content=\"pt_BR\" \/>\n<meta property=\"og:type\" content=\"article\" \/>\n<meta property=\"og:title\" content=\"Governo de SP implanta \u201cFila \u00danica\u201d para otimizar processos \u00e0 popula\u00e7\u00e3o - VerdadeOn\" \/>\n<meta property=\"og:description\" content=\"Projeto unifica fluxos de trabalho das 18 Delegacias Regionais Tribut\u00e1rias (DRTs) situadas no estado de S\u00e3o Paulo, melhorando as opera\u00e7\u00f5es A gest\u00e3o do secret\u00e1rio da Fazenda, [\u2026]\" \/>\n<meta property=\"og:url\" content=\"https:\/\/verdadeon.com.br\/portal\/2024\/06\/12\/governo-de-sp-implanta-fila-unica-para-otimizar-processos-a-populacao\/\" \/>\n<meta property=\"og:site_name\" content=\"VerdadeOn\" \/>\n<meta property=\"article:published_time\" content=\"2024-06-12T12:41:42+00:00\" \/>\n<meta property=\"og:image\" content=\"https:\/\/verdadeon.com.br\/portal\/wp-content\/uploads\/2024\/06\/Release_Balanca-Agro-Paulista_10.4-1.jpg\" \/>\n\t<meta property=\"og:image:width\" content=\"1000\" \/>\n\t<meta property=\"og:image:height\" content=\"574\" \/>\n\t<meta property=\"og:image:type\" content=\"image\/jpeg\" \/>\n<meta name=\"author\" content=\"Redacao VerdadeOn\" \/>\n<meta name=\"twitter:card\" content=\"summary_large_image\" \/>\n<meta name=\"twitter:label1\" content=\"Escrito por\" \/>\n\t<meta name=\"twitter:data1\" content=\"Redacao VerdadeOn\" \/>\n\t<meta name=\"twitter:label2\" content=\"Est. tempo de leitura\" \/>\n\t<meta name=\"twitter:data2\" content=\"3 minutos\" \/>\n<script type=\"application\/ld+json\" class=\"yoast-schema-graph\">{\"@context\":\"https:\/\/schema.org\",\"@graph\":[{\"@type\":\"WebPage\",\"@id\":\"https:\/\/verdadeon.com.br\/portal\/2024\/06\/12\/governo-de-sp-implanta-fila-unica-para-otimizar-processos-a-populacao\/\",\"url\":\"https:\/\/verdadeon.com.br\/portal\/2024\/06\/12\/governo-de-sp-implanta-fila-unica-para-otimizar-processos-a-populacao\/\",\"name\":\"Governo de SP implanta \u201cFila \u00danica\u201d para otimizar processos \u00e0 popula\u00e7\u00e3o - VerdadeOn\",\"isPartOf\":{\"@id\":\"https:\/\/verdadeon.com.br\/portal\/#website\"},\"primaryImageOfPage\":{\"@id\":\"https:\/\/verdadeon.com.br\/portal\/2024\/06\/12\/governo-de-sp-implanta-fila-unica-para-otimizar-processos-a-populacao\/#primaryimage\"},\"image\":{\"@id\":\"https:\/\/verdadeon.com.br\/portal\/2024\/06\/12\/governo-de-sp-implanta-fila-unica-para-otimizar-processos-a-populacao\/#primaryimage\"},\"thumbnailUrl\":\"https:\/\/i0.wp.com\/verdadeon.com.br\/portal\/wp-content\/uploads\/2024\/06\/Release_Balanca-Agro-Paulista_10.4-1.jpg?fit=1000%2C574&ssl=1\",\"datePublished\":\"2024-06-12T12:41:42+00:00\",\"author\":{\"@id\":\"https:\/\/verdadeon.com.br\/portal\/#\/schema\/person\/a5060ad1e9ea3df545188fc93ce43d2f\"},\"breadcrumb\":{\"@id\":\"https:\/\/verdadeon.com.br\/portal\/2024\/06\/12\/governo-de-sp-implanta-fila-unica-para-otimizar-processos-a-populacao\/#breadcrumb\"},\"inLanguage\":\"pt-BR\",\"potentialAction\":[{\"@type\":\"ReadAction\",\"target\":[\"https:\/\/verdadeon.com.br\/portal\/2024\/06\/12\/governo-de-sp-implanta-fila-unica-para-otimizar-processos-a-populacao\/\"]}]},{\"@type\":\"ImageObject\",\"inLanguage\":\"pt-BR\",\"@id\":\"https:\/\/verdadeon.com.br\/portal\/2024\/06\/12\/governo-de-sp-implanta-fila-unica-para-otimizar-processos-a-populacao\/#primaryimage\",\"url\":\"https:\/\/i0.wp.com\/verdadeon.com.br\/portal\/wp-content\/uploads\/2024\/06\/Release_Balanca-Agro-Paulista_10.4-1.jpg?fit=1000%2C574&ssl=1\",\"contentUrl\":\"https:\/\/i0.wp.com\/verdadeon.com.br\/portal\/wp-content\/uploads\/2024\/06\/Release_Balanca-Agro-Paulista_10.4-1.jpg?fit=1000%2C574&ssl=1\",\"width\":1000,\"height\":574,\"caption\":\"Suspens\u00e3o de novas contrata\u00e7\u00f5es de financiamento do Plano Safra 2024\/2025 gera controv\u00e9rsias (\u00a9SP Not\u00edcias)\"},{\"@type\":\"BreadcrumbList\",\"@id\":\"https:\/\/verdadeon.com.br\/portal\/2024\/06\/12\/governo-de-sp-implanta-fila-unica-para-otimizar-processos-a-populacao\/#breadcrumb\",\"itemListElement\":[{\"@type\":\"ListItem\",\"position\":1,\"name\":\"In\u00edcio\",\"item\":\"https:\/\/verdadeon.com.br\/portal\/\"},{\"@type\":\"ListItem\",\"position\":2,\"name\":\"Governo de SP implanta \u201cFila \u00danica\u201d para otimizar processos \u00e0 popula\u00e7\u00e3o\"}]},{\"@type\":\"WebSite\",\"@id\":\"https:\/\/verdadeon.com.br\/portal\/#website\",\"url\":\"https:\/\/verdadeon.com.br\/portal\/\",\"name\":\"VerdadeOn\",\"description\":\"Not\u00edcias di\u00e1rias sobre Franca, Regi\u00e3o, Esporte, Cultura, Cotidiano, Colunas. Cobertura nos principais eventos da cidade \u00e9 aqui - Verdadeon Franca\",\"potentialAction\":[{\"@type\":\"SearchAction\",\"target\":{\"@type\":\"EntryPoint\",\"urlTemplate\":\"https:\/\/verdadeon.com.br\/portal\/?s={search_term_string}\"},\"query-input\":{\"@type\":\"PropertyValueSpecification\",\"valueRequired\":true,\"valueName\":\"search_term_string\"}}],\"inLanguage\":\"pt-BR\"},{\"@type\":\"Person\",\"@id\":\"https:\/\/verdadeon.com.br\/portal\/#\/schema\/person\/a5060ad1e9ea3df545188fc93ce43d2f\",\"name\":\"Redacao VerdadeOn\",\"image\":{\"@type\":\"ImageObject\",\"inLanguage\":\"pt-BR\",\"@id\":\"https:\/\/verdadeon.com.br\/portal\/#\/schema\/person\/image\/\",\"url\":\"https:\/\/secure.gravatar.com\/avatar\/459a9613caaaf07f582c3d0841eea68bdd66f533e465e6ba8b9cb45619572cf4?s=96&d=mm&r=g\",\"contentUrl\":\"https:\/\/secure.gravatar.com\/avatar\/459a9613caaaf07f582c3d0841eea68bdd66f533e465e6ba8b9cb45619572cf4?s=96&d=mm&r=g\",\"caption\":\"Redacao VerdadeOn\"},\"url\":\"https:\/\/verdadeon.com.br\/portal\/author\/redacao\/\"}]}<\/script>\n<!-- \/ Yoast SEO plugin. -->","yoast_head_json":{"title":"Governo de SP implanta \u201cFila \u00danica\u201d para otimizar processos \u00e0 popula\u00e7\u00e3o - VerdadeOn","robots":{"index":"index","follow":"follow","max-snippet":"max-snippet:-1","max-image-preview":"max-image-preview:large","max-video-preview":"max-video-preview:-1"},"canonical":"https:\/\/verdadeon.com.br\/portal\/2024\/06\/12\/governo-de-sp-implanta-fila-unica-para-otimizar-processos-a-populacao\/","og_locale":"pt_BR","og_type":"article","og_title":"Governo de SP implanta \u201cFila \u00danica\u201d para otimizar processos \u00e0 popula\u00e7\u00e3o - VerdadeOn","og_description":"Projeto unifica fluxos de trabalho das 18 Delegacias Regionais Tribut\u00e1rias (DRTs) situadas no estado de S\u00e3o Paulo, melhorando as opera\u00e7\u00f5es A gest\u00e3o do secret\u00e1rio da Fazenda, [\u2026]","og_url":"https:\/\/verdadeon.com.br\/portal\/2024\/06\/12\/governo-de-sp-implanta-fila-unica-para-otimizar-processos-a-populacao\/","og_site_name":"VerdadeOn","article_published_time":"2024-06-12T12:41:42+00:00","og_image":[{"width":1000,"height":574,"url":"https:\/\/verdadeon.com.br\/portal\/wp-content\/uploads\/2024\/06\/Release_Balanca-Agro-Paulista_10.4-1.jpg","type":"image\/jpeg"}],"author":"Redacao VerdadeOn","twitter_card":"summary_large_image","twitter_misc":{"Escrito por":"Redacao VerdadeOn","Est. tempo de leitura":"3 minutos"},"schema":{"@context":"https:\/\/schema.org","@graph":[{"@type":"WebPage","@id":"https:\/\/verdadeon.com.br\/portal\/2024\/06\/12\/governo-de-sp-implanta-fila-unica-para-otimizar-processos-a-populacao\/","url":"https:\/\/verdadeon.com.br\/portal\/2024\/06\/12\/governo-de-sp-implanta-fila-unica-para-otimizar-processos-a-populacao\/","name":"Governo de SP implanta \u201cFila \u00danica\u201d para otimizar processos \u00e0 popula\u00e7\u00e3o - VerdadeOn","isPartOf":{"@id":"https:\/\/verdadeon.com.br\/portal\/#website"},"primaryImageOfPage":{"@id":"https:\/\/verdadeon.com.br\/portal\/2024\/06\/12\/governo-de-sp-implanta-fila-unica-para-otimizar-processos-a-populacao\/#primaryimage"},"image":{"@id":"https:\/\/verdadeon.com.br\/portal\/2024\/06\/12\/governo-de-sp-implanta-fila-unica-para-otimizar-processos-a-populacao\/#primaryimage"},"thumbnailUrl":"https:\/\/i0.wp.com\/verdadeon.com.br\/portal\/wp-content\/uploads\/2024\/06\/Release_Balanca-Agro-Paulista_10.4-1.jpg?fit=1000%2C574&ssl=1","datePublished":"2024-06-12T12:41:42+00:00","author":{"@id":"https:\/\/verdadeon.com.br\/portal\/#\/schema\/person\/a5060ad1e9ea3df545188fc93ce43d2f"},"breadcrumb":{"@id":"https:\/\/verdadeon.com.br\/portal\/2024\/06\/12\/governo-de-sp-implanta-fila-unica-para-otimizar-processos-a-populacao\/#breadcrumb"},"inLanguage":"pt-BR","potentialAction":[{"@type":"ReadAction","target":["https:\/\/verdadeon.com.br\/portal\/2024\/06\/12\/governo-de-sp-implanta-fila-unica-para-otimizar-processos-a-populacao\/"]}]},{"@type":"ImageObject","inLanguage":"pt-BR","@id":"https:\/\/verdadeon.com.br\/portal\/2024\/06\/12\/governo-de-sp-implanta-fila-unica-para-otimizar-processos-a-populacao\/#primaryimage","url":"https:\/\/i0.wp.com\/verdadeon.com.br\/portal\/wp-content\/uploads\/2024\/06\/Release_Balanca-Agro-Paulista_10.4-1.jpg?fit=1000%2C574&ssl=1","contentUrl":"https:\/\/i0.wp.com\/verdadeon.com.br\/portal\/wp-content\/uploads\/2024\/06\/Release_Balanca-Agro-Paulista_10.4-1.jpg?fit=1000%2C574&ssl=1","width":1000,"height":574,"caption":"Suspens\u00e3o de novas contrata\u00e7\u00f5es de financiamento do Plano Safra 2024\/2025 gera controv\u00e9rsias (\u00a9SP Not\u00edcias)"},{"@type":"BreadcrumbList","@id":"https:\/\/verdadeon.com.br\/portal\/2024\/06\/12\/governo-de-sp-implanta-fila-unica-para-otimizar-processos-a-populacao\/#breadcrumb","itemListElement":[{"@type":"ListItem","position":1,"name":"In\u00edcio","item":"https:\/\/verdadeon.com.br\/portal\/"},{"@type":"ListItem","position":2,"name":"Governo de SP implanta \u201cFila \u00danica\u201d para otimizar processos \u00e0 popula\u00e7\u00e3o"}]},{"@type":"WebSite","@id":"https:\/\/verdadeon.com.br\/portal\/#website","url":"https:\/\/verdadeon.com.br\/portal\/","name":"VerdadeOn","description":"Not\u00edcias di\u00e1rias sobre Franca, Regi\u00e3o, Esporte, Cultura, Cotidiano, Colunas. Cobertura nos principais eventos da cidade \u00e9 aqui - Verdadeon Franca","potentialAction":[{"@type":"SearchAction","target":{"@type":"EntryPoint","urlTemplate":"https:\/\/verdadeon.com.br\/portal\/?s={search_term_string}"},"query-input":{"@type":"PropertyValueSpecification","valueRequired":true,"valueName":"search_term_string"}}],"inLanguage":"pt-BR"},{"@type":"Person","@id":"https:\/\/verdadeon.com.br\/portal\/#\/schema\/person\/a5060ad1e9ea3df545188fc93ce43d2f","name":"Redacao VerdadeOn","image":{"@type":"ImageObject","inLanguage":"pt-BR","@id":"https:\/\/verdadeon.com.br\/portal\/#\/schema\/person\/image\/","url":"https:\/\/secure.gravatar.com\/avatar\/459a9613caaaf07f582c3d0841eea68bdd66f533e465e6ba8b9cb45619572cf4?s=96&d=mm&r=g","contentUrl":"https:\/\/secure.gravatar.com\/avatar\/459a9613caaaf07f582c3d0841eea68bdd66f533e465e6ba8b9cb45619572cf4?s=96&d=mm&r=g","caption":"Redacao VerdadeOn"},"url":"https:\/\/verdadeon.com.br\/portal\/author\/redacao\/"}]}},"jetpack_publicize_connections":[],"jetpack_featured_media_url":"https:\/\/i0.wp.com\/verdadeon.com.br\/portal\/wp-content\/uploads\/2024\/06\/Release_Balanca-Agro-Paulista_10.4-1.jpg?fit=1000%2C574&ssl=1","jetpack_sharing_enabled":true,"_links":{"self":[{"href":"https:\/\/verdadeon.com.br\/portal\/wp-json\/wp\/v2\/posts\/45831","targetHints":{"allow":["GET"]}}],"collection":[{"href":"https:\/\/verdadeon.com.br\/portal\/wp-json\/wp\/v2\/posts"}],"about":[{"href":"https:\/\/verdadeon.com.br\/portal\/wp-json\/wp\/v2\/types\/post"}],"author":[{"embeddable":true,"href":"https:\/\/verdadeon.com.br\/portal\/wp-json\/wp\/v2\/users\/10"}],"replies":[{"embeddable":true,"href":"https:\/\/verdadeon.com.br\/portal\/wp-json\/wp\/v2\/comments?post=45831"}],"version-history":[{"count":1,"href":"https:\/\/verdadeon.com.br\/portal\/wp-json\/wp\/v2\/posts\/45831\/revisions"}],"predecessor-version":[{"id":45833,"href":"https:\/\/verdadeon.com.br\/portal\/wp-json\/wp\/v2\/posts\/45831\/revisions\/45833"}],"wp:featuredmedia":[{"embeddable":true,"href":"https:\/\/verdadeon.com.br\/portal\/wp-json\/wp\/v2\/media\/45656"}],"wp:attachment":[{"href":"https:\/\/verdadeon.com.br\/portal\/wp-json\/wp\/v2\/media?parent=45831"}],"wp:term":[{"taxonomy":"category","embeddable":true,"href":"https:\/\/verdadeon.com.br\/portal\/wp-json\/wp\/v2\/categories?post=45831"},{"taxonomy":"post_tag","embeddable":true,"href":"https:\/\/verdadeon.com.br\/portal\/wp-json\/wp\/v2\/tags?post=45831"}],"curies":[{"name":"wp","href":"https:\/\/api.w.org\/{rel}","templated":true}]}}