{"id":4580,"date":"2020-03-05T08:00:21","date_gmt":"2020-03-05T11:00:21","guid":{"rendered":"http:\/\/verdadeon.com.br\/portal\/?p=4580"},"modified":"2020-03-04T22:33:45","modified_gmt":"2020-03-05T01:33:45","slug":"rua-esburacada-no-aviacao-causa-transtornos-para-moradores","status":"publish","type":"post","link":"https:\/\/verdadeon.com.br\/portal\/2020\/03\/05\/rua-esburacada-no-aviacao-causa-transtornos-para-moradores\/","title":{"rendered":"Rua esburacada no Avia\u00e7\u00e3o causa transtornos para moradores"},"content":{"rendered":"<p>De acordo com os moradores o problema \u00e9 antigo e parece longe de ter uma solu\u00e7\u00e3o<\/p>\n<p>Quem passa pelo cruzamento das ruas Lu\u00eds Ant\u00f4nio de Souza e Jeov\u00e2nio Carmo Silva, no Jardim Avia\u00e7\u00e3o na zona sul da cidade, tem que ter muito cuidado. O local tem tantos buracos que \u00e9 at\u00e9 dif\u00edcil cont\u00e1-los, j\u00e1 que est\u00e3o praticamente lado a lado e se misturam.<br \/>\nDe acordo com os moradores das imedia\u00e7\u00f5es, a situa\u00e7\u00e3o fica ainda pior no per\u00edodo chuvoso, j\u00e1 que eles ficam cheios d&#8217;\u00e1gua e alguns motoristas e pedestres n\u00e3o notam, sofrendo acidentes.<br \/>\nA moradora Elis\u00e2ngela Cristina de Carvalho, trabalha em frente ao cruzamento h\u00e1 mais de dois anos. Ela contou que h\u00e1 muito tempo o local n\u00e3o passa por manuten\u00e7\u00e3o, e que isso tem trazido muitos problemas para quem mora ali.<br \/>\n&#8220;S\u00e3o tantos buracos que os motoristas caem sempre aqui, j\u00e1 perdi as contas de quantas vezes vi acidente. Queremos um recape, tapar buracos j\u00e1 n\u00e3o adianta mais&#8221;, contou.<br \/>\nAinda de acordo com Elis\u00e2ngela, por conta da rua ser \u00edngrime toda a \u00e1gua que sai das casas vizinhas correm para os buracos, que acabam ficando cobertos. Para ela falta a\u00e7\u00e3o concreta da prefeitura para resolver o problema.<br \/>\n&#8220;V\u00e1rias ruas do bairro est\u00e3o assim, principalmente essas de grande movimento. Precisamos que este problema seja resolvido o mais r\u00e1pido poss\u00edvel&#8221;, desabafou.<br \/>\nJ\u00e1 a moradora Camila Reis Oliveira, contou que tem dificuldades para passar pelo local. Ela afirmou que vai trabalhar de motocicleta e que desvia do caminho para n\u00e3o passar pelos buracos, o que tem ficado cada dia mais dif\u00edcil, j\u00e1 que muitas ruas do bairro est\u00e3o completamente esburacadas.<br \/>\n&#8220;Na \u00e9poca de aula \u00e9 ainda pior, j\u00e1 que as crian\u00e7as passam por aqui e ficam se arriscando no meio dos carros. Precisamos de uma aten\u00e7\u00e3o melhor por aqui. Vejo v\u00e1rios bairros recebendo a opera\u00e7\u00e3o tapa-buracos e infelizmente n\u00e3o vejo passando aqui na nossa regi\u00e3o&#8221;, desabafou.<br \/>\nAinda de acordo com os vizinhos, a avendia Carlos Roberto Hadade, que \u00e9 uma das principais entradas do bairro, tamb\u00e9m est\u00e1 com v\u00e1rios buracos, o que tem dificultado a vida de quem mora no complexo aeroporto.<br \/>\n&#8220;Nem mesmo as principais avenidas daqui est\u00e3o sendo cuidadas direito, isso \u00e9 muito ruim e dificulta a vida, principalmente de quem usa motocicleta como \u00e9 o meu caso&#8221;, afirmou a operadora de caixa.<br \/>\nNota<br \/>\nEm nota a Prefeitura de Franca afirmou que segue trabalhando com equipes di\u00e1rias nas ruas, e que nos \u00faltimos dias trabalha sem interrup\u00e7\u00f5es em raz\u00e3o das condi\u00e7\u00f5es favor\u00e1veis do tempo, sem chuvas. A respeito do caso citado, foi repassado a Secretaria de Planejamento Urbano, via Tap Zap 99917-2802 e ser\u00e1 inclu\u00eddo na programa\u00e7\u00e3o dessa quinta-feira e dos dias seguintes, com prioridade.<\/p>\n","protected":false},"excerpt":{"rendered":"<p>De acordo com os moradores o problema \u00e9 antigo e parece longe de ter uma solu\u00e7\u00e3o Quem passa pelo cruzamento das ruas Lu\u00eds Ant\u00f4nio de Souza<span class=\"excerpt-hellip\"> [\u2026]<\/span><\/p>\n","protected":false},"author":10,"featured_media":4586,"comment_status":"open","ping_status":"open","sticky":false,"template":"","format":"standard","meta":{"_jetpack_memberships_contains_paid_content":false,"footnotes":"","jetpack_publicize_message":"","jetpack_publicize_feature_enabled":true,"jetpack_social_post_already_shared":false,"jetpack_social_options":{"image_generator_settings":{"template":"highway","default_image_id":0,"enabled":false},"version":2}},"categories":[28,44],"tags":[],"class_list":["post-4580","post","type-post","status-publish","format-standard","has-post-thumbnail","hentry","category-cotidiano","category-noticias"],"yoast_head":"<!-- This site is optimized with the Yoast SEO plugin v25.6 - https:\/\/yoast.com\/wordpress\/plugins\/seo\/ -->\n<title>Rua esburacada no Avia\u00e7\u00e3o causa transtornos para moradores - VerdadeOn<\/title>\n<meta name=\"robots\" content=\"index, follow, max-snippet:-1, max-image-preview:large, max-video-preview:-1\" \/>\n<link rel=\"canonical\" href=\"https:\/\/verdadeon.com.br\/portal\/2020\/03\/05\/rua-esburacada-no-aviacao-causa-transtornos-para-moradores\/\" \/>\n<meta property=\"og:locale\" content=\"pt_BR\" \/>\n<meta property=\"og:type\" content=\"article\" \/>\n<meta property=\"og:title\" content=\"Rua esburacada no Avia\u00e7\u00e3o causa transtornos para moradores - VerdadeOn\" \/>\n<meta property=\"og:description\" content=\"De acordo com os moradores o problema \u00e9 antigo e parece longe de ter uma solu\u00e7\u00e3o Quem passa pelo cruzamento das ruas Lu\u00eds Ant\u00f4nio de Souza [\u2026]\" \/>\n<meta property=\"og:url\" content=\"https:\/\/verdadeon.com.br\/portal\/2020\/03\/05\/rua-esburacada-no-aviacao-causa-transtornos-para-moradores\/\" \/>\n<meta property=\"og:site_name\" content=\"VerdadeOn\" \/>\n<meta property=\"article:published_time\" content=\"2020-03-05T11:00:21+00:00\" \/>\n<meta name=\"author\" content=\"Redacao VerdadeOn\" \/>\n<meta name=\"twitter:card\" content=\"summary_large_image\" \/>\n<meta name=\"twitter:label1\" content=\"Escrito por\" \/>\n\t<meta name=\"twitter:data1\" content=\"Redacao VerdadeOn\" \/>\n\t<meta name=\"twitter:label2\" content=\"Est. tempo de leitura\" \/>\n\t<meta name=\"twitter:data2\" content=\"2 minutos\" \/>\n<script type=\"application\/ld+json\" class=\"yoast-schema-graph\">{\"@context\":\"https:\/\/schema.org\",\"@graph\":[{\"@type\":\"WebPage\",\"@id\":\"https:\/\/verdadeon.com.br\/portal\/2020\/03\/05\/rua-esburacada-no-aviacao-causa-transtornos-para-moradores\/\",\"url\":\"https:\/\/verdadeon.com.br\/portal\/2020\/03\/05\/rua-esburacada-no-aviacao-causa-transtornos-para-moradores\/\",\"name\":\"Rua esburacada no Avia\u00e7\u00e3o causa transtornos para moradores - VerdadeOn\",\"isPartOf\":{\"@id\":\"https:\/\/verdadeon.com.br\/portal\/#website\"},\"primaryImageOfPage\":{\"@id\":\"https:\/\/verdadeon.com.br\/portal\/2020\/03\/05\/rua-esburacada-no-aviacao-causa-transtornos-para-moradores\/#primaryimage\"},\"image\":{\"@id\":\"https:\/\/verdadeon.com.br\/portal\/2020\/03\/05\/rua-esburacada-no-aviacao-causa-transtornos-para-moradores\/#primaryimage\"},\"thumbnailUrl\":\"https:\/\/i0.wp.com\/verdadeon.com.br\/portal\/wp-content\/uploads\/2020\/03\/Buracos-no-jd-Avia%C3%A7%C3%A3o-foto-Lindomar-Cailton-7.jpg?fit=1000%2C668&ssl=1\",\"datePublished\":\"2020-03-05T11:00:21+00:00\",\"author\":{\"@id\":\"https:\/\/verdadeon.com.br\/portal\/#\/schema\/person\/a5060ad1e9ea3df545188fc93ce43d2f\"},\"breadcrumb\":{\"@id\":\"https:\/\/verdadeon.com.br\/portal\/2020\/03\/05\/rua-esburacada-no-aviacao-causa-transtornos-para-moradores\/#breadcrumb\"},\"inLanguage\":\"pt-BR\",\"potentialAction\":[{\"@type\":\"ReadAction\",\"target\":[\"https:\/\/verdadeon.com.br\/portal\/2020\/03\/05\/rua-esburacada-no-aviacao-causa-transtornos-para-moradores\/\"]}]},{\"@type\":\"ImageObject\",\"inLanguage\":\"pt-BR\",\"@id\":\"https:\/\/verdadeon.com.br\/portal\/2020\/03\/05\/rua-esburacada-no-aviacao-causa-transtornos-para-moradores\/#primaryimage\",\"url\":\"https:\/\/i0.wp.com\/verdadeon.com.br\/portal\/wp-content\/uploads\/2020\/03\/Buracos-no-jd-Avia%C3%A7%C3%A3o-foto-Lindomar-Cailton-7.jpg?fit=1000%2C668&ssl=1\",\"contentUrl\":\"https:\/\/i0.wp.com\/verdadeon.com.br\/portal\/wp-content\/uploads\/2020\/03\/Buracos-no-jd-Avia%C3%A7%C3%A3o-foto-Lindomar-Cailton-7.jpg?fit=1000%2C668&ssl=1\",\"width\":1000,\"height\":668,\"caption\":\"problem\u00e3o - Cruzamento de ruas importantes sofre com a grande quantidade de buracos que praticamente se misturam. Moradores pedem que o local seja recapeado, j\u00e1 que para eles tapa-buraco n\u00e3o adianta mais. De acordo com relatos, no per\u00edodo chuvoso a situa\u00e7\u00e3o \u00e9 ainda pior | Foto: Lindomar Cailton\"},{\"@type\":\"BreadcrumbList\",\"@id\":\"https:\/\/verdadeon.com.br\/portal\/2020\/03\/05\/rua-esburacada-no-aviacao-causa-transtornos-para-moradores\/#breadcrumb\",\"itemListElement\":[{\"@type\":\"ListItem\",\"position\":1,\"name\":\"In\u00edcio\",\"item\":\"https:\/\/verdadeon.com.br\/portal\/\"},{\"@type\":\"ListItem\",\"position\":2,\"name\":\"Rua esburacada no Avia\u00e7\u00e3o causa transtornos para moradores\"}]},{\"@type\":\"WebSite\",\"@id\":\"https:\/\/verdadeon.com.br\/portal\/#website\",\"url\":\"https:\/\/verdadeon.com.br\/portal\/\",\"name\":\"VerdadeOn\",\"description\":\"Not\u00edcias di\u00e1rias sobre Franca, Regi\u00e3o, Esporte, Cultura, Cotidiano, Colunas. Cobertura nos principais eventos da cidade \u00e9 aqui - Verdadeon Franca\",\"potentialAction\":[{\"@type\":\"SearchAction\",\"target\":{\"@type\":\"EntryPoint\",\"urlTemplate\":\"https:\/\/verdadeon.com.br\/portal\/?s={search_term_string}\"},\"query-input\":{\"@type\":\"PropertyValueSpecification\",\"valueRequired\":true,\"valueName\":\"search_term_string\"}}],\"inLanguage\":\"pt-BR\"},{\"@type\":\"Person\",\"@id\":\"https:\/\/verdadeon.com.br\/portal\/#\/schema\/person\/a5060ad1e9ea3df545188fc93ce43d2f\",\"name\":\"Redacao VerdadeOn\",\"image\":{\"@type\":\"ImageObject\",\"inLanguage\":\"pt-BR\",\"@id\":\"https:\/\/verdadeon.com.br\/portal\/#\/schema\/person\/image\/\",\"url\":\"https:\/\/secure.gravatar.com\/avatar\/459a9613caaaf07f582c3d0841eea68bdd66f533e465e6ba8b9cb45619572cf4?s=96&d=mm&r=g\",\"contentUrl\":\"https:\/\/secure.gravatar.com\/avatar\/459a9613caaaf07f582c3d0841eea68bdd66f533e465e6ba8b9cb45619572cf4?s=96&d=mm&r=g\",\"caption\":\"Redacao VerdadeOn\"},\"url\":\"https:\/\/verdadeon.com.br\/portal\/author\/redacao\/\"}]}<\/script>\n<!-- \/ Yoast SEO plugin. -->","yoast_head_json":{"title":"Rua esburacada no Avia\u00e7\u00e3o causa transtornos para moradores - VerdadeOn","robots":{"index":"index","follow":"follow","max-snippet":"max-snippet:-1","max-image-preview":"max-image-preview:large","max-video-preview":"max-video-preview:-1"},"canonical":"https:\/\/verdadeon.com.br\/portal\/2020\/03\/05\/rua-esburacada-no-aviacao-causa-transtornos-para-moradores\/","og_locale":"pt_BR","og_type":"article","og_title":"Rua esburacada no Avia\u00e7\u00e3o causa transtornos para moradores - VerdadeOn","og_description":"De acordo com os moradores o problema \u00e9 antigo e parece longe de ter uma solu\u00e7\u00e3o Quem passa pelo cruzamento das ruas Lu\u00eds Ant\u00f4nio de Souza [\u2026]","og_url":"https:\/\/verdadeon.com.br\/portal\/2020\/03\/05\/rua-esburacada-no-aviacao-causa-transtornos-para-moradores\/","og_site_name":"VerdadeOn","article_published_time":"2020-03-05T11:00:21+00:00","author":"Redacao VerdadeOn","twitter_card":"summary_large_image","twitter_misc":{"Escrito por":"Redacao VerdadeOn","Est. tempo de leitura":"2 minutos"},"schema":{"@context":"https:\/\/schema.org","@graph":[{"@type":"WebPage","@id":"https:\/\/verdadeon.com.br\/portal\/2020\/03\/05\/rua-esburacada-no-aviacao-causa-transtornos-para-moradores\/","url":"https:\/\/verdadeon.com.br\/portal\/2020\/03\/05\/rua-esburacada-no-aviacao-causa-transtornos-para-moradores\/","name":"Rua esburacada no Avia\u00e7\u00e3o causa transtornos para moradores - VerdadeOn","isPartOf":{"@id":"https:\/\/verdadeon.com.br\/portal\/#website"},"primaryImageOfPage":{"@id":"https:\/\/verdadeon.com.br\/portal\/2020\/03\/05\/rua-esburacada-no-aviacao-causa-transtornos-para-moradores\/#primaryimage"},"image":{"@id":"https:\/\/verdadeon.com.br\/portal\/2020\/03\/05\/rua-esburacada-no-aviacao-causa-transtornos-para-moradores\/#primaryimage"},"thumbnailUrl":"https:\/\/i0.wp.com\/verdadeon.com.br\/portal\/wp-content\/uploads\/2020\/03\/Buracos-no-jd-Avia%C3%A7%C3%A3o-foto-Lindomar-Cailton-7.jpg?fit=1000%2C668&ssl=1","datePublished":"2020-03-05T11:00:21+00:00","author":{"@id":"https:\/\/verdadeon.com.br\/portal\/#\/schema\/person\/a5060ad1e9ea3df545188fc93ce43d2f"},"breadcrumb":{"@id":"https:\/\/verdadeon.com.br\/portal\/2020\/03\/05\/rua-esburacada-no-aviacao-causa-transtornos-para-moradores\/#breadcrumb"},"inLanguage":"pt-BR","potentialAction":[{"@type":"ReadAction","target":["https:\/\/verdadeon.com.br\/portal\/2020\/03\/05\/rua-esburacada-no-aviacao-causa-transtornos-para-moradores\/"]}]},{"@type":"ImageObject","inLanguage":"pt-BR","@id":"https:\/\/verdadeon.com.br\/portal\/2020\/03\/05\/rua-esburacada-no-aviacao-causa-transtornos-para-moradores\/#primaryimage","url":"https:\/\/i0.wp.com\/verdadeon.com.br\/portal\/wp-content\/uploads\/2020\/03\/Buracos-no-jd-Avia%C3%A7%C3%A3o-foto-Lindomar-Cailton-7.jpg?fit=1000%2C668&ssl=1","contentUrl":"https:\/\/i0.wp.com\/verdadeon.com.br\/portal\/wp-content\/uploads\/2020\/03\/Buracos-no-jd-Avia%C3%A7%C3%A3o-foto-Lindomar-Cailton-7.jpg?fit=1000%2C668&ssl=1","width":1000,"height":668,"caption":"problem\u00e3o - Cruzamento de ruas importantes sofre com a grande quantidade de buracos que praticamente se misturam. Moradores pedem que o local seja recapeado, j\u00e1 que para eles tapa-buraco n\u00e3o adianta mais. De acordo com relatos, no per\u00edodo chuvoso a situa\u00e7\u00e3o \u00e9 ainda pior | Foto: Lindomar Cailton"},{"@type":"BreadcrumbList","@id":"https:\/\/verdadeon.com.br\/portal\/2020\/03\/05\/rua-esburacada-no-aviacao-causa-transtornos-para-moradores\/#breadcrumb","itemListElement":[{"@type":"ListItem","position":1,"name":"In\u00edcio","item":"https:\/\/verdadeon.com.br\/portal\/"},{"@type":"ListItem","position":2,"name":"Rua esburacada no Avia\u00e7\u00e3o causa transtornos para moradores"}]},{"@type":"WebSite","@id":"https:\/\/verdadeon.com.br\/portal\/#website","url":"https:\/\/verdadeon.com.br\/portal\/","name":"VerdadeOn","description":"Not\u00edcias di\u00e1rias sobre Franca, Regi\u00e3o, Esporte, Cultura, Cotidiano, Colunas. Cobertura nos principais eventos da cidade \u00e9 aqui - Verdadeon Franca","potentialAction":[{"@type":"SearchAction","target":{"@type":"EntryPoint","urlTemplate":"https:\/\/verdadeon.com.br\/portal\/?s={search_term_string}"},"query-input":{"@type":"PropertyValueSpecification","valueRequired":true,"valueName":"search_term_string"}}],"inLanguage":"pt-BR"},{"@type":"Person","@id":"https:\/\/verdadeon.com.br\/portal\/#\/schema\/person\/a5060ad1e9ea3df545188fc93ce43d2f","name":"Redacao VerdadeOn","image":{"@type":"ImageObject","inLanguage":"pt-BR","@id":"https:\/\/verdadeon.com.br\/portal\/#\/schema\/person\/image\/","url":"https:\/\/secure.gravatar.com\/avatar\/459a9613caaaf07f582c3d0841eea68bdd66f533e465e6ba8b9cb45619572cf4?s=96&d=mm&r=g","contentUrl":"https:\/\/secure.gravatar.com\/avatar\/459a9613caaaf07f582c3d0841eea68bdd66f533e465e6ba8b9cb45619572cf4?s=96&d=mm&r=g","caption":"Redacao VerdadeOn"},"url":"https:\/\/verdadeon.com.br\/portal\/author\/redacao\/"}]}},"jetpack_publicize_connections":[],"jetpack_featured_media_url":"https:\/\/i0.wp.com\/verdadeon.com.br\/portal\/wp-content\/uploads\/2020\/03\/Buracos-no-jd-Avia%C3%A7%C3%A3o-foto-Lindomar-Cailton-7.jpg?fit=1000%2C668&ssl=1","jetpack_sharing_enabled":true,"_links":{"self":[{"href":"https:\/\/verdadeon.com.br\/portal\/wp-json\/wp\/v2\/posts\/4580","targetHints":{"allow":["GET"]}}],"collection":[{"href":"https:\/\/verdadeon.com.br\/portal\/wp-json\/wp\/v2\/posts"}],"about":[{"href":"https:\/\/verdadeon.com.br\/portal\/wp-json\/wp\/v2\/types\/post"}],"author":[{"embeddable":true,"href":"https:\/\/verdadeon.com.br\/portal\/wp-json\/wp\/v2\/users\/10"}],"replies":[{"embeddable":true,"href":"https:\/\/verdadeon.com.br\/portal\/wp-json\/wp\/v2\/comments?post=4580"}],"version-history":[{"count":0,"href":"https:\/\/verdadeon.com.br\/portal\/wp-json\/wp\/v2\/posts\/4580\/revisions"}],"wp:featuredmedia":[{"embeddable":true,"href":"https:\/\/verdadeon.com.br\/portal\/wp-json\/wp\/v2\/media\/4586"}],"wp:attachment":[{"href":"https:\/\/verdadeon.com.br\/portal\/wp-json\/wp\/v2\/media?parent=4580"}],"wp:term":[{"taxonomy":"category","embeddable":true,"href":"https:\/\/verdadeon.com.br\/portal\/wp-json\/wp\/v2\/categories?post=4580"},{"taxonomy":"post_tag","embeddable":true,"href":"https:\/\/verdadeon.com.br\/portal\/wp-json\/wp\/v2\/tags?post=4580"}],"curies":[{"name":"wp","href":"https:\/\/api.w.org\/{rel}","templated":true}]}}