{"id":45793,"date":"2024-06-11T13:05:54","date_gmt":"2024-06-11T16:05:54","guid":{"rendered":"https:\/\/verdadeon.com.br\/portal\/?p=45793"},"modified":"2024-06-11T13:05:54","modified_gmt":"2024-06-11T16:05:54","slug":"prefeita-de-restinga-recebe-premio-cidade-excelentes-por-sustentabilidade","status":"publish","type":"post","link":"https:\/\/verdadeon.com.br\/portal\/2024\/06\/11\/prefeita-de-restinga-recebe-premio-cidade-excelentes-por-sustentabilidade\/","title":{"rendered":"Prefeita de Restinga recebe pr\u00eamio cidade excelentes por sustentabilidade"},"content":{"rendered":"<h2>Premia\u00e7\u00e3o &#8220;Cidade Excelentes&#8221; se destaca por pr\u00e1ticas ambientais inovadoras. Medidas de sustentabilidade incluem reciclagem, uso eficiente de recursos naturais e educa\u00e7\u00e3o ambiental<\/h2>\n<p><span style=\"font-weight: 400;\">No dia 08 de junho, a prefeita de Restinga, Karla Montagnini Ferracioli, recebeu o pr\u00eamio &#8220;Cidade Excelentes&#8221; na categoria de Sustentabilidade, em reconhecimento \u00e0s medidas ambientais adotadas na cidade, que se destacaram entre os munic\u00edpios com at\u00e9 30 mil habitantes no Estado de S\u00e3o Paulo.<\/span><\/p>\n<p><span style=\"font-weight: 400;\">Concedida pela BAND TV em parceria com o Instituto IGMA, essa premia\u00e7\u00e3o celebra as melhores pr\u00e1ticas de gest\u00e3o p\u00fablica no Brasil, sendo especialmente relevante por marcar o segundo ano consecutivo em que Restinga se sobressai nessa categoria.\u00a0<\/span><\/p>\n<p><span style=\"font-weight: 400;\">A prefeita Karla Montagnini Ferracioli est\u00e1 promovendo a\u00e7\u00f5es de sustentabilidade que abrangem preserva\u00e7\u00e3o ambiental, reciclagem, uso eficiente de recursos naturais e educa\u00e7\u00e3o ambiental. Essas medidas n\u00e3o s\u00f3 elevaram o padr\u00e3o de vida dos residentes, mas tamb\u00e9m estabeleceram Restinga como um exemplo a ser seguido por outras cidades de pequeno porte no estado. A transmiss\u00e3o do programa especial sobre a premia\u00e7\u00e3o pela TV BAND, agendado para o dia 28 de junho, permitir\u00e1 aos telespectadores uma vis\u00e3o abrangente das iniciativas que culminaram na conquista do prestigiado pr\u00eamio por Restinga.<\/span><\/p>\n<p>&nbsp;<\/p>\n","protected":false},"excerpt":{"rendered":"<p>Premia\u00e7\u00e3o &#8220;Cidade Excelentes&#8221; se destaca por pr\u00e1ticas ambientais inovadoras. Medidas de sustentabilidade incluem reciclagem, uso eficiente de recursos naturais e educa\u00e7\u00e3o ambiental No dia 08 de<span class=\"excerpt-hellip\"> [\u2026]<\/span><\/p>\n","protected":false},"author":10,"featured_media":45794,"comment_status":"open","ping_status":"open","sticky":false,"template":"","format":"standard","meta":{"_jetpack_memberships_contains_paid_content":false,"footnotes":"","jetpack_publicize_message":"","jetpack_publicize_feature_enabled":true,"jetpack_social_post_already_shared":true,"jetpack_social_options":{"image_generator_settings":{"template":"highway","default_image_id":0,"enabled":false},"version":2}},"categories":[28,44],"tags":[],"class_list":["post-45793","post","type-post","status-publish","format-standard","has-post-thumbnail","hentry","category-cotidiano","category-noticias"],"yoast_head":"<!-- This site is optimized with the Yoast SEO plugin v25.6 - https:\/\/yoast.com\/wordpress\/plugins\/seo\/ -->\n<title>Prefeita de Restinga recebe pr\u00eamio cidade excelentes por sustentabilidade - VerdadeOn<\/title>\n<meta name=\"robots\" content=\"index, follow, max-snippet:-1, max-image-preview:large, max-video-preview:-1\" \/>\n<link rel=\"canonical\" href=\"https:\/\/verdadeon.com.br\/portal\/2024\/06\/11\/prefeita-de-restinga-recebe-premio-cidade-excelentes-por-sustentabilidade\/\" \/>\n<meta property=\"og:locale\" content=\"pt_BR\" \/>\n<meta property=\"og:type\" content=\"article\" \/>\n<meta property=\"og:title\" content=\"Prefeita de Restinga recebe pr\u00eamio cidade excelentes por sustentabilidade - VerdadeOn\" \/>\n<meta property=\"og:description\" content=\"Premia\u00e7\u00e3o &#8220;Cidade Excelentes&#8221; se destaca por pr\u00e1ticas ambientais inovadoras. Medidas de sustentabilidade incluem reciclagem, uso eficiente de recursos naturais e educa\u00e7\u00e3o ambiental No dia 08 de [\u2026]\" \/>\n<meta property=\"og:url\" content=\"https:\/\/verdadeon.com.br\/portal\/2024\/06\/11\/prefeita-de-restinga-recebe-premio-cidade-excelentes-por-sustentabilidade\/\" \/>\n<meta property=\"og:site_name\" content=\"VerdadeOn\" \/>\n<meta property=\"article:published_time\" content=\"2024-06-11T16:05:54+00:00\" \/>\n<meta property=\"og:image\" content=\"https:\/\/verdadeon.com.br\/portal\/wp-content\/uploads\/2024\/06\/WhatsApp-Image-2024-06-11-at-11.43.29.jpeg\" \/>\n\t<meta property=\"og:image:width\" content=\"900\" \/>\n\t<meta property=\"og:image:height\" content=\"1600\" \/>\n\t<meta property=\"og:image:type\" content=\"image\/jpeg\" \/>\n<meta name=\"author\" content=\"Redacao VerdadeOn\" \/>\n<meta name=\"twitter:card\" content=\"summary_large_image\" \/>\n<meta name=\"twitter:label1\" content=\"Escrito por\" \/>\n\t<meta name=\"twitter:data1\" content=\"Redacao VerdadeOn\" \/>\n\t<meta name=\"twitter:label2\" content=\"Est. tempo de leitura\" \/>\n\t<meta name=\"twitter:data2\" content=\"2 minutos\" \/>\n<script type=\"application\/ld+json\" class=\"yoast-schema-graph\">{\"@context\":\"https:\/\/schema.org\",\"@graph\":[{\"@type\":\"WebPage\",\"@id\":\"https:\/\/verdadeon.com.br\/portal\/2024\/06\/11\/prefeita-de-restinga-recebe-premio-cidade-excelentes-por-sustentabilidade\/\",\"url\":\"https:\/\/verdadeon.com.br\/portal\/2024\/06\/11\/prefeita-de-restinga-recebe-premio-cidade-excelentes-por-sustentabilidade\/\",\"name\":\"Prefeita de Restinga recebe pr\u00eamio cidade excelentes por sustentabilidade - VerdadeOn\",\"isPartOf\":{\"@id\":\"https:\/\/verdadeon.com.br\/portal\/#website\"},\"primaryImageOfPage\":{\"@id\":\"https:\/\/verdadeon.com.br\/portal\/2024\/06\/11\/prefeita-de-restinga-recebe-premio-cidade-excelentes-por-sustentabilidade\/#primaryimage\"},\"image\":{\"@id\":\"https:\/\/verdadeon.com.br\/portal\/2024\/06\/11\/prefeita-de-restinga-recebe-premio-cidade-excelentes-por-sustentabilidade\/#primaryimage\"},\"thumbnailUrl\":\"https:\/\/i0.wp.com\/verdadeon.com.br\/portal\/wp-content\/uploads\/2024\/06\/WhatsApp-Image-2024-06-11-at-11.43.29.jpeg?fit=900%2C1600&ssl=1\",\"datePublished\":\"2024-06-11T16:05:54+00:00\",\"author\":{\"@id\":\"https:\/\/verdadeon.com.br\/portal\/#\/schema\/person\/a5060ad1e9ea3df545188fc93ce43d2f\"},\"breadcrumb\":{\"@id\":\"https:\/\/verdadeon.com.br\/portal\/2024\/06\/11\/prefeita-de-restinga-recebe-premio-cidade-excelentes-por-sustentabilidade\/#breadcrumb\"},\"inLanguage\":\"pt-BR\",\"potentialAction\":[{\"@type\":\"ReadAction\",\"target\":[\"https:\/\/verdadeon.com.br\/portal\/2024\/06\/11\/prefeita-de-restinga-recebe-premio-cidade-excelentes-por-sustentabilidade\/\"]}]},{\"@type\":\"ImageObject\",\"inLanguage\":\"pt-BR\",\"@id\":\"https:\/\/verdadeon.com.br\/portal\/2024\/06\/11\/prefeita-de-restinga-recebe-premio-cidade-excelentes-por-sustentabilidade\/#primaryimage\",\"url\":\"https:\/\/i0.wp.com\/verdadeon.com.br\/portal\/wp-content\/uploads\/2024\/06\/WhatsApp-Image-2024-06-11-at-11.43.29.jpeg?fit=900%2C1600&ssl=1\",\"contentUrl\":\"https:\/\/i0.wp.com\/verdadeon.com.br\/portal\/wp-content\/uploads\/2024\/06\/WhatsApp-Image-2024-06-11-at-11.43.29.jpeg?fit=900%2C1600&ssl=1\",\"width\":900,\"height\":1600,\"caption\":\"Karla Montagnini Ferracioli (\u00a9Divulga\u00e7\u00e3o)\"},{\"@type\":\"BreadcrumbList\",\"@id\":\"https:\/\/verdadeon.com.br\/portal\/2024\/06\/11\/prefeita-de-restinga-recebe-premio-cidade-excelentes-por-sustentabilidade\/#breadcrumb\",\"itemListElement\":[{\"@type\":\"ListItem\",\"position\":1,\"name\":\"In\u00edcio\",\"item\":\"https:\/\/verdadeon.com.br\/portal\/\"},{\"@type\":\"ListItem\",\"position\":2,\"name\":\"Prefeita de Restinga recebe pr\u00eamio cidade excelentes por sustentabilidade\"}]},{\"@type\":\"WebSite\",\"@id\":\"https:\/\/verdadeon.com.br\/portal\/#website\",\"url\":\"https:\/\/verdadeon.com.br\/portal\/\",\"name\":\"VerdadeOn\",\"description\":\"Not\u00edcias di\u00e1rias sobre Franca, Regi\u00e3o, Esporte, Cultura, Cotidiano, Colunas. Cobertura nos principais eventos da cidade \u00e9 aqui - Verdadeon Franca\",\"potentialAction\":[{\"@type\":\"SearchAction\",\"target\":{\"@type\":\"EntryPoint\",\"urlTemplate\":\"https:\/\/verdadeon.com.br\/portal\/?s={search_term_string}\"},\"query-input\":{\"@type\":\"PropertyValueSpecification\",\"valueRequired\":true,\"valueName\":\"search_term_string\"}}],\"inLanguage\":\"pt-BR\"},{\"@type\":\"Person\",\"@id\":\"https:\/\/verdadeon.com.br\/portal\/#\/schema\/person\/a5060ad1e9ea3df545188fc93ce43d2f\",\"name\":\"Redacao VerdadeOn\",\"image\":{\"@type\":\"ImageObject\",\"inLanguage\":\"pt-BR\",\"@id\":\"https:\/\/verdadeon.com.br\/portal\/#\/schema\/person\/image\/\",\"url\":\"https:\/\/secure.gravatar.com\/avatar\/459a9613caaaf07f582c3d0841eea68bdd66f533e465e6ba8b9cb45619572cf4?s=96&d=mm&r=g\",\"contentUrl\":\"https:\/\/secure.gravatar.com\/avatar\/459a9613caaaf07f582c3d0841eea68bdd66f533e465e6ba8b9cb45619572cf4?s=96&d=mm&r=g\",\"caption\":\"Redacao VerdadeOn\"},\"url\":\"https:\/\/verdadeon.com.br\/portal\/author\/redacao\/\"}]}<\/script>\n<!-- \/ Yoast SEO plugin. -->","yoast_head_json":{"title":"Prefeita de Restinga recebe pr\u00eamio cidade excelentes por sustentabilidade - VerdadeOn","robots":{"index":"index","follow":"follow","max-snippet":"max-snippet:-1","max-image-preview":"max-image-preview:large","max-video-preview":"max-video-preview:-1"},"canonical":"https:\/\/verdadeon.com.br\/portal\/2024\/06\/11\/prefeita-de-restinga-recebe-premio-cidade-excelentes-por-sustentabilidade\/","og_locale":"pt_BR","og_type":"article","og_title":"Prefeita de Restinga recebe pr\u00eamio cidade excelentes por sustentabilidade - VerdadeOn","og_description":"Premia\u00e7\u00e3o &#8220;Cidade Excelentes&#8221; se destaca por pr\u00e1ticas ambientais inovadoras. Medidas de sustentabilidade incluem reciclagem, uso eficiente de recursos naturais e educa\u00e7\u00e3o ambiental No dia 08 de [\u2026]","og_url":"https:\/\/verdadeon.com.br\/portal\/2024\/06\/11\/prefeita-de-restinga-recebe-premio-cidade-excelentes-por-sustentabilidade\/","og_site_name":"VerdadeOn","article_published_time":"2024-06-11T16:05:54+00:00","og_image":[{"width":900,"height":1600,"url":"https:\/\/verdadeon.com.br\/portal\/wp-content\/uploads\/2024\/06\/WhatsApp-Image-2024-06-11-at-11.43.29.jpeg","type":"image\/jpeg"}],"author":"Redacao VerdadeOn","twitter_card":"summary_large_image","twitter_misc":{"Escrito por":"Redacao VerdadeOn","Est. tempo de leitura":"2 minutos"},"schema":{"@context":"https:\/\/schema.org","@graph":[{"@type":"WebPage","@id":"https:\/\/verdadeon.com.br\/portal\/2024\/06\/11\/prefeita-de-restinga-recebe-premio-cidade-excelentes-por-sustentabilidade\/","url":"https:\/\/verdadeon.com.br\/portal\/2024\/06\/11\/prefeita-de-restinga-recebe-premio-cidade-excelentes-por-sustentabilidade\/","name":"Prefeita de Restinga recebe pr\u00eamio cidade excelentes por sustentabilidade - VerdadeOn","isPartOf":{"@id":"https:\/\/verdadeon.com.br\/portal\/#website"},"primaryImageOfPage":{"@id":"https:\/\/verdadeon.com.br\/portal\/2024\/06\/11\/prefeita-de-restinga-recebe-premio-cidade-excelentes-por-sustentabilidade\/#primaryimage"},"image":{"@id":"https:\/\/verdadeon.com.br\/portal\/2024\/06\/11\/prefeita-de-restinga-recebe-premio-cidade-excelentes-por-sustentabilidade\/#primaryimage"},"thumbnailUrl":"https:\/\/i0.wp.com\/verdadeon.com.br\/portal\/wp-content\/uploads\/2024\/06\/WhatsApp-Image-2024-06-11-at-11.43.29.jpeg?fit=900%2C1600&ssl=1","datePublished":"2024-06-11T16:05:54+00:00","author":{"@id":"https:\/\/verdadeon.com.br\/portal\/#\/schema\/person\/a5060ad1e9ea3df545188fc93ce43d2f"},"breadcrumb":{"@id":"https:\/\/verdadeon.com.br\/portal\/2024\/06\/11\/prefeita-de-restinga-recebe-premio-cidade-excelentes-por-sustentabilidade\/#breadcrumb"},"inLanguage":"pt-BR","potentialAction":[{"@type":"ReadAction","target":["https:\/\/verdadeon.com.br\/portal\/2024\/06\/11\/prefeita-de-restinga-recebe-premio-cidade-excelentes-por-sustentabilidade\/"]}]},{"@type":"ImageObject","inLanguage":"pt-BR","@id":"https:\/\/verdadeon.com.br\/portal\/2024\/06\/11\/prefeita-de-restinga-recebe-premio-cidade-excelentes-por-sustentabilidade\/#primaryimage","url":"https:\/\/i0.wp.com\/verdadeon.com.br\/portal\/wp-content\/uploads\/2024\/06\/WhatsApp-Image-2024-06-11-at-11.43.29.jpeg?fit=900%2C1600&ssl=1","contentUrl":"https:\/\/i0.wp.com\/verdadeon.com.br\/portal\/wp-content\/uploads\/2024\/06\/WhatsApp-Image-2024-06-11-at-11.43.29.jpeg?fit=900%2C1600&ssl=1","width":900,"height":1600,"caption":"Karla Montagnini Ferracioli (\u00a9Divulga\u00e7\u00e3o)"},{"@type":"BreadcrumbList","@id":"https:\/\/verdadeon.com.br\/portal\/2024\/06\/11\/prefeita-de-restinga-recebe-premio-cidade-excelentes-por-sustentabilidade\/#breadcrumb","itemListElement":[{"@type":"ListItem","position":1,"name":"In\u00edcio","item":"https:\/\/verdadeon.com.br\/portal\/"},{"@type":"ListItem","position":2,"name":"Prefeita de Restinga recebe pr\u00eamio cidade excelentes por sustentabilidade"}]},{"@type":"WebSite","@id":"https:\/\/verdadeon.com.br\/portal\/#website","url":"https:\/\/verdadeon.com.br\/portal\/","name":"VerdadeOn","description":"Not\u00edcias di\u00e1rias sobre Franca, Regi\u00e3o, Esporte, Cultura, Cotidiano, Colunas. Cobertura nos principais eventos da cidade \u00e9 aqui - Verdadeon Franca","potentialAction":[{"@type":"SearchAction","target":{"@type":"EntryPoint","urlTemplate":"https:\/\/verdadeon.com.br\/portal\/?s={search_term_string}"},"query-input":{"@type":"PropertyValueSpecification","valueRequired":true,"valueName":"search_term_string"}}],"inLanguage":"pt-BR"},{"@type":"Person","@id":"https:\/\/verdadeon.com.br\/portal\/#\/schema\/person\/a5060ad1e9ea3df545188fc93ce43d2f","name":"Redacao VerdadeOn","image":{"@type":"ImageObject","inLanguage":"pt-BR","@id":"https:\/\/verdadeon.com.br\/portal\/#\/schema\/person\/image\/","url":"https:\/\/secure.gravatar.com\/avatar\/459a9613caaaf07f582c3d0841eea68bdd66f533e465e6ba8b9cb45619572cf4?s=96&d=mm&r=g","contentUrl":"https:\/\/secure.gravatar.com\/avatar\/459a9613caaaf07f582c3d0841eea68bdd66f533e465e6ba8b9cb45619572cf4?s=96&d=mm&r=g","caption":"Redacao VerdadeOn"},"url":"https:\/\/verdadeon.com.br\/portal\/author\/redacao\/"}]}},"jetpack_publicize_connections":[],"jetpack_featured_media_url":"https:\/\/i0.wp.com\/verdadeon.com.br\/portal\/wp-content\/uploads\/2024\/06\/WhatsApp-Image-2024-06-11-at-11.43.29.jpeg?fit=900%2C1600&ssl=1","jetpack_sharing_enabled":true,"_links":{"self":[{"href":"https:\/\/verdadeon.com.br\/portal\/wp-json\/wp\/v2\/posts\/45793","targetHints":{"allow":["GET"]}}],"collection":[{"href":"https:\/\/verdadeon.com.br\/portal\/wp-json\/wp\/v2\/posts"}],"about":[{"href":"https:\/\/verdadeon.com.br\/portal\/wp-json\/wp\/v2\/types\/post"}],"author":[{"embeddable":true,"href":"https:\/\/verdadeon.com.br\/portal\/wp-json\/wp\/v2\/users\/10"}],"replies":[{"embeddable":true,"href":"https:\/\/verdadeon.com.br\/portal\/wp-json\/wp\/v2\/comments?post=45793"}],"version-history":[{"count":1,"href":"https:\/\/verdadeon.com.br\/portal\/wp-json\/wp\/v2\/posts\/45793\/revisions"}],"predecessor-version":[{"id":45795,"href":"https:\/\/verdadeon.com.br\/portal\/wp-json\/wp\/v2\/posts\/45793\/revisions\/45795"}],"wp:featuredmedia":[{"embeddable":true,"href":"https:\/\/verdadeon.com.br\/portal\/wp-json\/wp\/v2\/media\/45794"}],"wp:attachment":[{"href":"https:\/\/verdadeon.com.br\/portal\/wp-json\/wp\/v2\/media?parent=45793"}],"wp:term":[{"taxonomy":"category","embeddable":true,"href":"https:\/\/verdadeon.com.br\/portal\/wp-json\/wp\/v2\/categories?post=45793"},{"taxonomy":"post_tag","embeddable":true,"href":"https:\/\/verdadeon.com.br\/portal\/wp-json\/wp\/v2\/tags?post=45793"}],"curies":[{"name":"wp","href":"https:\/\/api.w.org\/{rel}","templated":true}]}}