{"id":45792,"date":"2024-06-11T12:59:24","date_gmt":"2024-06-11T15:59:24","guid":{"rendered":"https:\/\/verdadeon.com.br\/portal\/?p=45792"},"modified":"2024-06-11T17:42:49","modified_gmt":"2024-06-11T20:42:49","slug":"bandidos-destroem-fiacao-eletrica-de-reservatorio-em-sao-jose-da-bela-vista","status":"publish","type":"post","link":"https:\/\/verdadeon.com.br\/portal\/2024\/06\/11\/bandidos-destroem-fiacao-eletrica-de-reservatorio-em-sao-jose-da-bela-vista\/","title":{"rendered":"Bandidos destroem fia\u00e7\u00e3o el\u00e9trica de reservat\u00f3rio em S\u00e3o Jos\u00e9 da Bela Vista"},"content":{"rendered":"<h2>Crime aconteceu pouco antes da uma hora da manh\u00e3<\/h2>\n<p>Nesta ter\u00e7a-feira, 11, pouco antes da uma hora da manh\u00e3, tr\u00eas bandidos praticaram atos de vandalismo no sistema el\u00e9trico do Reservat\u00f3rio de \u00c1gua que abastece tr\u00eas bairros da cidade de S\u00e3o Jos\u00e9 da Bela Vista, regi\u00e3o de franca: Jardim Primavera, Morada do Sol e Geraldo Maximiliano Barcelos.<\/p>\n<p><img data-recalc-dims=\"1\" loading=\"lazy\" decoding=\"async\" class=\"alignnone size-full wp-image-45800\" src=\"https:\/\/i0.wp.com\/verdadeon.com.br\/portal\/wp-content\/uploads\/2024\/06\/WhatsApp-Image-2024-06-11-at-11.38.30.jpeg?resize=720%2C1280&#038;ssl=1\" alt=\"\" width=\"720\" height=\"1280\" srcset=\"https:\/\/i0.wp.com\/verdadeon.com.br\/portal\/wp-content\/uploads\/2024\/06\/WhatsApp-Image-2024-06-11-at-11.38.30.jpeg?w=720&amp;ssl=1 720w, https:\/\/i0.wp.com\/verdadeon.com.br\/portal\/wp-content\/uploads\/2024\/06\/WhatsApp-Image-2024-06-11-at-11.38.30.jpeg?resize=169%2C300&amp;ssl=1 169w, https:\/\/i0.wp.com\/verdadeon.com.br\/portal\/wp-content\/uploads\/2024\/06\/WhatsApp-Image-2024-06-11-at-11.38.30.jpeg?resize=576%2C1024&amp;ssl=1 576w, https:\/\/i0.wp.com\/verdadeon.com.br\/portal\/wp-content\/uploads\/2024\/06\/WhatsApp-Image-2024-06-11-at-11.38.30.jpeg?resize=82%2C146&amp;ssl=1 82w, https:\/\/i0.wp.com\/verdadeon.com.br\/portal\/wp-content\/uploads\/2024\/06\/WhatsApp-Image-2024-06-11-at-11.38.30.jpeg?resize=28%2C50&amp;ssl=1 28w, https:\/\/i0.wp.com\/verdadeon.com.br\/portal\/wp-content\/uploads\/2024\/06\/WhatsApp-Image-2024-06-11-at-11.38.30.jpeg?resize=42%2C75&amp;ssl=1 42w\" sizes=\"auto, (max-width: 720px) 100vw, 720px\" \/><\/p>\n<p>Pelas imagens das c\u00e2meras de seguran\u00e7a, \u00e9 poss\u00edvel acompanhar o momento em que os tr\u00eas se juntam na cal\u00e7ada pr\u00f3xima a uma granja da cidade, na Avenida Jos\u00e9 de Freitas Gomes, principal logradouro de acesso \u00e0 entrada e sa\u00edda do munic\u00edpio. Eles rompem os cabos instalados no t\u00e9rreo, gerando o desligamento de algumas luzes. Em seguida, eles v\u00e3o embora.<\/p>\n<p><img data-recalc-dims=\"1\" loading=\"lazy\" decoding=\"async\" class=\"alignnone size-full wp-image-45798\" src=\"https:\/\/i0.wp.com\/verdadeon.com.br\/portal\/wp-content\/uploads\/2024\/06\/WhatsApp-Image-2024-06-11-at-12.51.27.jpeg?resize=705%2C391&#038;ssl=1\" alt=\"\" width=\"705\" height=\"391\" srcset=\"https:\/\/i0.wp.com\/verdadeon.com.br\/portal\/wp-content\/uploads\/2024\/06\/WhatsApp-Image-2024-06-11-at-12.51.27.jpeg?w=705&amp;ssl=1 705w, https:\/\/i0.wp.com\/verdadeon.com.br\/portal\/wp-content\/uploads\/2024\/06\/WhatsApp-Image-2024-06-11-at-12.51.27.jpeg?resize=300%2C166&amp;ssl=1 300w, https:\/\/i0.wp.com\/verdadeon.com.br\/portal\/wp-content\/uploads\/2024\/06\/WhatsApp-Image-2024-06-11-at-12.51.27.jpeg?resize=260%2C144&amp;ssl=1 260w, https:\/\/i0.wp.com\/verdadeon.com.br\/portal\/wp-content\/uploads\/2024\/06\/WhatsApp-Image-2024-06-11-at-12.51.27.jpeg?resize=50%2C28&amp;ssl=1 50w, https:\/\/i0.wp.com\/verdadeon.com.br\/portal\/wp-content\/uploads\/2024\/06\/WhatsApp-Image-2024-06-11-at-12.51.27.jpeg?resize=135%2C75&amp;ssl=1 135w\" sizes=\"auto, (max-width: 705px) 100vw, 705px\" \/><\/p>\n<p>Todo o painel el\u00e9trico da instala\u00e7\u00e3o do reservat\u00f3rio foi destru\u00eddo. Ao que tudo indica, a fia\u00e7\u00e3o n\u00e3o foi furtada, por\u00e9m, ficou o preju\u00edzo. Os moradores dos bairros citados anteriormente est\u00e3o com o abastecimento de \u00e1gua interrompido, devido aos danos.<\/p>\n<p><img data-recalc-dims=\"1\" loading=\"lazy\" decoding=\"async\" class=\"alignnone size-full wp-image-45799\" src=\"https:\/\/i0.wp.com\/verdadeon.com.br\/portal\/wp-content\/uploads\/2024\/06\/IMG_20240611_100147-1-scaled.jpg?resize=1220%2C817&#038;ssl=1\" alt=\"\" width=\"1220\" height=\"817\" srcset=\"https:\/\/i0.wp.com\/verdadeon.com.br\/portal\/wp-content\/uploads\/2024\/06\/IMG_20240611_100147-1-scaled.jpg?w=2560&amp;ssl=1 2560w, https:\/\/i0.wp.com\/verdadeon.com.br\/portal\/wp-content\/uploads\/2024\/06\/IMG_20240611_100147-1-scaled.jpg?resize=300%2C201&amp;ssl=1 300w, https:\/\/i0.wp.com\/verdadeon.com.br\/portal\/wp-content\/uploads\/2024\/06\/IMG_20240611_100147-1-scaled.jpg?resize=1024%2C686&amp;ssl=1 1024w, https:\/\/i0.wp.com\/verdadeon.com.br\/portal\/wp-content\/uploads\/2024\/06\/IMG_20240611_100147-1-scaled.jpg?resize=768%2C515&amp;ssl=1 768w, https:\/\/i0.wp.com\/verdadeon.com.br\/portal\/wp-content\/uploads\/2024\/06\/IMG_20240611_100147-1-scaled.jpg?resize=1536%2C1029&amp;ssl=1 1536w, https:\/\/i0.wp.com\/verdadeon.com.br\/portal\/wp-content\/uploads\/2024\/06\/IMG_20240611_100147-1-scaled.jpg?resize=2048%2C1372&amp;ssl=1 2048w, https:\/\/i0.wp.com\/verdadeon.com.br\/portal\/wp-content\/uploads\/2024\/06\/IMG_20240611_100147-1-scaled.jpg?resize=218%2C146&amp;ssl=1 218w, https:\/\/i0.wp.com\/verdadeon.com.br\/portal\/wp-content\/uploads\/2024\/06\/IMG_20240611_100147-1-scaled.jpg?resize=50%2C34&amp;ssl=1 50w, https:\/\/i0.wp.com\/verdadeon.com.br\/portal\/wp-content\/uploads\/2024\/06\/IMG_20240611_100147-1-scaled.jpg?resize=112%2C75&amp;ssl=1 112w, https:\/\/i0.wp.com\/verdadeon.com.br\/portal\/wp-content\/uploads\/2024\/06\/IMG_20240611_100147-1-scaled.jpg?resize=1000%2C670&amp;ssl=1 1000w, https:\/\/i0.wp.com\/verdadeon.com.br\/portal\/wp-content\/uploads\/2024\/06\/IMG_20240611_100147-1-scaled.jpg?w=2440&amp;ssl=1 2440w\" sizes=\"auto, (max-width: 1220px) 100vw, 1220px\" \/><\/p>\n<p>Em comunicado divulgado nas redes sociais, a Prefeitura Municipal de S\u00e3o Jos\u00e9 da Bela Vista informou que, novamente, a cidade foi alvo de atos de vandalismo e que n\u00e3o v\u00e3o tolerar essas atitudes. A nota afirma ainda que est\u00e3o sendo tomadas medidas para identificar os respons\u00e1veis e salienta contar com a colabora\u00e7\u00e3o de todos para preserva\u00e7\u00e3o do patrim\u00f4nio.<\/p>\n<p>Segundo informa\u00e7\u00f5es de pessoas ligadas a Prefeitura,\u00a0 terminaram o reparo e a bomba d&#8217;\u00e1gua j\u00e1 est\u00e1 funcionando normalmente. O abastecimento voltar\u00e1 ao normal nesta quarta-feira, assim que o reservat\u00f3rio encher.<\/p>\n","protected":false},"excerpt":{"rendered":"<p>Crime aconteceu pouco antes da uma hora da manh\u00e3 Nesta ter\u00e7a-feira, 11, pouco antes da uma hora da manh\u00e3, tr\u00eas bandidos praticaram atos de vandalismo no<span class=\"excerpt-hellip\"> [\u2026]<\/span><\/p>\n","protected":false},"author":10,"featured_media":45796,"comment_status":"open","ping_status":"open","sticky":false,"template":"","format":"standard","meta":{"_jetpack_memberships_contains_paid_content":false,"footnotes":"","jetpack_publicize_message":"","jetpack_publicize_feature_enabled":true,"jetpack_social_post_already_shared":true,"jetpack_social_options":{"image_generator_settings":{"template":"highway","default_image_id":0,"enabled":false},"version":2}},"categories":[28,81],"tags":[],"class_list":["post-45792","post","type-post","status-publish","format-standard","has-post-thumbnail","hentry","category-cotidiano","category-manchete"],"yoast_head":"<!-- This site is optimized with the Yoast SEO plugin v25.6 - https:\/\/yoast.com\/wordpress\/plugins\/seo\/ -->\n<title>Bandidos destroem fia\u00e7\u00e3o el\u00e9trica de reservat\u00f3rio em S\u00e3o Jos\u00e9 da Bela Vista - VerdadeOn<\/title>\n<meta name=\"robots\" content=\"index, follow, max-snippet:-1, max-image-preview:large, max-video-preview:-1\" \/>\n<link rel=\"canonical\" href=\"https:\/\/verdadeon.com.br\/portal\/2024\/06\/11\/bandidos-destroem-fiacao-eletrica-de-reservatorio-em-sao-jose-da-bela-vista\/\" \/>\n<meta property=\"og:locale\" content=\"pt_BR\" \/>\n<meta property=\"og:type\" content=\"article\" \/>\n<meta property=\"og:title\" content=\"Bandidos destroem fia\u00e7\u00e3o el\u00e9trica de reservat\u00f3rio em S\u00e3o Jos\u00e9 da Bela Vista - VerdadeOn\" \/>\n<meta property=\"og:description\" content=\"Crime aconteceu pouco antes da uma hora da manh\u00e3 Nesta ter\u00e7a-feira, 11, pouco antes da uma hora da manh\u00e3, tr\u00eas bandidos praticaram atos de vandalismo no [\u2026]\" \/>\n<meta property=\"og:url\" content=\"https:\/\/verdadeon.com.br\/portal\/2024\/06\/11\/bandidos-destroem-fiacao-eletrica-de-reservatorio-em-sao-jose-da-bela-vista\/\" \/>\n<meta property=\"og:site_name\" content=\"VerdadeOn\" \/>\n<meta property=\"article:published_time\" content=\"2024-06-11T15:59:24+00:00\" \/>\n<meta property=\"article:modified_time\" content=\"2024-06-11T20:42:49+00:00\" \/>\n<meta property=\"og:image\" content=\"https:\/\/verdadeon.com.br\/portal\/wp-content\/uploads\/2024\/06\/IMG_20240611_100203-scaled.jpg\" \/>\n\t<meta property=\"og:image:width\" content=\"2560\" \/>\n\t<meta property=\"og:image:height\" content=\"1715\" \/>\n\t<meta property=\"og:image:type\" content=\"image\/jpeg\" \/>\n<meta name=\"author\" content=\"Redacao VerdadeOn\" \/>\n<meta name=\"twitter:card\" content=\"summary_large_image\" \/>\n<meta name=\"twitter:label1\" content=\"Escrito por\" \/>\n\t<meta name=\"twitter:data1\" content=\"Redacao VerdadeOn\" \/>\n\t<meta name=\"twitter:label2\" content=\"Est. tempo de leitura\" \/>\n\t<meta name=\"twitter:data2\" content=\"2 minutos\" \/>\n<script type=\"application\/ld+json\" class=\"yoast-schema-graph\">{\"@context\":\"https:\/\/schema.org\",\"@graph\":[{\"@type\":\"WebPage\",\"@id\":\"https:\/\/verdadeon.com.br\/portal\/2024\/06\/11\/bandidos-destroem-fiacao-eletrica-de-reservatorio-em-sao-jose-da-bela-vista\/\",\"url\":\"https:\/\/verdadeon.com.br\/portal\/2024\/06\/11\/bandidos-destroem-fiacao-eletrica-de-reservatorio-em-sao-jose-da-bela-vista\/\",\"name\":\"Bandidos destroem fia\u00e7\u00e3o el\u00e9trica de reservat\u00f3rio em S\u00e3o Jos\u00e9 da Bela Vista - VerdadeOn\",\"isPartOf\":{\"@id\":\"https:\/\/verdadeon.com.br\/portal\/#website\"},\"primaryImageOfPage\":{\"@id\":\"https:\/\/verdadeon.com.br\/portal\/2024\/06\/11\/bandidos-destroem-fiacao-eletrica-de-reservatorio-em-sao-jose-da-bela-vista\/#primaryimage\"},\"image\":{\"@id\":\"https:\/\/verdadeon.com.br\/portal\/2024\/06\/11\/bandidos-destroem-fiacao-eletrica-de-reservatorio-em-sao-jose-da-bela-vista\/#primaryimage\"},\"thumbnailUrl\":\"https:\/\/i0.wp.com\/verdadeon.com.br\/portal\/wp-content\/uploads\/2024\/06\/IMG_20240611_100203-scaled.jpg?fit=2560%2C1715&ssl=1\",\"datePublished\":\"2024-06-11T15:59:24+00:00\",\"dateModified\":\"2024-06-11T20:42:49+00:00\",\"author\":{\"@id\":\"https:\/\/verdadeon.com.br\/portal\/#\/schema\/person\/a5060ad1e9ea3df545188fc93ce43d2f\"},\"breadcrumb\":{\"@id\":\"https:\/\/verdadeon.com.br\/portal\/2024\/06\/11\/bandidos-destroem-fiacao-eletrica-de-reservatorio-em-sao-jose-da-bela-vista\/#breadcrumb\"},\"inLanguage\":\"pt-BR\",\"potentialAction\":[{\"@type\":\"ReadAction\",\"target\":[\"https:\/\/verdadeon.com.br\/portal\/2024\/06\/11\/bandidos-destroem-fiacao-eletrica-de-reservatorio-em-sao-jose-da-bela-vista\/\"]}]},{\"@type\":\"ImageObject\",\"inLanguage\":\"pt-BR\",\"@id\":\"https:\/\/verdadeon.com.br\/portal\/2024\/06\/11\/bandidos-destroem-fiacao-eletrica-de-reservatorio-em-sao-jose-da-bela-vista\/#primaryimage\",\"url\":\"https:\/\/i0.wp.com\/verdadeon.com.br\/portal\/wp-content\/uploads\/2024\/06\/IMG_20240611_100203-scaled.jpg?fit=2560%2C1715&ssl=1\",\"contentUrl\":\"https:\/\/i0.wp.com\/verdadeon.com.br\/portal\/wp-content\/uploads\/2024\/06\/IMG_20240611_100203-scaled.jpg?fit=2560%2C1715&ssl=1\",\"width\":2560,\"height\":1715,\"caption\":\"Cabos das caixas de passagem de ilumina\u00e7\u00e3o da avenida foram danificadas (\u00a9Divulga\u00e7\u00e3o)\"},{\"@type\":\"BreadcrumbList\",\"@id\":\"https:\/\/verdadeon.com.br\/portal\/2024\/06\/11\/bandidos-destroem-fiacao-eletrica-de-reservatorio-em-sao-jose-da-bela-vista\/#breadcrumb\",\"itemListElement\":[{\"@type\":\"ListItem\",\"position\":1,\"name\":\"In\u00edcio\",\"item\":\"https:\/\/verdadeon.com.br\/portal\/\"},{\"@type\":\"ListItem\",\"position\":2,\"name\":\"Bandidos destroem fia\u00e7\u00e3o el\u00e9trica de reservat\u00f3rio em S\u00e3o Jos\u00e9 da Bela Vista\"}]},{\"@type\":\"WebSite\",\"@id\":\"https:\/\/verdadeon.com.br\/portal\/#website\",\"url\":\"https:\/\/verdadeon.com.br\/portal\/\",\"name\":\"VerdadeOn\",\"description\":\"Not\u00edcias di\u00e1rias sobre Franca, Regi\u00e3o, Esporte, Cultura, Cotidiano, Colunas. Cobertura nos principais eventos da cidade \u00e9 aqui - Verdadeon Franca\",\"potentialAction\":[{\"@type\":\"SearchAction\",\"target\":{\"@type\":\"EntryPoint\",\"urlTemplate\":\"https:\/\/verdadeon.com.br\/portal\/?s={search_term_string}\"},\"query-input\":{\"@type\":\"PropertyValueSpecification\",\"valueRequired\":true,\"valueName\":\"search_term_string\"}}],\"inLanguage\":\"pt-BR\"},{\"@type\":\"Person\",\"@id\":\"https:\/\/verdadeon.com.br\/portal\/#\/schema\/person\/a5060ad1e9ea3df545188fc93ce43d2f\",\"name\":\"Redacao VerdadeOn\",\"image\":{\"@type\":\"ImageObject\",\"inLanguage\":\"pt-BR\",\"@id\":\"https:\/\/verdadeon.com.br\/portal\/#\/schema\/person\/image\/\",\"url\":\"https:\/\/secure.gravatar.com\/avatar\/459a9613caaaf07f582c3d0841eea68bdd66f533e465e6ba8b9cb45619572cf4?s=96&d=mm&r=g\",\"contentUrl\":\"https:\/\/secure.gravatar.com\/avatar\/459a9613caaaf07f582c3d0841eea68bdd66f533e465e6ba8b9cb45619572cf4?s=96&d=mm&r=g\",\"caption\":\"Redacao VerdadeOn\"},\"url\":\"https:\/\/verdadeon.com.br\/portal\/author\/redacao\/\"}]}<\/script>\n<!-- \/ Yoast SEO plugin. -->","yoast_head_json":{"title":"Bandidos destroem fia\u00e7\u00e3o el\u00e9trica de reservat\u00f3rio em S\u00e3o Jos\u00e9 da Bela Vista - VerdadeOn","robots":{"index":"index","follow":"follow","max-snippet":"max-snippet:-1","max-image-preview":"max-image-preview:large","max-video-preview":"max-video-preview:-1"},"canonical":"https:\/\/verdadeon.com.br\/portal\/2024\/06\/11\/bandidos-destroem-fiacao-eletrica-de-reservatorio-em-sao-jose-da-bela-vista\/","og_locale":"pt_BR","og_type":"article","og_title":"Bandidos destroem fia\u00e7\u00e3o el\u00e9trica de reservat\u00f3rio em S\u00e3o Jos\u00e9 da Bela Vista - VerdadeOn","og_description":"Crime aconteceu pouco antes da uma hora da manh\u00e3 Nesta ter\u00e7a-feira, 11, pouco antes da uma hora da manh\u00e3, tr\u00eas bandidos praticaram atos de vandalismo no [\u2026]","og_url":"https:\/\/verdadeon.com.br\/portal\/2024\/06\/11\/bandidos-destroem-fiacao-eletrica-de-reservatorio-em-sao-jose-da-bela-vista\/","og_site_name":"VerdadeOn","article_published_time":"2024-06-11T15:59:24+00:00","article_modified_time":"2024-06-11T20:42:49+00:00","og_image":[{"width":2560,"height":1715,"url":"https:\/\/verdadeon.com.br\/portal\/wp-content\/uploads\/2024\/06\/IMG_20240611_100203-scaled.jpg","type":"image\/jpeg"}],"author":"Redacao VerdadeOn","twitter_card":"summary_large_image","twitter_misc":{"Escrito por":"Redacao VerdadeOn","Est. tempo de leitura":"2 minutos"},"schema":{"@context":"https:\/\/schema.org","@graph":[{"@type":"WebPage","@id":"https:\/\/verdadeon.com.br\/portal\/2024\/06\/11\/bandidos-destroem-fiacao-eletrica-de-reservatorio-em-sao-jose-da-bela-vista\/","url":"https:\/\/verdadeon.com.br\/portal\/2024\/06\/11\/bandidos-destroem-fiacao-eletrica-de-reservatorio-em-sao-jose-da-bela-vista\/","name":"Bandidos destroem fia\u00e7\u00e3o el\u00e9trica de reservat\u00f3rio em S\u00e3o Jos\u00e9 da Bela Vista - VerdadeOn","isPartOf":{"@id":"https:\/\/verdadeon.com.br\/portal\/#website"},"primaryImageOfPage":{"@id":"https:\/\/verdadeon.com.br\/portal\/2024\/06\/11\/bandidos-destroem-fiacao-eletrica-de-reservatorio-em-sao-jose-da-bela-vista\/#primaryimage"},"image":{"@id":"https:\/\/verdadeon.com.br\/portal\/2024\/06\/11\/bandidos-destroem-fiacao-eletrica-de-reservatorio-em-sao-jose-da-bela-vista\/#primaryimage"},"thumbnailUrl":"https:\/\/i0.wp.com\/verdadeon.com.br\/portal\/wp-content\/uploads\/2024\/06\/IMG_20240611_100203-scaled.jpg?fit=2560%2C1715&ssl=1","datePublished":"2024-06-11T15:59:24+00:00","dateModified":"2024-06-11T20:42:49+00:00","author":{"@id":"https:\/\/verdadeon.com.br\/portal\/#\/schema\/person\/a5060ad1e9ea3df545188fc93ce43d2f"},"breadcrumb":{"@id":"https:\/\/verdadeon.com.br\/portal\/2024\/06\/11\/bandidos-destroem-fiacao-eletrica-de-reservatorio-em-sao-jose-da-bela-vista\/#breadcrumb"},"inLanguage":"pt-BR","potentialAction":[{"@type":"ReadAction","target":["https:\/\/verdadeon.com.br\/portal\/2024\/06\/11\/bandidos-destroem-fiacao-eletrica-de-reservatorio-em-sao-jose-da-bela-vista\/"]}]},{"@type":"ImageObject","inLanguage":"pt-BR","@id":"https:\/\/verdadeon.com.br\/portal\/2024\/06\/11\/bandidos-destroem-fiacao-eletrica-de-reservatorio-em-sao-jose-da-bela-vista\/#primaryimage","url":"https:\/\/i0.wp.com\/verdadeon.com.br\/portal\/wp-content\/uploads\/2024\/06\/IMG_20240611_100203-scaled.jpg?fit=2560%2C1715&ssl=1","contentUrl":"https:\/\/i0.wp.com\/verdadeon.com.br\/portal\/wp-content\/uploads\/2024\/06\/IMG_20240611_100203-scaled.jpg?fit=2560%2C1715&ssl=1","width":2560,"height":1715,"caption":"Cabos das caixas de passagem de ilumina\u00e7\u00e3o da avenida foram danificadas (\u00a9Divulga\u00e7\u00e3o)"},{"@type":"BreadcrumbList","@id":"https:\/\/verdadeon.com.br\/portal\/2024\/06\/11\/bandidos-destroem-fiacao-eletrica-de-reservatorio-em-sao-jose-da-bela-vista\/#breadcrumb","itemListElement":[{"@type":"ListItem","position":1,"name":"In\u00edcio","item":"https:\/\/verdadeon.com.br\/portal\/"},{"@type":"ListItem","position":2,"name":"Bandidos destroem fia\u00e7\u00e3o el\u00e9trica de reservat\u00f3rio em S\u00e3o Jos\u00e9 da Bela Vista"}]},{"@type":"WebSite","@id":"https:\/\/verdadeon.com.br\/portal\/#website","url":"https:\/\/verdadeon.com.br\/portal\/","name":"VerdadeOn","description":"Not\u00edcias di\u00e1rias sobre Franca, Regi\u00e3o, Esporte, Cultura, Cotidiano, Colunas. Cobertura nos principais eventos da cidade \u00e9 aqui - Verdadeon Franca","potentialAction":[{"@type":"SearchAction","target":{"@type":"EntryPoint","urlTemplate":"https:\/\/verdadeon.com.br\/portal\/?s={search_term_string}"},"query-input":{"@type":"PropertyValueSpecification","valueRequired":true,"valueName":"search_term_string"}}],"inLanguage":"pt-BR"},{"@type":"Person","@id":"https:\/\/verdadeon.com.br\/portal\/#\/schema\/person\/a5060ad1e9ea3df545188fc93ce43d2f","name":"Redacao VerdadeOn","image":{"@type":"ImageObject","inLanguage":"pt-BR","@id":"https:\/\/verdadeon.com.br\/portal\/#\/schema\/person\/image\/","url":"https:\/\/secure.gravatar.com\/avatar\/459a9613caaaf07f582c3d0841eea68bdd66f533e465e6ba8b9cb45619572cf4?s=96&d=mm&r=g","contentUrl":"https:\/\/secure.gravatar.com\/avatar\/459a9613caaaf07f582c3d0841eea68bdd66f533e465e6ba8b9cb45619572cf4?s=96&d=mm&r=g","caption":"Redacao VerdadeOn"},"url":"https:\/\/verdadeon.com.br\/portal\/author\/redacao\/"}]}},"jetpack_publicize_connections":[],"jetpack_featured_media_url":"https:\/\/i0.wp.com\/verdadeon.com.br\/portal\/wp-content\/uploads\/2024\/06\/IMG_20240611_100203-scaled.jpg?fit=2560%2C1715&ssl=1","jetpack_sharing_enabled":true,"_links":{"self":[{"href":"https:\/\/verdadeon.com.br\/portal\/wp-json\/wp\/v2\/posts\/45792","targetHints":{"allow":["GET"]}}],"collection":[{"href":"https:\/\/verdadeon.com.br\/portal\/wp-json\/wp\/v2\/posts"}],"about":[{"href":"https:\/\/verdadeon.com.br\/portal\/wp-json\/wp\/v2\/types\/post"}],"author":[{"embeddable":true,"href":"https:\/\/verdadeon.com.br\/portal\/wp-json\/wp\/v2\/users\/10"}],"replies":[{"embeddable":true,"href":"https:\/\/verdadeon.com.br\/portal\/wp-json\/wp\/v2\/comments?post=45792"}],"version-history":[{"count":3,"href":"https:\/\/verdadeon.com.br\/portal\/wp-json\/wp\/v2\/posts\/45792\/revisions"}],"predecessor-version":[{"id":45823,"href":"https:\/\/verdadeon.com.br\/portal\/wp-json\/wp\/v2\/posts\/45792\/revisions\/45823"}],"wp:featuredmedia":[{"embeddable":true,"href":"https:\/\/verdadeon.com.br\/portal\/wp-json\/wp\/v2\/media\/45796"}],"wp:attachment":[{"href":"https:\/\/verdadeon.com.br\/portal\/wp-json\/wp\/v2\/media?parent=45792"}],"wp:term":[{"taxonomy":"category","embeddable":true,"href":"https:\/\/verdadeon.com.br\/portal\/wp-json\/wp\/v2\/categories?post=45792"},{"taxonomy":"post_tag","embeddable":true,"href":"https:\/\/verdadeon.com.br\/portal\/wp-json\/wp\/v2\/tags?post=45792"}],"curies":[{"name":"wp","href":"https:\/\/api.w.org\/{rel}","templated":true}]}}