{"id":4579,"date":"2020-03-05T07:20:18","date_gmt":"2020-03-05T10:20:18","guid":{"rendered":"http:\/\/verdadeon.com.br\/portal\/?p=4579"},"modified":"2020-03-04T22:31:12","modified_gmt":"2020-03-05T01:31:12","slug":"diversidade-sexual-e-de-genero-na-empresa","status":"publish","type":"post","link":"https:\/\/verdadeon.com.br\/portal\/2020\/03\/05\/diversidade-sexual-e-de-genero-na-empresa\/","title":{"rendered":"Diversidade sexual e de g\u00eanero na empresa"},"content":{"rendered":"<h2>Considerar a diversidade como lucro e parte da cultura da empresa para a pol\u00edtica de inclus\u00e3o. O advogado Acir de M. Gomes explicou o assunto<\/h2>\n<p>Reportagem Daniel Afonso<\/p>\n<p>Quebrando tabu e dando exemplo de que as coisas podem se tornar ainda melhores nos neg\u00f3cios. Um tema que vem sendo retratado com mais evid\u00eancia nos \u00faltimos dias \u00e9 a diversidade sexual e de g\u00eanero. Nesta edi\u00e7\u00e3o, vamos mostrar como as empresas est\u00e3o trabalhando com pol\u00edticas globais para esse p\u00fablico e os resultados do engajamento e produtividade de seus colaboradores. Para falar desse assunto, conversamos com o advogado e vice-presidente da subse\u00e7\u00e3o da OAB-Franca, Acir de Matos Gomes.<br \/>\nRecentemente, ele aproveitou do seu conhecimento do assunto para explanar dentro de uma sala de aula para estudantes universit\u00e1rios como \u00e9 esta realidade dentro das empresas. A din\u00e2mica foi trabalhada com material te\u00f3rico, interatividade com alunos atrav\u00e9s de v\u00eddeos, m\u00fasicas, perguntas, escuta e muita participa\u00e7\u00e3o com opini\u00f5es. \u201cN\u00e3o foi apenas uma aula expositiva, houve compartilhamento de saberes\u201d, ressaltou.<br \/>\nIntitulando a aula como um minicurso, o advogado explicou que a finalidade era mostrar aos universit\u00e1rios que na diversidade h\u00e1 uma fonte de riqueza e que as empresas que sabem aproveitar isso conseguem obter mais lucro do que as outras. \u201c\u00c9 necess\u00e1rio mudar a cultura da empresa e essa mudan\u00e7a passa, necessariamente, por toda a estrutura organizacional, desde o CEO at\u00e9 o mais simples colaborador\u201d, revelou.<br \/>\nDe acordo com o advogado, essa iniciativa do minicurso foi vista com bons olhos, e partiu do convite do coordenador e professor do curso de Administra\u00e7\u00e3o e Cont\u00e1beis da Universidade de Franca, Gleison Luis Ara\u00fajo.<br \/>\nA quest\u00e3o foi destacada em conceitos que mostraram a diferen\u00e7a entre sexo biol\u00f3gico e a identidade de g\u00eanero, a orienta\u00e7\u00e3o sexual e a express\u00e3o corporal. \u201cExplicamos que homofobia, enquanto pr\u00e1tica sociocultural, \u00e9 a intoler\u00e2ncia \u00e0 viv\u00eancia e express\u00e3o afetivo-sexual entre pessoas do mesmo sexo que pode se manifestar de forma f\u00edsica, emocional ou psicol\u00f3gica\u201d, disse.<br \/>\nComo forma de conscientizar e ajudar na reflex\u00e3o apresentamos os n\u00fameros relativos \u00e0 viol\u00eancia praticada contra as pessoas que se identificam como LGBTI+ (a cada 20 horas morre de forma violenta, uma v\u00edtima de LGBTIFobia, no ano de 2018; 163 transexuais foram mortas no Brasil e 83% de forma cruel).<br \/>\nCom a melhora na comunica\u00e7\u00e3o, quando se consegue conviver com pessoas diferentes, a empresa passa a ter mais relev\u00e2ncia, respeito e \u00e9tica. Nos Estados Unidos, para cada 10% de aumento na diversidade racial ou \u00e9tnica na equipe de executivos, os lucros aumentam 0,8%.<\/p>\n<p>Preconceito e viol\u00eancia<br \/>\nNo \u00faltimo domingo (1\u00b0), o programa Fant\u00e1stico mostrou como \u00e9 a vida das mulheres trans dentro da cadeia. Al\u00e9m disso, no \u00faltimo final de semana, Franca sentiu o drama de uma transexual que foi violentada. Fatores como esses, explicou o advogado, \u00e9 que requer a necessidade da sociedade em evoluir atrav\u00e9s da educa\u00e7\u00e3o e da cultura, o espa\u00e7o sobre a diversidade. A agress\u00e3o muitas vezes \u00e9 uma rea\u00e7\u00e3o decorrente do medo, por n\u00e3o aceitar o diferente. Por isso, muitos cidad\u00e3os agridem os gays, as l\u00e9sbicas, os transexuais, etc. Por outro lado, a Universidade, ciente do seu papel de forma\u00e7\u00e3o, olha para a quest\u00e3o como um fato social que precisa ser discutido, refletido e, principalmente, respeitado. N\u00e3o se trata de apologia ao LGBTI+, mas de difus\u00e3o de conhecimento para que a sociedade seja mais justa, igualit\u00e1ria e inclusiva. Apesar de n\u00e3o ser uma mat\u00e9ria fixa na grade, esse tema \u00e9 constantemente abordado em diversas disciplinas dos cursos da Unifran. Enquanto alguns agridem, a universidade ensina o respeito&#8221;, explicou.<\/p>\n<p>&nbsp;<\/p>\n","protected":false},"excerpt":{"rendered":"<p>Considerar a diversidade como lucro e parte da cultura da empresa para a pol\u00edtica de inclus\u00e3o. O advogado Acir de M. Gomes explicou o assunto Reportagem<span class=\"excerpt-hellip\"> [\u2026]<\/span><\/p>\n","protected":false},"author":10,"featured_media":4584,"comment_status":"open","ping_status":"open","sticky":false,"template":"","format":"standard","meta":{"_jetpack_memberships_contains_paid_content":false,"footnotes":"","jetpack_publicize_message":"","jetpack_publicize_feature_enabled":true,"jetpack_social_post_already_shared":false,"jetpack_social_options":{"image_generator_settings":{"template":"highway","default_image_id":0,"enabled":false},"version":2}},"categories":[28,44],"tags":[],"class_list":["post-4579","post","type-post","status-publish","format-standard","has-post-thumbnail","hentry","category-cotidiano","category-noticias"],"yoast_head":"<!-- This site is optimized with the Yoast SEO plugin v25.6 - https:\/\/yoast.com\/wordpress\/plugins\/seo\/ -->\n<title>Diversidade sexual e de g\u00eanero na empresa - VerdadeOn<\/title>\n<meta name=\"robots\" content=\"index, follow, max-snippet:-1, max-image-preview:large, max-video-preview:-1\" \/>\n<link rel=\"canonical\" href=\"https:\/\/verdadeon.com.br\/portal\/2020\/03\/05\/diversidade-sexual-e-de-genero-na-empresa\/\" \/>\n<meta property=\"og:locale\" content=\"pt_BR\" \/>\n<meta property=\"og:type\" content=\"article\" \/>\n<meta property=\"og:title\" content=\"Diversidade sexual e de g\u00eanero na empresa - VerdadeOn\" \/>\n<meta property=\"og:description\" content=\"Considerar a diversidade como lucro e parte da cultura da empresa para a pol\u00edtica de inclus\u00e3o. O advogado Acir de M. Gomes explicou o assunto Reportagem [\u2026]\" \/>\n<meta property=\"og:url\" content=\"https:\/\/verdadeon.com.br\/portal\/2020\/03\/05\/diversidade-sexual-e-de-genero-na-empresa\/\" \/>\n<meta property=\"og:site_name\" content=\"VerdadeOn\" \/>\n<meta property=\"article:published_time\" content=\"2020-03-05T10:20:18+00:00\" \/>\n<meta property=\"og:image\" content=\"https:\/\/verdadeon.com.br\/portal\/wp-content\/uploads\/2020\/03\/UNIFRAN-pesquisa-sobre-linguagem-e-emotion-foto-Lindomar-Cailton-64.jpg\" \/>\n\t<meta property=\"og:image:width\" content=\"1000\" \/>\n\t<meta property=\"og:image:height\" content=\"670\" \/>\n\t<meta property=\"og:image:type\" content=\"image\/jpeg\" \/>\n<meta name=\"author\" content=\"Redacao VerdadeOn\" \/>\n<meta name=\"twitter:card\" content=\"summary_large_image\" \/>\n<meta name=\"twitter:label1\" content=\"Escrito por\" \/>\n\t<meta name=\"twitter:data1\" content=\"Redacao VerdadeOn\" \/>\n\t<meta name=\"twitter:label2\" content=\"Est. tempo de leitura\" \/>\n\t<meta name=\"twitter:data2\" content=\"3 minutos\" \/>\n<script type=\"application\/ld+json\" class=\"yoast-schema-graph\">{\"@context\":\"https:\/\/schema.org\",\"@graph\":[{\"@type\":\"WebPage\",\"@id\":\"https:\/\/verdadeon.com.br\/portal\/2020\/03\/05\/diversidade-sexual-e-de-genero-na-empresa\/\",\"url\":\"https:\/\/verdadeon.com.br\/portal\/2020\/03\/05\/diversidade-sexual-e-de-genero-na-empresa\/\",\"name\":\"Diversidade sexual e de g\u00eanero na empresa - VerdadeOn\",\"isPartOf\":{\"@id\":\"https:\/\/verdadeon.com.br\/portal\/#website\"},\"primaryImageOfPage\":{\"@id\":\"https:\/\/verdadeon.com.br\/portal\/2020\/03\/05\/diversidade-sexual-e-de-genero-na-empresa\/#primaryimage\"},\"image\":{\"@id\":\"https:\/\/verdadeon.com.br\/portal\/2020\/03\/05\/diversidade-sexual-e-de-genero-na-empresa\/#primaryimage\"},\"thumbnailUrl\":\"https:\/\/i0.wp.com\/verdadeon.com.br\/portal\/wp-content\/uploads\/2020\/03\/UNIFRAN-pesquisa-sobre-linguagem-e-emotion-foto-Lindomar-Cailton-64.jpg?fit=1000%2C670&ssl=1\",\"datePublished\":\"2020-03-05T10:20:18+00:00\",\"author\":{\"@id\":\"https:\/\/verdadeon.com.br\/portal\/#\/schema\/person\/a5060ad1e9ea3df545188fc93ce43d2f\"},\"breadcrumb\":{\"@id\":\"https:\/\/verdadeon.com.br\/portal\/2020\/03\/05\/diversidade-sexual-e-de-genero-na-empresa\/#breadcrumb\"},\"inLanguage\":\"pt-BR\",\"potentialAction\":[{\"@type\":\"ReadAction\",\"target\":[\"https:\/\/verdadeon.com.br\/portal\/2020\/03\/05\/diversidade-sexual-e-de-genero-na-empresa\/\"]}]},{\"@type\":\"ImageObject\",\"inLanguage\":\"pt-BR\",\"@id\":\"https:\/\/verdadeon.com.br\/portal\/2020\/03\/05\/diversidade-sexual-e-de-genero-na-empresa\/#primaryimage\",\"url\":\"https:\/\/i0.wp.com\/verdadeon.com.br\/portal\/wp-content\/uploads\/2020\/03\/UNIFRAN-pesquisa-sobre-linguagem-e-emotion-foto-Lindomar-Cailton-64.jpg?fit=1000%2C670&ssl=1\",\"contentUrl\":\"https:\/\/i0.wp.com\/verdadeon.com.br\/portal\/wp-content\/uploads\/2020\/03\/UNIFRAN-pesquisa-sobre-linguagem-e-emotion-foto-Lindomar-Cailton-64.jpg?fit=1000%2C670&ssl=1\",\"width\":1000,\"height\":670,\"caption\":\"educa\u00e7\u00e3o - Advogado levou para sala de aula a import\u00e2ncia de discutir a diversidade sexual dentro da empresa | Foto: Lindomar Cailton\"},{\"@type\":\"BreadcrumbList\",\"@id\":\"https:\/\/verdadeon.com.br\/portal\/2020\/03\/05\/diversidade-sexual-e-de-genero-na-empresa\/#breadcrumb\",\"itemListElement\":[{\"@type\":\"ListItem\",\"position\":1,\"name\":\"In\u00edcio\",\"item\":\"https:\/\/verdadeon.com.br\/portal\/\"},{\"@type\":\"ListItem\",\"position\":2,\"name\":\"Diversidade sexual e de g\u00eanero na empresa\"}]},{\"@type\":\"WebSite\",\"@id\":\"https:\/\/verdadeon.com.br\/portal\/#website\",\"url\":\"https:\/\/verdadeon.com.br\/portal\/\",\"name\":\"VerdadeOn\",\"description\":\"Not\u00edcias di\u00e1rias sobre Franca, Regi\u00e3o, Esporte, Cultura, Cotidiano, Colunas. Cobertura nos principais eventos da cidade \u00e9 aqui - Verdadeon Franca\",\"potentialAction\":[{\"@type\":\"SearchAction\",\"target\":{\"@type\":\"EntryPoint\",\"urlTemplate\":\"https:\/\/verdadeon.com.br\/portal\/?s={search_term_string}\"},\"query-input\":{\"@type\":\"PropertyValueSpecification\",\"valueRequired\":true,\"valueName\":\"search_term_string\"}}],\"inLanguage\":\"pt-BR\"},{\"@type\":\"Person\",\"@id\":\"https:\/\/verdadeon.com.br\/portal\/#\/schema\/person\/a5060ad1e9ea3df545188fc93ce43d2f\",\"name\":\"Redacao VerdadeOn\",\"image\":{\"@type\":\"ImageObject\",\"inLanguage\":\"pt-BR\",\"@id\":\"https:\/\/verdadeon.com.br\/portal\/#\/schema\/person\/image\/\",\"url\":\"https:\/\/secure.gravatar.com\/avatar\/459a9613caaaf07f582c3d0841eea68bdd66f533e465e6ba8b9cb45619572cf4?s=96&d=mm&r=g\",\"contentUrl\":\"https:\/\/secure.gravatar.com\/avatar\/459a9613caaaf07f582c3d0841eea68bdd66f533e465e6ba8b9cb45619572cf4?s=96&d=mm&r=g\",\"caption\":\"Redacao VerdadeOn\"},\"url\":\"https:\/\/verdadeon.com.br\/portal\/author\/redacao\/\"}]}<\/script>\n<!-- \/ Yoast SEO plugin. -->","yoast_head_json":{"title":"Diversidade sexual e de g\u00eanero na empresa - VerdadeOn","robots":{"index":"index","follow":"follow","max-snippet":"max-snippet:-1","max-image-preview":"max-image-preview:large","max-video-preview":"max-video-preview:-1"},"canonical":"https:\/\/verdadeon.com.br\/portal\/2020\/03\/05\/diversidade-sexual-e-de-genero-na-empresa\/","og_locale":"pt_BR","og_type":"article","og_title":"Diversidade sexual e de g\u00eanero na empresa - VerdadeOn","og_description":"Considerar a diversidade como lucro e parte da cultura da empresa para a pol\u00edtica de inclus\u00e3o. O advogado Acir de M. Gomes explicou o assunto Reportagem [\u2026]","og_url":"https:\/\/verdadeon.com.br\/portal\/2020\/03\/05\/diversidade-sexual-e-de-genero-na-empresa\/","og_site_name":"VerdadeOn","article_published_time":"2020-03-05T10:20:18+00:00","og_image":[{"width":1000,"height":670,"url":"https:\/\/verdadeon.com.br\/portal\/wp-content\/uploads\/2020\/03\/UNIFRAN-pesquisa-sobre-linguagem-e-emotion-foto-Lindomar-Cailton-64.jpg","type":"image\/jpeg"}],"author":"Redacao VerdadeOn","twitter_card":"summary_large_image","twitter_misc":{"Escrito por":"Redacao VerdadeOn","Est. tempo de leitura":"3 minutos"},"schema":{"@context":"https:\/\/schema.org","@graph":[{"@type":"WebPage","@id":"https:\/\/verdadeon.com.br\/portal\/2020\/03\/05\/diversidade-sexual-e-de-genero-na-empresa\/","url":"https:\/\/verdadeon.com.br\/portal\/2020\/03\/05\/diversidade-sexual-e-de-genero-na-empresa\/","name":"Diversidade sexual e de g\u00eanero na empresa - VerdadeOn","isPartOf":{"@id":"https:\/\/verdadeon.com.br\/portal\/#website"},"primaryImageOfPage":{"@id":"https:\/\/verdadeon.com.br\/portal\/2020\/03\/05\/diversidade-sexual-e-de-genero-na-empresa\/#primaryimage"},"image":{"@id":"https:\/\/verdadeon.com.br\/portal\/2020\/03\/05\/diversidade-sexual-e-de-genero-na-empresa\/#primaryimage"},"thumbnailUrl":"https:\/\/i0.wp.com\/verdadeon.com.br\/portal\/wp-content\/uploads\/2020\/03\/UNIFRAN-pesquisa-sobre-linguagem-e-emotion-foto-Lindomar-Cailton-64.jpg?fit=1000%2C670&ssl=1","datePublished":"2020-03-05T10:20:18+00:00","author":{"@id":"https:\/\/verdadeon.com.br\/portal\/#\/schema\/person\/a5060ad1e9ea3df545188fc93ce43d2f"},"breadcrumb":{"@id":"https:\/\/verdadeon.com.br\/portal\/2020\/03\/05\/diversidade-sexual-e-de-genero-na-empresa\/#breadcrumb"},"inLanguage":"pt-BR","potentialAction":[{"@type":"ReadAction","target":["https:\/\/verdadeon.com.br\/portal\/2020\/03\/05\/diversidade-sexual-e-de-genero-na-empresa\/"]}]},{"@type":"ImageObject","inLanguage":"pt-BR","@id":"https:\/\/verdadeon.com.br\/portal\/2020\/03\/05\/diversidade-sexual-e-de-genero-na-empresa\/#primaryimage","url":"https:\/\/i0.wp.com\/verdadeon.com.br\/portal\/wp-content\/uploads\/2020\/03\/UNIFRAN-pesquisa-sobre-linguagem-e-emotion-foto-Lindomar-Cailton-64.jpg?fit=1000%2C670&ssl=1","contentUrl":"https:\/\/i0.wp.com\/verdadeon.com.br\/portal\/wp-content\/uploads\/2020\/03\/UNIFRAN-pesquisa-sobre-linguagem-e-emotion-foto-Lindomar-Cailton-64.jpg?fit=1000%2C670&ssl=1","width":1000,"height":670,"caption":"educa\u00e7\u00e3o - Advogado levou para sala de aula a import\u00e2ncia de discutir a diversidade sexual dentro da empresa | Foto: Lindomar Cailton"},{"@type":"BreadcrumbList","@id":"https:\/\/verdadeon.com.br\/portal\/2020\/03\/05\/diversidade-sexual-e-de-genero-na-empresa\/#breadcrumb","itemListElement":[{"@type":"ListItem","position":1,"name":"In\u00edcio","item":"https:\/\/verdadeon.com.br\/portal\/"},{"@type":"ListItem","position":2,"name":"Diversidade sexual e de g\u00eanero na empresa"}]},{"@type":"WebSite","@id":"https:\/\/verdadeon.com.br\/portal\/#website","url":"https:\/\/verdadeon.com.br\/portal\/","name":"VerdadeOn","description":"Not\u00edcias di\u00e1rias sobre Franca, Regi\u00e3o, Esporte, Cultura, Cotidiano, Colunas. Cobertura nos principais eventos da cidade \u00e9 aqui - Verdadeon Franca","potentialAction":[{"@type":"SearchAction","target":{"@type":"EntryPoint","urlTemplate":"https:\/\/verdadeon.com.br\/portal\/?s={search_term_string}"},"query-input":{"@type":"PropertyValueSpecification","valueRequired":true,"valueName":"search_term_string"}}],"inLanguage":"pt-BR"},{"@type":"Person","@id":"https:\/\/verdadeon.com.br\/portal\/#\/schema\/person\/a5060ad1e9ea3df545188fc93ce43d2f","name":"Redacao VerdadeOn","image":{"@type":"ImageObject","inLanguage":"pt-BR","@id":"https:\/\/verdadeon.com.br\/portal\/#\/schema\/person\/image\/","url":"https:\/\/secure.gravatar.com\/avatar\/459a9613caaaf07f582c3d0841eea68bdd66f533e465e6ba8b9cb45619572cf4?s=96&d=mm&r=g","contentUrl":"https:\/\/secure.gravatar.com\/avatar\/459a9613caaaf07f582c3d0841eea68bdd66f533e465e6ba8b9cb45619572cf4?s=96&d=mm&r=g","caption":"Redacao VerdadeOn"},"url":"https:\/\/verdadeon.com.br\/portal\/author\/redacao\/"}]}},"jetpack_publicize_connections":[],"jetpack_featured_media_url":"https:\/\/i0.wp.com\/verdadeon.com.br\/portal\/wp-content\/uploads\/2020\/03\/UNIFRAN-pesquisa-sobre-linguagem-e-emotion-foto-Lindomar-Cailton-64.jpg?fit=1000%2C670&ssl=1","jetpack_sharing_enabled":true,"_links":{"self":[{"href":"https:\/\/verdadeon.com.br\/portal\/wp-json\/wp\/v2\/posts\/4579","targetHints":{"allow":["GET"]}}],"collection":[{"href":"https:\/\/verdadeon.com.br\/portal\/wp-json\/wp\/v2\/posts"}],"about":[{"href":"https:\/\/verdadeon.com.br\/portal\/wp-json\/wp\/v2\/types\/post"}],"author":[{"embeddable":true,"href":"https:\/\/verdadeon.com.br\/portal\/wp-json\/wp\/v2\/users\/10"}],"replies":[{"embeddable":true,"href":"https:\/\/verdadeon.com.br\/portal\/wp-json\/wp\/v2\/comments?post=4579"}],"version-history":[{"count":0,"href":"https:\/\/verdadeon.com.br\/portal\/wp-json\/wp\/v2\/posts\/4579\/revisions"}],"wp:featuredmedia":[{"embeddable":true,"href":"https:\/\/verdadeon.com.br\/portal\/wp-json\/wp\/v2\/media\/4584"}],"wp:attachment":[{"href":"https:\/\/verdadeon.com.br\/portal\/wp-json\/wp\/v2\/media?parent=4579"}],"wp:term":[{"taxonomy":"category","embeddable":true,"href":"https:\/\/verdadeon.com.br\/portal\/wp-json\/wp\/v2\/categories?post=4579"},{"taxonomy":"post_tag","embeddable":true,"href":"https:\/\/verdadeon.com.br\/portal\/wp-json\/wp\/v2\/tags?post=4579"}],"curies":[{"name":"wp","href":"https:\/\/api.w.org\/{rel}","templated":true}]}}