{"id":45787,"date":"2024-06-11T12:08:07","date_gmt":"2024-06-11T15:08:07","guid":{"rendered":"https:\/\/verdadeon.com.br\/portal\/?p=45787"},"modified":"2024-06-11T12:08:07","modified_gmt":"2024-06-11T15:08:07","slug":"deputada-graciela-entrega-viatura-para-o-corpo-de-bombeiros","status":"publish","type":"post","link":"https:\/\/verdadeon.com.br\/portal\/2024\/06\/11\/deputada-graciela-entrega-viatura-para-o-corpo-de-bombeiros\/","title":{"rendered":"Deputada Graciela entrega viatura para o Corpo de Bombeiros"},"content":{"rendered":"<h2>H\u00e1 algum tempo, uma outra unidade de resgate j\u00e1 havia sido entregue pela deputada<\/h2>\n<p>O quartel do Corpo de Bombeiros de Franca recebeu uma nova viatura que ser\u00e1 utilizada nas atividades de preven\u00e7\u00e3o, fiscaliza\u00e7\u00e3o e de apoio \u00e0s ocorr\u00eancias.<\/p>\n<p>O ve\u00edculo modelo Yaris foi destinado a Franca pela deputada Delegada Graciela (PL) e entregue nesta segunda-feira, dia 10. \u201cA viatura ser\u00e1 de extrema import\u00e2ncia para os nossos servi\u00e7os, pois abrange os atendimentos nas atividades de preven\u00e7\u00e3o, regulariza\u00e7\u00e3o edifica\u00e7\u00f5es, fiscaliza\u00e7\u00e3o, programa Bombeiros nas Escolas com palestras preventivas aos alunos para evitar acidentes dom\u00e9sticos, al\u00e9m de atividades de especializa\u00e7\u00e3o do efetivo operacional\u201d, disse a capit\u00e3 Sandra, comandante dos Bombeiros em Franca.<\/p>\n<p>No come\u00e7o de seu mandato, a deputada Graciela j\u00e1 havia enviado uma Unidade de Resgate para refor\u00e7ar o atendimento \u00e0s v\u00edtimas de acidentes em Franca e regi\u00e3o. \u201cTenho uma rela\u00e7\u00e3o de muito carinho e respeito pelo Corpo de Bombeiros. Meu saudoso irm\u00e3o, coronel Batista, comandou o posto de Franca. N\u00e3o me\u00e7o esfor\u00e7os para ajudar a melhorar as condi\u00e7\u00f5es de trabalho dos bombeiros, a quem considero como verdadeiros her\u00f3is\u201d, comentou a Delegada Graciela.<\/p>\n<p>Durante a visita ao quartel, a deputada anunciou que destinar\u00e1 mais recursos em breve para o quartel de Franca e tamb\u00e9m para o posto dos Bombeiros em Ituverava, que foi inaugurado recentemente. \u201cAgradecemos a disponibilidade da deputada, que sempre nos auxiliou destinando emendas para que possamos melhorar as condi\u00e7\u00f5es de trabalho, o que reflete diretamente na popula\u00e7\u00e3o, pois conseguimos agir com mais efici\u00eancia\u201d, finalizou a capit\u00e3 Sandra.<\/p>\n","protected":false},"excerpt":{"rendered":"<p>H\u00e1 algum tempo, uma outra unidade de resgate j\u00e1 havia sido entregue pela deputada O quartel do Corpo de Bombeiros de Franca recebeu uma nova viatura<span class=\"excerpt-hellip\"> [\u2026]<\/span><\/p>\n","protected":false},"author":10,"featured_media":45790,"comment_status":"open","ping_status":"open","sticky":false,"template":"","format":"standard","meta":{"_jetpack_memberships_contains_paid_content":false,"footnotes":"","jetpack_publicize_message":"","jetpack_publicize_feature_enabled":true,"jetpack_social_post_already_shared":true,"jetpack_social_options":{"image_generator_settings":{"template":"highway","default_image_id":0,"enabled":false},"version":2}},"categories":[28,44],"tags":[],"class_list":["post-45787","post","type-post","status-publish","format-standard","has-post-thumbnail","hentry","category-cotidiano","category-noticias"],"yoast_head":"<!-- This site is optimized with the Yoast SEO plugin v25.6 - https:\/\/yoast.com\/wordpress\/plugins\/seo\/ -->\n<title>Deputada Graciela entrega viatura para o Corpo de Bombeiros - VerdadeOn<\/title>\n<meta name=\"robots\" content=\"index, follow, max-snippet:-1, max-image-preview:large, max-video-preview:-1\" \/>\n<link rel=\"canonical\" href=\"https:\/\/verdadeon.com.br\/portal\/2024\/06\/11\/deputada-graciela-entrega-viatura-para-o-corpo-de-bombeiros\/\" \/>\n<meta property=\"og:locale\" content=\"pt_BR\" \/>\n<meta property=\"og:type\" content=\"article\" \/>\n<meta property=\"og:title\" content=\"Deputada Graciela entrega viatura para o Corpo de Bombeiros - VerdadeOn\" \/>\n<meta property=\"og:description\" content=\"H\u00e1 algum tempo, uma outra unidade de resgate j\u00e1 havia sido entregue pela deputada O quartel do Corpo de Bombeiros de Franca recebeu uma nova viatura [\u2026]\" \/>\n<meta property=\"og:url\" content=\"https:\/\/verdadeon.com.br\/portal\/2024\/06\/11\/deputada-graciela-entrega-viatura-para-o-corpo-de-bombeiros\/\" \/>\n<meta property=\"og:site_name\" content=\"VerdadeOn\" \/>\n<meta property=\"article:published_time\" content=\"2024-06-11T15:08:07+00:00\" \/>\n<meta property=\"og:image\" content=\"https:\/\/verdadeon.com.br\/portal\/wp-content\/uploads\/2024\/06\/WhatsApp-Image-2024-06-11-at-11.25.03.jpeg\" \/>\n\t<meta property=\"og:image:width\" content=\"1600\" \/>\n\t<meta property=\"og:image:height\" content=\"1072\" \/>\n\t<meta property=\"og:image:type\" content=\"image\/jpeg\" \/>\n<meta name=\"author\" content=\"Redacao VerdadeOn\" \/>\n<meta name=\"twitter:card\" content=\"summary_large_image\" \/>\n<meta name=\"twitter:label1\" content=\"Escrito por\" \/>\n\t<meta name=\"twitter:data1\" content=\"Redacao VerdadeOn\" \/>\n\t<meta name=\"twitter:label2\" content=\"Est. tempo de leitura\" \/>\n\t<meta name=\"twitter:data2\" content=\"2 minutos\" \/>\n<script type=\"application\/ld+json\" class=\"yoast-schema-graph\">{\"@context\":\"https:\/\/schema.org\",\"@graph\":[{\"@type\":\"WebPage\",\"@id\":\"https:\/\/verdadeon.com.br\/portal\/2024\/06\/11\/deputada-graciela-entrega-viatura-para-o-corpo-de-bombeiros\/\",\"url\":\"https:\/\/verdadeon.com.br\/portal\/2024\/06\/11\/deputada-graciela-entrega-viatura-para-o-corpo-de-bombeiros\/\",\"name\":\"Deputada Graciela entrega viatura para o Corpo de Bombeiros - VerdadeOn\",\"isPartOf\":{\"@id\":\"https:\/\/verdadeon.com.br\/portal\/#website\"},\"primaryImageOfPage\":{\"@id\":\"https:\/\/verdadeon.com.br\/portal\/2024\/06\/11\/deputada-graciela-entrega-viatura-para-o-corpo-de-bombeiros\/#primaryimage\"},\"image\":{\"@id\":\"https:\/\/verdadeon.com.br\/portal\/2024\/06\/11\/deputada-graciela-entrega-viatura-para-o-corpo-de-bombeiros\/#primaryimage\"},\"thumbnailUrl\":\"https:\/\/i0.wp.com\/verdadeon.com.br\/portal\/wp-content\/uploads\/2024\/06\/WhatsApp-Image-2024-06-11-at-11.25.03.jpeg?fit=1600%2C1072&ssl=1\",\"datePublished\":\"2024-06-11T15:08:07+00:00\",\"author\":{\"@id\":\"https:\/\/verdadeon.com.br\/portal\/#\/schema\/person\/a5060ad1e9ea3df545188fc93ce43d2f\"},\"breadcrumb\":{\"@id\":\"https:\/\/verdadeon.com.br\/portal\/2024\/06\/11\/deputada-graciela-entrega-viatura-para-o-corpo-de-bombeiros\/#breadcrumb\"},\"inLanguage\":\"pt-BR\",\"potentialAction\":[{\"@type\":\"ReadAction\",\"target\":[\"https:\/\/verdadeon.com.br\/portal\/2024\/06\/11\/deputada-graciela-entrega-viatura-para-o-corpo-de-bombeiros\/\"]}]},{\"@type\":\"ImageObject\",\"inLanguage\":\"pt-BR\",\"@id\":\"https:\/\/verdadeon.com.br\/portal\/2024\/06\/11\/deputada-graciela-entrega-viatura-para-o-corpo-de-bombeiros\/#primaryimage\",\"url\":\"https:\/\/i0.wp.com\/verdadeon.com.br\/portal\/wp-content\/uploads\/2024\/06\/WhatsApp-Image-2024-06-11-at-11.25.03.jpeg?fit=1600%2C1072&ssl=1\",\"contentUrl\":\"https:\/\/i0.wp.com\/verdadeon.com.br\/portal\/wp-content\/uploads\/2024\/06\/WhatsApp-Image-2024-06-11-at-11.25.03.jpeg?fit=1600%2C1072&ssl=1\",\"width\":1600,\"height\":1072,\"caption\":\"Deputada Delegada Graciela e a Capit\u00e3 Sandra, do Corpo de Bombeiros (\u00a9Divulga\u00e7\u00e3o)\"},{\"@type\":\"BreadcrumbList\",\"@id\":\"https:\/\/verdadeon.com.br\/portal\/2024\/06\/11\/deputada-graciela-entrega-viatura-para-o-corpo-de-bombeiros\/#breadcrumb\",\"itemListElement\":[{\"@type\":\"ListItem\",\"position\":1,\"name\":\"In\u00edcio\",\"item\":\"https:\/\/verdadeon.com.br\/portal\/\"},{\"@type\":\"ListItem\",\"position\":2,\"name\":\"Deputada Graciela entrega viatura para o Corpo de Bombeiros\"}]},{\"@type\":\"WebSite\",\"@id\":\"https:\/\/verdadeon.com.br\/portal\/#website\",\"url\":\"https:\/\/verdadeon.com.br\/portal\/\",\"name\":\"VerdadeOn\",\"description\":\"Not\u00edcias di\u00e1rias sobre Franca, Regi\u00e3o, Esporte, Cultura, Cotidiano, Colunas. Cobertura nos principais eventos da cidade \u00e9 aqui - Verdadeon Franca\",\"potentialAction\":[{\"@type\":\"SearchAction\",\"target\":{\"@type\":\"EntryPoint\",\"urlTemplate\":\"https:\/\/verdadeon.com.br\/portal\/?s={search_term_string}\"},\"query-input\":{\"@type\":\"PropertyValueSpecification\",\"valueRequired\":true,\"valueName\":\"search_term_string\"}}],\"inLanguage\":\"pt-BR\"},{\"@type\":\"Person\",\"@id\":\"https:\/\/verdadeon.com.br\/portal\/#\/schema\/person\/a5060ad1e9ea3df545188fc93ce43d2f\",\"name\":\"Redacao VerdadeOn\",\"image\":{\"@type\":\"ImageObject\",\"inLanguage\":\"pt-BR\",\"@id\":\"https:\/\/verdadeon.com.br\/portal\/#\/schema\/person\/image\/\",\"url\":\"https:\/\/secure.gravatar.com\/avatar\/459a9613caaaf07f582c3d0841eea68bdd66f533e465e6ba8b9cb45619572cf4?s=96&d=mm&r=g\",\"contentUrl\":\"https:\/\/secure.gravatar.com\/avatar\/459a9613caaaf07f582c3d0841eea68bdd66f533e465e6ba8b9cb45619572cf4?s=96&d=mm&r=g\",\"caption\":\"Redacao VerdadeOn\"},\"url\":\"https:\/\/verdadeon.com.br\/portal\/author\/redacao\/\"}]}<\/script>\n<!-- \/ Yoast SEO plugin. -->","yoast_head_json":{"title":"Deputada Graciela entrega viatura para o Corpo de Bombeiros - VerdadeOn","robots":{"index":"index","follow":"follow","max-snippet":"max-snippet:-1","max-image-preview":"max-image-preview:large","max-video-preview":"max-video-preview:-1"},"canonical":"https:\/\/verdadeon.com.br\/portal\/2024\/06\/11\/deputada-graciela-entrega-viatura-para-o-corpo-de-bombeiros\/","og_locale":"pt_BR","og_type":"article","og_title":"Deputada Graciela entrega viatura para o Corpo de Bombeiros - VerdadeOn","og_description":"H\u00e1 algum tempo, uma outra unidade de resgate j\u00e1 havia sido entregue pela deputada O quartel do Corpo de Bombeiros de Franca recebeu uma nova viatura [\u2026]","og_url":"https:\/\/verdadeon.com.br\/portal\/2024\/06\/11\/deputada-graciela-entrega-viatura-para-o-corpo-de-bombeiros\/","og_site_name":"VerdadeOn","article_published_time":"2024-06-11T15:08:07+00:00","og_image":[{"width":1600,"height":1072,"url":"https:\/\/verdadeon.com.br\/portal\/wp-content\/uploads\/2024\/06\/WhatsApp-Image-2024-06-11-at-11.25.03.jpeg","type":"image\/jpeg"}],"author":"Redacao VerdadeOn","twitter_card":"summary_large_image","twitter_misc":{"Escrito por":"Redacao VerdadeOn","Est. tempo de leitura":"2 minutos"},"schema":{"@context":"https:\/\/schema.org","@graph":[{"@type":"WebPage","@id":"https:\/\/verdadeon.com.br\/portal\/2024\/06\/11\/deputada-graciela-entrega-viatura-para-o-corpo-de-bombeiros\/","url":"https:\/\/verdadeon.com.br\/portal\/2024\/06\/11\/deputada-graciela-entrega-viatura-para-o-corpo-de-bombeiros\/","name":"Deputada Graciela entrega viatura para o Corpo de Bombeiros - VerdadeOn","isPartOf":{"@id":"https:\/\/verdadeon.com.br\/portal\/#website"},"primaryImageOfPage":{"@id":"https:\/\/verdadeon.com.br\/portal\/2024\/06\/11\/deputada-graciela-entrega-viatura-para-o-corpo-de-bombeiros\/#primaryimage"},"image":{"@id":"https:\/\/verdadeon.com.br\/portal\/2024\/06\/11\/deputada-graciela-entrega-viatura-para-o-corpo-de-bombeiros\/#primaryimage"},"thumbnailUrl":"https:\/\/i0.wp.com\/verdadeon.com.br\/portal\/wp-content\/uploads\/2024\/06\/WhatsApp-Image-2024-06-11-at-11.25.03.jpeg?fit=1600%2C1072&ssl=1","datePublished":"2024-06-11T15:08:07+00:00","author":{"@id":"https:\/\/verdadeon.com.br\/portal\/#\/schema\/person\/a5060ad1e9ea3df545188fc93ce43d2f"},"breadcrumb":{"@id":"https:\/\/verdadeon.com.br\/portal\/2024\/06\/11\/deputada-graciela-entrega-viatura-para-o-corpo-de-bombeiros\/#breadcrumb"},"inLanguage":"pt-BR","potentialAction":[{"@type":"ReadAction","target":["https:\/\/verdadeon.com.br\/portal\/2024\/06\/11\/deputada-graciela-entrega-viatura-para-o-corpo-de-bombeiros\/"]}]},{"@type":"ImageObject","inLanguage":"pt-BR","@id":"https:\/\/verdadeon.com.br\/portal\/2024\/06\/11\/deputada-graciela-entrega-viatura-para-o-corpo-de-bombeiros\/#primaryimage","url":"https:\/\/i0.wp.com\/verdadeon.com.br\/portal\/wp-content\/uploads\/2024\/06\/WhatsApp-Image-2024-06-11-at-11.25.03.jpeg?fit=1600%2C1072&ssl=1","contentUrl":"https:\/\/i0.wp.com\/verdadeon.com.br\/portal\/wp-content\/uploads\/2024\/06\/WhatsApp-Image-2024-06-11-at-11.25.03.jpeg?fit=1600%2C1072&ssl=1","width":1600,"height":1072,"caption":"Deputada Delegada Graciela e a Capit\u00e3 Sandra, do Corpo de Bombeiros (\u00a9Divulga\u00e7\u00e3o)"},{"@type":"BreadcrumbList","@id":"https:\/\/verdadeon.com.br\/portal\/2024\/06\/11\/deputada-graciela-entrega-viatura-para-o-corpo-de-bombeiros\/#breadcrumb","itemListElement":[{"@type":"ListItem","position":1,"name":"In\u00edcio","item":"https:\/\/verdadeon.com.br\/portal\/"},{"@type":"ListItem","position":2,"name":"Deputada Graciela entrega viatura para o Corpo de Bombeiros"}]},{"@type":"WebSite","@id":"https:\/\/verdadeon.com.br\/portal\/#website","url":"https:\/\/verdadeon.com.br\/portal\/","name":"VerdadeOn","description":"Not\u00edcias di\u00e1rias sobre Franca, Regi\u00e3o, Esporte, Cultura, Cotidiano, Colunas. Cobertura nos principais eventos da cidade \u00e9 aqui - Verdadeon Franca","potentialAction":[{"@type":"SearchAction","target":{"@type":"EntryPoint","urlTemplate":"https:\/\/verdadeon.com.br\/portal\/?s={search_term_string}"},"query-input":{"@type":"PropertyValueSpecification","valueRequired":true,"valueName":"search_term_string"}}],"inLanguage":"pt-BR"},{"@type":"Person","@id":"https:\/\/verdadeon.com.br\/portal\/#\/schema\/person\/a5060ad1e9ea3df545188fc93ce43d2f","name":"Redacao VerdadeOn","image":{"@type":"ImageObject","inLanguage":"pt-BR","@id":"https:\/\/verdadeon.com.br\/portal\/#\/schema\/person\/image\/","url":"https:\/\/secure.gravatar.com\/avatar\/459a9613caaaf07f582c3d0841eea68bdd66f533e465e6ba8b9cb45619572cf4?s=96&d=mm&r=g","contentUrl":"https:\/\/secure.gravatar.com\/avatar\/459a9613caaaf07f582c3d0841eea68bdd66f533e465e6ba8b9cb45619572cf4?s=96&d=mm&r=g","caption":"Redacao VerdadeOn"},"url":"https:\/\/verdadeon.com.br\/portal\/author\/redacao\/"}]}},"jetpack_publicize_connections":[],"jetpack_featured_media_url":"https:\/\/i0.wp.com\/verdadeon.com.br\/portal\/wp-content\/uploads\/2024\/06\/WhatsApp-Image-2024-06-11-at-11.25.03.jpeg?fit=1600%2C1072&ssl=1","jetpack_sharing_enabled":true,"_links":{"self":[{"href":"https:\/\/verdadeon.com.br\/portal\/wp-json\/wp\/v2\/posts\/45787","targetHints":{"allow":["GET"]}}],"collection":[{"href":"https:\/\/verdadeon.com.br\/portal\/wp-json\/wp\/v2\/posts"}],"about":[{"href":"https:\/\/verdadeon.com.br\/portal\/wp-json\/wp\/v2\/types\/post"}],"author":[{"embeddable":true,"href":"https:\/\/verdadeon.com.br\/portal\/wp-json\/wp\/v2\/users\/10"}],"replies":[{"embeddable":true,"href":"https:\/\/verdadeon.com.br\/portal\/wp-json\/wp\/v2\/comments?post=45787"}],"version-history":[{"count":1,"href":"https:\/\/verdadeon.com.br\/portal\/wp-json\/wp\/v2\/posts\/45787\/revisions"}],"predecessor-version":[{"id":45791,"href":"https:\/\/verdadeon.com.br\/portal\/wp-json\/wp\/v2\/posts\/45787\/revisions\/45791"}],"wp:featuredmedia":[{"embeddable":true,"href":"https:\/\/verdadeon.com.br\/portal\/wp-json\/wp\/v2\/media\/45790"}],"wp:attachment":[{"href":"https:\/\/verdadeon.com.br\/portal\/wp-json\/wp\/v2\/media?parent=45787"}],"wp:term":[{"taxonomy":"category","embeddable":true,"href":"https:\/\/verdadeon.com.br\/portal\/wp-json\/wp\/v2\/categories?post=45787"},{"taxonomy":"post_tag","embeddable":true,"href":"https:\/\/verdadeon.com.br\/portal\/wp-json\/wp\/v2\/tags?post=45787"}],"curies":[{"name":"wp","href":"https:\/\/api.w.org\/{rel}","templated":true}]}}