{"id":45784,"date":"2024-06-11T12:01:28","date_gmt":"2024-06-11T15:01:28","guid":{"rendered":"https:\/\/verdadeon.com.br\/portal\/?p=45784"},"modified":"2024-06-11T12:01:28","modified_gmt":"2024-06-11T15:01:28","slug":"secretaria-de-desenvolvimento-disponibiliza-299-vagas-de-emprego","status":"publish","type":"post","link":"https:\/\/verdadeon.com.br\/portal\/2024\/06\/11\/secretaria-de-desenvolvimento-disponibiliza-299-vagas-de-emprego\/","title":{"rendered":"Secretaria de Desenvolvimento disponibiliza 299 vagas de emprego"},"content":{"rendered":"<h2>Oportunidades tamb\u00e9m para PCDs e diversas outras fun\u00e7\u00f5es no PAT e no &#8216;Emprega Franca<\/h2>\n<div>A semana come\u00e7ou com 299 vagas de trabalho atrav\u00e9s dos programas da Secretaria de Desenvolvimento. S\u00e3o 22 vagas dispon\u00edveis no \u2018Emprega Franca\u2019 e 277 no PAT (Posto de Atendimento ao Trabalhador).<\/div>\n<div>Dentre as op\u00e7\u00f5es oferecidas pelo PAT, o destaque est\u00e1 para 20 vagas na \u00e1rea de ajudante de carga e descarga de mercadoria. O cargo n\u00e3o exige experi\u00eancia. H\u00e1 tamb\u00e9m vagas para regi\u00e3o, como Nuporanga, com 100 postos de trabalho abertos para operador de processo de produ\u00e7\u00e3o. H\u00e1 27 vagas tamb\u00e9m para PCDs (pessoas com defici\u00eancia). Tem oportunidades ainda para promotor de vendas; engenheiro eletricista, azulejista, auxiliar de limpeza, entre outras.<\/div>\n<div>Para consultar as vagas do PAT basta acessar o endere\u00e7o <a href=\"http:\/\/bit.ly\/vagaspatfranca\" target=\"_blank\" rel=\"noopener\" data-saferedirecturl=\"https:\/\/www.google.com\/url?q=http:\/\/bit.ly\/vagaspatfranca&amp;source=gmail&amp;ust=1718203331689000&amp;usg=AOvVaw1eL2ZEkj5H-5QWR8YhIBIu\">bit.ly\/vagaspatfranca<\/a>\u00a0ou comparecer \u00e0 unidade, munido do curr\u00edculo impresso e dos documentos pessoais, como RG, CPF, PIS, Carteira de Trabalho, CNH e comprovante de endere\u00e7o.<\/div>\n<div>Pelo Programa &#8216;Emprega Franca&#8217;, est\u00e3o dispon\u00edveis oportunidades para assistente de e-commerce, assistente financeiro, auxiliar administrativo, auxiliar de cozinha, entre outras. Para quem est\u00e1 cursando ensino superior em engenharia el\u00e9trica e mec\u00e2nica tamb\u00e9m tem oportunidade de est\u00e1gio. Para acessar e se candidatar \u00e0s vagas, os interessados dever\u00e3o entrar no site da Prefeitura, no link do &#8216;Emprega Franca&#8217;, <u><a id=\"m_-8360505419755765899m_7152607714935918936OWA0a6fd845-cc49-70ee-37c9-e129096a7dce\" href=\"https:\/\/www.franca.sp.gov.br\/pmf-emprega-franca\/\" target=\"_blank\" rel=\"noopener\" data-saferedirecturl=\"https:\/\/www.google.com\/url?q=https:\/\/www.franca.sp.gov.br\/pmf-emprega-franca\/&amp;source=gmail&amp;ust=1718203331689000&amp;usg=AOvVaw28-feeiOuDYh4lolYYZWvJ\">https:\/\/www.franca.sp.gov.br\/<wbr \/>pmf-emprega-franca\/<\/a><\/u>.<\/div>\n<div>O &#8216;Emprega Franca\u2019 e o PAT ficam em pr\u00e9dio anexo \u00e0 Rodovi\u00e1ria de Franca, na rua Professor Laerte Barbosa Cintra, no Residencial Baldassari e funcionam de segunda a sexta-feira, das 8 \u00e0s 16 horas.<\/div>\n<div>Informa\u00e7\u00f5es poder\u00e3o ser obtidas pelo WhatsApp (16) 99601-0848.<\/div>\n<h4>Processo Seletivo<\/h4>\n<div>Nesta ter\u00e7a-feira, 11, a Secretaria de Desenvolvimento realiza um processo seletivo para uma empresa do segmento de constru\u00e7\u00e3o civil no \u2018Emprega Franca\u2019. S\u00e3o vagas para pedreiro, ajudante de obras, pintor, azulejista. Quem tiver interesse pode comparecer na sede do programa a partir das 8 horas, levando curr\u00edculo e documentos.<\/div>\n","protected":false},"excerpt":{"rendered":"<p>Oportunidades tamb\u00e9m para PCDs e diversas outras fun\u00e7\u00f5es no PAT e no &#8216;Emprega Franca A semana come\u00e7ou com 299 vagas de trabalho atrav\u00e9s dos programas da<span class=\"excerpt-hellip\"> [\u2026]<\/span><\/p>\n","protected":false},"author":10,"featured_media":45788,"comment_status":"open","ping_status":"open","sticky":false,"template":"","format":"standard","meta":{"_jetpack_memberships_contains_paid_content":false,"footnotes":"","jetpack_publicize_message":"","jetpack_publicize_feature_enabled":true,"jetpack_social_post_already_shared":true,"jetpack_social_options":{"image_generator_settings":{"template":"highway","default_image_id":0,"enabled":false},"version":2}},"categories":[28,44],"tags":[],"class_list":["post-45784","post","type-post","status-publish","format-standard","has-post-thumbnail","hentry","category-cotidiano","category-noticias"],"yoast_head":"<!-- This site is optimized with the Yoast SEO plugin v25.6 - https:\/\/yoast.com\/wordpress\/plugins\/seo\/ -->\n<title>Secretaria de Desenvolvimento disponibiliza 299 vagas de emprego - VerdadeOn<\/title>\n<meta name=\"robots\" content=\"index, follow, max-snippet:-1, max-image-preview:large, max-video-preview:-1\" \/>\n<link rel=\"canonical\" href=\"https:\/\/verdadeon.com.br\/portal\/2024\/06\/11\/secretaria-de-desenvolvimento-disponibiliza-299-vagas-de-emprego\/\" \/>\n<meta property=\"og:locale\" content=\"pt_BR\" \/>\n<meta property=\"og:type\" content=\"article\" \/>\n<meta property=\"og:title\" content=\"Secretaria de Desenvolvimento disponibiliza 299 vagas de emprego - VerdadeOn\" \/>\n<meta property=\"og:description\" content=\"Oportunidades tamb\u00e9m para PCDs e diversas outras fun\u00e7\u00f5es no PAT e no &#8216;Emprega Franca A semana come\u00e7ou com 299 vagas de trabalho atrav\u00e9s dos programas da [\u2026]\" \/>\n<meta property=\"og:url\" content=\"https:\/\/verdadeon.com.br\/portal\/2024\/06\/11\/secretaria-de-desenvolvimento-disponibiliza-299-vagas-de-emprego\/\" \/>\n<meta property=\"og:site_name\" content=\"VerdadeOn\" \/>\n<meta property=\"article:published_time\" content=\"2024-06-11T15:01:28+00:00\" \/>\n<meta property=\"og:image\" content=\"https:\/\/verdadeon.com.br\/portal\/wp-content\/uploads\/2024\/06\/Emprega-Franca-1-scaled.jpg\" \/>\n\t<meta property=\"og:image:width\" content=\"1696\" \/>\n\t<meta property=\"og:image:height\" content=\"2560\" \/>\n\t<meta property=\"og:image:type\" content=\"image\/jpeg\" \/>\n<meta name=\"author\" content=\"Redacao VerdadeOn\" \/>\n<meta name=\"twitter:card\" content=\"summary_large_image\" \/>\n<meta name=\"twitter:label1\" content=\"Escrito por\" \/>\n\t<meta name=\"twitter:data1\" content=\"Redacao VerdadeOn\" \/>\n\t<meta name=\"twitter:label2\" content=\"Est. tempo de leitura\" \/>\n\t<meta name=\"twitter:data2\" content=\"2 minutos\" \/>\n<script type=\"application\/ld+json\" class=\"yoast-schema-graph\">{\"@context\":\"https:\/\/schema.org\",\"@graph\":[{\"@type\":\"WebPage\",\"@id\":\"https:\/\/verdadeon.com.br\/portal\/2024\/06\/11\/secretaria-de-desenvolvimento-disponibiliza-299-vagas-de-emprego\/\",\"url\":\"https:\/\/verdadeon.com.br\/portal\/2024\/06\/11\/secretaria-de-desenvolvimento-disponibiliza-299-vagas-de-emprego\/\",\"name\":\"Secretaria de Desenvolvimento disponibiliza 299 vagas de emprego - VerdadeOn\",\"isPartOf\":{\"@id\":\"https:\/\/verdadeon.com.br\/portal\/#website\"},\"primaryImageOfPage\":{\"@id\":\"https:\/\/verdadeon.com.br\/portal\/2024\/06\/11\/secretaria-de-desenvolvimento-disponibiliza-299-vagas-de-emprego\/#primaryimage\"},\"image\":{\"@id\":\"https:\/\/verdadeon.com.br\/portal\/2024\/06\/11\/secretaria-de-desenvolvimento-disponibiliza-299-vagas-de-emprego\/#primaryimage\"},\"thumbnailUrl\":\"https:\/\/i0.wp.com\/verdadeon.com.br\/portal\/wp-content\/uploads\/2024\/06\/Emprega-Franca-1-scaled.jpg?fit=1696%2C2560&ssl=1\",\"datePublished\":\"2024-06-11T15:01:28+00:00\",\"author\":{\"@id\":\"https:\/\/verdadeon.com.br\/portal\/#\/schema\/person\/a5060ad1e9ea3df545188fc93ce43d2f\"},\"breadcrumb\":{\"@id\":\"https:\/\/verdadeon.com.br\/portal\/2024\/06\/11\/secretaria-de-desenvolvimento-disponibiliza-299-vagas-de-emprego\/#breadcrumb\"},\"inLanguage\":\"pt-BR\",\"potentialAction\":[{\"@type\":\"ReadAction\",\"target\":[\"https:\/\/verdadeon.com.br\/portal\/2024\/06\/11\/secretaria-de-desenvolvimento-disponibiliza-299-vagas-de-emprego\/\"]}]},{\"@type\":\"ImageObject\",\"inLanguage\":\"pt-BR\",\"@id\":\"https:\/\/verdadeon.com.br\/portal\/2024\/06\/11\/secretaria-de-desenvolvimento-disponibiliza-299-vagas-de-emprego\/#primaryimage\",\"url\":\"https:\/\/i0.wp.com\/verdadeon.com.br\/portal\/wp-content\/uploads\/2024\/06\/Emprega-Franca-1-scaled.jpg?fit=1696%2C2560&ssl=1\",\"contentUrl\":\"https:\/\/i0.wp.com\/verdadeon.com.br\/portal\/wp-content\/uploads\/2024\/06\/Emprega-Franca-1-scaled.jpg?fit=1696%2C2560&ssl=1\",\"width\":1696,\"height\":2560,\"caption\":\"O 'Emprega Franca\u2019 e o PAT ficam em pr\u00e9dio anexo \u00e0 Rodovi\u00e1ria de Franca, na rua Professor Laerte Barbosa Cintra, no Residencial Baldassari e funcionam de segunda a sexta-feira, das 8 \u00e0s 16 horas (\u00a9Divulga\u00e7\u00e3o)\"},{\"@type\":\"BreadcrumbList\",\"@id\":\"https:\/\/verdadeon.com.br\/portal\/2024\/06\/11\/secretaria-de-desenvolvimento-disponibiliza-299-vagas-de-emprego\/#breadcrumb\",\"itemListElement\":[{\"@type\":\"ListItem\",\"position\":1,\"name\":\"In\u00edcio\",\"item\":\"https:\/\/verdadeon.com.br\/portal\/\"},{\"@type\":\"ListItem\",\"position\":2,\"name\":\"Secretaria de Desenvolvimento disponibiliza 299 vagas de emprego\"}]},{\"@type\":\"WebSite\",\"@id\":\"https:\/\/verdadeon.com.br\/portal\/#website\",\"url\":\"https:\/\/verdadeon.com.br\/portal\/\",\"name\":\"VerdadeOn\",\"description\":\"Not\u00edcias di\u00e1rias sobre Franca, Regi\u00e3o, Esporte, Cultura, Cotidiano, Colunas. Cobertura nos principais eventos da cidade \u00e9 aqui - Verdadeon Franca\",\"potentialAction\":[{\"@type\":\"SearchAction\",\"target\":{\"@type\":\"EntryPoint\",\"urlTemplate\":\"https:\/\/verdadeon.com.br\/portal\/?s={search_term_string}\"},\"query-input\":{\"@type\":\"PropertyValueSpecification\",\"valueRequired\":true,\"valueName\":\"search_term_string\"}}],\"inLanguage\":\"pt-BR\"},{\"@type\":\"Person\",\"@id\":\"https:\/\/verdadeon.com.br\/portal\/#\/schema\/person\/a5060ad1e9ea3df545188fc93ce43d2f\",\"name\":\"Redacao VerdadeOn\",\"image\":{\"@type\":\"ImageObject\",\"inLanguage\":\"pt-BR\",\"@id\":\"https:\/\/verdadeon.com.br\/portal\/#\/schema\/person\/image\/\",\"url\":\"https:\/\/secure.gravatar.com\/avatar\/459a9613caaaf07f582c3d0841eea68bdd66f533e465e6ba8b9cb45619572cf4?s=96&d=mm&r=g\",\"contentUrl\":\"https:\/\/secure.gravatar.com\/avatar\/459a9613caaaf07f582c3d0841eea68bdd66f533e465e6ba8b9cb45619572cf4?s=96&d=mm&r=g\",\"caption\":\"Redacao VerdadeOn\"},\"url\":\"https:\/\/verdadeon.com.br\/portal\/author\/redacao\/\"}]}<\/script>\n<!-- \/ Yoast SEO plugin. -->","yoast_head_json":{"title":"Secretaria de Desenvolvimento disponibiliza 299 vagas de emprego - VerdadeOn","robots":{"index":"index","follow":"follow","max-snippet":"max-snippet:-1","max-image-preview":"max-image-preview:large","max-video-preview":"max-video-preview:-1"},"canonical":"https:\/\/verdadeon.com.br\/portal\/2024\/06\/11\/secretaria-de-desenvolvimento-disponibiliza-299-vagas-de-emprego\/","og_locale":"pt_BR","og_type":"article","og_title":"Secretaria de Desenvolvimento disponibiliza 299 vagas de emprego - VerdadeOn","og_description":"Oportunidades tamb\u00e9m para PCDs e diversas outras fun\u00e7\u00f5es no PAT e no &#8216;Emprega Franca A semana come\u00e7ou com 299 vagas de trabalho atrav\u00e9s dos programas da [\u2026]","og_url":"https:\/\/verdadeon.com.br\/portal\/2024\/06\/11\/secretaria-de-desenvolvimento-disponibiliza-299-vagas-de-emprego\/","og_site_name":"VerdadeOn","article_published_time":"2024-06-11T15:01:28+00:00","og_image":[{"width":1696,"height":2560,"url":"https:\/\/verdadeon.com.br\/portal\/wp-content\/uploads\/2024\/06\/Emprega-Franca-1-scaled.jpg","type":"image\/jpeg"}],"author":"Redacao VerdadeOn","twitter_card":"summary_large_image","twitter_misc":{"Escrito por":"Redacao VerdadeOn","Est. tempo de leitura":"2 minutos"},"schema":{"@context":"https:\/\/schema.org","@graph":[{"@type":"WebPage","@id":"https:\/\/verdadeon.com.br\/portal\/2024\/06\/11\/secretaria-de-desenvolvimento-disponibiliza-299-vagas-de-emprego\/","url":"https:\/\/verdadeon.com.br\/portal\/2024\/06\/11\/secretaria-de-desenvolvimento-disponibiliza-299-vagas-de-emprego\/","name":"Secretaria de Desenvolvimento disponibiliza 299 vagas de emprego - VerdadeOn","isPartOf":{"@id":"https:\/\/verdadeon.com.br\/portal\/#website"},"primaryImageOfPage":{"@id":"https:\/\/verdadeon.com.br\/portal\/2024\/06\/11\/secretaria-de-desenvolvimento-disponibiliza-299-vagas-de-emprego\/#primaryimage"},"image":{"@id":"https:\/\/verdadeon.com.br\/portal\/2024\/06\/11\/secretaria-de-desenvolvimento-disponibiliza-299-vagas-de-emprego\/#primaryimage"},"thumbnailUrl":"https:\/\/i0.wp.com\/verdadeon.com.br\/portal\/wp-content\/uploads\/2024\/06\/Emprega-Franca-1-scaled.jpg?fit=1696%2C2560&ssl=1","datePublished":"2024-06-11T15:01:28+00:00","author":{"@id":"https:\/\/verdadeon.com.br\/portal\/#\/schema\/person\/a5060ad1e9ea3df545188fc93ce43d2f"},"breadcrumb":{"@id":"https:\/\/verdadeon.com.br\/portal\/2024\/06\/11\/secretaria-de-desenvolvimento-disponibiliza-299-vagas-de-emprego\/#breadcrumb"},"inLanguage":"pt-BR","potentialAction":[{"@type":"ReadAction","target":["https:\/\/verdadeon.com.br\/portal\/2024\/06\/11\/secretaria-de-desenvolvimento-disponibiliza-299-vagas-de-emprego\/"]}]},{"@type":"ImageObject","inLanguage":"pt-BR","@id":"https:\/\/verdadeon.com.br\/portal\/2024\/06\/11\/secretaria-de-desenvolvimento-disponibiliza-299-vagas-de-emprego\/#primaryimage","url":"https:\/\/i0.wp.com\/verdadeon.com.br\/portal\/wp-content\/uploads\/2024\/06\/Emprega-Franca-1-scaled.jpg?fit=1696%2C2560&ssl=1","contentUrl":"https:\/\/i0.wp.com\/verdadeon.com.br\/portal\/wp-content\/uploads\/2024\/06\/Emprega-Franca-1-scaled.jpg?fit=1696%2C2560&ssl=1","width":1696,"height":2560,"caption":"O 'Emprega Franca\u2019 e o PAT ficam em pr\u00e9dio anexo \u00e0 Rodovi\u00e1ria de Franca, na rua Professor Laerte Barbosa Cintra, no Residencial Baldassari e funcionam de segunda a sexta-feira, das 8 \u00e0s 16 horas (\u00a9Divulga\u00e7\u00e3o)"},{"@type":"BreadcrumbList","@id":"https:\/\/verdadeon.com.br\/portal\/2024\/06\/11\/secretaria-de-desenvolvimento-disponibiliza-299-vagas-de-emprego\/#breadcrumb","itemListElement":[{"@type":"ListItem","position":1,"name":"In\u00edcio","item":"https:\/\/verdadeon.com.br\/portal\/"},{"@type":"ListItem","position":2,"name":"Secretaria de Desenvolvimento disponibiliza 299 vagas de emprego"}]},{"@type":"WebSite","@id":"https:\/\/verdadeon.com.br\/portal\/#website","url":"https:\/\/verdadeon.com.br\/portal\/","name":"VerdadeOn","description":"Not\u00edcias di\u00e1rias sobre Franca, Regi\u00e3o, Esporte, Cultura, Cotidiano, Colunas. Cobertura nos principais eventos da cidade \u00e9 aqui - Verdadeon Franca","potentialAction":[{"@type":"SearchAction","target":{"@type":"EntryPoint","urlTemplate":"https:\/\/verdadeon.com.br\/portal\/?s={search_term_string}"},"query-input":{"@type":"PropertyValueSpecification","valueRequired":true,"valueName":"search_term_string"}}],"inLanguage":"pt-BR"},{"@type":"Person","@id":"https:\/\/verdadeon.com.br\/portal\/#\/schema\/person\/a5060ad1e9ea3df545188fc93ce43d2f","name":"Redacao VerdadeOn","image":{"@type":"ImageObject","inLanguage":"pt-BR","@id":"https:\/\/verdadeon.com.br\/portal\/#\/schema\/person\/image\/","url":"https:\/\/secure.gravatar.com\/avatar\/459a9613caaaf07f582c3d0841eea68bdd66f533e465e6ba8b9cb45619572cf4?s=96&d=mm&r=g","contentUrl":"https:\/\/secure.gravatar.com\/avatar\/459a9613caaaf07f582c3d0841eea68bdd66f533e465e6ba8b9cb45619572cf4?s=96&d=mm&r=g","caption":"Redacao VerdadeOn"},"url":"https:\/\/verdadeon.com.br\/portal\/author\/redacao\/"}]}},"jetpack_publicize_connections":[],"jetpack_featured_media_url":"https:\/\/i0.wp.com\/verdadeon.com.br\/portal\/wp-content\/uploads\/2024\/06\/Emprega-Franca-1-scaled.jpg?fit=1696%2C2560&ssl=1","jetpack_sharing_enabled":true,"_links":{"self":[{"href":"https:\/\/verdadeon.com.br\/portal\/wp-json\/wp\/v2\/posts\/45784","targetHints":{"allow":["GET"]}}],"collection":[{"href":"https:\/\/verdadeon.com.br\/portal\/wp-json\/wp\/v2\/posts"}],"about":[{"href":"https:\/\/verdadeon.com.br\/portal\/wp-json\/wp\/v2\/types\/post"}],"author":[{"embeddable":true,"href":"https:\/\/verdadeon.com.br\/portal\/wp-json\/wp\/v2\/users\/10"}],"replies":[{"embeddable":true,"href":"https:\/\/verdadeon.com.br\/portal\/wp-json\/wp\/v2\/comments?post=45784"}],"version-history":[{"count":1,"href":"https:\/\/verdadeon.com.br\/portal\/wp-json\/wp\/v2\/posts\/45784\/revisions"}],"predecessor-version":[{"id":45789,"href":"https:\/\/verdadeon.com.br\/portal\/wp-json\/wp\/v2\/posts\/45784\/revisions\/45789"}],"wp:featuredmedia":[{"embeddable":true,"href":"https:\/\/verdadeon.com.br\/portal\/wp-json\/wp\/v2\/media\/45788"}],"wp:attachment":[{"href":"https:\/\/verdadeon.com.br\/portal\/wp-json\/wp\/v2\/media?parent=45784"}],"wp:term":[{"taxonomy":"category","embeddable":true,"href":"https:\/\/verdadeon.com.br\/portal\/wp-json\/wp\/v2\/categories?post=45784"},{"taxonomy":"post_tag","embeddable":true,"href":"https:\/\/verdadeon.com.br\/portal\/wp-json\/wp\/v2\/tags?post=45784"}],"curies":[{"name":"wp","href":"https:\/\/api.w.org\/{rel}","templated":true}]}}