{"id":45779,"date":"2024-06-11T11:56:15","date_gmt":"2024-06-11T14:56:15","guid":{"rendered":"https:\/\/verdadeon.com.br\/portal\/?p=45779"},"modified":"2024-06-11T11:56:15","modified_gmt":"2024-06-11T14:56:15","slug":"operacao-da-dise-em-franca-resulta-na-prisao-de-jovem-e-apreensao-de-drogas-e-municoes","status":"publish","type":"post","link":"https:\/\/verdadeon.com.br\/portal\/2024\/06\/11\/operacao-da-dise-em-franca-resulta-na-prisao-de-jovem-e-apreensao-de-drogas-e-municoes\/","title":{"rendered":"Opera\u00e7\u00e3o da DISE em Franca resulta na pris\u00e3o de jovem e apreens\u00e3o de drogas e muni\u00e7\u00f5es"},"content":{"rendered":"<h2>Pol\u00edcia Civil tamb\u00e9m encontrou quase 3 mil reais em dinheiro<\/h2>\n<p>Em uma a\u00e7\u00e3o bem-sucedida realizada nesta ter\u00e7a-feira, a equipe da Delegacia de Investiga\u00e7\u00f5es Sobre Entorpecentes (DISE) de Franca, sob a lideran\u00e7a do Delegado Alam Bazalha, cumpriu um mandado de busca que resultou na pris\u00e3o em flagrante de um jovem de 22 anos, no Bairro City Petr\u00f3polis.<\/p>\n<p>Durante a opera\u00e7\u00e3o, foram apreendidas 17 por\u00e7\u00f5es de coca\u00edna, al\u00e9m de dois torr\u00f5es da mesma subst\u00e2ncia, duas pedras grandes de crack, quatro muni\u00e7\u00f5es, uma balan\u00e7a de precis\u00e3o e materiais para embalagem das drogas. Al\u00e9m disso, foi encontrado o montante de R$ 2.932,00 em dinheiro, o que sugere a comercializa\u00e7\u00e3o das subst\u00e2ncias il\u00edcitas.<\/p>\n<p>A investiga\u00e7\u00e3o que levou ao cumprimento do mandado de busca e \u00e0 subsequente pris\u00e3o \u00e9 parte dos esfor\u00e7os cont\u00ednuos das autoridades locais para combater o tr\u00e1fico de drogas e a viol\u00eancia relacionada a armas na regi\u00e3o. A pris\u00e3o do suspeito representa um passo significativo no combate \u00e0 criminalidade e reafirma o compromisso da DISE com a seguran\u00e7a da comunidade de Franca.<\/p>\n<p>O jovem detido est\u00e1 agora sob cust\u00f3dia, aguardando as devidas provid\u00eancias legais. As autoridades continuam a investiga\u00e7\u00e3o para determinar a extens\u00e3o da rede de tr\u00e1fico e poss\u00edveis conex\u00f5es com outros crimes na \u00e1rea.<\/p>\n<p>Este incidente serve como um lembrete da import\u00e2ncia da colabora\u00e7\u00e3o entre a pol\u00edcia e a comunidade para garantir a seguran\u00e7a e o bem-estar de todos os cidad\u00e3os.<\/p>\n","protected":false},"excerpt":{"rendered":"<p>Pol\u00edcia Civil tamb\u00e9m encontrou quase 3 mil reais em dinheiro Em uma a\u00e7\u00e3o bem-sucedida realizada nesta ter\u00e7a-feira, a equipe da Delegacia de Investiga\u00e7\u00f5es Sobre Entorpecentes (DISE)<span class=\"excerpt-hellip\"> [\u2026]<\/span><\/p>\n","protected":false},"author":10,"featured_media":45785,"comment_status":"open","ping_status":"open","sticky":false,"template":"","format":"standard","meta":{"_jetpack_memberships_contains_paid_content":false,"footnotes":"","jetpack_publicize_message":"","jetpack_publicize_feature_enabled":true,"jetpack_social_post_already_shared":true,"jetpack_social_options":{"image_generator_settings":{"template":"highway","default_image_id":0,"enabled":false},"version":2}},"categories":[28,81],"tags":[],"class_list":["post-45779","post","type-post","status-publish","format-standard","has-post-thumbnail","hentry","category-cotidiano","category-manchete"],"yoast_head":"<!-- This site is optimized with the Yoast SEO plugin v25.6 - https:\/\/yoast.com\/wordpress\/plugins\/seo\/ -->\n<title>Opera\u00e7\u00e3o da DISE em Franca resulta na pris\u00e3o de jovem e apreens\u00e3o de drogas e muni\u00e7\u00f5es - VerdadeOn<\/title>\n<meta name=\"robots\" content=\"index, follow, max-snippet:-1, max-image-preview:large, max-video-preview:-1\" \/>\n<link rel=\"canonical\" href=\"https:\/\/verdadeon.com.br\/portal\/2024\/06\/11\/operacao-da-dise-em-franca-resulta-na-prisao-de-jovem-e-apreensao-de-drogas-e-municoes\/\" \/>\n<meta property=\"og:locale\" content=\"pt_BR\" \/>\n<meta property=\"og:type\" content=\"article\" \/>\n<meta property=\"og:title\" content=\"Opera\u00e7\u00e3o da DISE em Franca resulta na pris\u00e3o de jovem e apreens\u00e3o de drogas e muni\u00e7\u00f5es - VerdadeOn\" \/>\n<meta property=\"og:description\" content=\"Pol\u00edcia Civil tamb\u00e9m encontrou quase 3 mil reais em dinheiro Em uma a\u00e7\u00e3o bem-sucedida realizada nesta ter\u00e7a-feira, a equipe da Delegacia de Investiga\u00e7\u00f5es Sobre Entorpecentes (DISE) [\u2026]\" \/>\n<meta property=\"og:url\" content=\"https:\/\/verdadeon.com.br\/portal\/2024\/06\/11\/operacao-da-dise-em-franca-resulta-na-prisao-de-jovem-e-apreensao-de-drogas-e-municoes\/\" \/>\n<meta property=\"og:site_name\" content=\"VerdadeOn\" \/>\n<meta property=\"article:published_time\" content=\"2024-06-11T14:56:15+00:00\" \/>\n<meta property=\"og:image\" content=\"https:\/\/verdadeon.com.br\/portal\/wp-content\/uploads\/2024\/06\/AnyConv.com__WhatsApp-Image-2024-06-11-at-11.13.29.jpg\" \/>\n\t<meta property=\"og:image:width\" content=\"1344\" \/>\n\t<meta property=\"og:image:height\" content=\"900\" \/>\n\t<meta property=\"og:image:type\" content=\"image\/jpeg\" \/>\n<meta name=\"author\" content=\"Redacao VerdadeOn\" \/>\n<meta name=\"twitter:card\" content=\"summary_large_image\" \/>\n<meta name=\"twitter:label1\" content=\"Escrito por\" \/>\n\t<meta name=\"twitter:data1\" content=\"Redacao VerdadeOn\" \/>\n\t<meta name=\"twitter:label2\" content=\"Est. tempo de leitura\" \/>\n\t<meta name=\"twitter:data2\" content=\"2 minutos\" \/>\n<script type=\"application\/ld+json\" class=\"yoast-schema-graph\">{\"@context\":\"https:\/\/schema.org\",\"@graph\":[{\"@type\":\"WebPage\",\"@id\":\"https:\/\/verdadeon.com.br\/portal\/2024\/06\/11\/operacao-da-dise-em-franca-resulta-na-prisao-de-jovem-e-apreensao-de-drogas-e-municoes\/\",\"url\":\"https:\/\/verdadeon.com.br\/portal\/2024\/06\/11\/operacao-da-dise-em-franca-resulta-na-prisao-de-jovem-e-apreensao-de-drogas-e-municoes\/\",\"name\":\"Opera\u00e7\u00e3o da DISE em Franca resulta na pris\u00e3o de jovem e apreens\u00e3o de drogas e muni\u00e7\u00f5es - VerdadeOn\",\"isPartOf\":{\"@id\":\"https:\/\/verdadeon.com.br\/portal\/#website\"},\"primaryImageOfPage\":{\"@id\":\"https:\/\/verdadeon.com.br\/portal\/2024\/06\/11\/operacao-da-dise-em-franca-resulta-na-prisao-de-jovem-e-apreensao-de-drogas-e-municoes\/#primaryimage\"},\"image\":{\"@id\":\"https:\/\/verdadeon.com.br\/portal\/2024\/06\/11\/operacao-da-dise-em-franca-resulta-na-prisao-de-jovem-e-apreensao-de-drogas-e-municoes\/#primaryimage\"},\"thumbnailUrl\":\"https:\/\/i0.wp.com\/verdadeon.com.br\/portal\/wp-content\/uploads\/2024\/06\/AnyConv.com__WhatsApp-Image-2024-06-11-at-11.13.29.jpg?fit=1344%2C900&ssl=1\",\"datePublished\":\"2024-06-11T14:56:15+00:00\",\"author\":{\"@id\":\"https:\/\/verdadeon.com.br\/portal\/#\/schema\/person\/a5060ad1e9ea3df545188fc93ce43d2f\"},\"breadcrumb\":{\"@id\":\"https:\/\/verdadeon.com.br\/portal\/2024\/06\/11\/operacao-da-dise-em-franca-resulta-na-prisao-de-jovem-e-apreensao-de-drogas-e-municoes\/#breadcrumb\"},\"inLanguage\":\"pt-BR\",\"potentialAction\":[{\"@type\":\"ReadAction\",\"target\":[\"https:\/\/verdadeon.com.br\/portal\/2024\/06\/11\/operacao-da-dise-em-franca-resulta-na-prisao-de-jovem-e-apreensao-de-drogas-e-municoes\/\"]}]},{\"@type\":\"ImageObject\",\"inLanguage\":\"pt-BR\",\"@id\":\"https:\/\/verdadeon.com.br\/portal\/2024\/06\/11\/operacao-da-dise-em-franca-resulta-na-prisao-de-jovem-e-apreensao-de-drogas-e-municoes\/#primaryimage\",\"url\":\"https:\/\/i0.wp.com\/verdadeon.com.br\/portal\/wp-content\/uploads\/2024\/06\/AnyConv.com__WhatsApp-Image-2024-06-11-at-11.13.29.jpg?fit=1344%2C900&ssl=1\",\"contentUrl\":\"https:\/\/i0.wp.com\/verdadeon.com.br\/portal\/wp-content\/uploads\/2024\/06\/AnyConv.com__WhatsApp-Image-2024-06-11-at-11.13.29.jpg?fit=1344%2C900&ssl=1\",\"width\":1344,\"height\":900,\"caption\":\"Autoridades continuam a investiga\u00e7\u00e3o para determinar a extens\u00e3o da rede de tr\u00e1fico e poss\u00edveis conex\u00f5es com outros crimes (\u00a9Divulga\u00e7\u00e3o)\"},{\"@type\":\"BreadcrumbList\",\"@id\":\"https:\/\/verdadeon.com.br\/portal\/2024\/06\/11\/operacao-da-dise-em-franca-resulta-na-prisao-de-jovem-e-apreensao-de-drogas-e-municoes\/#breadcrumb\",\"itemListElement\":[{\"@type\":\"ListItem\",\"position\":1,\"name\":\"In\u00edcio\",\"item\":\"https:\/\/verdadeon.com.br\/portal\/\"},{\"@type\":\"ListItem\",\"position\":2,\"name\":\"Opera\u00e7\u00e3o da DISE em Franca resulta na pris\u00e3o de jovem e apreens\u00e3o de drogas e muni\u00e7\u00f5es\"}]},{\"@type\":\"WebSite\",\"@id\":\"https:\/\/verdadeon.com.br\/portal\/#website\",\"url\":\"https:\/\/verdadeon.com.br\/portal\/\",\"name\":\"VerdadeOn\",\"description\":\"Not\u00edcias di\u00e1rias sobre Franca, Regi\u00e3o, Esporte, Cultura, Cotidiano, Colunas. Cobertura nos principais eventos da cidade \u00e9 aqui - Verdadeon Franca\",\"potentialAction\":[{\"@type\":\"SearchAction\",\"target\":{\"@type\":\"EntryPoint\",\"urlTemplate\":\"https:\/\/verdadeon.com.br\/portal\/?s={search_term_string}\"},\"query-input\":{\"@type\":\"PropertyValueSpecification\",\"valueRequired\":true,\"valueName\":\"search_term_string\"}}],\"inLanguage\":\"pt-BR\"},{\"@type\":\"Person\",\"@id\":\"https:\/\/verdadeon.com.br\/portal\/#\/schema\/person\/a5060ad1e9ea3df545188fc93ce43d2f\",\"name\":\"Redacao VerdadeOn\",\"image\":{\"@type\":\"ImageObject\",\"inLanguage\":\"pt-BR\",\"@id\":\"https:\/\/verdadeon.com.br\/portal\/#\/schema\/person\/image\/\",\"url\":\"https:\/\/secure.gravatar.com\/avatar\/459a9613caaaf07f582c3d0841eea68bdd66f533e465e6ba8b9cb45619572cf4?s=96&d=mm&r=g\",\"contentUrl\":\"https:\/\/secure.gravatar.com\/avatar\/459a9613caaaf07f582c3d0841eea68bdd66f533e465e6ba8b9cb45619572cf4?s=96&d=mm&r=g\",\"caption\":\"Redacao VerdadeOn\"},\"url\":\"https:\/\/verdadeon.com.br\/portal\/author\/redacao\/\"}]}<\/script>\n<!-- \/ Yoast SEO plugin. -->","yoast_head_json":{"title":"Opera\u00e7\u00e3o da DISE em Franca resulta na pris\u00e3o de jovem e apreens\u00e3o de drogas e muni\u00e7\u00f5es - VerdadeOn","robots":{"index":"index","follow":"follow","max-snippet":"max-snippet:-1","max-image-preview":"max-image-preview:large","max-video-preview":"max-video-preview:-1"},"canonical":"https:\/\/verdadeon.com.br\/portal\/2024\/06\/11\/operacao-da-dise-em-franca-resulta-na-prisao-de-jovem-e-apreensao-de-drogas-e-municoes\/","og_locale":"pt_BR","og_type":"article","og_title":"Opera\u00e7\u00e3o da DISE em Franca resulta na pris\u00e3o de jovem e apreens\u00e3o de drogas e muni\u00e7\u00f5es - VerdadeOn","og_description":"Pol\u00edcia Civil tamb\u00e9m encontrou quase 3 mil reais em dinheiro Em uma a\u00e7\u00e3o bem-sucedida realizada nesta ter\u00e7a-feira, a equipe da Delegacia de Investiga\u00e7\u00f5es Sobre Entorpecentes (DISE) [\u2026]","og_url":"https:\/\/verdadeon.com.br\/portal\/2024\/06\/11\/operacao-da-dise-em-franca-resulta-na-prisao-de-jovem-e-apreensao-de-drogas-e-municoes\/","og_site_name":"VerdadeOn","article_published_time":"2024-06-11T14:56:15+00:00","og_image":[{"width":1344,"height":900,"url":"https:\/\/verdadeon.com.br\/portal\/wp-content\/uploads\/2024\/06\/AnyConv.com__WhatsApp-Image-2024-06-11-at-11.13.29.jpg","type":"image\/jpeg"}],"author":"Redacao VerdadeOn","twitter_card":"summary_large_image","twitter_misc":{"Escrito por":"Redacao VerdadeOn","Est. tempo de leitura":"2 minutos"},"schema":{"@context":"https:\/\/schema.org","@graph":[{"@type":"WebPage","@id":"https:\/\/verdadeon.com.br\/portal\/2024\/06\/11\/operacao-da-dise-em-franca-resulta-na-prisao-de-jovem-e-apreensao-de-drogas-e-municoes\/","url":"https:\/\/verdadeon.com.br\/portal\/2024\/06\/11\/operacao-da-dise-em-franca-resulta-na-prisao-de-jovem-e-apreensao-de-drogas-e-municoes\/","name":"Opera\u00e7\u00e3o da DISE em Franca resulta na pris\u00e3o de jovem e apreens\u00e3o de drogas e muni\u00e7\u00f5es - VerdadeOn","isPartOf":{"@id":"https:\/\/verdadeon.com.br\/portal\/#website"},"primaryImageOfPage":{"@id":"https:\/\/verdadeon.com.br\/portal\/2024\/06\/11\/operacao-da-dise-em-franca-resulta-na-prisao-de-jovem-e-apreensao-de-drogas-e-municoes\/#primaryimage"},"image":{"@id":"https:\/\/verdadeon.com.br\/portal\/2024\/06\/11\/operacao-da-dise-em-franca-resulta-na-prisao-de-jovem-e-apreensao-de-drogas-e-municoes\/#primaryimage"},"thumbnailUrl":"https:\/\/i0.wp.com\/verdadeon.com.br\/portal\/wp-content\/uploads\/2024\/06\/AnyConv.com__WhatsApp-Image-2024-06-11-at-11.13.29.jpg?fit=1344%2C900&ssl=1","datePublished":"2024-06-11T14:56:15+00:00","author":{"@id":"https:\/\/verdadeon.com.br\/portal\/#\/schema\/person\/a5060ad1e9ea3df545188fc93ce43d2f"},"breadcrumb":{"@id":"https:\/\/verdadeon.com.br\/portal\/2024\/06\/11\/operacao-da-dise-em-franca-resulta-na-prisao-de-jovem-e-apreensao-de-drogas-e-municoes\/#breadcrumb"},"inLanguage":"pt-BR","potentialAction":[{"@type":"ReadAction","target":["https:\/\/verdadeon.com.br\/portal\/2024\/06\/11\/operacao-da-dise-em-franca-resulta-na-prisao-de-jovem-e-apreensao-de-drogas-e-municoes\/"]}]},{"@type":"ImageObject","inLanguage":"pt-BR","@id":"https:\/\/verdadeon.com.br\/portal\/2024\/06\/11\/operacao-da-dise-em-franca-resulta-na-prisao-de-jovem-e-apreensao-de-drogas-e-municoes\/#primaryimage","url":"https:\/\/i0.wp.com\/verdadeon.com.br\/portal\/wp-content\/uploads\/2024\/06\/AnyConv.com__WhatsApp-Image-2024-06-11-at-11.13.29.jpg?fit=1344%2C900&ssl=1","contentUrl":"https:\/\/i0.wp.com\/verdadeon.com.br\/portal\/wp-content\/uploads\/2024\/06\/AnyConv.com__WhatsApp-Image-2024-06-11-at-11.13.29.jpg?fit=1344%2C900&ssl=1","width":1344,"height":900,"caption":"Autoridades continuam a investiga\u00e7\u00e3o para determinar a extens\u00e3o da rede de tr\u00e1fico e poss\u00edveis conex\u00f5es com outros crimes (\u00a9Divulga\u00e7\u00e3o)"},{"@type":"BreadcrumbList","@id":"https:\/\/verdadeon.com.br\/portal\/2024\/06\/11\/operacao-da-dise-em-franca-resulta-na-prisao-de-jovem-e-apreensao-de-drogas-e-municoes\/#breadcrumb","itemListElement":[{"@type":"ListItem","position":1,"name":"In\u00edcio","item":"https:\/\/verdadeon.com.br\/portal\/"},{"@type":"ListItem","position":2,"name":"Opera\u00e7\u00e3o da DISE em Franca resulta na pris\u00e3o de jovem e apreens\u00e3o de drogas e muni\u00e7\u00f5es"}]},{"@type":"WebSite","@id":"https:\/\/verdadeon.com.br\/portal\/#website","url":"https:\/\/verdadeon.com.br\/portal\/","name":"VerdadeOn","description":"Not\u00edcias di\u00e1rias sobre Franca, Regi\u00e3o, Esporte, Cultura, Cotidiano, Colunas. Cobertura nos principais eventos da cidade \u00e9 aqui - Verdadeon Franca","potentialAction":[{"@type":"SearchAction","target":{"@type":"EntryPoint","urlTemplate":"https:\/\/verdadeon.com.br\/portal\/?s={search_term_string}"},"query-input":{"@type":"PropertyValueSpecification","valueRequired":true,"valueName":"search_term_string"}}],"inLanguage":"pt-BR"},{"@type":"Person","@id":"https:\/\/verdadeon.com.br\/portal\/#\/schema\/person\/a5060ad1e9ea3df545188fc93ce43d2f","name":"Redacao VerdadeOn","image":{"@type":"ImageObject","inLanguage":"pt-BR","@id":"https:\/\/verdadeon.com.br\/portal\/#\/schema\/person\/image\/","url":"https:\/\/secure.gravatar.com\/avatar\/459a9613caaaf07f582c3d0841eea68bdd66f533e465e6ba8b9cb45619572cf4?s=96&d=mm&r=g","contentUrl":"https:\/\/secure.gravatar.com\/avatar\/459a9613caaaf07f582c3d0841eea68bdd66f533e465e6ba8b9cb45619572cf4?s=96&d=mm&r=g","caption":"Redacao VerdadeOn"},"url":"https:\/\/verdadeon.com.br\/portal\/author\/redacao\/"}]}},"jetpack_publicize_connections":[],"jetpack_featured_media_url":"https:\/\/i0.wp.com\/verdadeon.com.br\/portal\/wp-content\/uploads\/2024\/06\/AnyConv.com__WhatsApp-Image-2024-06-11-at-11.13.29.jpg?fit=1344%2C900&ssl=1","jetpack_sharing_enabled":true,"_links":{"self":[{"href":"https:\/\/verdadeon.com.br\/portal\/wp-json\/wp\/v2\/posts\/45779","targetHints":{"allow":["GET"]}}],"collection":[{"href":"https:\/\/verdadeon.com.br\/portal\/wp-json\/wp\/v2\/posts"}],"about":[{"href":"https:\/\/verdadeon.com.br\/portal\/wp-json\/wp\/v2\/types\/post"}],"author":[{"embeddable":true,"href":"https:\/\/verdadeon.com.br\/portal\/wp-json\/wp\/v2\/users\/10"}],"replies":[{"embeddable":true,"href":"https:\/\/verdadeon.com.br\/portal\/wp-json\/wp\/v2\/comments?post=45779"}],"version-history":[{"count":1,"href":"https:\/\/verdadeon.com.br\/portal\/wp-json\/wp\/v2\/posts\/45779\/revisions"}],"predecessor-version":[{"id":45786,"href":"https:\/\/verdadeon.com.br\/portal\/wp-json\/wp\/v2\/posts\/45779\/revisions\/45786"}],"wp:featuredmedia":[{"embeddable":true,"href":"https:\/\/verdadeon.com.br\/portal\/wp-json\/wp\/v2\/media\/45785"}],"wp:attachment":[{"href":"https:\/\/verdadeon.com.br\/portal\/wp-json\/wp\/v2\/media?parent=45779"}],"wp:term":[{"taxonomy":"category","embeddable":true,"href":"https:\/\/verdadeon.com.br\/portal\/wp-json\/wp\/v2\/categories?post=45779"},{"taxonomy":"post_tag","embeddable":true,"href":"https:\/\/verdadeon.com.br\/portal\/wp-json\/wp\/v2\/tags?post=45779"}],"curies":[{"name":"wp","href":"https:\/\/api.w.org\/{rel}","templated":true}]}}