{"id":45750,"date":"2024-06-10T17:44:51","date_gmt":"2024-06-10T20:44:51","guid":{"rendered":"https:\/\/verdadeon.com.br\/portal\/?p=45750"},"modified":"2024-06-10T17:46:46","modified_gmt":"2024-06-10T20:46:46","slug":"com-a-presenca-da-deputada-graciela-joao-rocha-anuncia-pre-candidatura-a-prefeitura-de-franca-em-evento-com-mais-de-1500-pessoas","status":"publish","type":"post","link":"https:\/\/verdadeon.com.br\/portal\/2024\/06\/10\/com-a-presenca-da-deputada-graciela-joao-rocha-anuncia-pre-candidatura-a-prefeitura-de-franca-em-evento-com-mais-de-1500-pessoas\/","title":{"rendered":"Com a presen\u00e7a da Deputada Graciela, Jo\u00e3o Rocha anuncia Pr\u00e9-Candidatura \u00e0 Prefeitura de Franca em evento com mais de 1500 pessoas"},"content":{"rendered":"<h2>O evento contou tamb\u00e9m\u00a0 com\u00a0 pr\u00e9-candidatos a vereadores da base aliada de Rocha, dos partidos PRD, Solidariedade, Uni\u00e3o Brasil al\u00e9m de politicos de outros partidos que poder\u00e3o aderir em breve<\/h2>\n<p>Em um domingo vibrante, o Sal\u00e3o de Eventos Green Hall em Franca foi palco de um acontecimento pol\u00edtico marcante. Com a presen\u00e7a da estimada Deputada Graciela, Jo\u00e3o Rocha lan\u00e7ou oficialmente sua pr\u00e9-candidatura \u00e0 prefeitura da cidade. O evento, que ocorreu no dia 9 de junho, contou com uma participa\u00e7\u00e3o massiva de mais de 1500 pessoas, evidenciando a robusta base de apoio que Rocha possui.<\/p>\n<p>A entrada era paga, mas isso n\u00e3o impediu que os apoiadores comparecessem em grande n\u00famero para testemunhar este momento significativo. Os participantes foram agraciados com um almo\u00e7o saboroso e uma sele\u00e7\u00e3o de bebidas, enquanto desfrutavam das diversas atra\u00e7\u00f5es presentes. Entre elas, o destaque foi o Grupo N\u00f3 na Gota, que trouxe ainda mais anima\u00e7\u00e3o ao ambiente.<\/p>\n<p>O evento n\u00e3o foi apenas uma demonstra\u00e7\u00e3o de for\u00e7a pol\u00edtica, mas tamb\u00e9m uma celebra\u00e7\u00e3o da democracia e dos valores que Jo\u00e3o Rocha representa. Pr\u00e9-candidatos a vereadores da base aliada de Rocha, dos partidos PRD, Solidariedade, Uni\u00e3o Brasil al\u00e9m de politicos de outros partidos que poder\u00e3o aderir em breve, \u00a0tamb\u00e9m estiveram presentes, unindo-se sob a bandeira do PL e mostrando solidariedade e compromisso com o projeto pol\u00edtico do pr\u00e9-candidato.<\/p>\n<p>A confraterniza\u00e7\u00e3o transcorreu em total conformidade com as regras da legisla\u00e7\u00e3o eleitoral, marcada por um esp\u00edrito de patriotismo e religiosidade.<\/p>\n<p><img data-recalc-dims=\"1\" loading=\"lazy\" decoding=\"async\" class=\"alignnone size-full wp-image-45753\" src=\"https:\/\/i0.wp.com\/verdadeon.com.br\/portal\/wp-content\/uploads\/2024\/06\/WhatsApp-Image-2024-06-10-at-13.42.10.jpeg?resize=1220%2C813&#038;ssl=1\" alt=\"\" width=\"1220\" height=\"813\" srcset=\"https:\/\/i0.wp.com\/verdadeon.com.br\/portal\/wp-content\/uploads\/2024\/06\/WhatsApp-Image-2024-06-10-at-13.42.10.jpeg?w=1280&amp;ssl=1 1280w, https:\/\/i0.wp.com\/verdadeon.com.br\/portal\/wp-content\/uploads\/2024\/06\/WhatsApp-Image-2024-06-10-at-13.42.10.jpeg?resize=300%2C200&amp;ssl=1 300w, https:\/\/i0.wp.com\/verdadeon.com.br\/portal\/wp-content\/uploads\/2024\/06\/WhatsApp-Image-2024-06-10-at-13.42.10.jpeg?resize=1024%2C682&amp;ssl=1 1024w, https:\/\/i0.wp.com\/verdadeon.com.br\/portal\/wp-content\/uploads\/2024\/06\/WhatsApp-Image-2024-06-10-at-13.42.10.jpeg?resize=768%2C512&amp;ssl=1 768w, https:\/\/i0.wp.com\/verdadeon.com.br\/portal\/wp-content\/uploads\/2024\/06\/WhatsApp-Image-2024-06-10-at-13.42.10.jpeg?resize=219%2C146&amp;ssl=1 219w, https:\/\/i0.wp.com\/verdadeon.com.br\/portal\/wp-content\/uploads\/2024\/06\/WhatsApp-Image-2024-06-10-at-13.42.10.jpeg?resize=50%2C33&amp;ssl=1 50w, https:\/\/i0.wp.com\/verdadeon.com.br\/portal\/wp-content\/uploads\/2024\/06\/WhatsApp-Image-2024-06-10-at-13.42.10.jpeg?resize=113%2C75&amp;ssl=1 113w\" sizes=\"auto, (max-width: 1220px) 100vw, 1220px\" \/> <img data-recalc-dims=\"1\" loading=\"lazy\" decoding=\"async\" class=\"alignnone size-full wp-image-45752\" src=\"https:\/\/i0.wp.com\/verdadeon.com.br\/portal\/wp-content\/uploads\/2024\/06\/WhatsApp-Image-2024-06-10-at-13.42.10-1.jpeg?resize=1220%2C813&#038;ssl=1\" alt=\"\" width=\"1220\" height=\"813\" srcset=\"https:\/\/i0.wp.com\/verdadeon.com.br\/portal\/wp-content\/uploads\/2024\/06\/WhatsApp-Image-2024-06-10-at-13.42.10-1.jpeg?w=1280&amp;ssl=1 1280w, https:\/\/i0.wp.com\/verdadeon.com.br\/portal\/wp-content\/uploads\/2024\/06\/WhatsApp-Image-2024-06-10-at-13.42.10-1.jpeg?resize=300%2C200&amp;ssl=1 300w, https:\/\/i0.wp.com\/verdadeon.com.br\/portal\/wp-content\/uploads\/2024\/06\/WhatsApp-Image-2024-06-10-at-13.42.10-1.jpeg?resize=1024%2C682&amp;ssl=1 1024w, https:\/\/i0.wp.com\/verdadeon.com.br\/portal\/wp-content\/uploads\/2024\/06\/WhatsApp-Image-2024-06-10-at-13.42.10-1.jpeg?resize=768%2C512&amp;ssl=1 768w, https:\/\/i0.wp.com\/verdadeon.com.br\/portal\/wp-content\/uploads\/2024\/06\/WhatsApp-Image-2024-06-10-at-13.42.10-1.jpeg?resize=219%2C146&amp;ssl=1 219w, https:\/\/i0.wp.com\/verdadeon.com.br\/portal\/wp-content\/uploads\/2024\/06\/WhatsApp-Image-2024-06-10-at-13.42.10-1.jpeg?resize=50%2C33&amp;ssl=1 50w, https:\/\/i0.wp.com\/verdadeon.com.br\/portal\/wp-content\/uploads\/2024\/06\/WhatsApp-Image-2024-06-10-at-13.42.10-1.jpeg?resize=113%2C75&amp;ssl=1 113w\" sizes=\"auto, (max-width: 1220px) 100vw, 1220px\" \/><\/p>\n","protected":false},"excerpt":{"rendered":"<p>O evento contou tamb\u00e9m\u00a0 com\u00a0 pr\u00e9-candidatos a vereadores da base aliada de Rocha, dos partidos PRD, Solidariedade, Uni\u00e3o Brasil al\u00e9m de politicos de outros partidos que<span class=\"excerpt-hellip\"> [\u2026]<\/span><\/p>\n","protected":false},"author":4,"featured_media":45751,"comment_status":"open","ping_status":"open","sticky":false,"template":"","format":"standard","meta":{"_jetpack_memberships_contains_paid_content":false,"footnotes":"","jetpack_publicize_message":"","jetpack_publicize_feature_enabled":true,"jetpack_social_post_already_shared":true,"jetpack_social_options":{"image_generator_settings":{"template":"highway","default_image_id":0,"enabled":false},"version":2}},"categories":[28,81],"tags":[],"class_list":["post-45750","post","type-post","status-publish","format-standard","has-post-thumbnail","hentry","category-cotidiano","category-manchete"],"yoast_head":"<!-- This site is optimized with the Yoast SEO plugin v25.6 - https:\/\/yoast.com\/wordpress\/plugins\/seo\/ -->\n<title>Com a presen\u00e7a da Deputada Graciela, Jo\u00e3o Rocha anuncia Pr\u00e9-Candidatura \u00e0 Prefeitura de Franca em evento com mais de 1500 pessoas - VerdadeOn<\/title>\n<meta name=\"robots\" content=\"index, follow, max-snippet:-1, max-image-preview:large, max-video-preview:-1\" \/>\n<link rel=\"canonical\" href=\"https:\/\/verdadeon.com.br\/portal\/2024\/06\/10\/com-a-presenca-da-deputada-graciela-joao-rocha-anuncia-pre-candidatura-a-prefeitura-de-franca-em-evento-com-mais-de-1500-pessoas\/\" \/>\n<meta property=\"og:locale\" content=\"pt_BR\" \/>\n<meta property=\"og:type\" content=\"article\" \/>\n<meta property=\"og:title\" content=\"Com a presen\u00e7a da Deputada Graciela, Jo\u00e3o Rocha anuncia Pr\u00e9-Candidatura \u00e0 Prefeitura de Franca em evento com mais de 1500 pessoas - VerdadeOn\" \/>\n<meta property=\"og:description\" content=\"O evento contou tamb\u00e9m\u00a0 com\u00a0 pr\u00e9-candidatos a vereadores da base aliada de Rocha, dos partidos PRD, Solidariedade, Uni\u00e3o Brasil al\u00e9m de politicos de outros partidos que [\u2026]\" \/>\n<meta property=\"og:url\" content=\"https:\/\/verdadeon.com.br\/portal\/2024\/06\/10\/com-a-presenca-da-deputada-graciela-joao-rocha-anuncia-pre-candidatura-a-prefeitura-de-franca-em-evento-com-mais-de-1500-pessoas\/\" \/>\n<meta property=\"og:site_name\" content=\"VerdadeOn\" \/>\n<meta property=\"article:published_time\" content=\"2024-06-10T20:44:51+00:00\" \/>\n<meta property=\"article:modified_time\" content=\"2024-06-10T20:46:46+00:00\" \/>\n<meta property=\"og:image\" content=\"https:\/\/verdadeon.com.br\/portal\/wp-content\/uploads\/2024\/06\/WhatsApp-Image-2024-06-10-at-12.58.53.jpeg\" \/>\n\t<meta property=\"og:image:width\" content=\"1000\" \/>\n\t<meta property=\"og:image:height\" content=\"670\" \/>\n\t<meta property=\"og:image:type\" content=\"image\/jpeg\" \/>\n<meta name=\"author\" content=\"Fernando Calixto\" \/>\n<meta name=\"twitter:card\" content=\"summary_large_image\" \/>\n<meta name=\"twitter:label1\" content=\"Escrito por\" \/>\n\t<meta name=\"twitter:data1\" content=\"Fernando Calixto\" \/>\n\t<meta name=\"twitter:label2\" content=\"Est. tempo de leitura\" \/>\n\t<meta name=\"twitter:data2\" content=\"2 minutos\" \/>\n<script type=\"application\/ld+json\" class=\"yoast-schema-graph\">{\"@context\":\"https:\/\/schema.org\",\"@graph\":[{\"@type\":\"WebPage\",\"@id\":\"https:\/\/verdadeon.com.br\/portal\/2024\/06\/10\/com-a-presenca-da-deputada-graciela-joao-rocha-anuncia-pre-candidatura-a-prefeitura-de-franca-em-evento-com-mais-de-1500-pessoas\/\",\"url\":\"https:\/\/verdadeon.com.br\/portal\/2024\/06\/10\/com-a-presenca-da-deputada-graciela-joao-rocha-anuncia-pre-candidatura-a-prefeitura-de-franca-em-evento-com-mais-de-1500-pessoas\/\",\"name\":\"Com a presen\u00e7a da Deputada Graciela, Jo\u00e3o Rocha anuncia Pr\u00e9-Candidatura \u00e0 Prefeitura de Franca em evento com mais de 1500 pessoas - VerdadeOn\",\"isPartOf\":{\"@id\":\"https:\/\/verdadeon.com.br\/portal\/#website\"},\"primaryImageOfPage\":{\"@id\":\"https:\/\/verdadeon.com.br\/portal\/2024\/06\/10\/com-a-presenca-da-deputada-graciela-joao-rocha-anuncia-pre-candidatura-a-prefeitura-de-franca-em-evento-com-mais-de-1500-pessoas\/#primaryimage\"},\"image\":{\"@id\":\"https:\/\/verdadeon.com.br\/portal\/2024\/06\/10\/com-a-presenca-da-deputada-graciela-joao-rocha-anuncia-pre-candidatura-a-prefeitura-de-franca-em-evento-com-mais-de-1500-pessoas\/#primaryimage\"},\"thumbnailUrl\":\"https:\/\/i0.wp.com\/verdadeon.com.br\/portal\/wp-content\/uploads\/2024\/06\/WhatsApp-Image-2024-06-10-at-12.58.53.jpeg?fit=1000%2C670&ssl=1\",\"datePublished\":\"2024-06-10T20:44:51+00:00\",\"dateModified\":\"2024-06-10T20:46:46+00:00\",\"author\":{\"@id\":\"https:\/\/verdadeon.com.br\/portal\/#\/schema\/person\/8994718f49ee62ba5610471e29ca1f62\"},\"breadcrumb\":{\"@id\":\"https:\/\/verdadeon.com.br\/portal\/2024\/06\/10\/com-a-presenca-da-deputada-graciela-joao-rocha-anuncia-pre-candidatura-a-prefeitura-de-franca-em-evento-com-mais-de-1500-pessoas\/#breadcrumb\"},\"inLanguage\":\"pt-BR\",\"potentialAction\":[{\"@type\":\"ReadAction\",\"target\":[\"https:\/\/verdadeon.com.br\/portal\/2024\/06\/10\/com-a-presenca-da-deputada-graciela-joao-rocha-anuncia-pre-candidatura-a-prefeitura-de-franca-em-evento-com-mais-de-1500-pessoas\/\"]}]},{\"@type\":\"ImageObject\",\"inLanguage\":\"pt-BR\",\"@id\":\"https:\/\/verdadeon.com.br\/portal\/2024\/06\/10\/com-a-presenca-da-deputada-graciela-joao-rocha-anuncia-pre-candidatura-a-prefeitura-de-franca-em-evento-com-mais-de-1500-pessoas\/#primaryimage\",\"url\":\"https:\/\/i0.wp.com\/verdadeon.com.br\/portal\/wp-content\/uploads\/2024\/06\/WhatsApp-Image-2024-06-10-at-12.58.53.jpeg?fit=1000%2C670&ssl=1\",\"contentUrl\":\"https:\/\/i0.wp.com\/verdadeon.com.br\/portal\/wp-content\/uploads\/2024\/06\/WhatsApp-Image-2024-06-10-at-12.58.53.jpeg?fit=1000%2C670&ssl=1\",\"width\":1000,\"height\":670,\"caption\":\"Jo\u00e3o Rocha deve oficializar sua candidatura a Prefeito de Franca pelo PL; Deputada Delegada Graciela dever\u00e1 estar presente na conven\u00e7\u00e3o do partido\"},{\"@type\":\"BreadcrumbList\",\"@id\":\"https:\/\/verdadeon.com.br\/portal\/2024\/06\/10\/com-a-presenca-da-deputada-graciela-joao-rocha-anuncia-pre-candidatura-a-prefeitura-de-franca-em-evento-com-mais-de-1500-pessoas\/#breadcrumb\",\"itemListElement\":[{\"@type\":\"ListItem\",\"position\":1,\"name\":\"In\u00edcio\",\"item\":\"https:\/\/verdadeon.com.br\/portal\/\"},{\"@type\":\"ListItem\",\"position\":2,\"name\":\"Com a presen\u00e7a da Deputada Graciela, Jo\u00e3o Rocha anuncia Pr\u00e9-Candidatura \u00e0 Prefeitura de Franca em evento com mais de 1500 pessoas\"}]},{\"@type\":\"WebSite\",\"@id\":\"https:\/\/verdadeon.com.br\/portal\/#website\",\"url\":\"https:\/\/verdadeon.com.br\/portal\/\",\"name\":\"VerdadeOn\",\"description\":\"Not\u00edcias di\u00e1rias sobre Franca, Regi\u00e3o, Esporte, Cultura, Cotidiano, Colunas. Cobertura nos principais eventos da cidade \u00e9 aqui - Verdadeon Franca\",\"potentialAction\":[{\"@type\":\"SearchAction\",\"target\":{\"@type\":\"EntryPoint\",\"urlTemplate\":\"https:\/\/verdadeon.com.br\/portal\/?s={search_term_string}\"},\"query-input\":{\"@type\":\"PropertyValueSpecification\",\"valueRequired\":true,\"valueName\":\"search_term_string\"}}],\"inLanguage\":\"pt-BR\"},{\"@type\":\"Person\",\"@id\":\"https:\/\/verdadeon.com.br\/portal\/#\/schema\/person\/8994718f49ee62ba5610471e29ca1f62\",\"name\":\"Fernando Calixto\",\"image\":{\"@type\":\"ImageObject\",\"inLanguage\":\"pt-BR\",\"@id\":\"https:\/\/verdadeon.com.br\/portal\/#\/schema\/person\/image\/\",\"url\":\"https:\/\/secure.gravatar.com\/avatar\/7578910c24966c0316c340f9dbd601e93ee9f9212e1033968b367af9306bd9fb?s=96&d=mm&r=g\",\"contentUrl\":\"https:\/\/secure.gravatar.com\/avatar\/7578910c24966c0316c340f9dbd601e93ee9f9212e1033968b367af9306bd9fb?s=96&d=mm&r=g\",\"caption\":\"Fernando Calixto\"},\"url\":\"https:\/\/verdadeon.com.br\/portal\/author\/fernando-calixto\/\"}]}<\/script>\n<!-- \/ Yoast SEO plugin. -->","yoast_head_json":{"title":"Com a presen\u00e7a da Deputada Graciela, Jo\u00e3o Rocha anuncia Pr\u00e9-Candidatura \u00e0 Prefeitura de Franca em evento com mais de 1500 pessoas - VerdadeOn","robots":{"index":"index","follow":"follow","max-snippet":"max-snippet:-1","max-image-preview":"max-image-preview:large","max-video-preview":"max-video-preview:-1"},"canonical":"https:\/\/verdadeon.com.br\/portal\/2024\/06\/10\/com-a-presenca-da-deputada-graciela-joao-rocha-anuncia-pre-candidatura-a-prefeitura-de-franca-em-evento-com-mais-de-1500-pessoas\/","og_locale":"pt_BR","og_type":"article","og_title":"Com a presen\u00e7a da Deputada Graciela, Jo\u00e3o Rocha anuncia Pr\u00e9-Candidatura \u00e0 Prefeitura de Franca em evento com mais de 1500 pessoas - VerdadeOn","og_description":"O evento contou tamb\u00e9m\u00a0 com\u00a0 pr\u00e9-candidatos a vereadores da base aliada de Rocha, dos partidos PRD, Solidariedade, Uni\u00e3o Brasil al\u00e9m de politicos de outros partidos que [\u2026]","og_url":"https:\/\/verdadeon.com.br\/portal\/2024\/06\/10\/com-a-presenca-da-deputada-graciela-joao-rocha-anuncia-pre-candidatura-a-prefeitura-de-franca-em-evento-com-mais-de-1500-pessoas\/","og_site_name":"VerdadeOn","article_published_time":"2024-06-10T20:44:51+00:00","article_modified_time":"2024-06-10T20:46:46+00:00","og_image":[{"width":1000,"height":670,"url":"https:\/\/verdadeon.com.br\/portal\/wp-content\/uploads\/2024\/06\/WhatsApp-Image-2024-06-10-at-12.58.53.jpeg","type":"image\/jpeg"}],"author":"Fernando Calixto","twitter_card":"summary_large_image","twitter_misc":{"Escrito por":"Fernando Calixto","Est. tempo de leitura":"2 minutos"},"schema":{"@context":"https:\/\/schema.org","@graph":[{"@type":"WebPage","@id":"https:\/\/verdadeon.com.br\/portal\/2024\/06\/10\/com-a-presenca-da-deputada-graciela-joao-rocha-anuncia-pre-candidatura-a-prefeitura-de-franca-em-evento-com-mais-de-1500-pessoas\/","url":"https:\/\/verdadeon.com.br\/portal\/2024\/06\/10\/com-a-presenca-da-deputada-graciela-joao-rocha-anuncia-pre-candidatura-a-prefeitura-de-franca-em-evento-com-mais-de-1500-pessoas\/","name":"Com a presen\u00e7a da Deputada Graciela, Jo\u00e3o Rocha anuncia Pr\u00e9-Candidatura \u00e0 Prefeitura de Franca em evento com mais de 1500 pessoas - VerdadeOn","isPartOf":{"@id":"https:\/\/verdadeon.com.br\/portal\/#website"},"primaryImageOfPage":{"@id":"https:\/\/verdadeon.com.br\/portal\/2024\/06\/10\/com-a-presenca-da-deputada-graciela-joao-rocha-anuncia-pre-candidatura-a-prefeitura-de-franca-em-evento-com-mais-de-1500-pessoas\/#primaryimage"},"image":{"@id":"https:\/\/verdadeon.com.br\/portal\/2024\/06\/10\/com-a-presenca-da-deputada-graciela-joao-rocha-anuncia-pre-candidatura-a-prefeitura-de-franca-em-evento-com-mais-de-1500-pessoas\/#primaryimage"},"thumbnailUrl":"https:\/\/i0.wp.com\/verdadeon.com.br\/portal\/wp-content\/uploads\/2024\/06\/WhatsApp-Image-2024-06-10-at-12.58.53.jpeg?fit=1000%2C670&ssl=1","datePublished":"2024-06-10T20:44:51+00:00","dateModified":"2024-06-10T20:46:46+00:00","author":{"@id":"https:\/\/verdadeon.com.br\/portal\/#\/schema\/person\/8994718f49ee62ba5610471e29ca1f62"},"breadcrumb":{"@id":"https:\/\/verdadeon.com.br\/portal\/2024\/06\/10\/com-a-presenca-da-deputada-graciela-joao-rocha-anuncia-pre-candidatura-a-prefeitura-de-franca-em-evento-com-mais-de-1500-pessoas\/#breadcrumb"},"inLanguage":"pt-BR","potentialAction":[{"@type":"ReadAction","target":["https:\/\/verdadeon.com.br\/portal\/2024\/06\/10\/com-a-presenca-da-deputada-graciela-joao-rocha-anuncia-pre-candidatura-a-prefeitura-de-franca-em-evento-com-mais-de-1500-pessoas\/"]}]},{"@type":"ImageObject","inLanguage":"pt-BR","@id":"https:\/\/verdadeon.com.br\/portal\/2024\/06\/10\/com-a-presenca-da-deputada-graciela-joao-rocha-anuncia-pre-candidatura-a-prefeitura-de-franca-em-evento-com-mais-de-1500-pessoas\/#primaryimage","url":"https:\/\/i0.wp.com\/verdadeon.com.br\/portal\/wp-content\/uploads\/2024\/06\/WhatsApp-Image-2024-06-10-at-12.58.53.jpeg?fit=1000%2C670&ssl=1","contentUrl":"https:\/\/i0.wp.com\/verdadeon.com.br\/portal\/wp-content\/uploads\/2024\/06\/WhatsApp-Image-2024-06-10-at-12.58.53.jpeg?fit=1000%2C670&ssl=1","width":1000,"height":670,"caption":"Jo\u00e3o Rocha deve oficializar sua candidatura a Prefeito de Franca pelo PL; Deputada Delegada Graciela dever\u00e1 estar presente na conven\u00e7\u00e3o do partido"},{"@type":"BreadcrumbList","@id":"https:\/\/verdadeon.com.br\/portal\/2024\/06\/10\/com-a-presenca-da-deputada-graciela-joao-rocha-anuncia-pre-candidatura-a-prefeitura-de-franca-em-evento-com-mais-de-1500-pessoas\/#breadcrumb","itemListElement":[{"@type":"ListItem","position":1,"name":"In\u00edcio","item":"https:\/\/verdadeon.com.br\/portal\/"},{"@type":"ListItem","position":2,"name":"Com a presen\u00e7a da Deputada Graciela, Jo\u00e3o Rocha anuncia Pr\u00e9-Candidatura \u00e0 Prefeitura de Franca em evento com mais de 1500 pessoas"}]},{"@type":"WebSite","@id":"https:\/\/verdadeon.com.br\/portal\/#website","url":"https:\/\/verdadeon.com.br\/portal\/","name":"VerdadeOn","description":"Not\u00edcias di\u00e1rias sobre Franca, Regi\u00e3o, Esporte, Cultura, Cotidiano, Colunas. Cobertura nos principais eventos da cidade \u00e9 aqui - Verdadeon Franca","potentialAction":[{"@type":"SearchAction","target":{"@type":"EntryPoint","urlTemplate":"https:\/\/verdadeon.com.br\/portal\/?s={search_term_string}"},"query-input":{"@type":"PropertyValueSpecification","valueRequired":true,"valueName":"search_term_string"}}],"inLanguage":"pt-BR"},{"@type":"Person","@id":"https:\/\/verdadeon.com.br\/portal\/#\/schema\/person\/8994718f49ee62ba5610471e29ca1f62","name":"Fernando Calixto","image":{"@type":"ImageObject","inLanguage":"pt-BR","@id":"https:\/\/verdadeon.com.br\/portal\/#\/schema\/person\/image\/","url":"https:\/\/secure.gravatar.com\/avatar\/7578910c24966c0316c340f9dbd601e93ee9f9212e1033968b367af9306bd9fb?s=96&d=mm&r=g","contentUrl":"https:\/\/secure.gravatar.com\/avatar\/7578910c24966c0316c340f9dbd601e93ee9f9212e1033968b367af9306bd9fb?s=96&d=mm&r=g","caption":"Fernando Calixto"},"url":"https:\/\/verdadeon.com.br\/portal\/author\/fernando-calixto\/"}]}},"jetpack_publicize_connections":[],"jetpack_featured_media_url":"https:\/\/i0.wp.com\/verdadeon.com.br\/portal\/wp-content\/uploads\/2024\/06\/WhatsApp-Image-2024-06-10-at-12.58.53.jpeg?fit=1000%2C670&ssl=1","jetpack_sharing_enabled":true,"_links":{"self":[{"href":"https:\/\/verdadeon.com.br\/portal\/wp-json\/wp\/v2\/posts\/45750","targetHints":{"allow":["GET"]}}],"collection":[{"href":"https:\/\/verdadeon.com.br\/portal\/wp-json\/wp\/v2\/posts"}],"about":[{"href":"https:\/\/verdadeon.com.br\/portal\/wp-json\/wp\/v2\/types\/post"}],"author":[{"embeddable":true,"href":"https:\/\/verdadeon.com.br\/portal\/wp-json\/wp\/v2\/users\/4"}],"replies":[{"embeddable":true,"href":"https:\/\/verdadeon.com.br\/portal\/wp-json\/wp\/v2\/comments?post=45750"}],"version-history":[{"count":2,"href":"https:\/\/verdadeon.com.br\/portal\/wp-json\/wp\/v2\/posts\/45750\/revisions"}],"predecessor-version":[{"id":45755,"href":"https:\/\/verdadeon.com.br\/portal\/wp-json\/wp\/v2\/posts\/45750\/revisions\/45755"}],"wp:featuredmedia":[{"embeddable":true,"href":"https:\/\/verdadeon.com.br\/portal\/wp-json\/wp\/v2\/media\/45751"}],"wp:attachment":[{"href":"https:\/\/verdadeon.com.br\/portal\/wp-json\/wp\/v2\/media?parent=45750"}],"wp:term":[{"taxonomy":"category","embeddable":true,"href":"https:\/\/verdadeon.com.br\/portal\/wp-json\/wp\/v2\/categories?post=45750"},{"taxonomy":"post_tag","embeddable":true,"href":"https:\/\/verdadeon.com.br\/portal\/wp-json\/wp\/v2\/tags?post=45750"}],"curies":[{"name":"wp","href":"https:\/\/api.w.org\/{rel}","templated":true}]}}