{"id":45711,"date":"2024-06-12T10:00:05","date_gmt":"2024-06-12T13:00:05","guid":{"rendered":"https:\/\/verdadeon.com.br\/portal\/?p=45711"},"modified":"2024-06-10T10:59:28","modified_gmt":"2024-06-10T13:59:28","slug":"allan-kardec-promove-pedagio-de-eletronicos-no-proximo-sabado","status":"publish","type":"post","link":"https:\/\/verdadeon.com.br\/portal\/2024\/06\/12\/allan-kardec-promove-pedagio-de-eletronicos-no-proximo-sabado\/","title":{"rendered":"\u2018Allan Kardec\u2019 promove Ped\u00e1gio de Eletr\u00f4nicos no pr\u00f3ximo s\u00e1bado"},"content":{"rendered":"<h2>A\u00e7\u00e3o das Oficinas Inspira\u00e7\u00e3o, do Centro de Promo\u00e7\u00e3o de Sa\u00fade Mental da Funda\u00e7\u00e3o, recolher\u00e1 eletr\u00f4nicos e eletrodom\u00e9sticos quebrados ou sem uso na manh\u00e3 do dia 15<\/h2>\n<p>As Oficinas Inspira\u00e7\u00e3o, da Funda\u00e7\u00e3o Esp\u00edrita Allan Kardec, realizar\u00e1 mais um Ped\u00e1gio de Eletr\u00f4nicos no dia 15 de junho, pr\u00f3ximo s\u00e1bado, das 9h \u00e0s 11h30. O evento acontecer\u00e1 em frente \u00e0 institui\u00e7\u00e3o, localizada na Rua Jos\u00e9 Marques Garcia, 675, Bairro Cidade Nova, em Franca.<\/p>\n<p>A comunidade est\u00e1 convidada a aproveitar esta oportunidade para fazer o descarte correto de eletroeletr\u00f4nicos quebrados ou sem uso, incluindo impressoras, computadores, fax, celulares, liquidificadores, secadores de cabelo e outros aparelhos eletr\u00f4nicos.<\/p>\n<p>Todo o material recolhido ser\u00e1 destinado \u00e0s Oficinas Inspira\u00e7\u00e3o, um projeto da Funda\u00e7\u00e3o Allan Kardec que visa a cria\u00e7\u00e3o de trabalho e gera\u00e7\u00e3o de renda para pessoas em tratamento de transtornos mentais. Os participantes desmontam os eletr\u00f4nicos e vendem as pe\u00e7as para remanufatura, dividindo o dinheiro arrecadado entre eles.<\/p>\n<p>Para facilitar o processo de doa\u00e7\u00e3o, a Funda\u00e7\u00e3o implementou um sistema de drive-thru, onde os doadores n\u00e3o precisam sair dos seus ve\u00edculos. A equipe da institui\u00e7\u00e3o est\u00e1 preparada para retirar os aparelhos diretamente dos carros.<\/p>\n<p>\u201cAqui na Funda\u00e7\u00e3o, o seu lixo eletr\u00f4nico gera trabalho e renda para as pessoas em tratamento de sa\u00fade mental. Contamos com a ades\u00e3o da comunidade para apoiar nosso projeto\u201d, afirmou a terapeuta ocupacional Renata Vieitez, coordenadora das Oficinas Inspira\u00e7\u00e3o.<\/p>\n<p>Al\u00e9m de ajudar a Oficina de Reciclagem de Eletr\u00f4nicos, os doadores tamb\u00e9m contribuem para a preserva\u00e7\u00e3o do meio ambiente, garantindo a destina\u00e7\u00e3o correta dos materiais. Atualmente, o projeto recebe em m\u00e9dia 2 toneladas de lixo eletr\u00f4nico por m\u00eas, mas tem capacidade para trabalhar com uma quantidade ainda maior.<\/p>\n<p><strong>Oficinas Inspira\u00e7\u00e3o<\/strong><\/p>\n<p>As Oficinas Inspira\u00e7\u00e3o foram implantadas pela Funda\u00e7\u00e3o Allan Kardec em 2018 e atualmente incluem a Oficina de Reciclagem de Eletr\u00f4nicos, a Oficina de Costura em Couro e a Oficina Agr\u00edcola, que cultiva uma horta org\u00e2nica na pr\u00f3pria institui\u00e7\u00e3o e vende os produtos para a comunidade. O projeto envolve cerca de 50 oficineiros, proporcionando a eles uma fonte de renda e uma atividade terap\u00eautica.<\/p>\n<p><strong>Servi\u00e7o<\/strong><\/p>\n<p><strong>Ped\u00e1gio de Eletr\u00f4nicos <\/strong><\/p>\n<p>Data: 15\/06\/2024 &#8211; s\u00e1bado<\/p>\n<p>Hor\u00e1rio: 9h \u00e0s 11h30<\/p>\n<p>Local: Jos\u00e9 Marques Garcia, 675, Bairro Cidade Nova, em Franca (em frente \u00e0 Funda\u00e7\u00e3o Allan Kardec)<\/p>\n","protected":false},"excerpt":{"rendered":"<p>A\u00e7\u00e3o das Oficinas Inspira\u00e7\u00e3o, do Centro de Promo\u00e7\u00e3o de Sa\u00fade Mental da Funda\u00e7\u00e3o, recolher\u00e1 eletr\u00f4nicos e eletrodom\u00e9sticos quebrados ou sem uso na manh\u00e3 do dia 15<span class=\"excerpt-hellip\"> [\u2026]<\/span><\/p>\n","protected":false},"author":10,"featured_media":45712,"comment_status":"open","ping_status":"open","sticky":false,"template":"","format":"standard","meta":{"_jetpack_memberships_contains_paid_content":false,"footnotes":"","jetpack_publicize_message":"","jetpack_publicize_feature_enabled":true,"jetpack_social_post_already_shared":true,"jetpack_social_options":{"image_generator_settings":{"template":"highway","default_image_id":0,"enabled":false},"version":2}},"categories":[28,44],"tags":[],"class_list":["post-45711","post","type-post","status-publish","format-standard","has-post-thumbnail","hentry","category-cotidiano","category-noticias"],"yoast_head":"<!-- This site is optimized with the Yoast SEO plugin v25.6 - https:\/\/yoast.com\/wordpress\/plugins\/seo\/ -->\n<title>\u2018Allan Kardec\u2019 promove Ped\u00e1gio de Eletr\u00f4nicos no pr\u00f3ximo s\u00e1bado - VerdadeOn<\/title>\n<meta name=\"robots\" content=\"index, follow, max-snippet:-1, max-image-preview:large, max-video-preview:-1\" \/>\n<link rel=\"canonical\" href=\"https:\/\/verdadeon.com.br\/portal\/2024\/06\/12\/allan-kardec-promove-pedagio-de-eletronicos-no-proximo-sabado\/\" \/>\n<meta property=\"og:locale\" content=\"pt_BR\" \/>\n<meta property=\"og:type\" content=\"article\" \/>\n<meta property=\"og:title\" content=\"\u2018Allan Kardec\u2019 promove Ped\u00e1gio de Eletr\u00f4nicos no pr\u00f3ximo s\u00e1bado - VerdadeOn\" \/>\n<meta property=\"og:description\" content=\"A\u00e7\u00e3o das Oficinas Inspira\u00e7\u00e3o, do Centro de Promo\u00e7\u00e3o de Sa\u00fade Mental da Funda\u00e7\u00e3o, recolher\u00e1 eletr\u00f4nicos e eletrodom\u00e9sticos quebrados ou sem uso na manh\u00e3 do dia 15 [\u2026]\" \/>\n<meta property=\"og:url\" content=\"https:\/\/verdadeon.com.br\/portal\/2024\/06\/12\/allan-kardec-promove-pedagio-de-eletronicos-no-proximo-sabado\/\" \/>\n<meta property=\"og:site_name\" content=\"VerdadeOn\" \/>\n<meta property=\"article:published_time\" content=\"2024-06-12T13:00:05+00:00\" \/>\n<meta property=\"og:image\" content=\"https:\/\/i0.wp.com\/verdadeon.com.br\/portal\/wp-content\/uploads\/2024\/06\/AnyConv.com__WhatsApp-Image-2024-06-10-at-09.36.24-1.jpg?fit=1344%2C900&ssl=1\" \/>\n\t<meta property=\"og:image:width\" content=\"1344\" \/>\n\t<meta property=\"og:image:height\" content=\"900\" \/>\n\t<meta property=\"og:image:type\" content=\"image\/jpeg\" \/>\n<meta name=\"author\" content=\"Redacao VerdadeOn\" \/>\n<meta name=\"twitter:card\" content=\"summary_large_image\" \/>\n<meta name=\"twitter:label1\" content=\"Escrito por\" \/>\n\t<meta name=\"twitter:data1\" content=\"Redacao VerdadeOn\" \/>\n\t<meta name=\"twitter:label2\" content=\"Est. tempo de leitura\" \/>\n\t<meta name=\"twitter:data2\" content=\"3 minutos\" \/>\n<script type=\"application\/ld+json\" class=\"yoast-schema-graph\">{\"@context\":\"https:\/\/schema.org\",\"@graph\":[{\"@type\":\"WebPage\",\"@id\":\"https:\/\/verdadeon.com.br\/portal\/2024\/06\/12\/allan-kardec-promove-pedagio-de-eletronicos-no-proximo-sabado\/\",\"url\":\"https:\/\/verdadeon.com.br\/portal\/2024\/06\/12\/allan-kardec-promove-pedagio-de-eletronicos-no-proximo-sabado\/\",\"name\":\"\u2018Allan Kardec\u2019 promove Ped\u00e1gio de Eletr\u00f4nicos no pr\u00f3ximo s\u00e1bado - VerdadeOn\",\"isPartOf\":{\"@id\":\"https:\/\/verdadeon.com.br\/portal\/#website\"},\"primaryImageOfPage\":{\"@id\":\"https:\/\/verdadeon.com.br\/portal\/2024\/06\/12\/allan-kardec-promove-pedagio-de-eletronicos-no-proximo-sabado\/#primaryimage\"},\"image\":{\"@id\":\"https:\/\/verdadeon.com.br\/portal\/2024\/06\/12\/allan-kardec-promove-pedagio-de-eletronicos-no-proximo-sabado\/#primaryimage\"},\"thumbnailUrl\":\"https:\/\/i0.wp.com\/verdadeon.com.br\/portal\/wp-content\/uploads\/2024\/06\/AnyConv.com__WhatsApp-Image-2024-06-10-at-09.36.24-1.jpg?fit=1344%2C900&ssl=1\",\"datePublished\":\"2024-06-12T13:00:05+00:00\",\"author\":{\"@id\":\"https:\/\/verdadeon.com.br\/portal\/#\/schema\/person\/a5060ad1e9ea3df545188fc93ce43d2f\"},\"breadcrumb\":{\"@id\":\"https:\/\/verdadeon.com.br\/portal\/2024\/06\/12\/allan-kardec-promove-pedagio-de-eletronicos-no-proximo-sabado\/#breadcrumb\"},\"inLanguage\":\"pt-BR\",\"potentialAction\":[{\"@type\":\"ReadAction\",\"target\":[\"https:\/\/verdadeon.com.br\/portal\/2024\/06\/12\/allan-kardec-promove-pedagio-de-eletronicos-no-proximo-sabado\/\"]}]},{\"@type\":\"ImageObject\",\"inLanguage\":\"pt-BR\",\"@id\":\"https:\/\/verdadeon.com.br\/portal\/2024\/06\/12\/allan-kardec-promove-pedagio-de-eletronicos-no-proximo-sabado\/#primaryimage\",\"url\":\"https:\/\/i0.wp.com\/verdadeon.com.br\/portal\/wp-content\/uploads\/2024\/06\/AnyConv.com__WhatsApp-Image-2024-06-10-at-09.36.24-1.jpg?fit=1344%2C900&ssl=1\",\"contentUrl\":\"https:\/\/i0.wp.com\/verdadeon.com.br\/portal\/wp-content\/uploads\/2024\/06\/AnyConv.com__WhatsApp-Image-2024-06-10-at-09.36.24-1.jpg?fit=1344%2C900&ssl=1\",\"width\":1344,\"height\":900,\"caption\":\"Atualmente, o projeto recebe em m\u00e9dia 2 toneladas de lixo eletr\u00f4nico por m\u00eas (\u00a9Divulga\u00e7\u00e3o)\"},{\"@type\":\"BreadcrumbList\",\"@id\":\"https:\/\/verdadeon.com.br\/portal\/2024\/06\/12\/allan-kardec-promove-pedagio-de-eletronicos-no-proximo-sabado\/#breadcrumb\",\"itemListElement\":[{\"@type\":\"ListItem\",\"position\":1,\"name\":\"In\u00edcio\",\"item\":\"https:\/\/verdadeon.com.br\/portal\/\"},{\"@type\":\"ListItem\",\"position\":2,\"name\":\"\u2018Allan Kardec\u2019 promove Ped\u00e1gio de Eletr\u00f4nicos no pr\u00f3ximo s\u00e1bado\"}]},{\"@type\":\"WebSite\",\"@id\":\"https:\/\/verdadeon.com.br\/portal\/#website\",\"url\":\"https:\/\/verdadeon.com.br\/portal\/\",\"name\":\"VerdadeOn\",\"description\":\"Not\u00edcias di\u00e1rias sobre Franca, Regi\u00e3o, Esporte, Cultura, Cotidiano, Colunas. Cobertura nos principais eventos da cidade \u00e9 aqui - Verdadeon Franca\",\"potentialAction\":[{\"@type\":\"SearchAction\",\"target\":{\"@type\":\"EntryPoint\",\"urlTemplate\":\"https:\/\/verdadeon.com.br\/portal\/?s={search_term_string}\"},\"query-input\":{\"@type\":\"PropertyValueSpecification\",\"valueRequired\":true,\"valueName\":\"search_term_string\"}}],\"inLanguage\":\"pt-BR\"},{\"@type\":\"Person\",\"@id\":\"https:\/\/verdadeon.com.br\/portal\/#\/schema\/person\/a5060ad1e9ea3df545188fc93ce43d2f\",\"name\":\"Redacao VerdadeOn\",\"image\":{\"@type\":\"ImageObject\",\"inLanguage\":\"pt-BR\",\"@id\":\"https:\/\/verdadeon.com.br\/portal\/#\/schema\/person\/image\/\",\"url\":\"https:\/\/secure.gravatar.com\/avatar\/459a9613caaaf07f582c3d0841eea68bdd66f533e465e6ba8b9cb45619572cf4?s=96&d=mm&r=g\",\"contentUrl\":\"https:\/\/secure.gravatar.com\/avatar\/459a9613caaaf07f582c3d0841eea68bdd66f533e465e6ba8b9cb45619572cf4?s=96&d=mm&r=g\",\"caption\":\"Redacao VerdadeOn\"},\"url\":\"https:\/\/verdadeon.com.br\/portal\/author\/redacao\/\"}]}<\/script>\n<!-- \/ Yoast SEO plugin. -->","yoast_head_json":{"title":"\u2018Allan Kardec\u2019 promove Ped\u00e1gio de Eletr\u00f4nicos no pr\u00f3ximo s\u00e1bado - VerdadeOn","robots":{"index":"index","follow":"follow","max-snippet":"max-snippet:-1","max-image-preview":"max-image-preview:large","max-video-preview":"max-video-preview:-1"},"canonical":"https:\/\/verdadeon.com.br\/portal\/2024\/06\/12\/allan-kardec-promove-pedagio-de-eletronicos-no-proximo-sabado\/","og_locale":"pt_BR","og_type":"article","og_title":"\u2018Allan Kardec\u2019 promove Ped\u00e1gio de Eletr\u00f4nicos no pr\u00f3ximo s\u00e1bado - VerdadeOn","og_description":"A\u00e7\u00e3o das Oficinas Inspira\u00e7\u00e3o, do Centro de Promo\u00e7\u00e3o de Sa\u00fade Mental da Funda\u00e7\u00e3o, recolher\u00e1 eletr\u00f4nicos e eletrodom\u00e9sticos quebrados ou sem uso na manh\u00e3 do dia 15 [\u2026]","og_url":"https:\/\/verdadeon.com.br\/portal\/2024\/06\/12\/allan-kardec-promove-pedagio-de-eletronicos-no-proximo-sabado\/","og_site_name":"VerdadeOn","article_published_time":"2024-06-12T13:00:05+00:00","og_image":[{"width":1344,"height":900,"url":"https:\/\/i0.wp.com\/verdadeon.com.br\/portal\/wp-content\/uploads\/2024\/06\/AnyConv.com__WhatsApp-Image-2024-06-10-at-09.36.24-1.jpg?fit=1344%2C900&ssl=1","type":"image\/jpeg"}],"author":"Redacao VerdadeOn","twitter_card":"summary_large_image","twitter_misc":{"Escrito por":"Redacao VerdadeOn","Est. tempo de leitura":"3 minutos"},"schema":{"@context":"https:\/\/schema.org","@graph":[{"@type":"WebPage","@id":"https:\/\/verdadeon.com.br\/portal\/2024\/06\/12\/allan-kardec-promove-pedagio-de-eletronicos-no-proximo-sabado\/","url":"https:\/\/verdadeon.com.br\/portal\/2024\/06\/12\/allan-kardec-promove-pedagio-de-eletronicos-no-proximo-sabado\/","name":"\u2018Allan Kardec\u2019 promove Ped\u00e1gio de Eletr\u00f4nicos no pr\u00f3ximo s\u00e1bado - VerdadeOn","isPartOf":{"@id":"https:\/\/verdadeon.com.br\/portal\/#website"},"primaryImageOfPage":{"@id":"https:\/\/verdadeon.com.br\/portal\/2024\/06\/12\/allan-kardec-promove-pedagio-de-eletronicos-no-proximo-sabado\/#primaryimage"},"image":{"@id":"https:\/\/verdadeon.com.br\/portal\/2024\/06\/12\/allan-kardec-promove-pedagio-de-eletronicos-no-proximo-sabado\/#primaryimage"},"thumbnailUrl":"https:\/\/i0.wp.com\/verdadeon.com.br\/portal\/wp-content\/uploads\/2024\/06\/AnyConv.com__WhatsApp-Image-2024-06-10-at-09.36.24-1.jpg?fit=1344%2C900&ssl=1","datePublished":"2024-06-12T13:00:05+00:00","author":{"@id":"https:\/\/verdadeon.com.br\/portal\/#\/schema\/person\/a5060ad1e9ea3df545188fc93ce43d2f"},"breadcrumb":{"@id":"https:\/\/verdadeon.com.br\/portal\/2024\/06\/12\/allan-kardec-promove-pedagio-de-eletronicos-no-proximo-sabado\/#breadcrumb"},"inLanguage":"pt-BR","potentialAction":[{"@type":"ReadAction","target":["https:\/\/verdadeon.com.br\/portal\/2024\/06\/12\/allan-kardec-promove-pedagio-de-eletronicos-no-proximo-sabado\/"]}]},{"@type":"ImageObject","inLanguage":"pt-BR","@id":"https:\/\/verdadeon.com.br\/portal\/2024\/06\/12\/allan-kardec-promove-pedagio-de-eletronicos-no-proximo-sabado\/#primaryimage","url":"https:\/\/i0.wp.com\/verdadeon.com.br\/portal\/wp-content\/uploads\/2024\/06\/AnyConv.com__WhatsApp-Image-2024-06-10-at-09.36.24-1.jpg?fit=1344%2C900&ssl=1","contentUrl":"https:\/\/i0.wp.com\/verdadeon.com.br\/portal\/wp-content\/uploads\/2024\/06\/AnyConv.com__WhatsApp-Image-2024-06-10-at-09.36.24-1.jpg?fit=1344%2C900&ssl=1","width":1344,"height":900,"caption":"Atualmente, o projeto recebe em m\u00e9dia 2 toneladas de lixo eletr\u00f4nico por m\u00eas (\u00a9Divulga\u00e7\u00e3o)"},{"@type":"BreadcrumbList","@id":"https:\/\/verdadeon.com.br\/portal\/2024\/06\/12\/allan-kardec-promove-pedagio-de-eletronicos-no-proximo-sabado\/#breadcrumb","itemListElement":[{"@type":"ListItem","position":1,"name":"In\u00edcio","item":"https:\/\/verdadeon.com.br\/portal\/"},{"@type":"ListItem","position":2,"name":"\u2018Allan Kardec\u2019 promove Ped\u00e1gio de Eletr\u00f4nicos no pr\u00f3ximo s\u00e1bado"}]},{"@type":"WebSite","@id":"https:\/\/verdadeon.com.br\/portal\/#website","url":"https:\/\/verdadeon.com.br\/portal\/","name":"VerdadeOn","description":"Not\u00edcias di\u00e1rias sobre Franca, Regi\u00e3o, Esporte, Cultura, Cotidiano, Colunas. Cobertura nos principais eventos da cidade \u00e9 aqui - Verdadeon Franca","potentialAction":[{"@type":"SearchAction","target":{"@type":"EntryPoint","urlTemplate":"https:\/\/verdadeon.com.br\/portal\/?s={search_term_string}"},"query-input":{"@type":"PropertyValueSpecification","valueRequired":true,"valueName":"search_term_string"}}],"inLanguage":"pt-BR"},{"@type":"Person","@id":"https:\/\/verdadeon.com.br\/portal\/#\/schema\/person\/a5060ad1e9ea3df545188fc93ce43d2f","name":"Redacao VerdadeOn","image":{"@type":"ImageObject","inLanguage":"pt-BR","@id":"https:\/\/verdadeon.com.br\/portal\/#\/schema\/person\/image\/","url":"https:\/\/secure.gravatar.com\/avatar\/459a9613caaaf07f582c3d0841eea68bdd66f533e465e6ba8b9cb45619572cf4?s=96&d=mm&r=g","contentUrl":"https:\/\/secure.gravatar.com\/avatar\/459a9613caaaf07f582c3d0841eea68bdd66f533e465e6ba8b9cb45619572cf4?s=96&d=mm&r=g","caption":"Redacao VerdadeOn"},"url":"https:\/\/verdadeon.com.br\/portal\/author\/redacao\/"}]}},"jetpack_publicize_connections":[],"jetpack_featured_media_url":"https:\/\/i0.wp.com\/verdadeon.com.br\/portal\/wp-content\/uploads\/2024\/06\/AnyConv.com__WhatsApp-Image-2024-06-10-at-09.36.24-1.jpg?fit=1344%2C900&ssl=1","jetpack_sharing_enabled":true,"_links":{"self":[{"href":"https:\/\/verdadeon.com.br\/portal\/wp-json\/wp\/v2\/posts\/45711","targetHints":{"allow":["GET"]}}],"collection":[{"href":"https:\/\/verdadeon.com.br\/portal\/wp-json\/wp\/v2\/posts"}],"about":[{"href":"https:\/\/verdadeon.com.br\/portal\/wp-json\/wp\/v2\/types\/post"}],"author":[{"embeddable":true,"href":"https:\/\/verdadeon.com.br\/portal\/wp-json\/wp\/v2\/users\/10"}],"replies":[{"embeddable":true,"href":"https:\/\/verdadeon.com.br\/portal\/wp-json\/wp\/v2\/comments?post=45711"}],"version-history":[{"count":1,"href":"https:\/\/verdadeon.com.br\/portal\/wp-json\/wp\/v2\/posts\/45711\/revisions"}],"predecessor-version":[{"id":45713,"href":"https:\/\/verdadeon.com.br\/portal\/wp-json\/wp\/v2\/posts\/45711\/revisions\/45713"}],"wp:featuredmedia":[{"embeddable":true,"href":"https:\/\/verdadeon.com.br\/portal\/wp-json\/wp\/v2\/media\/45712"}],"wp:attachment":[{"href":"https:\/\/verdadeon.com.br\/portal\/wp-json\/wp\/v2\/media?parent=45711"}],"wp:term":[{"taxonomy":"category","embeddable":true,"href":"https:\/\/verdadeon.com.br\/portal\/wp-json\/wp\/v2\/categories?post=45711"},{"taxonomy":"post_tag","embeddable":true,"href":"https:\/\/verdadeon.com.br\/portal\/wp-json\/wp\/v2\/tags?post=45711"}],"curies":[{"name":"wp","href":"https:\/\/api.w.org\/{rel}","templated":true}]}}