{"id":4563,"date":"2020-03-04T10:25:23","date_gmt":"2020-03-04T13:25:23","guid":{"rendered":"http:\/\/verdadeon.com.br\/portal\/?p=4563"},"modified":"2020-03-04T10:25:23","modified_gmt":"2020-03-04T13:25:23","slug":"sesi-franca-atropela-brasilia-no-retorno-do-nbb","status":"publish","type":"post","link":"https:\/\/verdadeon.com.br\/portal\/2020\/03\/04\/sesi-franca-atropela-brasilia-no-retorno-do-nbb\/","title":{"rendered":"Sesi Franca atropela Bras\u00edlia no retorno do NBB"},"content":{"rendered":"<h2>Equipe venceu todos os quartos da partida<\/h2>\n<p>Franca voltou com tudo ap\u00f3s per\u00edodo sem jogar pelo NBB (Novo Basquete Brasil). Na noite de ter\u00e7a-feira (3), a equipe atropelou o Lobos Bras\u00edlia, no Pedroc\u00e3o, e venceu por 97 a 71. O time de Helinho Garcia dominou todo o confronto e saiu vitorioso em todos os quartos com parciais de 31-19, 16-12, 28-24 e 22-16.<\/p>\n<p>Chamou a aten\u00e7\u00e3o, mais uma vez, a atua\u00e7\u00e3o do piv\u00f4 Rafael Hettsheimeir. O atleta que foi convocado para a sele\u00e7\u00e3o brasileira, mas preferiu n\u00e3o disputar os jogos v\u00e1lidos pelas eliminat\u00f3rias para a Copa Am\u00e9rica, ficou em Franca treinando e anotou 22 pontos no P\u00f3li. Outros que tiveram bom desempenho foram Schattmann que fez 19 e Lucas Dias que encerrou o jogo com 18. Do lado advers\u00e1rio, o experiente Nezinho marcou 21 pontos.<\/p>\n<p>Com o resultado, o Sesi chegou a 18 vit\u00f3rias e cinco derrotas no NBB e continua na cola do l\u00edder Flamengo que tamb\u00e9m venceu na rodada. Os cariocas receberam o Pinheiros e a partida terminou 83 a 72. O pr\u00f3ximo compromisso de Franca ser\u00e1 nesta quinta-feira (5), mais uma vez no poliesportivo, contra o Minas, \u00e0s 20h10.<\/p>\n","protected":false},"excerpt":{"rendered":"<p>Equipe venceu todos os quartos da partida Franca voltou com tudo ap\u00f3s per\u00edodo sem jogar pelo NBB (Novo Basquete Brasil). Na noite de ter\u00e7a-feira (3), a<span class=\"excerpt-hellip\"> [\u2026]<\/span><\/p>\n","protected":false},"author":10,"featured_media":4564,"comment_status":"open","ping_status":"open","sticky":false,"template":"","format":"standard","meta":{"_jetpack_memberships_contains_paid_content":false,"footnotes":"","jetpack_publicize_message":"","jetpack_publicize_feature_enabled":true,"jetpack_social_post_already_shared":false,"jetpack_social_options":{"image_generator_settings":{"template":"highway","default_image_id":0,"enabled":false},"version":2}},"categories":[29,44],"tags":[31],"class_list":["post-4563","post","type-post","status-publish","format-standard","has-post-thumbnail","hentry","category-esportes","category-noticias","tag-esportes"],"yoast_head":"<!-- This site is optimized with the Yoast SEO plugin v25.6 - https:\/\/yoast.com\/wordpress\/plugins\/seo\/ -->\n<title>Sesi Franca atropela Bras\u00edlia no retorno do NBB - VerdadeOn<\/title>\n<meta name=\"robots\" content=\"index, follow, max-snippet:-1, max-image-preview:large, max-video-preview:-1\" \/>\n<link rel=\"canonical\" href=\"https:\/\/verdadeon.com.br\/portal\/2020\/03\/04\/sesi-franca-atropela-brasilia-no-retorno-do-nbb\/\" \/>\n<meta property=\"og:locale\" content=\"pt_BR\" \/>\n<meta property=\"og:type\" content=\"article\" \/>\n<meta property=\"og:title\" content=\"Sesi Franca atropela Bras\u00edlia no retorno do NBB - VerdadeOn\" \/>\n<meta property=\"og:description\" content=\"Equipe venceu todos os quartos da partida Franca voltou com tudo ap\u00f3s per\u00edodo sem jogar pelo NBB (Novo Basquete Brasil). Na noite de ter\u00e7a-feira (3), a [\u2026]\" \/>\n<meta property=\"og:url\" content=\"https:\/\/verdadeon.com.br\/portal\/2020\/03\/04\/sesi-franca-atropela-brasilia-no-retorno-do-nbb\/\" \/>\n<meta property=\"og:site_name\" content=\"VerdadeOn\" \/>\n<meta property=\"article:published_time\" content=\"2020-03-04T13:25:23+00:00\" \/>\n<meta property=\"og:image\" content=\"https:\/\/verdadeon.com.br\/portal\/wp-content\/uploads\/2020\/03\/WhatsApp-Image-2020-03-04-at-10.02.54-scaled.jpeg\" \/>\n\t<meta property=\"og:image:width\" content=\"1000\" \/>\n\t<meta property=\"og:image:height\" content=\"667\" \/>\n\t<meta property=\"og:image:type\" content=\"image\/jpeg\" \/>\n<meta name=\"author\" content=\"Redacao VerdadeOn\" \/>\n<meta name=\"twitter:card\" content=\"summary_large_image\" \/>\n<meta name=\"twitter:label1\" content=\"Escrito por\" \/>\n\t<meta name=\"twitter:data1\" content=\"Redacao VerdadeOn\" \/>\n\t<meta name=\"twitter:label2\" content=\"Est. tempo de leitura\" \/>\n\t<meta name=\"twitter:data2\" content=\"1 minuto\" \/>\n<script type=\"application\/ld+json\" class=\"yoast-schema-graph\">{\"@context\":\"https:\/\/schema.org\",\"@graph\":[{\"@type\":\"WebPage\",\"@id\":\"https:\/\/verdadeon.com.br\/portal\/2020\/03\/04\/sesi-franca-atropela-brasilia-no-retorno-do-nbb\/\",\"url\":\"https:\/\/verdadeon.com.br\/portal\/2020\/03\/04\/sesi-franca-atropela-brasilia-no-retorno-do-nbb\/\",\"name\":\"Sesi Franca atropela Bras\u00edlia no retorno do NBB - VerdadeOn\",\"isPartOf\":{\"@id\":\"https:\/\/verdadeon.com.br\/portal\/#website\"},\"primaryImageOfPage\":{\"@id\":\"https:\/\/verdadeon.com.br\/portal\/2020\/03\/04\/sesi-franca-atropela-brasilia-no-retorno-do-nbb\/#primaryimage\"},\"image\":{\"@id\":\"https:\/\/verdadeon.com.br\/portal\/2020\/03\/04\/sesi-franca-atropela-brasilia-no-retorno-do-nbb\/#primaryimage\"},\"thumbnailUrl\":\"https:\/\/i0.wp.com\/verdadeon.com.br\/portal\/wp-content\/uploads\/2020\/03\/WhatsApp-Image-2020-03-04-at-10.02.54-scaled.jpeg?fit=1000%2C667&ssl=1\",\"datePublished\":\"2020-03-04T13:25:23+00:00\",\"author\":{\"@id\":\"https:\/\/verdadeon.com.br\/portal\/#\/schema\/person\/a5060ad1e9ea3df545188fc93ce43d2f\"},\"breadcrumb\":{\"@id\":\"https:\/\/verdadeon.com.br\/portal\/2020\/03\/04\/sesi-franca-atropela-brasilia-no-retorno-do-nbb\/#breadcrumb\"},\"inLanguage\":\"pt-BR\",\"potentialAction\":[{\"@type\":\"ReadAction\",\"target\":[\"https:\/\/verdadeon.com.br\/portal\/2020\/03\/04\/sesi-franca-atropela-brasilia-no-retorno-do-nbb\/\"]}]},{\"@type\":\"ImageObject\",\"inLanguage\":\"pt-BR\",\"@id\":\"https:\/\/verdadeon.com.br\/portal\/2020\/03\/04\/sesi-franca-atropela-brasilia-no-retorno-do-nbb\/#primaryimage\",\"url\":\"https:\/\/i0.wp.com\/verdadeon.com.br\/portal\/wp-content\/uploads\/2020\/03\/WhatsApp-Image-2020-03-04-at-10.02.54-scaled.jpeg?fit=1000%2C667&ssl=1\",\"contentUrl\":\"https:\/\/i0.wp.com\/verdadeon.com.br\/portal\/wp-content\/uploads\/2020\/03\/WhatsApp-Image-2020-03-04-at-10.02.54-scaled.jpeg?fit=1000%2C667&ssl=1\",\"width\":1000,\"height\":667,\"caption\":\"Piv\u00f4 Rafael Hettsheimeir comemora ponto marcado no duelo contra o Bras\u00edlia, em casa. Sesi volta a jogar nesta quinta | Foto: Marcos Limonti\/Divulga\u00e7\u00e3o\"},{\"@type\":\"BreadcrumbList\",\"@id\":\"https:\/\/verdadeon.com.br\/portal\/2020\/03\/04\/sesi-franca-atropela-brasilia-no-retorno-do-nbb\/#breadcrumb\",\"itemListElement\":[{\"@type\":\"ListItem\",\"position\":1,\"name\":\"In\u00edcio\",\"item\":\"https:\/\/verdadeon.com.br\/portal\/\"},{\"@type\":\"ListItem\",\"position\":2,\"name\":\"Sesi Franca atropela Bras\u00edlia no retorno do NBB\"}]},{\"@type\":\"WebSite\",\"@id\":\"https:\/\/verdadeon.com.br\/portal\/#website\",\"url\":\"https:\/\/verdadeon.com.br\/portal\/\",\"name\":\"VerdadeOn\",\"description\":\"Not\u00edcias di\u00e1rias sobre Franca, Regi\u00e3o, Esporte, Cultura, Cotidiano, Colunas. Cobertura nos principais eventos da cidade \u00e9 aqui - Verdadeon Franca\",\"potentialAction\":[{\"@type\":\"SearchAction\",\"target\":{\"@type\":\"EntryPoint\",\"urlTemplate\":\"https:\/\/verdadeon.com.br\/portal\/?s={search_term_string}\"},\"query-input\":{\"@type\":\"PropertyValueSpecification\",\"valueRequired\":true,\"valueName\":\"search_term_string\"}}],\"inLanguage\":\"pt-BR\"},{\"@type\":\"Person\",\"@id\":\"https:\/\/verdadeon.com.br\/portal\/#\/schema\/person\/a5060ad1e9ea3df545188fc93ce43d2f\",\"name\":\"Redacao VerdadeOn\",\"image\":{\"@type\":\"ImageObject\",\"inLanguage\":\"pt-BR\",\"@id\":\"https:\/\/verdadeon.com.br\/portal\/#\/schema\/person\/image\/\",\"url\":\"https:\/\/secure.gravatar.com\/avatar\/459a9613caaaf07f582c3d0841eea68bdd66f533e465e6ba8b9cb45619572cf4?s=96&d=mm&r=g\",\"contentUrl\":\"https:\/\/secure.gravatar.com\/avatar\/459a9613caaaf07f582c3d0841eea68bdd66f533e465e6ba8b9cb45619572cf4?s=96&d=mm&r=g\",\"caption\":\"Redacao VerdadeOn\"},\"url\":\"https:\/\/verdadeon.com.br\/portal\/author\/redacao\/\"}]}<\/script>\n<!-- \/ Yoast SEO plugin. -->","yoast_head_json":{"title":"Sesi Franca atropela Bras\u00edlia no retorno do NBB - VerdadeOn","robots":{"index":"index","follow":"follow","max-snippet":"max-snippet:-1","max-image-preview":"max-image-preview:large","max-video-preview":"max-video-preview:-1"},"canonical":"https:\/\/verdadeon.com.br\/portal\/2020\/03\/04\/sesi-franca-atropela-brasilia-no-retorno-do-nbb\/","og_locale":"pt_BR","og_type":"article","og_title":"Sesi Franca atropela Bras\u00edlia no retorno do NBB - VerdadeOn","og_description":"Equipe venceu todos os quartos da partida Franca voltou com tudo ap\u00f3s per\u00edodo sem jogar pelo NBB (Novo Basquete Brasil). Na noite de ter\u00e7a-feira (3), a [\u2026]","og_url":"https:\/\/verdadeon.com.br\/portal\/2020\/03\/04\/sesi-franca-atropela-brasilia-no-retorno-do-nbb\/","og_site_name":"VerdadeOn","article_published_time":"2020-03-04T13:25:23+00:00","og_image":[{"width":1000,"height":667,"url":"https:\/\/verdadeon.com.br\/portal\/wp-content\/uploads\/2020\/03\/WhatsApp-Image-2020-03-04-at-10.02.54-scaled.jpeg","type":"image\/jpeg"}],"author":"Redacao VerdadeOn","twitter_card":"summary_large_image","twitter_misc":{"Escrito por":"Redacao VerdadeOn","Est. tempo de leitura":"1 minuto"},"schema":{"@context":"https:\/\/schema.org","@graph":[{"@type":"WebPage","@id":"https:\/\/verdadeon.com.br\/portal\/2020\/03\/04\/sesi-franca-atropela-brasilia-no-retorno-do-nbb\/","url":"https:\/\/verdadeon.com.br\/portal\/2020\/03\/04\/sesi-franca-atropela-brasilia-no-retorno-do-nbb\/","name":"Sesi Franca atropela Bras\u00edlia no retorno do NBB - VerdadeOn","isPartOf":{"@id":"https:\/\/verdadeon.com.br\/portal\/#website"},"primaryImageOfPage":{"@id":"https:\/\/verdadeon.com.br\/portal\/2020\/03\/04\/sesi-franca-atropela-brasilia-no-retorno-do-nbb\/#primaryimage"},"image":{"@id":"https:\/\/verdadeon.com.br\/portal\/2020\/03\/04\/sesi-franca-atropela-brasilia-no-retorno-do-nbb\/#primaryimage"},"thumbnailUrl":"https:\/\/i0.wp.com\/verdadeon.com.br\/portal\/wp-content\/uploads\/2020\/03\/WhatsApp-Image-2020-03-04-at-10.02.54-scaled.jpeg?fit=1000%2C667&ssl=1","datePublished":"2020-03-04T13:25:23+00:00","author":{"@id":"https:\/\/verdadeon.com.br\/portal\/#\/schema\/person\/a5060ad1e9ea3df545188fc93ce43d2f"},"breadcrumb":{"@id":"https:\/\/verdadeon.com.br\/portal\/2020\/03\/04\/sesi-franca-atropela-brasilia-no-retorno-do-nbb\/#breadcrumb"},"inLanguage":"pt-BR","potentialAction":[{"@type":"ReadAction","target":["https:\/\/verdadeon.com.br\/portal\/2020\/03\/04\/sesi-franca-atropela-brasilia-no-retorno-do-nbb\/"]}]},{"@type":"ImageObject","inLanguage":"pt-BR","@id":"https:\/\/verdadeon.com.br\/portal\/2020\/03\/04\/sesi-franca-atropela-brasilia-no-retorno-do-nbb\/#primaryimage","url":"https:\/\/i0.wp.com\/verdadeon.com.br\/portal\/wp-content\/uploads\/2020\/03\/WhatsApp-Image-2020-03-04-at-10.02.54-scaled.jpeg?fit=1000%2C667&ssl=1","contentUrl":"https:\/\/i0.wp.com\/verdadeon.com.br\/portal\/wp-content\/uploads\/2020\/03\/WhatsApp-Image-2020-03-04-at-10.02.54-scaled.jpeg?fit=1000%2C667&ssl=1","width":1000,"height":667,"caption":"Piv\u00f4 Rafael Hettsheimeir comemora ponto marcado no duelo contra o Bras\u00edlia, em casa. Sesi volta a jogar nesta quinta | Foto: Marcos Limonti\/Divulga\u00e7\u00e3o"},{"@type":"BreadcrumbList","@id":"https:\/\/verdadeon.com.br\/portal\/2020\/03\/04\/sesi-franca-atropela-brasilia-no-retorno-do-nbb\/#breadcrumb","itemListElement":[{"@type":"ListItem","position":1,"name":"In\u00edcio","item":"https:\/\/verdadeon.com.br\/portal\/"},{"@type":"ListItem","position":2,"name":"Sesi Franca atropela Bras\u00edlia no retorno do NBB"}]},{"@type":"WebSite","@id":"https:\/\/verdadeon.com.br\/portal\/#website","url":"https:\/\/verdadeon.com.br\/portal\/","name":"VerdadeOn","description":"Not\u00edcias di\u00e1rias sobre Franca, Regi\u00e3o, Esporte, Cultura, Cotidiano, Colunas. Cobertura nos principais eventos da cidade \u00e9 aqui - Verdadeon Franca","potentialAction":[{"@type":"SearchAction","target":{"@type":"EntryPoint","urlTemplate":"https:\/\/verdadeon.com.br\/portal\/?s={search_term_string}"},"query-input":{"@type":"PropertyValueSpecification","valueRequired":true,"valueName":"search_term_string"}}],"inLanguage":"pt-BR"},{"@type":"Person","@id":"https:\/\/verdadeon.com.br\/portal\/#\/schema\/person\/a5060ad1e9ea3df545188fc93ce43d2f","name":"Redacao VerdadeOn","image":{"@type":"ImageObject","inLanguage":"pt-BR","@id":"https:\/\/verdadeon.com.br\/portal\/#\/schema\/person\/image\/","url":"https:\/\/secure.gravatar.com\/avatar\/459a9613caaaf07f582c3d0841eea68bdd66f533e465e6ba8b9cb45619572cf4?s=96&d=mm&r=g","contentUrl":"https:\/\/secure.gravatar.com\/avatar\/459a9613caaaf07f582c3d0841eea68bdd66f533e465e6ba8b9cb45619572cf4?s=96&d=mm&r=g","caption":"Redacao VerdadeOn"},"url":"https:\/\/verdadeon.com.br\/portal\/author\/redacao\/"}]}},"jetpack_publicize_connections":[],"jetpack_featured_media_url":"https:\/\/i0.wp.com\/verdadeon.com.br\/portal\/wp-content\/uploads\/2020\/03\/WhatsApp-Image-2020-03-04-at-10.02.54-scaled.jpeg?fit=1000%2C667&ssl=1","jetpack_sharing_enabled":true,"_links":{"self":[{"href":"https:\/\/verdadeon.com.br\/portal\/wp-json\/wp\/v2\/posts\/4563","targetHints":{"allow":["GET"]}}],"collection":[{"href":"https:\/\/verdadeon.com.br\/portal\/wp-json\/wp\/v2\/posts"}],"about":[{"href":"https:\/\/verdadeon.com.br\/portal\/wp-json\/wp\/v2\/types\/post"}],"author":[{"embeddable":true,"href":"https:\/\/verdadeon.com.br\/portal\/wp-json\/wp\/v2\/users\/10"}],"replies":[{"embeddable":true,"href":"https:\/\/verdadeon.com.br\/portal\/wp-json\/wp\/v2\/comments?post=4563"}],"version-history":[{"count":0,"href":"https:\/\/verdadeon.com.br\/portal\/wp-json\/wp\/v2\/posts\/4563\/revisions"}],"wp:featuredmedia":[{"embeddable":true,"href":"https:\/\/verdadeon.com.br\/portal\/wp-json\/wp\/v2\/media\/4564"}],"wp:attachment":[{"href":"https:\/\/verdadeon.com.br\/portal\/wp-json\/wp\/v2\/media?parent=4563"}],"wp:term":[{"taxonomy":"category","embeddable":true,"href":"https:\/\/verdadeon.com.br\/portal\/wp-json\/wp\/v2\/categories?post=4563"},{"taxonomy":"post_tag","embeddable":true,"href":"https:\/\/verdadeon.com.br\/portal\/wp-json\/wp\/v2\/tags?post=4563"}],"curies":[{"name":"wp","href":"https:\/\/api.w.org\/{rel}","templated":true}]}}