{"id":45514,"date":"2024-06-05T13:36:08","date_gmt":"2024-06-05T16:36:08","guid":{"rendered":"https:\/\/verdadeon.com.br\/portal\/?p=45514"},"modified":"2024-06-05T13:36:08","modified_gmt":"2024-06-05T16:36:08","slug":"camara-aprova-ampliacao-do-primeira-chance-votacao-do-programa-de-protecao-aos-animais-e-adiada-por-uma-sessao","status":"publish","type":"post","link":"https:\/\/verdadeon.com.br\/portal\/2024\/06\/05\/camara-aprova-ampliacao-do-primeira-chance-votacao-do-programa-de-protecao-aos-animais-e-adiada-por-uma-sessao\/","title":{"rendered":"C\u00e2mara aprova amplia\u00e7\u00e3o do \u2018Primeira Chance\u2019; vota\u00e7\u00e3o do programa de prote\u00e7\u00e3o aos animais \u00e9 adiada por uma sess\u00e3o"},"content":{"rendered":"<h2>Ainda, quatro requerimentos debatidos e aprovados pela Casa de Leis<\/h2>\n<p class=\"text-align-justify\">Os vereadores se reuniram nessa ter\u00e7a-feira, 4 de junho, para discuss\u00e3o e vota\u00e7\u00f5es de projetos na <a href=\"https:\/\/sapl.franca.sp.leg.br\/sessao\/pesquisar-sessao?data_inicio__year=2024&amp;data_inicio__month=&amp;data_inicio__day=&amp;tipo=\" rel=\"nofollow\">18\u00aa Sess\u00e3o Ordin\u00e1ria<\/a>.<\/p>\n<p class=\"text-align-justify\">No per\u00edodo da manh\u00e3 aconteceu o Expediente com as leituras dos documentos e of\u00edcios, al\u00e9m de uso da Tribuna tanto pelos mun\u00edcipes inscritos previamente e os pr\u00f3prios parlamentares, a partir das 9h.<\/p>\n<p class=\"text-align-justify\">No per\u00edodo da tarde a partir das 14h, foram debatidas propostas analisadas nas Comiss\u00f5es.<\/p>\n<p class=\"text-align-justify\">O pr\u00e9dio da Casa de Leis est\u00e1 em reformas e as sess\u00f5es oficiais do Legislativo continuam sendo realizadas no Audit\u00f3rio do Uni-Facef com entrada pela Avenida Ismael Alonso e Alonso, 2400, Bairro S\u00e3o Jos\u00e9.<\/p>\n<p><strong>Programa &#8216;Primeira Chance&#8217;<\/strong><\/p>\n<p class=\"text-align-justify\">Aprovado o\u00a0<a href=\"https:\/\/sapl.franca.sp.leg.br\/materia\/11297\" rel=\"nofollow\">Projeto de Lei n\u00ba 47\/2024\u00a0<\/a>de autoria do prefeito Alexandre Ferreira (MDB) que disp\u00f5e sobre o aumento da quantidade de vagas de empregos do Programa \u201cPrimeira Chance\u201d, institu\u00eddo no Munic\u00edpio pela Lei n\u00ba 7.627, de 31 de janeiro de 2012 e d\u00e1 outras provid\u00eancias.<\/p>\n<p class=\"text-align-justify\">A proposta prev\u00ea: &#8220;fica alterado para 91 (noventa e uma) a quantidade total de vagas destinadas a contrata\u00e7\u00e3o de aprendizes na Administra\u00e7\u00e3o Direta, nos termos da Lei Municipal 7.627, de 31 de janeiro de 2012, que criou o Programa &#8216;Primeira Chance\u2019&#8221;.<\/p>\n<p class=\"text-align-justify\">E ainda acrescenta: &#8220;para atender \u00e0s despesas previstas nesta Lei, o Poder Executivo poder\u00e1 suplementar o Or\u00e7amento vigente do Munic\u00edpio em at\u00e9 R$ 358.673,23 (trezentos e cinquenta e oito mil, seiscentos e setenta e tr\u00eas reais e vinte e tr\u00eas centavos), sendo R$ 261.396,27 (duzentos e sessenta e um mil, trezentos e noventa e seis reais e vinte e sete centavos) na categoria de despesa &#8216;31900000 Despesas com Pessoal&#8217;, e R$ 97.276,96 (noventa e sete mil, duzentos e setenta e seis reais e noventa e seis centavos) na categoria de despesa &#8216;33900000 Outras Despesas Correntes'&#8221;.<\/p>\n<p><strong>Fundo Municipal de Prote\u00e7\u00e3o aos Animais<\/strong><\/p>\n<p class=\"text-align-justify\">Tamb\u00e9m de autoria do prefeito Alexandre Ferreira (MDB) foi adiado por uma sess\u00e3o \u00a0o\u00a0<a href=\"https:\/\/sapl.franca.sp.leg.br\/materia\/11299\" rel=\"nofollow\"><strong>Projeto de Lei n\u00ba 48\/2024<\/strong><\/a>\u00a0que cria o Fundo Municipal de Prote\u00e7\u00e3o aos Animais de Franca \u2013 FUMPAF e d\u00e1 outras provid\u00eancias.<\/p>\n<p class=\"text-align-justify\">A proposta define a constitui\u00e7\u00e3o de recursos provenientes; I-dota\u00e7\u00f5es or\u00e7ament\u00e1rias a ele especificamente destinadas; II &#8211; cr\u00e9ditos adicionais suplementares a ele destinados; III &#8211; doa\u00e7\u00f5es de pessoas f\u00edsicas ou jur\u00eddicas e entidades internacionais; IV &#8211; acordos, contratos, cons\u00f3rcios e conv\u00eanios; V &#8211; rendimentos obtidos com a aplica\u00e7\u00e3o de seu pr\u00f3prio patrim\u00f4nio; VI &#8211; receitas provenientes de leil\u00f5es de animais apreendidos pela municipalidade; VII &#8211; receitas provenientes do pagamento, pelo propriet\u00e1rio, de di\u00e1rias de animais apreendidos pela municipalidade e mantidos no Canil Municipal; VIII &#8211; produto de multas impostas por infra\u00e7\u00f5es ao disposto na Lei n\u00ba 9.442, de 09 de novembro de 2023; IX &#8211; outras receitas eventuais.<\/p>\n<p class=\"text-align-justify\">Al\u00e9m disso o projeto prev\u00ea: &#8220;o Poder Executivo Municipal disponibilizar\u00e1, no s\u00edtio eletr\u00f4nico da Prefeitura Municipal de Franca, p\u00e1gina para que sejam feitas as doa\u00e7\u00f5es&#8221;. E define &#8220;os recursos do FUMPAF destinam-se, precipuamente, a financiar o desenvolvimento de a\u00e7\u00f5es, no Munic\u00edpio de Franca, que visem \u00e0 sa\u00fade, \u00e0 prote\u00e7\u00e3o, \u00e0 defesa e ao bem-estar animal&#8221;.<\/p>\n<p><strong>Coment\u00e1rio<\/strong><\/p>\n<p class=\"text-align-justify\">O vereador Gilson Pelizaro (PT) disse: &#8220;esse projeto est\u00e1 sendo adiado porque trata a respeito do Fundo Municipal de Prote\u00e7\u00e3o aos Animais e tem outro projeto protocolado a respeito do Conselho Municipal e os projetos t\u00eam que estar juntos para a gente analisar as altera\u00e7\u00f5es, e como est\u00e1 na pauta das Comiss\u00f5es para a pr\u00f3xima sexta-feira, votamos juntos os projetos&#8221;.<\/p>\n<p><strong>Vereadores debatem&#8230;<\/strong><\/p>\n<p class=\"text-align-justify\">Os vereadores debateram e foi aprovado o\u00a0<a href=\"https:\/\/sapl.franca.sp.leg.br\/materia\/11305\" rel=\"nofollow\"><strong>Requerimento 312\/2024<\/strong><\/a>\u00a0de autoria do vereador Ronaldo Carvalho (PP) que solicita informa\u00e7\u00f5es sobre cirurgias eletivas.<\/p>\n<p class=\"text-align-justify\">De autoria do vereador Marcelo Tidy (MDB) aprovado o<strong>\u00a0<\/strong><a href=\"https:\/\/sapl.franca.sp.leg.br\/materia\/11313\" rel=\"nofollow\"><strong>Requerimento 318\/2024<\/strong><\/a>\u00a0questionando sobre os estudos da viabilidade de fornecimento de oxig\u00eanio port\u00e1til aos mun\u00edcipes.<\/p>\n<p class=\"text-align-justify\">O vereador Daniel Bassi (PSD) apresentou e foi aprovado o\u00a0<a href=\"https:\/\/sapl.franca.sp.leg.br\/materia\/11318\" rel=\"nofollow\"><strong>Requerimento 319\/2024<\/strong><\/a>\u00a0solicitando informa\u00e7\u00f5es sobre o sistema de ar condicionado da UPA do Aeroporto, no que concerne: Quando foi realizada a \u00faltima limpeza dos aparelhos de ar condicionado instalados no pr\u00e9dio p\u00fablico em quest\u00e3o? Com qual frequ\u00eancia s\u00e3o realizadas as manuten\u00e7\u00f5es desses aparelhos?<\/p>\n<p class=\"text-align-justify\">E tamb\u00e9m do legislador foi aprovado o\u00a0<a href=\"https:\/\/sapl.franca.sp.leg.br\/materia\/11320\" rel=\"nofollow\"><strong>Requerimento 320\/2024<\/strong><\/a>\u00a0questionando sobre informa\u00e7\u00f5es da Administra\u00e7\u00e3o p\u00fablica se existem estudos ou previs\u00e3o de estudos para a implanta\u00e7\u00e3o de um \u201cCentro Dia do idoso\u201d no antigo pr\u00e9dio do 4\u00ba DP, bem como em outros locais de vulnerabilidade social, visando um espa\u00e7o que oferece cuidados especializados, alimenta\u00e7\u00e3o adequada, atividades terap\u00eauticas, momentos de descanso, centros de conviv\u00eancia, espa\u00e7os de lazer e atividades recreativas, entre outras iniciativas voltadas para a terceira idade.<\/p>\n","protected":false},"excerpt":{"rendered":"<p>Ainda, quatro requerimentos debatidos e aprovados pela Casa de Leis Os vereadores se reuniram nessa ter\u00e7a-feira, 4 de junho, para discuss\u00e3o e vota\u00e7\u00f5es de projetos na<span class=\"excerpt-hellip\"> [\u2026]<\/span><\/p>\n","protected":false},"author":10,"featured_media":45518,"comment_status":"open","ping_status":"open","sticky":false,"template":"","format":"standard","meta":{"_jetpack_memberships_contains_paid_content":false,"footnotes":"","jetpack_publicize_message":"","jetpack_publicize_feature_enabled":true,"jetpack_social_post_already_shared":false,"jetpack_social_options":{"image_generator_settings":{"template":"highway","default_image_id":0,"enabled":false},"version":2}},"categories":[28,44],"tags":[],"class_list":["post-45514","post","type-post","status-publish","format-standard","has-post-thumbnail","hentry","category-cotidiano","category-noticias"],"yoast_head":"<!-- This site is optimized with the Yoast SEO plugin v25.6 - https:\/\/yoast.com\/wordpress\/plugins\/seo\/ -->\n<title>C\u00e2mara aprova amplia\u00e7\u00e3o do \u2018Primeira Chance\u2019; vota\u00e7\u00e3o do programa de prote\u00e7\u00e3o aos animais \u00e9 adiada por uma sess\u00e3o - VerdadeOn<\/title>\n<meta name=\"robots\" content=\"index, follow, max-snippet:-1, max-image-preview:large, max-video-preview:-1\" \/>\n<link rel=\"canonical\" href=\"https:\/\/verdadeon.com.br\/portal\/2024\/06\/05\/camara-aprova-ampliacao-do-primeira-chance-votacao-do-programa-de-protecao-aos-animais-e-adiada-por-uma-sessao\/\" \/>\n<meta property=\"og:locale\" content=\"pt_BR\" \/>\n<meta property=\"og:type\" content=\"article\" \/>\n<meta property=\"og:title\" content=\"C\u00e2mara aprova amplia\u00e7\u00e3o do \u2018Primeira Chance\u2019; vota\u00e7\u00e3o do programa de prote\u00e7\u00e3o aos animais \u00e9 adiada por uma sess\u00e3o - VerdadeOn\" \/>\n<meta property=\"og:description\" content=\"Ainda, quatro requerimentos debatidos e aprovados pela Casa de Leis Os vereadores se reuniram nessa ter\u00e7a-feira, 4 de junho, para discuss\u00e3o e vota\u00e7\u00f5es de projetos na [\u2026]\" \/>\n<meta property=\"og:url\" content=\"https:\/\/verdadeon.com.br\/portal\/2024\/06\/05\/camara-aprova-ampliacao-do-primeira-chance-votacao-do-programa-de-protecao-aos-animais-e-adiada-por-uma-sessao\/\" \/>\n<meta property=\"og:site_name\" content=\"VerdadeOn\" \/>\n<meta property=\"article:published_time\" content=\"2024-06-05T16:36:08+00:00\" \/>\n<meta property=\"og:image\" content=\"https:\/\/verdadeon.com.br\/portal\/wp-content\/uploads\/2024\/06\/unnamed-90.jpg\" \/>\n\t<meta property=\"og:image:width\" content=\"832\" \/>\n\t<meta property=\"og:image:height\" content=\"558\" \/>\n\t<meta property=\"og:image:type\" content=\"image\/jpeg\" \/>\n<meta name=\"author\" content=\"Redacao VerdadeOn\" \/>\n<meta name=\"twitter:card\" content=\"summary_large_image\" \/>\n<meta name=\"twitter:label1\" content=\"Escrito por\" \/>\n\t<meta name=\"twitter:data1\" content=\"Redacao VerdadeOn\" \/>\n\t<meta name=\"twitter:label2\" content=\"Est. tempo de leitura\" \/>\n\t<meta name=\"twitter:data2\" content=\"5 minutos\" \/>\n<script type=\"application\/ld+json\" class=\"yoast-schema-graph\">{\"@context\":\"https:\/\/schema.org\",\"@graph\":[{\"@type\":\"WebPage\",\"@id\":\"https:\/\/verdadeon.com.br\/portal\/2024\/06\/05\/camara-aprova-ampliacao-do-primeira-chance-votacao-do-programa-de-protecao-aos-animais-e-adiada-por-uma-sessao\/\",\"url\":\"https:\/\/verdadeon.com.br\/portal\/2024\/06\/05\/camara-aprova-ampliacao-do-primeira-chance-votacao-do-programa-de-protecao-aos-animais-e-adiada-por-uma-sessao\/\",\"name\":\"C\u00e2mara aprova amplia\u00e7\u00e3o do \u2018Primeira Chance\u2019; vota\u00e7\u00e3o do programa de prote\u00e7\u00e3o aos animais \u00e9 adiada por uma sess\u00e3o - VerdadeOn\",\"isPartOf\":{\"@id\":\"https:\/\/verdadeon.com.br\/portal\/#website\"},\"primaryImageOfPage\":{\"@id\":\"https:\/\/verdadeon.com.br\/portal\/2024\/06\/05\/camara-aprova-ampliacao-do-primeira-chance-votacao-do-programa-de-protecao-aos-animais-e-adiada-por-uma-sessao\/#primaryimage\"},\"image\":{\"@id\":\"https:\/\/verdadeon.com.br\/portal\/2024\/06\/05\/camara-aprova-ampliacao-do-primeira-chance-votacao-do-programa-de-protecao-aos-animais-e-adiada-por-uma-sessao\/#primaryimage\"},\"thumbnailUrl\":\"https:\/\/i0.wp.com\/verdadeon.com.br\/portal\/wp-content\/uploads\/2024\/06\/unnamed-90.jpg?fit=832%2C558&ssl=1\",\"datePublished\":\"2024-06-05T16:36:08+00:00\",\"author\":{\"@id\":\"https:\/\/verdadeon.com.br\/portal\/#\/schema\/person\/a5060ad1e9ea3df545188fc93ce43d2f\"},\"breadcrumb\":{\"@id\":\"https:\/\/verdadeon.com.br\/portal\/2024\/06\/05\/camara-aprova-ampliacao-do-primeira-chance-votacao-do-programa-de-protecao-aos-animais-e-adiada-por-uma-sessao\/#breadcrumb\"},\"inLanguage\":\"pt-BR\",\"potentialAction\":[{\"@type\":\"ReadAction\",\"target\":[\"https:\/\/verdadeon.com.br\/portal\/2024\/06\/05\/camara-aprova-ampliacao-do-primeira-chance-votacao-do-programa-de-protecao-aos-animais-e-adiada-por-uma-sessao\/\"]}]},{\"@type\":\"ImageObject\",\"inLanguage\":\"pt-BR\",\"@id\":\"https:\/\/verdadeon.com.br\/portal\/2024\/06\/05\/camara-aprova-ampliacao-do-primeira-chance-votacao-do-programa-de-protecao-aos-animais-e-adiada-por-uma-sessao\/#primaryimage\",\"url\":\"https:\/\/i0.wp.com\/verdadeon.com.br\/portal\/wp-content\/uploads\/2024\/06\/unnamed-90.jpg?fit=832%2C558&ssl=1\",\"contentUrl\":\"https:\/\/i0.wp.com\/verdadeon.com.br\/portal\/wp-content\/uploads\/2024\/06\/unnamed-90.jpg?fit=832%2C558&ssl=1\",\"width\":832,\"height\":558,\"caption\":\"As sess\u00f5es oficiais do Legislativo continuar\u00e3o sendo realizadas no Audit\u00f3rio do Uni-Facef com entrada pela Avenida Ismael Alonso e Alonso, 2400, Bairro S\u00e3o Jos\u00e9, at\u00e9 o fim das obras na C\u00e2mara Municipal (\u00a9Divulga\u00e7\u00e3o)\"},{\"@type\":\"BreadcrumbList\",\"@id\":\"https:\/\/verdadeon.com.br\/portal\/2024\/06\/05\/camara-aprova-ampliacao-do-primeira-chance-votacao-do-programa-de-protecao-aos-animais-e-adiada-por-uma-sessao\/#breadcrumb\",\"itemListElement\":[{\"@type\":\"ListItem\",\"position\":1,\"name\":\"In\u00edcio\",\"item\":\"https:\/\/verdadeon.com.br\/portal\/\"},{\"@type\":\"ListItem\",\"position\":2,\"name\":\"C\u00e2mara aprova amplia\u00e7\u00e3o do \u2018Primeira Chance\u2019; vota\u00e7\u00e3o do programa de prote\u00e7\u00e3o aos animais \u00e9 adiada por uma sess\u00e3o\"}]},{\"@type\":\"WebSite\",\"@id\":\"https:\/\/verdadeon.com.br\/portal\/#website\",\"url\":\"https:\/\/verdadeon.com.br\/portal\/\",\"name\":\"VerdadeOn\",\"description\":\"Not\u00edcias di\u00e1rias sobre Franca, Regi\u00e3o, Esporte, Cultura, Cotidiano, Colunas. Cobertura nos principais eventos da cidade \u00e9 aqui - Verdadeon Franca\",\"potentialAction\":[{\"@type\":\"SearchAction\",\"target\":{\"@type\":\"EntryPoint\",\"urlTemplate\":\"https:\/\/verdadeon.com.br\/portal\/?s={search_term_string}\"},\"query-input\":{\"@type\":\"PropertyValueSpecification\",\"valueRequired\":true,\"valueName\":\"search_term_string\"}}],\"inLanguage\":\"pt-BR\"},{\"@type\":\"Person\",\"@id\":\"https:\/\/verdadeon.com.br\/portal\/#\/schema\/person\/a5060ad1e9ea3df545188fc93ce43d2f\",\"name\":\"Redacao VerdadeOn\",\"image\":{\"@type\":\"ImageObject\",\"inLanguage\":\"pt-BR\",\"@id\":\"https:\/\/verdadeon.com.br\/portal\/#\/schema\/person\/image\/\",\"url\":\"https:\/\/secure.gravatar.com\/avatar\/459a9613caaaf07f582c3d0841eea68bdd66f533e465e6ba8b9cb45619572cf4?s=96&d=mm&r=g\",\"contentUrl\":\"https:\/\/secure.gravatar.com\/avatar\/459a9613caaaf07f582c3d0841eea68bdd66f533e465e6ba8b9cb45619572cf4?s=96&d=mm&r=g\",\"caption\":\"Redacao VerdadeOn\"},\"url\":\"https:\/\/verdadeon.com.br\/portal\/author\/redacao\/\"}]}<\/script>\n<!-- \/ Yoast SEO plugin. -->","yoast_head_json":{"title":"C\u00e2mara aprova amplia\u00e7\u00e3o do \u2018Primeira Chance\u2019; vota\u00e7\u00e3o do programa de prote\u00e7\u00e3o aos animais \u00e9 adiada por uma sess\u00e3o - VerdadeOn","robots":{"index":"index","follow":"follow","max-snippet":"max-snippet:-1","max-image-preview":"max-image-preview:large","max-video-preview":"max-video-preview:-1"},"canonical":"https:\/\/verdadeon.com.br\/portal\/2024\/06\/05\/camara-aprova-ampliacao-do-primeira-chance-votacao-do-programa-de-protecao-aos-animais-e-adiada-por-uma-sessao\/","og_locale":"pt_BR","og_type":"article","og_title":"C\u00e2mara aprova amplia\u00e7\u00e3o do \u2018Primeira Chance\u2019; vota\u00e7\u00e3o do programa de prote\u00e7\u00e3o aos animais \u00e9 adiada por uma sess\u00e3o - VerdadeOn","og_description":"Ainda, quatro requerimentos debatidos e aprovados pela Casa de Leis Os vereadores se reuniram nessa ter\u00e7a-feira, 4 de junho, para discuss\u00e3o e vota\u00e7\u00f5es de projetos na [\u2026]","og_url":"https:\/\/verdadeon.com.br\/portal\/2024\/06\/05\/camara-aprova-ampliacao-do-primeira-chance-votacao-do-programa-de-protecao-aos-animais-e-adiada-por-uma-sessao\/","og_site_name":"VerdadeOn","article_published_time":"2024-06-05T16:36:08+00:00","og_image":[{"width":832,"height":558,"url":"https:\/\/verdadeon.com.br\/portal\/wp-content\/uploads\/2024\/06\/unnamed-90.jpg","type":"image\/jpeg"}],"author":"Redacao VerdadeOn","twitter_card":"summary_large_image","twitter_misc":{"Escrito por":"Redacao VerdadeOn","Est. tempo de leitura":"5 minutos"},"schema":{"@context":"https:\/\/schema.org","@graph":[{"@type":"WebPage","@id":"https:\/\/verdadeon.com.br\/portal\/2024\/06\/05\/camara-aprova-ampliacao-do-primeira-chance-votacao-do-programa-de-protecao-aos-animais-e-adiada-por-uma-sessao\/","url":"https:\/\/verdadeon.com.br\/portal\/2024\/06\/05\/camara-aprova-ampliacao-do-primeira-chance-votacao-do-programa-de-protecao-aos-animais-e-adiada-por-uma-sessao\/","name":"C\u00e2mara aprova amplia\u00e7\u00e3o do \u2018Primeira Chance\u2019; vota\u00e7\u00e3o do programa de prote\u00e7\u00e3o aos animais \u00e9 adiada por uma sess\u00e3o - VerdadeOn","isPartOf":{"@id":"https:\/\/verdadeon.com.br\/portal\/#website"},"primaryImageOfPage":{"@id":"https:\/\/verdadeon.com.br\/portal\/2024\/06\/05\/camara-aprova-ampliacao-do-primeira-chance-votacao-do-programa-de-protecao-aos-animais-e-adiada-por-uma-sessao\/#primaryimage"},"image":{"@id":"https:\/\/verdadeon.com.br\/portal\/2024\/06\/05\/camara-aprova-ampliacao-do-primeira-chance-votacao-do-programa-de-protecao-aos-animais-e-adiada-por-uma-sessao\/#primaryimage"},"thumbnailUrl":"https:\/\/i0.wp.com\/verdadeon.com.br\/portal\/wp-content\/uploads\/2024\/06\/unnamed-90.jpg?fit=832%2C558&ssl=1","datePublished":"2024-06-05T16:36:08+00:00","author":{"@id":"https:\/\/verdadeon.com.br\/portal\/#\/schema\/person\/a5060ad1e9ea3df545188fc93ce43d2f"},"breadcrumb":{"@id":"https:\/\/verdadeon.com.br\/portal\/2024\/06\/05\/camara-aprova-ampliacao-do-primeira-chance-votacao-do-programa-de-protecao-aos-animais-e-adiada-por-uma-sessao\/#breadcrumb"},"inLanguage":"pt-BR","potentialAction":[{"@type":"ReadAction","target":["https:\/\/verdadeon.com.br\/portal\/2024\/06\/05\/camara-aprova-ampliacao-do-primeira-chance-votacao-do-programa-de-protecao-aos-animais-e-adiada-por-uma-sessao\/"]}]},{"@type":"ImageObject","inLanguage":"pt-BR","@id":"https:\/\/verdadeon.com.br\/portal\/2024\/06\/05\/camara-aprova-ampliacao-do-primeira-chance-votacao-do-programa-de-protecao-aos-animais-e-adiada-por-uma-sessao\/#primaryimage","url":"https:\/\/i0.wp.com\/verdadeon.com.br\/portal\/wp-content\/uploads\/2024\/06\/unnamed-90.jpg?fit=832%2C558&ssl=1","contentUrl":"https:\/\/i0.wp.com\/verdadeon.com.br\/portal\/wp-content\/uploads\/2024\/06\/unnamed-90.jpg?fit=832%2C558&ssl=1","width":832,"height":558,"caption":"As sess\u00f5es oficiais do Legislativo continuar\u00e3o sendo realizadas no Audit\u00f3rio do Uni-Facef com entrada pela Avenida Ismael Alonso e Alonso, 2400, Bairro S\u00e3o Jos\u00e9, at\u00e9 o fim das obras na C\u00e2mara Municipal (\u00a9Divulga\u00e7\u00e3o)"},{"@type":"BreadcrumbList","@id":"https:\/\/verdadeon.com.br\/portal\/2024\/06\/05\/camara-aprova-ampliacao-do-primeira-chance-votacao-do-programa-de-protecao-aos-animais-e-adiada-por-uma-sessao\/#breadcrumb","itemListElement":[{"@type":"ListItem","position":1,"name":"In\u00edcio","item":"https:\/\/verdadeon.com.br\/portal\/"},{"@type":"ListItem","position":2,"name":"C\u00e2mara aprova amplia\u00e7\u00e3o do \u2018Primeira Chance\u2019; vota\u00e7\u00e3o do programa de prote\u00e7\u00e3o aos animais \u00e9 adiada por uma sess\u00e3o"}]},{"@type":"WebSite","@id":"https:\/\/verdadeon.com.br\/portal\/#website","url":"https:\/\/verdadeon.com.br\/portal\/","name":"VerdadeOn","description":"Not\u00edcias di\u00e1rias sobre Franca, Regi\u00e3o, Esporte, Cultura, Cotidiano, Colunas. Cobertura nos principais eventos da cidade \u00e9 aqui - Verdadeon Franca","potentialAction":[{"@type":"SearchAction","target":{"@type":"EntryPoint","urlTemplate":"https:\/\/verdadeon.com.br\/portal\/?s={search_term_string}"},"query-input":{"@type":"PropertyValueSpecification","valueRequired":true,"valueName":"search_term_string"}}],"inLanguage":"pt-BR"},{"@type":"Person","@id":"https:\/\/verdadeon.com.br\/portal\/#\/schema\/person\/a5060ad1e9ea3df545188fc93ce43d2f","name":"Redacao VerdadeOn","image":{"@type":"ImageObject","inLanguage":"pt-BR","@id":"https:\/\/verdadeon.com.br\/portal\/#\/schema\/person\/image\/","url":"https:\/\/secure.gravatar.com\/avatar\/459a9613caaaf07f582c3d0841eea68bdd66f533e465e6ba8b9cb45619572cf4?s=96&d=mm&r=g","contentUrl":"https:\/\/secure.gravatar.com\/avatar\/459a9613caaaf07f582c3d0841eea68bdd66f533e465e6ba8b9cb45619572cf4?s=96&d=mm&r=g","caption":"Redacao VerdadeOn"},"url":"https:\/\/verdadeon.com.br\/portal\/author\/redacao\/"}]}},"jetpack_publicize_connections":[],"jetpack_featured_media_url":"https:\/\/i0.wp.com\/verdadeon.com.br\/portal\/wp-content\/uploads\/2024\/06\/unnamed-90.jpg?fit=832%2C558&ssl=1","jetpack_sharing_enabled":true,"_links":{"self":[{"href":"https:\/\/verdadeon.com.br\/portal\/wp-json\/wp\/v2\/posts\/45514","targetHints":{"allow":["GET"]}}],"collection":[{"href":"https:\/\/verdadeon.com.br\/portal\/wp-json\/wp\/v2\/posts"}],"about":[{"href":"https:\/\/verdadeon.com.br\/portal\/wp-json\/wp\/v2\/types\/post"}],"author":[{"embeddable":true,"href":"https:\/\/verdadeon.com.br\/portal\/wp-json\/wp\/v2\/users\/10"}],"replies":[{"embeddable":true,"href":"https:\/\/verdadeon.com.br\/portal\/wp-json\/wp\/v2\/comments?post=45514"}],"version-history":[{"count":1,"href":"https:\/\/verdadeon.com.br\/portal\/wp-json\/wp\/v2\/posts\/45514\/revisions"}],"predecessor-version":[{"id":45520,"href":"https:\/\/verdadeon.com.br\/portal\/wp-json\/wp\/v2\/posts\/45514\/revisions\/45520"}],"wp:featuredmedia":[{"embeddable":true,"href":"https:\/\/verdadeon.com.br\/portal\/wp-json\/wp\/v2\/media\/45518"}],"wp:attachment":[{"href":"https:\/\/verdadeon.com.br\/portal\/wp-json\/wp\/v2\/media?parent=45514"}],"wp:term":[{"taxonomy":"category","embeddable":true,"href":"https:\/\/verdadeon.com.br\/portal\/wp-json\/wp\/v2\/categories?post=45514"},{"taxonomy":"post_tag","embeddable":true,"href":"https:\/\/verdadeon.com.br\/portal\/wp-json\/wp\/v2\/tags?post=45514"}],"curies":[{"name":"wp","href":"https:\/\/api.w.org\/{rel}","templated":true}]}}