{"id":45494,"date":"2024-06-05T09:37:47","date_gmt":"2024-06-05T12:37:47","guid":{"rendered":"https:\/\/verdadeon.com.br\/portal\/?p=45494"},"modified":"2024-06-05T09:57:17","modified_gmt":"2024-06-05T12:57:17","slug":"setor-de-bares-e-restaurantes-espera-faturar-mais-no-dia-dos-namorados","status":"publish","type":"post","link":"https:\/\/verdadeon.com.br\/portal\/2024\/06\/05\/setor-de-bares-e-restaurantes-espera-faturar-mais-no-dia-dos-namorados\/","title":{"rendered":"Setor de bares e restaurantes espera faturar mais no Dia dos Namorados"},"content":{"rendered":"<div class=\"row\">\n<h2 class=\"col-10 offset-1 animated fadeInDown dealy-900 display-8 display-md-8 alt-font font-italic my-1 text-center\">Sondagem mostra que 74% dos empres\u00e1rio do ramo est\u00e3o otimistas<\/h2>\n<p>O Dia dos Namorados, considerado uma das datas mais importantes para o setor de bares e restaurantes, depois do Dia das M\u00e3es, leva otimismo aos empres\u00e1rios, revela pesquisa divulgada pela Associa\u00e7\u00e3o Brasileira de Bares e Restaurantes (Abrasel). A sondagem ouviu 2.748 empres\u00e1rios de todo o pa\u00eds e constatou que 74% estimam aumento no faturamento em rela\u00e7\u00e3o ao ano passado. Desses, 66% esperam faturar at\u00e9 30% a mais este ano.<\/p>\n<p>Para o presidente da Abrasel, Paulo Solmucci, \u201co Dia dos Namorados \u00e9 o melhor dia do ano. N\u00e3o tem faturamento igual. Enquanto o Dia das M\u00e3es pega as mulheres casadas ou as que tiveram filhos. O Dia dos Namorados pega a sociedade como um todo. At\u00e9 crian\u00e7a, \u00e0s vezes, tem namoradinho. \u00c9 um dia que as pessoas come\u00e7am desde cedo comemorando. \u00c9 um dia muito especial\u201d, disse \u00e0\u00a0<strong>Ag\u00eancia Brasil<\/strong>.<\/p>\n<p>Paulo Solmucci destacou que se n\u00e3o fosse toda a trag\u00e9dia que ocorreu no Rio Grande do Sul, o \u00edndice de empresas esperando maiores faturamentos nessa data poderia ser bem maior. As chuvas e enchentes agravaram as dificuldades enfrentadas pelas empresas, que levaram 53% dos estabelecimentos a operarem com preju\u00edzo em abril e muitos a n\u00e3o conseguirem pagar sal\u00e1rios em junho. Somente 17% tiveram lucro, segundo a pesquisa, que ouviu 131 empres\u00e1rios do estado.<\/p>\n<p>Em abril, a Abrasel apurou que 26% dos estabelecimentos mantiveram estabilidade no faturamento em rela\u00e7\u00e3o a mar\u00e7o, quando o \u00edndice atingiu 25%. Por outro lado, 36% dos empres\u00e1rios reportaram lucro, subindo um ponto percentual em rela\u00e7\u00e3o aos 35% do m\u00eas anterior, enquanto 38% mostraram equil\u00edbrio financeiro.<\/p>\n<h4>Crescimento<\/h4>\n<p>A pesquisa para o Dia dos Namorados revela que, em compara\u00e7\u00e3o com 2023, tr\u00eas a cada quatro empres\u00e1rios esperam um desempenho melhor este ano. Segundo Paulo Solmucci, o faturamento se mostra crescente na data.<\/p>\n<p>\u201cEm 2020, foi o ch\u00e3o, devido \u00e0 pandemia [da covid-19]. Em 2021, come\u00e7ou a abrir o setor. Talvez 2024 seja um ano melhor do que o ano passado, que cresceu 15% [o faturamento] por conta da gera\u00e7\u00e3o de empregos e da maior renda da popula\u00e7\u00e3o\u201d, analisa Solmucci.<\/p>\n<p>Segundo o empres\u00e1rio, o Brasil tem gerado muito emprego, o que ajuda bastante. \u201cN\u00f3s temos hoje uma das mais baixas taxas de desemprego. A infla\u00e7\u00e3o tamb\u00e9m deu uma acomodada. A gente tamb\u00e9m n\u00e3o est\u00e1 conseguindo repassar a infla\u00e7\u00e3o para os pre\u00e7os. Ent\u00e3o, os pre\u00e7os do setor est\u00e3o bastante contidos\u201d, explicou.<\/p>\n<p>Para o presidente da Abrasel, com o n\u00famero de trabalhadores crescendo, bem como a renda, e com os pre\u00e7os das refei\u00e7\u00f5es mais baixos nos bares e restaurantes, em termos relativos, do que comer em casa, o cen\u00e1rio \u00e9 bastante positivo para o setor.<\/p>\n<p>O \u00edndice de infla\u00e7\u00e3o acumulado entre maio de 2023 e abril de 2024, medido pelo \u00cdndice de Pre\u00e7os ao Consumidor Amplo (IPCA), foi de 3,69%. Examinando a capacidade de reajustar os pre\u00e7os dos card\u00e1pios para acompanhar a infla\u00e7\u00e3o, verifica-se que 18% dos empres\u00e1rios conseguiram reajustar os pre\u00e7os abaixo da infla\u00e7\u00e3o, 34% conseguiram reajustar os pre\u00e7os somente para acompanhar a infla\u00e7\u00e3o, 10% conseguiram reajustar os pre\u00e7os acima da infla\u00e7\u00e3o e 38% n\u00e3o conseguiram efetuar reajuste nos pre\u00e7os.<\/p>\n<h4>Atrasos<\/h4>\n<p>Quanto a quest\u00e3o dos atrasos nos pagamentos, englobando encargos, impostos e aluguel, a pesquisa indica que 40% dos empres\u00e1rios admitiram ter pagamentos em atraso, com destaque para impostos federais (72%), impostos estaduais (53%) e empr\u00e9stimos banc\u00e1rios (38%).<\/p>\n<p>Ag\u00eancia Brasil<\/p>\n<\/div>\n","protected":false},"excerpt":{"rendered":"<p>Sondagem mostra que 74% dos empres\u00e1rio do ramo est\u00e3o otimistas O Dia dos Namorados, considerado uma das datas mais importantes para o setor de bares e<span class=\"excerpt-hellip\"> [\u2026]<\/span><\/p>\n","protected":false},"author":10,"featured_media":45496,"comment_status":"open","ping_status":"open","sticky":false,"template":"","format":"standard","meta":{"_jetpack_memberships_contains_paid_content":false,"footnotes":"","jetpack_publicize_message":"","jetpack_publicize_feature_enabled":true,"jetpack_social_post_already_shared":false,"jetpack_social_options":{"image_generator_settings":{"template":"highway","default_image_id":0,"enabled":false},"version":2}},"categories":[28,44],"tags":[],"class_list":["post-45494","post","type-post","status-publish","format-standard","has-post-thumbnail","hentry","category-cotidiano","category-noticias"],"yoast_head":"<!-- This site is optimized with the Yoast SEO plugin v25.6 - https:\/\/yoast.com\/wordpress\/plugins\/seo\/ -->\n<title>Setor de bares e restaurantes espera faturar mais no Dia dos Namorados - VerdadeOn<\/title>\n<meta name=\"robots\" content=\"index, follow, max-snippet:-1, max-image-preview:large, max-video-preview:-1\" \/>\n<link rel=\"canonical\" href=\"https:\/\/verdadeon.com.br\/portal\/2024\/06\/05\/setor-de-bares-e-restaurantes-espera-faturar-mais-no-dia-dos-namorados\/\" \/>\n<meta property=\"og:locale\" content=\"pt_BR\" \/>\n<meta property=\"og:type\" content=\"article\" \/>\n<meta property=\"og:title\" content=\"Setor de bares e restaurantes espera faturar mais no Dia dos Namorados - VerdadeOn\" \/>\n<meta property=\"og:description\" content=\"Sondagem mostra que 74% dos empres\u00e1rio do ramo est\u00e3o otimistas O Dia dos Namorados, considerado uma das datas mais importantes para o setor de bares e [\u2026]\" \/>\n<meta property=\"og:url\" content=\"https:\/\/verdadeon.com.br\/portal\/2024\/06\/05\/setor-de-bares-e-restaurantes-espera-faturar-mais-no-dia-dos-namorados\/\" \/>\n<meta property=\"og:site_name\" content=\"VerdadeOn\" \/>\n<meta property=\"article:published_time\" content=\"2024-06-05T12:37:47+00:00\" \/>\n<meta property=\"article:modified_time\" content=\"2024-06-05T12:57:17+00:00\" \/>\n<meta property=\"og:image\" content=\"https:\/\/i0.wp.com\/verdadeon.com.br\/portal\/wp-content\/uploads\/2024\/06\/923188-bares-brasilia_brasil_holanda-2951.webp?fit=1170%2C700&ssl=1\" \/>\n\t<meta property=\"og:image:width\" content=\"1170\" \/>\n\t<meta property=\"og:image:height\" content=\"700\" \/>\n\t<meta property=\"og:image:type\" content=\"image\/webp\" \/>\n<meta name=\"author\" content=\"Redacao VerdadeOn\" \/>\n<meta name=\"twitter:card\" content=\"summary_large_image\" \/>\n<meta name=\"twitter:label1\" content=\"Escrito por\" \/>\n\t<meta name=\"twitter:data1\" content=\"Redacao VerdadeOn\" \/>\n\t<meta name=\"twitter:label2\" content=\"Est. tempo de leitura\" \/>\n\t<meta name=\"twitter:data2\" content=\"3 minutos\" \/>\n<script type=\"application\/ld+json\" class=\"yoast-schema-graph\">{\"@context\":\"https:\/\/schema.org\",\"@graph\":[{\"@type\":\"WebPage\",\"@id\":\"https:\/\/verdadeon.com.br\/portal\/2024\/06\/05\/setor-de-bares-e-restaurantes-espera-faturar-mais-no-dia-dos-namorados\/\",\"url\":\"https:\/\/verdadeon.com.br\/portal\/2024\/06\/05\/setor-de-bares-e-restaurantes-espera-faturar-mais-no-dia-dos-namorados\/\",\"name\":\"Setor de bares e restaurantes espera faturar mais no Dia dos Namorados - VerdadeOn\",\"isPartOf\":{\"@id\":\"https:\/\/verdadeon.com.br\/portal\/#website\"},\"primaryImageOfPage\":{\"@id\":\"https:\/\/verdadeon.com.br\/portal\/2024\/06\/05\/setor-de-bares-e-restaurantes-espera-faturar-mais-no-dia-dos-namorados\/#primaryimage\"},\"image\":{\"@id\":\"https:\/\/verdadeon.com.br\/portal\/2024\/06\/05\/setor-de-bares-e-restaurantes-espera-faturar-mais-no-dia-dos-namorados\/#primaryimage\"},\"thumbnailUrl\":\"https:\/\/i0.wp.com\/verdadeon.com.br\/portal\/wp-content\/uploads\/2024\/06\/923188-bares-brasilia_brasil_holanda-2951.webp?fit=1170%2C700&ssl=1\",\"datePublished\":\"2024-06-05T12:37:47+00:00\",\"dateModified\":\"2024-06-05T12:57:17+00:00\",\"author\":{\"@id\":\"https:\/\/verdadeon.com.br\/portal\/#\/schema\/person\/a5060ad1e9ea3df545188fc93ce43d2f\"},\"breadcrumb\":{\"@id\":\"https:\/\/verdadeon.com.br\/portal\/2024\/06\/05\/setor-de-bares-e-restaurantes-espera-faturar-mais-no-dia-dos-namorados\/#breadcrumb\"},\"inLanguage\":\"pt-BR\",\"potentialAction\":[{\"@type\":\"ReadAction\",\"target\":[\"https:\/\/verdadeon.com.br\/portal\/2024\/06\/05\/setor-de-bares-e-restaurantes-espera-faturar-mais-no-dia-dos-namorados\/\"]}]},{\"@type\":\"ImageObject\",\"inLanguage\":\"pt-BR\",\"@id\":\"https:\/\/verdadeon.com.br\/portal\/2024\/06\/05\/setor-de-bares-e-restaurantes-espera-faturar-mais-no-dia-dos-namorados\/#primaryimage\",\"url\":\"https:\/\/i0.wp.com\/verdadeon.com.br\/portal\/wp-content\/uploads\/2024\/06\/923188-bares-brasilia_brasil_holanda-2951.webp?fit=1170%2C700&ssl=1\",\"contentUrl\":\"https:\/\/i0.wp.com\/verdadeon.com.br\/portal\/wp-content\/uploads\/2024\/06\/923188-bares-brasilia_brasil_holanda-2951.webp?fit=1170%2C700&ssl=1\",\"width\":1170,\"height\":700,\"caption\":\"A sondagem ouviu 2.748 empres\u00e1rios de todo o pa\u00eds (\u00a9Agencia Brasil)\"},{\"@type\":\"BreadcrumbList\",\"@id\":\"https:\/\/verdadeon.com.br\/portal\/2024\/06\/05\/setor-de-bares-e-restaurantes-espera-faturar-mais-no-dia-dos-namorados\/#breadcrumb\",\"itemListElement\":[{\"@type\":\"ListItem\",\"position\":1,\"name\":\"In\u00edcio\",\"item\":\"https:\/\/verdadeon.com.br\/portal\/\"},{\"@type\":\"ListItem\",\"position\":2,\"name\":\"Setor de bares e restaurantes espera faturar mais no Dia dos Namorados\"}]},{\"@type\":\"WebSite\",\"@id\":\"https:\/\/verdadeon.com.br\/portal\/#website\",\"url\":\"https:\/\/verdadeon.com.br\/portal\/\",\"name\":\"VerdadeOn\",\"description\":\"Not\u00edcias di\u00e1rias sobre Franca, Regi\u00e3o, Esporte, Cultura, Cotidiano, Colunas. Cobertura nos principais eventos da cidade \u00e9 aqui - Verdadeon Franca\",\"potentialAction\":[{\"@type\":\"SearchAction\",\"target\":{\"@type\":\"EntryPoint\",\"urlTemplate\":\"https:\/\/verdadeon.com.br\/portal\/?s={search_term_string}\"},\"query-input\":{\"@type\":\"PropertyValueSpecification\",\"valueRequired\":true,\"valueName\":\"search_term_string\"}}],\"inLanguage\":\"pt-BR\"},{\"@type\":\"Person\",\"@id\":\"https:\/\/verdadeon.com.br\/portal\/#\/schema\/person\/a5060ad1e9ea3df545188fc93ce43d2f\",\"name\":\"Redacao VerdadeOn\",\"image\":{\"@type\":\"ImageObject\",\"inLanguage\":\"pt-BR\",\"@id\":\"https:\/\/verdadeon.com.br\/portal\/#\/schema\/person\/image\/\",\"url\":\"https:\/\/secure.gravatar.com\/avatar\/459a9613caaaf07f582c3d0841eea68bdd66f533e465e6ba8b9cb45619572cf4?s=96&d=mm&r=g\",\"contentUrl\":\"https:\/\/secure.gravatar.com\/avatar\/459a9613caaaf07f582c3d0841eea68bdd66f533e465e6ba8b9cb45619572cf4?s=96&d=mm&r=g\",\"caption\":\"Redacao VerdadeOn\"},\"url\":\"https:\/\/verdadeon.com.br\/portal\/author\/redacao\/\"}]}<\/script>\n<!-- \/ Yoast SEO plugin. -->","yoast_head_json":{"title":"Setor de bares e restaurantes espera faturar mais no Dia dos Namorados - VerdadeOn","robots":{"index":"index","follow":"follow","max-snippet":"max-snippet:-1","max-image-preview":"max-image-preview:large","max-video-preview":"max-video-preview:-1"},"canonical":"https:\/\/verdadeon.com.br\/portal\/2024\/06\/05\/setor-de-bares-e-restaurantes-espera-faturar-mais-no-dia-dos-namorados\/","og_locale":"pt_BR","og_type":"article","og_title":"Setor de bares e restaurantes espera faturar mais no Dia dos Namorados - VerdadeOn","og_description":"Sondagem mostra que 74% dos empres\u00e1rio do ramo est\u00e3o otimistas O Dia dos Namorados, considerado uma das datas mais importantes para o setor de bares e [\u2026]","og_url":"https:\/\/verdadeon.com.br\/portal\/2024\/06\/05\/setor-de-bares-e-restaurantes-espera-faturar-mais-no-dia-dos-namorados\/","og_site_name":"VerdadeOn","article_published_time":"2024-06-05T12:37:47+00:00","article_modified_time":"2024-06-05T12:57:17+00:00","og_image":[{"width":1170,"height":700,"url":"https:\/\/i0.wp.com\/verdadeon.com.br\/portal\/wp-content\/uploads\/2024\/06\/923188-bares-brasilia_brasil_holanda-2951.webp?fit=1170%2C700&ssl=1","type":"image\/webp"}],"author":"Redacao VerdadeOn","twitter_card":"summary_large_image","twitter_misc":{"Escrito por":"Redacao VerdadeOn","Est. tempo de leitura":"3 minutos"},"schema":{"@context":"https:\/\/schema.org","@graph":[{"@type":"WebPage","@id":"https:\/\/verdadeon.com.br\/portal\/2024\/06\/05\/setor-de-bares-e-restaurantes-espera-faturar-mais-no-dia-dos-namorados\/","url":"https:\/\/verdadeon.com.br\/portal\/2024\/06\/05\/setor-de-bares-e-restaurantes-espera-faturar-mais-no-dia-dos-namorados\/","name":"Setor de bares e restaurantes espera faturar mais no Dia dos Namorados - VerdadeOn","isPartOf":{"@id":"https:\/\/verdadeon.com.br\/portal\/#website"},"primaryImageOfPage":{"@id":"https:\/\/verdadeon.com.br\/portal\/2024\/06\/05\/setor-de-bares-e-restaurantes-espera-faturar-mais-no-dia-dos-namorados\/#primaryimage"},"image":{"@id":"https:\/\/verdadeon.com.br\/portal\/2024\/06\/05\/setor-de-bares-e-restaurantes-espera-faturar-mais-no-dia-dos-namorados\/#primaryimage"},"thumbnailUrl":"https:\/\/i0.wp.com\/verdadeon.com.br\/portal\/wp-content\/uploads\/2024\/06\/923188-bares-brasilia_brasil_holanda-2951.webp?fit=1170%2C700&ssl=1","datePublished":"2024-06-05T12:37:47+00:00","dateModified":"2024-06-05T12:57:17+00:00","author":{"@id":"https:\/\/verdadeon.com.br\/portal\/#\/schema\/person\/a5060ad1e9ea3df545188fc93ce43d2f"},"breadcrumb":{"@id":"https:\/\/verdadeon.com.br\/portal\/2024\/06\/05\/setor-de-bares-e-restaurantes-espera-faturar-mais-no-dia-dos-namorados\/#breadcrumb"},"inLanguage":"pt-BR","potentialAction":[{"@type":"ReadAction","target":["https:\/\/verdadeon.com.br\/portal\/2024\/06\/05\/setor-de-bares-e-restaurantes-espera-faturar-mais-no-dia-dos-namorados\/"]}]},{"@type":"ImageObject","inLanguage":"pt-BR","@id":"https:\/\/verdadeon.com.br\/portal\/2024\/06\/05\/setor-de-bares-e-restaurantes-espera-faturar-mais-no-dia-dos-namorados\/#primaryimage","url":"https:\/\/i0.wp.com\/verdadeon.com.br\/portal\/wp-content\/uploads\/2024\/06\/923188-bares-brasilia_brasil_holanda-2951.webp?fit=1170%2C700&ssl=1","contentUrl":"https:\/\/i0.wp.com\/verdadeon.com.br\/portal\/wp-content\/uploads\/2024\/06\/923188-bares-brasilia_brasil_holanda-2951.webp?fit=1170%2C700&ssl=1","width":1170,"height":700,"caption":"A sondagem ouviu 2.748 empres\u00e1rios de todo o pa\u00eds (\u00a9Agencia Brasil)"},{"@type":"BreadcrumbList","@id":"https:\/\/verdadeon.com.br\/portal\/2024\/06\/05\/setor-de-bares-e-restaurantes-espera-faturar-mais-no-dia-dos-namorados\/#breadcrumb","itemListElement":[{"@type":"ListItem","position":1,"name":"In\u00edcio","item":"https:\/\/verdadeon.com.br\/portal\/"},{"@type":"ListItem","position":2,"name":"Setor de bares e restaurantes espera faturar mais no Dia dos Namorados"}]},{"@type":"WebSite","@id":"https:\/\/verdadeon.com.br\/portal\/#website","url":"https:\/\/verdadeon.com.br\/portal\/","name":"VerdadeOn","description":"Not\u00edcias di\u00e1rias sobre Franca, Regi\u00e3o, Esporte, Cultura, Cotidiano, Colunas. Cobertura nos principais eventos da cidade \u00e9 aqui - Verdadeon Franca","potentialAction":[{"@type":"SearchAction","target":{"@type":"EntryPoint","urlTemplate":"https:\/\/verdadeon.com.br\/portal\/?s={search_term_string}"},"query-input":{"@type":"PropertyValueSpecification","valueRequired":true,"valueName":"search_term_string"}}],"inLanguage":"pt-BR"},{"@type":"Person","@id":"https:\/\/verdadeon.com.br\/portal\/#\/schema\/person\/a5060ad1e9ea3df545188fc93ce43d2f","name":"Redacao VerdadeOn","image":{"@type":"ImageObject","inLanguage":"pt-BR","@id":"https:\/\/verdadeon.com.br\/portal\/#\/schema\/person\/image\/","url":"https:\/\/secure.gravatar.com\/avatar\/459a9613caaaf07f582c3d0841eea68bdd66f533e465e6ba8b9cb45619572cf4?s=96&d=mm&r=g","contentUrl":"https:\/\/secure.gravatar.com\/avatar\/459a9613caaaf07f582c3d0841eea68bdd66f533e465e6ba8b9cb45619572cf4?s=96&d=mm&r=g","caption":"Redacao VerdadeOn"},"url":"https:\/\/verdadeon.com.br\/portal\/author\/redacao\/"}]}},"jetpack_publicize_connections":[],"jetpack_featured_media_url":"https:\/\/i0.wp.com\/verdadeon.com.br\/portal\/wp-content\/uploads\/2024\/06\/923188-bares-brasilia_brasil_holanda-2951.webp?fit=1170%2C700&ssl=1","jetpack_sharing_enabled":true,"_links":{"self":[{"href":"https:\/\/verdadeon.com.br\/portal\/wp-json\/wp\/v2\/posts\/45494","targetHints":{"allow":["GET"]}}],"collection":[{"href":"https:\/\/verdadeon.com.br\/portal\/wp-json\/wp\/v2\/posts"}],"about":[{"href":"https:\/\/verdadeon.com.br\/portal\/wp-json\/wp\/v2\/types\/post"}],"author":[{"embeddable":true,"href":"https:\/\/verdadeon.com.br\/portal\/wp-json\/wp\/v2\/users\/10"}],"replies":[{"embeddable":true,"href":"https:\/\/verdadeon.com.br\/portal\/wp-json\/wp\/v2\/comments?post=45494"}],"version-history":[{"count":1,"href":"https:\/\/verdadeon.com.br\/portal\/wp-json\/wp\/v2\/posts\/45494\/revisions"}],"predecessor-version":[{"id":45497,"href":"https:\/\/verdadeon.com.br\/portal\/wp-json\/wp\/v2\/posts\/45494\/revisions\/45497"}],"wp:featuredmedia":[{"embeddable":true,"href":"https:\/\/verdadeon.com.br\/portal\/wp-json\/wp\/v2\/media\/45496"}],"wp:attachment":[{"href":"https:\/\/verdadeon.com.br\/portal\/wp-json\/wp\/v2\/media?parent=45494"}],"wp:term":[{"taxonomy":"category","embeddable":true,"href":"https:\/\/verdadeon.com.br\/portal\/wp-json\/wp\/v2\/categories?post=45494"},{"taxonomy":"post_tag","embeddable":true,"href":"https:\/\/verdadeon.com.br\/portal\/wp-json\/wp\/v2\/tags?post=45494"}],"curies":[{"name":"wp","href":"https:\/\/api.w.org\/{rel}","templated":true}]}}