{"id":45491,"date":"2024-06-05T09:15:11","date_gmt":"2024-06-05T12:15:11","guid":{"rendered":"https:\/\/verdadeon.com.br\/portal\/?p=45491"},"modified":"2024-06-05T09:20:28","modified_gmt":"2024-06-05T12:20:28","slug":"pesquisadoras-alertam-para-equivocos-em-diagnosticos-de-tdah-em-criancas","status":"publish","type":"post","link":"https:\/\/verdadeon.com.br\/portal\/2024\/06\/05\/pesquisadoras-alertam-para-equivocos-em-diagnosticos-de-tdah-em-criancas\/","title":{"rendered":"Pesquisadoras alertam para equ\u00edvocos em diagn\u00f3sticos de TDAH em crian\u00e7as"},"content":{"rendered":"<h2>Especialista aponta para o uso excessivo de medicamentos no tratamento do TDAH e defende um cuidado com interven\u00e7\u00f5es psicossociais<\/h2>\n<p>A primeira vez que o Transtorno de D\u00e9ficit de Aten\u00e7\u00e3o e Hiperatividade (TDAH) apareceu documentado foi\u00a0em um texto m\u00e9dico holand\u00eas datado de 1753, segundo publica\u00e7\u00e3o de mar\u00e7o deste ano, na revista Journal of Attention Disorders.\u00a0De l\u00e1 para c\u00e1, o transtorno ganhou maior notoriedade, sendo cada vez mais estudado, o que levou a um aumento significativo no n\u00famero de diagn\u00f3sticos.\u00a0Segundo dados da Associa\u00e7\u00e3o Brasileira de D\u00e9ficit de Aten\u00e7\u00e3o (ABDA), cerca de 2 milh\u00f5es de pessoas sofrem com o transtorno no Brasil.\u00a0O aumento do transtorno levantou uma s\u00e9rie de d\u00favidas sobre as poss\u00edveis raz\u00f5es por tr\u00e1s do crescimento. Algumas pessoas, inclusive, come\u00e7aram a questionar a exist\u00eancia da condi\u00e7\u00e3o ou sua banaliza\u00e7\u00e3o.<\/p>\n<p>Ana\u00edsa Leal Barbosa Abrah\u00e3o, doutora em Psicologia pela Faculdade de Filosofia, Ci\u00eancias e Letras de Ribeir\u00e3o Preto (FFCLRP) da USP, explica\u00a0que o TDAH \u00e9 um transtorno do neurodesenvolvimento, caracterizado por n\u00edveis prejudiciais de desaten\u00e7\u00e3o, desorganiza\u00e7\u00e3o, hiperatividade e impulsividade, que afeta diversas \u00e1reas da vida. A especialista ressalta que seu in\u00edcio \u00e9 geralmente na inf\u00e2ncia, mas pode persistir at\u00e9 a vida adulta.<\/p>\n<p>Mas, de acordo com a especialista, ainda n\u00e3o existe um consenso definitivo sobre a origem do TDAH. \u201cAlguns estudos sugerem que fatores tanto ambientais quanto gen\u00e9ticos podem contribuir para o desenvolvimento do transtorno\u201d, explica.<\/p>\n<p>S\u00e3o v\u00e1rios os fatores ambientais, que podem ser prematuridade, exposi\u00e7\u00e3o intrauterina a subst\u00e2ncias como tabaco, \u00e1lcool e drogas, baixo peso ao nascer, problemas psicol\u00f3gicos maternos durante a gesta\u00e7\u00e3o, complica\u00e7\u00f5es perinatais e les\u00f5es cerebrais.<\/p>\n<p>Ela, no entanto, destaca que o TDAH n\u00e3o possui um marcador biol\u00f3gico espec\u00edfico e, embora certos genes possam estar correlacionados, n\u00e3o s\u00e3o considerados determinantes por si s\u00f3.<\/p>\n<h4>Tr\u00eas tipos de TDAH<\/h4>\n<p>J\u00e1 a neurologista Alicia Coraspe, do Hospital das Cl\u00ednicas da Faculdade de Medicina de Ribeir\u00e3o Preto (HC-FMRP) da USP, fala sobre os tr\u00eas tipos de TDAH existentes: hiperativo\/impulsivo, desatento e misto\/combinado.<\/p>\n<p>\u201cNo caso de pessoas com TDAH hiperativo\/impulsivo, os indiv\u00edduos costumam ser inquietos, falam muito e interrompem constantemente. J\u00e1 as pessoas com TDAH do tipo desatento cometem erros por falta de aten\u00e7\u00e3o e apresentam dificuldade para organizar tarefas e atividades\u201d, detalha a especialista. J\u00e1 o tipo misto\/combinado, conforme o nome indica, mistura sintomas de desaten\u00e7\u00e3o com hiperatividade e impulsividade.<\/p>\n<p>Segundo a neurologista, na inf\u00e2ncia, o transtorno geralmente se apresenta de forma combinada, com caracter\u00edsticas de hiperatividade e desaten\u00e7\u00e3o. Mas, na idade adulta, o tipo mais predominante \u00e9 o de desaten\u00e7\u00e3o.<\/p>\n<p>\u201cCompreender os sintomas do TDAH e suas varia\u00e7\u00f5es ao longo das diferentes faixas et\u00e1rias \u00e9 fundamental para um diagn\u00f3stico preciso e menos estigmatizado\u201d, enfatiza.<\/p>\n<p>Alicia ainda alerta\u00a0que o diagn\u00f3stico de Transtorno de D\u00e9ficit de Aten\u00e7\u00e3o e Hiperatividade na inf\u00e2ncia requer um olhar treinado para distinguir comportamentos t\u00edpicos da idade daqueles caracter\u00edsticos do transtorno.<\/p>\n<p>\u201cAs mudan\u00e7as no estilo de vida, como o aumento do uso de telas e conte\u00fados digitais mais curtos, juntamente com a rotina agitada dos pais, que t\u00eam menos tempo para os filhos, t\u00eam levado mais fam\u00edlias a consult\u00f3rios m\u00e9dicos questionando a possibilidade desse diagn\u00f3stico\u201d, afirma.\u00a0No entanto, de acordo com Alicia, muitas vezes o diagn\u00f3stico de TDAH n\u00e3o se concretiza, sugerindo uma poss\u00edvel supervaloriza\u00e7\u00e3o de sintomas comportamentais que podem ser normais para a faixa et\u00e1ria ou reflexos do ambiente moderno.<\/p>\n<p>\u201cJ\u00e1 a dificuldade do diagn\u00f3stico na fase adulta est\u00e1 em obter relatos do comportamento do paciente na inf\u00e2ncia e na necessidade de distinguir o TDAH de outros transtornos como ansiedade, depress\u00e3o, bipolaridade, disfun\u00e7\u00f5es da tireoide e defici\u00eancias de vitaminas, que s\u00e3o mais prevalentes nessa faixa et\u00e1ria\u201d, comenta.<\/p>\n<p>Ana\u00edsa tamb\u00e9m se preocupa com a banaliza\u00e7\u00e3o do diagn\u00f3stico do TDAH e alerta para falsos positivos. \u201cRealizamos uma pesquisa na USP em 2022 e, ao avaliarmos 43 crian\u00e7as com diagn\u00f3stico m\u00e9dico de\u00a0Transtorno de D\u00e9ficit de Aten\u00e7\u00e3o e Hiperatividade, apenas tr\u00eas preencheram os crit\u00e9rios para TDAH ao serem submetidas a escalas espec\u00edficas.\u201d<\/p>\n<p>A pesquisa de Ana\u00edsa ainda indicou um uso generalizado de metilfenidato, um dos principais medicamentos usados no tratamento do TDAH. \u201cDos 43 participantes, a maioria fazia uso desse medicamento, sem apresentar melhorias significativas nos sintomas principais do transtorno ou nos problemas de comportamento relatados por familiares e professores.\u201d<\/p>\n<p>Ela, portanto, sugere uma abordagem mais abrangente no tratamento do transtorno, incluindo interven\u00e7\u00f5es psicossociais, em vez de depender exclusivamente de tratamento farmacol\u00f3gico.\u00a0A neurologista concorda que o tratamento do TDAH deve ser muito mais do que as medica\u00e7\u00f5es psicoestimulantes. \u201cUma boa noite de sono, bons h\u00e1bitos, cronogramas e uma rotina bem estruturada, na verdade \u00e9 o que muda a vida do paciente.\u201d<\/p>\n<p>As especialistas n\u00e3o est\u00e3o sozinhas: o Conselho Federal de Psicologia, juntamente com outros \u00f3rg\u00e3os e pa\u00edses, est\u00e1 promovendo a campanha N\u00e3o \u00e0 Medicaliza\u00e7\u00e3o da Vida, que discute os perigos associados \u00e0 medicaliza\u00e7\u00e3o excessiva de crian\u00e7as e adolescentes. A iniciativa tamb\u00e9m se preocupa com a identifica\u00e7\u00e3o das crian\u00e7as com TDAH, que pode resultar em estigmas e responsabiliza\u00e7\u00e3o injusta das pessoas por suas dificuldades.<\/p>\n<p>SP Not\u00edcias<\/p>\n","protected":false},"excerpt":{"rendered":"<p>Especialista aponta para o uso excessivo de medicamentos no tratamento do TDAH e defende um cuidado com interven\u00e7\u00f5es psicossociais A primeira vez que o Transtorno de<span class=\"excerpt-hellip\"> [\u2026]<\/span><\/p>\n","protected":false},"author":10,"featured_media":45492,"comment_status":"open","ping_status":"open","sticky":false,"template":"","format":"standard","meta":{"_jetpack_memberships_contains_paid_content":false,"footnotes":"","jetpack_publicize_message":"","jetpack_publicize_feature_enabled":true,"jetpack_social_post_already_shared":false,"jetpack_social_options":{"image_generator_settings":{"template":"highway","default_image_id":0,"enabled":false},"version":2}},"categories":[28,44],"tags":[],"class_list":["post-45491","post","type-post","status-publish","format-standard","has-post-thumbnail","hentry","category-cotidiano","category-noticias"],"yoast_head":"<!-- This site is optimized with the Yoast SEO plugin v25.6 - https:\/\/yoast.com\/wordpress\/plugins\/seo\/ -->\n<title>Pesquisadoras alertam para equ\u00edvocos em diagn\u00f3sticos de TDAH em crian\u00e7as - VerdadeOn<\/title>\n<meta name=\"robots\" content=\"index, follow, max-snippet:-1, max-image-preview:large, max-video-preview:-1\" \/>\n<link rel=\"canonical\" href=\"https:\/\/verdadeon.com.br\/portal\/2024\/06\/05\/pesquisadoras-alertam-para-equivocos-em-diagnosticos-de-tdah-em-criancas\/\" \/>\n<meta property=\"og:locale\" content=\"pt_BR\" \/>\n<meta property=\"og:type\" content=\"article\" \/>\n<meta property=\"og:title\" content=\"Pesquisadoras alertam para equ\u00edvocos em diagn\u00f3sticos de TDAH em crian\u00e7as - VerdadeOn\" \/>\n<meta property=\"og:description\" content=\"Especialista aponta para o uso excessivo de medicamentos no tratamento do TDAH e defende um cuidado com interven\u00e7\u00f5es psicossociais A primeira vez que o Transtorno de [\u2026]\" \/>\n<meta property=\"og:url\" content=\"https:\/\/verdadeon.com.br\/portal\/2024\/06\/05\/pesquisadoras-alertam-para-equivocos-em-diagnosticos-de-tdah-em-criancas\/\" \/>\n<meta property=\"og:site_name\" content=\"VerdadeOn\" \/>\n<meta property=\"article:published_time\" content=\"2024-06-05T12:15:11+00:00\" \/>\n<meta property=\"article:modified_time\" content=\"2024-06-05T12:20:28+00:00\" \/>\n<meta property=\"og:image\" content=\"https:\/\/verdadeon.com.br\/portal\/wp-content\/uploads\/2024\/06\/20240528_tdah-diagnostico-criancas.jpg\" \/>\n\t<meta property=\"og:image:width\" content=\"1200\" \/>\n\t<meta property=\"og:image:height\" content=\"630\" \/>\n\t<meta property=\"og:image:type\" content=\"image\/jpeg\" \/>\n<meta name=\"author\" content=\"Redacao VerdadeOn\" \/>\n<meta name=\"twitter:card\" content=\"summary_large_image\" \/>\n<meta name=\"twitter:label1\" content=\"Escrito por\" \/>\n\t<meta name=\"twitter:data1\" content=\"Redacao VerdadeOn\" \/>\n\t<meta name=\"twitter:label2\" content=\"Est. tempo de leitura\" \/>\n\t<meta name=\"twitter:data2\" content=\"5 minutos\" \/>\n<script type=\"application\/ld+json\" class=\"yoast-schema-graph\">{\"@context\":\"https:\/\/schema.org\",\"@graph\":[{\"@type\":\"WebPage\",\"@id\":\"https:\/\/verdadeon.com.br\/portal\/2024\/06\/05\/pesquisadoras-alertam-para-equivocos-em-diagnosticos-de-tdah-em-criancas\/\",\"url\":\"https:\/\/verdadeon.com.br\/portal\/2024\/06\/05\/pesquisadoras-alertam-para-equivocos-em-diagnosticos-de-tdah-em-criancas\/\",\"name\":\"Pesquisadoras alertam para equ\u00edvocos em diagn\u00f3sticos de TDAH em crian\u00e7as - VerdadeOn\",\"isPartOf\":{\"@id\":\"https:\/\/verdadeon.com.br\/portal\/#website\"},\"primaryImageOfPage\":{\"@id\":\"https:\/\/verdadeon.com.br\/portal\/2024\/06\/05\/pesquisadoras-alertam-para-equivocos-em-diagnosticos-de-tdah-em-criancas\/#primaryimage\"},\"image\":{\"@id\":\"https:\/\/verdadeon.com.br\/portal\/2024\/06\/05\/pesquisadoras-alertam-para-equivocos-em-diagnosticos-de-tdah-em-criancas\/#primaryimage\"},\"thumbnailUrl\":\"https:\/\/i0.wp.com\/verdadeon.com.br\/portal\/wp-content\/uploads\/2024\/06\/20240528_tdah-diagnostico-criancas.jpg?fit=1200%2C630&ssl=1\",\"datePublished\":\"2024-06-05T12:15:11+00:00\",\"dateModified\":\"2024-06-05T12:20:28+00:00\",\"author\":{\"@id\":\"https:\/\/verdadeon.com.br\/portal\/#\/schema\/person\/a5060ad1e9ea3df545188fc93ce43d2f\"},\"breadcrumb\":{\"@id\":\"https:\/\/verdadeon.com.br\/portal\/2024\/06\/05\/pesquisadoras-alertam-para-equivocos-em-diagnosticos-de-tdah-em-criancas\/#breadcrumb\"},\"inLanguage\":\"pt-BR\",\"potentialAction\":[{\"@type\":\"ReadAction\",\"target\":[\"https:\/\/verdadeon.com.br\/portal\/2024\/06\/05\/pesquisadoras-alertam-para-equivocos-em-diagnosticos-de-tdah-em-criancas\/\"]}]},{\"@type\":\"ImageObject\",\"inLanguage\":\"pt-BR\",\"@id\":\"https:\/\/verdadeon.com.br\/portal\/2024\/06\/05\/pesquisadoras-alertam-para-equivocos-em-diagnosticos-de-tdah-em-criancas\/#primaryimage\",\"url\":\"https:\/\/i0.wp.com\/verdadeon.com.br\/portal\/wp-content\/uploads\/2024\/06\/20240528_tdah-diagnostico-criancas.jpg?fit=1200%2C630&ssl=1\",\"contentUrl\":\"https:\/\/i0.wp.com\/verdadeon.com.br\/portal\/wp-content\/uploads\/2024\/06\/20240528_tdah-diagnostico-criancas.jpg?fit=1200%2C630&ssl=1\",\"width\":1200,\"height\":630,\"caption\":\"Existe o risco de diagn\u00f3sticos incorretos ou excessivamente precoces em crian\u00e7as (\u00a9SP Not\u00edcias)\"},{\"@type\":\"BreadcrumbList\",\"@id\":\"https:\/\/verdadeon.com.br\/portal\/2024\/06\/05\/pesquisadoras-alertam-para-equivocos-em-diagnosticos-de-tdah-em-criancas\/#breadcrumb\",\"itemListElement\":[{\"@type\":\"ListItem\",\"position\":1,\"name\":\"In\u00edcio\",\"item\":\"https:\/\/verdadeon.com.br\/portal\/\"},{\"@type\":\"ListItem\",\"position\":2,\"name\":\"Pesquisadoras alertam para equ\u00edvocos em diagn\u00f3sticos de TDAH em crian\u00e7as\"}]},{\"@type\":\"WebSite\",\"@id\":\"https:\/\/verdadeon.com.br\/portal\/#website\",\"url\":\"https:\/\/verdadeon.com.br\/portal\/\",\"name\":\"VerdadeOn\",\"description\":\"Not\u00edcias di\u00e1rias sobre Franca, Regi\u00e3o, Esporte, Cultura, Cotidiano, Colunas. Cobertura nos principais eventos da cidade \u00e9 aqui - Verdadeon Franca\",\"potentialAction\":[{\"@type\":\"SearchAction\",\"target\":{\"@type\":\"EntryPoint\",\"urlTemplate\":\"https:\/\/verdadeon.com.br\/portal\/?s={search_term_string}\"},\"query-input\":{\"@type\":\"PropertyValueSpecification\",\"valueRequired\":true,\"valueName\":\"search_term_string\"}}],\"inLanguage\":\"pt-BR\"},{\"@type\":\"Person\",\"@id\":\"https:\/\/verdadeon.com.br\/portal\/#\/schema\/person\/a5060ad1e9ea3df545188fc93ce43d2f\",\"name\":\"Redacao VerdadeOn\",\"image\":{\"@type\":\"ImageObject\",\"inLanguage\":\"pt-BR\",\"@id\":\"https:\/\/verdadeon.com.br\/portal\/#\/schema\/person\/image\/\",\"url\":\"https:\/\/secure.gravatar.com\/avatar\/459a9613caaaf07f582c3d0841eea68bdd66f533e465e6ba8b9cb45619572cf4?s=96&d=mm&r=g\",\"contentUrl\":\"https:\/\/secure.gravatar.com\/avatar\/459a9613caaaf07f582c3d0841eea68bdd66f533e465e6ba8b9cb45619572cf4?s=96&d=mm&r=g\",\"caption\":\"Redacao VerdadeOn\"},\"url\":\"https:\/\/verdadeon.com.br\/portal\/author\/redacao\/\"}]}<\/script>\n<!-- \/ Yoast SEO plugin. -->","yoast_head_json":{"title":"Pesquisadoras alertam para equ\u00edvocos em diagn\u00f3sticos de TDAH em crian\u00e7as - VerdadeOn","robots":{"index":"index","follow":"follow","max-snippet":"max-snippet:-1","max-image-preview":"max-image-preview:large","max-video-preview":"max-video-preview:-1"},"canonical":"https:\/\/verdadeon.com.br\/portal\/2024\/06\/05\/pesquisadoras-alertam-para-equivocos-em-diagnosticos-de-tdah-em-criancas\/","og_locale":"pt_BR","og_type":"article","og_title":"Pesquisadoras alertam para equ\u00edvocos em diagn\u00f3sticos de TDAH em crian\u00e7as - VerdadeOn","og_description":"Especialista aponta para o uso excessivo de medicamentos no tratamento do TDAH e defende um cuidado com interven\u00e7\u00f5es psicossociais A primeira vez que o Transtorno de [\u2026]","og_url":"https:\/\/verdadeon.com.br\/portal\/2024\/06\/05\/pesquisadoras-alertam-para-equivocos-em-diagnosticos-de-tdah-em-criancas\/","og_site_name":"VerdadeOn","article_published_time":"2024-06-05T12:15:11+00:00","article_modified_time":"2024-06-05T12:20:28+00:00","og_image":[{"width":1200,"height":630,"url":"https:\/\/verdadeon.com.br\/portal\/wp-content\/uploads\/2024\/06\/20240528_tdah-diagnostico-criancas.jpg","type":"image\/jpeg"}],"author":"Redacao VerdadeOn","twitter_card":"summary_large_image","twitter_misc":{"Escrito por":"Redacao VerdadeOn","Est. tempo de leitura":"5 minutos"},"schema":{"@context":"https:\/\/schema.org","@graph":[{"@type":"WebPage","@id":"https:\/\/verdadeon.com.br\/portal\/2024\/06\/05\/pesquisadoras-alertam-para-equivocos-em-diagnosticos-de-tdah-em-criancas\/","url":"https:\/\/verdadeon.com.br\/portal\/2024\/06\/05\/pesquisadoras-alertam-para-equivocos-em-diagnosticos-de-tdah-em-criancas\/","name":"Pesquisadoras alertam para equ\u00edvocos em diagn\u00f3sticos de TDAH em crian\u00e7as - VerdadeOn","isPartOf":{"@id":"https:\/\/verdadeon.com.br\/portal\/#website"},"primaryImageOfPage":{"@id":"https:\/\/verdadeon.com.br\/portal\/2024\/06\/05\/pesquisadoras-alertam-para-equivocos-em-diagnosticos-de-tdah-em-criancas\/#primaryimage"},"image":{"@id":"https:\/\/verdadeon.com.br\/portal\/2024\/06\/05\/pesquisadoras-alertam-para-equivocos-em-diagnosticos-de-tdah-em-criancas\/#primaryimage"},"thumbnailUrl":"https:\/\/i0.wp.com\/verdadeon.com.br\/portal\/wp-content\/uploads\/2024\/06\/20240528_tdah-diagnostico-criancas.jpg?fit=1200%2C630&ssl=1","datePublished":"2024-06-05T12:15:11+00:00","dateModified":"2024-06-05T12:20:28+00:00","author":{"@id":"https:\/\/verdadeon.com.br\/portal\/#\/schema\/person\/a5060ad1e9ea3df545188fc93ce43d2f"},"breadcrumb":{"@id":"https:\/\/verdadeon.com.br\/portal\/2024\/06\/05\/pesquisadoras-alertam-para-equivocos-em-diagnosticos-de-tdah-em-criancas\/#breadcrumb"},"inLanguage":"pt-BR","potentialAction":[{"@type":"ReadAction","target":["https:\/\/verdadeon.com.br\/portal\/2024\/06\/05\/pesquisadoras-alertam-para-equivocos-em-diagnosticos-de-tdah-em-criancas\/"]}]},{"@type":"ImageObject","inLanguage":"pt-BR","@id":"https:\/\/verdadeon.com.br\/portal\/2024\/06\/05\/pesquisadoras-alertam-para-equivocos-em-diagnosticos-de-tdah-em-criancas\/#primaryimage","url":"https:\/\/i0.wp.com\/verdadeon.com.br\/portal\/wp-content\/uploads\/2024\/06\/20240528_tdah-diagnostico-criancas.jpg?fit=1200%2C630&ssl=1","contentUrl":"https:\/\/i0.wp.com\/verdadeon.com.br\/portal\/wp-content\/uploads\/2024\/06\/20240528_tdah-diagnostico-criancas.jpg?fit=1200%2C630&ssl=1","width":1200,"height":630,"caption":"Existe o risco de diagn\u00f3sticos incorretos ou excessivamente precoces em crian\u00e7as (\u00a9SP Not\u00edcias)"},{"@type":"BreadcrumbList","@id":"https:\/\/verdadeon.com.br\/portal\/2024\/06\/05\/pesquisadoras-alertam-para-equivocos-em-diagnosticos-de-tdah-em-criancas\/#breadcrumb","itemListElement":[{"@type":"ListItem","position":1,"name":"In\u00edcio","item":"https:\/\/verdadeon.com.br\/portal\/"},{"@type":"ListItem","position":2,"name":"Pesquisadoras alertam para equ\u00edvocos em diagn\u00f3sticos de TDAH em crian\u00e7as"}]},{"@type":"WebSite","@id":"https:\/\/verdadeon.com.br\/portal\/#website","url":"https:\/\/verdadeon.com.br\/portal\/","name":"VerdadeOn","description":"Not\u00edcias di\u00e1rias sobre Franca, Regi\u00e3o, Esporte, Cultura, Cotidiano, Colunas. Cobertura nos principais eventos da cidade \u00e9 aqui - Verdadeon Franca","potentialAction":[{"@type":"SearchAction","target":{"@type":"EntryPoint","urlTemplate":"https:\/\/verdadeon.com.br\/portal\/?s={search_term_string}"},"query-input":{"@type":"PropertyValueSpecification","valueRequired":true,"valueName":"search_term_string"}}],"inLanguage":"pt-BR"},{"@type":"Person","@id":"https:\/\/verdadeon.com.br\/portal\/#\/schema\/person\/a5060ad1e9ea3df545188fc93ce43d2f","name":"Redacao VerdadeOn","image":{"@type":"ImageObject","inLanguage":"pt-BR","@id":"https:\/\/verdadeon.com.br\/portal\/#\/schema\/person\/image\/","url":"https:\/\/secure.gravatar.com\/avatar\/459a9613caaaf07f582c3d0841eea68bdd66f533e465e6ba8b9cb45619572cf4?s=96&d=mm&r=g","contentUrl":"https:\/\/secure.gravatar.com\/avatar\/459a9613caaaf07f582c3d0841eea68bdd66f533e465e6ba8b9cb45619572cf4?s=96&d=mm&r=g","caption":"Redacao VerdadeOn"},"url":"https:\/\/verdadeon.com.br\/portal\/author\/redacao\/"}]}},"jetpack_publicize_connections":[],"jetpack_featured_media_url":"https:\/\/i0.wp.com\/verdadeon.com.br\/portal\/wp-content\/uploads\/2024\/06\/20240528_tdah-diagnostico-criancas.jpg?fit=1200%2C630&ssl=1","jetpack_sharing_enabled":true,"_links":{"self":[{"href":"https:\/\/verdadeon.com.br\/portal\/wp-json\/wp\/v2\/posts\/45491","targetHints":{"allow":["GET"]}}],"collection":[{"href":"https:\/\/verdadeon.com.br\/portal\/wp-json\/wp\/v2\/posts"}],"about":[{"href":"https:\/\/verdadeon.com.br\/portal\/wp-json\/wp\/v2\/types\/post"}],"author":[{"embeddable":true,"href":"https:\/\/verdadeon.com.br\/portal\/wp-json\/wp\/v2\/users\/10"}],"replies":[{"embeddable":true,"href":"https:\/\/verdadeon.com.br\/portal\/wp-json\/wp\/v2\/comments?post=45491"}],"version-history":[{"count":1,"href":"https:\/\/verdadeon.com.br\/portal\/wp-json\/wp\/v2\/posts\/45491\/revisions"}],"predecessor-version":[{"id":45493,"href":"https:\/\/verdadeon.com.br\/portal\/wp-json\/wp\/v2\/posts\/45491\/revisions\/45493"}],"wp:featuredmedia":[{"embeddable":true,"href":"https:\/\/verdadeon.com.br\/portal\/wp-json\/wp\/v2\/media\/45492"}],"wp:attachment":[{"href":"https:\/\/verdadeon.com.br\/portal\/wp-json\/wp\/v2\/media?parent=45491"}],"wp:term":[{"taxonomy":"category","embeddable":true,"href":"https:\/\/verdadeon.com.br\/portal\/wp-json\/wp\/v2\/categories?post=45491"},{"taxonomy":"post_tag","embeddable":true,"href":"https:\/\/verdadeon.com.br\/portal\/wp-json\/wp\/v2\/tags?post=45491"}],"curies":[{"name":"wp","href":"https:\/\/api.w.org\/{rel}","templated":true}]}}