{"id":45488,"date":"2024-06-05T08:59:30","date_gmt":"2024-06-05T11:59:30","guid":{"rendered":"https:\/\/verdadeon.com.br\/portal\/?p=45488"},"modified":"2024-06-05T09:02:50","modified_gmt":"2024-06-05T12:02:50","slug":"governo-de-sp-ficara-com-183-das-acoes-da-sabesp","status":"publish","type":"post","link":"https:\/\/verdadeon.com.br\/portal\/2024\/06\/05\/governo-de-sp-ficara-com-183-das-acoes-da-sabesp\/","title":{"rendered":"Governo de SP ficar\u00e1 com 18,3% das a\u00e7\u00f5es da Sabesp"},"content":{"rendered":"<h2 class=\"col-10 offset-1 animated fadeInDown dealy-900 display-8 display-md-8 alt-font font-italic my-1 text-center\">Atualmente, o estado tem 50,3% dos pap\u00e9is da companhia<\/h2>\n<p>O governo do estado de S\u00e3o Paulo decidiu ficar com 18,3% das a\u00e7\u00f5es da Companhia de Saneamento B\u00e1sico do Estado de S\u00e3o Paulo (Sabesp), que est\u00e1 em processo de privatiza\u00e7\u00e3o. Atualmente, o estado paulista det\u00e9m 50,3% dos papeis; o restante est\u00e1 nas m\u00e3os de empresas ou pessoas f\u00edsicas.<\/p>\n<p>Segundo o Pal\u00e1cio dos Bandeirantes, a venda de a\u00e7\u00f5es ser\u00e1 dividida em dois grupos: o primeiro, de 15% dos papeis, ser\u00e1 destinado a um investidor de refer\u00eancia \u2013 as instru\u00e7\u00f5es para disputar esse posto ser\u00e3o divulgadas nos pr\u00f3ximos dias pela Secretaria de Meio Ambiente, Infraestrutura e Log\u00edstica do estado.<\/p>\n<p>J\u00e1 o segundo lote, com cerca de 17% das a\u00e7\u00f5es, ser\u00e1 aberto a todo o mercado, inclusive pessoas f\u00edsicas, jur\u00eddicas e funcion\u00e1rios da companhia. De acordo com o governo, n\u00e3o haver\u00e1 oferta prim\u00e1ria, o que significa que apenas a\u00e7\u00f5es que atualmente s\u00e3o do Governo de S\u00e3o Paulo ser\u00e3o negociadas.<\/p>\n<h4>Investidor de refer\u00eancia<\/h4>\n<p>Para disputar o posto de investidor de refer\u00eancia, as empresas interessadas dever\u00e3o aceitar as condi\u00e7\u00f5es estabelecidas no Acordo de Investimentos, que prev\u00ea que o Conselho de Administra\u00e7\u00e3o da Sabesp ter\u00e1 nove integrantes, com tr\u00eas indica\u00e7\u00f5es do governo de S\u00e3o Paulo, tr\u00eas do investidor de refer\u00eancia e tr\u00eas independentes.<\/p>\n<p>Para a indica\u00e7\u00e3o dos conselheiros independentes, o investidor de refer\u00eancia dever\u00e1 propor uma lista com tr\u00eas indica\u00e7\u00f5es. O estado poder\u00e1 acatar as indica\u00e7\u00f5es ou recusar uma e apresentar duas outras op\u00e7\u00f5es para escolha do investidor de refer\u00eancia.<\/p>\n<p>O investidor de refer\u00eancia dever\u00e1 ainda indicar o presidente do Conselho \u201ccom apoio do governo de S\u00e3o Paulo\u201d e n\u00e3o poder\u00e1 vender suas a\u00e7\u00f5es at\u00e9 dezembro de 2029, quando est\u00e1 prevista a conclus\u00e3o dos investimentos para universaliza\u00e7\u00e3o do saneamento no estado. \u201cDepois desse prazo, ele poder\u00e1 negociar os papeis sob condi\u00e7\u00f5es espec\u00edficas, como vincular o comprador das a\u00e7\u00f5es ao Acordo de Investimentos\u201d, diz nota explicativa do governo de SP.<\/p>\n<p>De acordo com o documento, o investidor de refer\u00eancia ficar\u00e1 proibido de participar de outros projetos concorrentes com a Sabesp nos munic\u00edpios paulistas por meio de outras empresas das quais seja s\u00f3cio. Em outros estados, o acordo determina que a Sabesp ter\u00e1 prioridade para disputar quando elas envolverem munic\u00edpios ou arranjos regionais com mais de 50 mil habitantes.<\/p>\n<p>\u201cCaso o investidor de refer\u00eancia tenha interesse em disputar alguma concess\u00e3o com esse perfil, dever\u00e1 primeiro consultar o Conselho de Administra\u00e7\u00e3o. A Sabesp poder\u00e1 decidir por disputar essa concess\u00e3o em parceria com o investidor de refer\u00eancia, concorrer com investidor estrat\u00e9gico ou apenas liber\u00e1-lo para participar da concorr\u00eancia\u201d, diz a nota.<\/p>\n<p>A oferta p\u00fablica das a\u00e7\u00f5es, ainda sem data determinada, ser\u00e1 conduzida pelos bancos\u00a0BTG Pactual, Bank of America, Citi, UBS e Ita\u00fa BBA.<\/p>\n<p>Ag\u00eancia Brasil<\/p>\n","protected":false},"excerpt":{"rendered":"<p>Atualmente, o estado tem 50,3% dos pap\u00e9is da companhia O governo do estado de S\u00e3o Paulo decidiu ficar com 18,3% das a\u00e7\u00f5es da Companhia de Saneamento<span class=\"excerpt-hellip\"> [\u2026]<\/span><\/p>\n","protected":false},"author":10,"featured_media":45489,"comment_status":"open","ping_status":"open","sticky":false,"template":"","format":"standard","meta":{"_jetpack_memberships_contains_paid_content":false,"footnotes":"","jetpack_publicize_message":"","jetpack_publicize_feature_enabled":true,"jetpack_social_post_already_shared":false,"jetpack_social_options":{"image_generator_settings":{"template":"highway","default_image_id":0,"enabled":false},"version":2}},"categories":[28,44],"tags":[],"class_list":["post-45488","post","type-post","status-publish","format-standard","has-post-thumbnail","hentry","category-cotidiano","category-noticias"],"yoast_head":"<!-- This site is optimized with the Yoast SEO plugin v25.6 - https:\/\/yoast.com\/wordpress\/plugins\/seo\/ -->\n<title>Governo de SP ficar\u00e1 com 18,3% das a\u00e7\u00f5es da Sabesp - VerdadeOn<\/title>\n<meta name=\"robots\" content=\"index, follow, max-snippet:-1, max-image-preview:large, max-video-preview:-1\" \/>\n<link rel=\"canonical\" href=\"https:\/\/verdadeon.com.br\/portal\/2024\/06\/05\/governo-de-sp-ficara-com-183-das-acoes-da-sabesp\/\" \/>\n<meta property=\"og:locale\" content=\"pt_BR\" \/>\n<meta property=\"og:type\" content=\"article\" \/>\n<meta property=\"og:title\" content=\"Governo de SP ficar\u00e1 com 18,3% das a\u00e7\u00f5es da Sabesp - VerdadeOn\" \/>\n<meta property=\"og:description\" content=\"Atualmente, o estado tem 50,3% dos pap\u00e9is da companhia O governo do estado de S\u00e3o Paulo decidiu ficar com 18,3% das a\u00e7\u00f5es da Companhia de Saneamento [\u2026]\" \/>\n<meta property=\"og:url\" content=\"https:\/\/verdadeon.com.br\/portal\/2024\/06\/05\/governo-de-sp-ficara-com-183-das-acoes-da-sabesp\/\" \/>\n<meta property=\"og:site_name\" content=\"VerdadeOn\" \/>\n<meta property=\"article:published_time\" content=\"2024-06-05T11:59:30+00:00\" \/>\n<meta property=\"article:modified_time\" content=\"2024-06-05T12:02:50+00:00\" \/>\n<meta property=\"og:image\" content=\"https:\/\/i0.wp.com\/verdadeon.com.br\/portal\/wp-content\/uploads\/2024\/06\/img_5948.webp?fit=1170%2C700&ssl=1\" \/>\n\t<meta property=\"og:image:width\" content=\"1170\" \/>\n\t<meta property=\"og:image:height\" content=\"700\" \/>\n\t<meta property=\"og:image:type\" content=\"image\/webp\" \/>\n<meta name=\"author\" content=\"Redacao VerdadeOn\" \/>\n<meta name=\"twitter:card\" content=\"summary_large_image\" \/>\n<meta name=\"twitter:label1\" content=\"Escrito por\" \/>\n\t<meta name=\"twitter:data1\" content=\"Redacao VerdadeOn\" \/>\n\t<meta name=\"twitter:label2\" content=\"Est. tempo de leitura\" \/>\n\t<meta name=\"twitter:data2\" content=\"3 minutos\" \/>\n<script type=\"application\/ld+json\" class=\"yoast-schema-graph\">{\"@context\":\"https:\/\/schema.org\",\"@graph\":[{\"@type\":\"WebPage\",\"@id\":\"https:\/\/verdadeon.com.br\/portal\/2024\/06\/05\/governo-de-sp-ficara-com-183-das-acoes-da-sabesp\/\",\"url\":\"https:\/\/verdadeon.com.br\/portal\/2024\/06\/05\/governo-de-sp-ficara-com-183-das-acoes-da-sabesp\/\",\"name\":\"Governo de SP ficar\u00e1 com 18,3% das a\u00e7\u00f5es da Sabesp - VerdadeOn\",\"isPartOf\":{\"@id\":\"https:\/\/verdadeon.com.br\/portal\/#website\"},\"primaryImageOfPage\":{\"@id\":\"https:\/\/verdadeon.com.br\/portal\/2024\/06\/05\/governo-de-sp-ficara-com-183-das-acoes-da-sabesp\/#primaryimage\"},\"image\":{\"@id\":\"https:\/\/verdadeon.com.br\/portal\/2024\/06\/05\/governo-de-sp-ficara-com-183-das-acoes-da-sabesp\/#primaryimage\"},\"thumbnailUrl\":\"https:\/\/i0.wp.com\/verdadeon.com.br\/portal\/wp-content\/uploads\/2024\/06\/img_5948.webp?fit=1170%2C700&ssl=1\",\"datePublished\":\"2024-06-05T11:59:30+00:00\",\"dateModified\":\"2024-06-05T12:02:50+00:00\",\"author\":{\"@id\":\"https:\/\/verdadeon.com.br\/portal\/#\/schema\/person\/a5060ad1e9ea3df545188fc93ce43d2f\"},\"breadcrumb\":{\"@id\":\"https:\/\/verdadeon.com.br\/portal\/2024\/06\/05\/governo-de-sp-ficara-com-183-das-acoes-da-sabesp\/#breadcrumb\"},\"inLanguage\":\"pt-BR\",\"potentialAction\":[{\"@type\":\"ReadAction\",\"target\":[\"https:\/\/verdadeon.com.br\/portal\/2024\/06\/05\/governo-de-sp-ficara-com-183-das-acoes-da-sabesp\/\"]}]},{\"@type\":\"ImageObject\",\"inLanguage\":\"pt-BR\",\"@id\":\"https:\/\/verdadeon.com.br\/portal\/2024\/06\/05\/governo-de-sp-ficara-com-183-das-acoes-da-sabesp\/#primaryimage\",\"url\":\"https:\/\/i0.wp.com\/verdadeon.com.br\/portal\/wp-content\/uploads\/2024\/06\/img_5948.webp?fit=1170%2C700&ssl=1\",\"contentUrl\":\"https:\/\/i0.wp.com\/verdadeon.com.br\/portal\/wp-content\/uploads\/2024\/06\/img_5948.webp?fit=1170%2C700&ssl=1\",\"width\":1170,\"height\":700,\"caption\":\"A venda de a\u00e7\u00f5es ser\u00e1 dividida em dois grupos: 15% para um investidor de refer\u00eancia, com instru\u00e7\u00f5es em breve, e 17% para o mercado geral, incluindo pessoas f\u00edsicas, jur\u00eddicas e funcion\u00e1rios da companhia (\u00a9Rovena Rosa)\"},{\"@type\":\"BreadcrumbList\",\"@id\":\"https:\/\/verdadeon.com.br\/portal\/2024\/06\/05\/governo-de-sp-ficara-com-183-das-acoes-da-sabesp\/#breadcrumb\",\"itemListElement\":[{\"@type\":\"ListItem\",\"position\":1,\"name\":\"In\u00edcio\",\"item\":\"https:\/\/verdadeon.com.br\/portal\/\"},{\"@type\":\"ListItem\",\"position\":2,\"name\":\"Governo de SP ficar\u00e1 com 18,3% das a\u00e7\u00f5es da Sabesp\"}]},{\"@type\":\"WebSite\",\"@id\":\"https:\/\/verdadeon.com.br\/portal\/#website\",\"url\":\"https:\/\/verdadeon.com.br\/portal\/\",\"name\":\"VerdadeOn\",\"description\":\"Not\u00edcias di\u00e1rias sobre Franca, Regi\u00e3o, Esporte, Cultura, Cotidiano, Colunas. Cobertura nos principais eventos da cidade \u00e9 aqui - Verdadeon Franca\",\"potentialAction\":[{\"@type\":\"SearchAction\",\"target\":{\"@type\":\"EntryPoint\",\"urlTemplate\":\"https:\/\/verdadeon.com.br\/portal\/?s={search_term_string}\"},\"query-input\":{\"@type\":\"PropertyValueSpecification\",\"valueRequired\":true,\"valueName\":\"search_term_string\"}}],\"inLanguage\":\"pt-BR\"},{\"@type\":\"Person\",\"@id\":\"https:\/\/verdadeon.com.br\/portal\/#\/schema\/person\/a5060ad1e9ea3df545188fc93ce43d2f\",\"name\":\"Redacao VerdadeOn\",\"image\":{\"@type\":\"ImageObject\",\"inLanguage\":\"pt-BR\",\"@id\":\"https:\/\/verdadeon.com.br\/portal\/#\/schema\/person\/image\/\",\"url\":\"https:\/\/secure.gravatar.com\/avatar\/459a9613caaaf07f582c3d0841eea68bdd66f533e465e6ba8b9cb45619572cf4?s=96&d=mm&r=g\",\"contentUrl\":\"https:\/\/secure.gravatar.com\/avatar\/459a9613caaaf07f582c3d0841eea68bdd66f533e465e6ba8b9cb45619572cf4?s=96&d=mm&r=g\",\"caption\":\"Redacao VerdadeOn\"},\"url\":\"https:\/\/verdadeon.com.br\/portal\/author\/redacao\/\"}]}<\/script>\n<!-- \/ Yoast SEO plugin. -->","yoast_head_json":{"title":"Governo de SP ficar\u00e1 com 18,3% das a\u00e7\u00f5es da Sabesp - VerdadeOn","robots":{"index":"index","follow":"follow","max-snippet":"max-snippet:-1","max-image-preview":"max-image-preview:large","max-video-preview":"max-video-preview:-1"},"canonical":"https:\/\/verdadeon.com.br\/portal\/2024\/06\/05\/governo-de-sp-ficara-com-183-das-acoes-da-sabesp\/","og_locale":"pt_BR","og_type":"article","og_title":"Governo de SP ficar\u00e1 com 18,3% das a\u00e7\u00f5es da Sabesp - VerdadeOn","og_description":"Atualmente, o estado tem 50,3% dos pap\u00e9is da companhia O governo do estado de S\u00e3o Paulo decidiu ficar com 18,3% das a\u00e7\u00f5es da Companhia de Saneamento [\u2026]","og_url":"https:\/\/verdadeon.com.br\/portal\/2024\/06\/05\/governo-de-sp-ficara-com-183-das-acoes-da-sabesp\/","og_site_name":"VerdadeOn","article_published_time":"2024-06-05T11:59:30+00:00","article_modified_time":"2024-06-05T12:02:50+00:00","og_image":[{"width":1170,"height":700,"url":"https:\/\/i0.wp.com\/verdadeon.com.br\/portal\/wp-content\/uploads\/2024\/06\/img_5948.webp?fit=1170%2C700&ssl=1","type":"image\/webp"}],"author":"Redacao VerdadeOn","twitter_card":"summary_large_image","twitter_misc":{"Escrito por":"Redacao VerdadeOn","Est. tempo de leitura":"3 minutos"},"schema":{"@context":"https:\/\/schema.org","@graph":[{"@type":"WebPage","@id":"https:\/\/verdadeon.com.br\/portal\/2024\/06\/05\/governo-de-sp-ficara-com-183-das-acoes-da-sabesp\/","url":"https:\/\/verdadeon.com.br\/portal\/2024\/06\/05\/governo-de-sp-ficara-com-183-das-acoes-da-sabesp\/","name":"Governo de SP ficar\u00e1 com 18,3% das a\u00e7\u00f5es da Sabesp - VerdadeOn","isPartOf":{"@id":"https:\/\/verdadeon.com.br\/portal\/#website"},"primaryImageOfPage":{"@id":"https:\/\/verdadeon.com.br\/portal\/2024\/06\/05\/governo-de-sp-ficara-com-183-das-acoes-da-sabesp\/#primaryimage"},"image":{"@id":"https:\/\/verdadeon.com.br\/portal\/2024\/06\/05\/governo-de-sp-ficara-com-183-das-acoes-da-sabesp\/#primaryimage"},"thumbnailUrl":"https:\/\/i0.wp.com\/verdadeon.com.br\/portal\/wp-content\/uploads\/2024\/06\/img_5948.webp?fit=1170%2C700&ssl=1","datePublished":"2024-06-05T11:59:30+00:00","dateModified":"2024-06-05T12:02:50+00:00","author":{"@id":"https:\/\/verdadeon.com.br\/portal\/#\/schema\/person\/a5060ad1e9ea3df545188fc93ce43d2f"},"breadcrumb":{"@id":"https:\/\/verdadeon.com.br\/portal\/2024\/06\/05\/governo-de-sp-ficara-com-183-das-acoes-da-sabesp\/#breadcrumb"},"inLanguage":"pt-BR","potentialAction":[{"@type":"ReadAction","target":["https:\/\/verdadeon.com.br\/portal\/2024\/06\/05\/governo-de-sp-ficara-com-183-das-acoes-da-sabesp\/"]}]},{"@type":"ImageObject","inLanguage":"pt-BR","@id":"https:\/\/verdadeon.com.br\/portal\/2024\/06\/05\/governo-de-sp-ficara-com-183-das-acoes-da-sabesp\/#primaryimage","url":"https:\/\/i0.wp.com\/verdadeon.com.br\/portal\/wp-content\/uploads\/2024\/06\/img_5948.webp?fit=1170%2C700&ssl=1","contentUrl":"https:\/\/i0.wp.com\/verdadeon.com.br\/portal\/wp-content\/uploads\/2024\/06\/img_5948.webp?fit=1170%2C700&ssl=1","width":1170,"height":700,"caption":"A venda de a\u00e7\u00f5es ser\u00e1 dividida em dois grupos: 15% para um investidor de refer\u00eancia, com instru\u00e7\u00f5es em breve, e 17% para o mercado geral, incluindo pessoas f\u00edsicas, jur\u00eddicas e funcion\u00e1rios da companhia (\u00a9Rovena Rosa)"},{"@type":"BreadcrumbList","@id":"https:\/\/verdadeon.com.br\/portal\/2024\/06\/05\/governo-de-sp-ficara-com-183-das-acoes-da-sabesp\/#breadcrumb","itemListElement":[{"@type":"ListItem","position":1,"name":"In\u00edcio","item":"https:\/\/verdadeon.com.br\/portal\/"},{"@type":"ListItem","position":2,"name":"Governo de SP ficar\u00e1 com 18,3% das a\u00e7\u00f5es da Sabesp"}]},{"@type":"WebSite","@id":"https:\/\/verdadeon.com.br\/portal\/#website","url":"https:\/\/verdadeon.com.br\/portal\/","name":"VerdadeOn","description":"Not\u00edcias di\u00e1rias sobre Franca, Regi\u00e3o, Esporte, Cultura, Cotidiano, Colunas. Cobertura nos principais eventos da cidade \u00e9 aqui - Verdadeon Franca","potentialAction":[{"@type":"SearchAction","target":{"@type":"EntryPoint","urlTemplate":"https:\/\/verdadeon.com.br\/portal\/?s={search_term_string}"},"query-input":{"@type":"PropertyValueSpecification","valueRequired":true,"valueName":"search_term_string"}}],"inLanguage":"pt-BR"},{"@type":"Person","@id":"https:\/\/verdadeon.com.br\/portal\/#\/schema\/person\/a5060ad1e9ea3df545188fc93ce43d2f","name":"Redacao VerdadeOn","image":{"@type":"ImageObject","inLanguage":"pt-BR","@id":"https:\/\/verdadeon.com.br\/portal\/#\/schema\/person\/image\/","url":"https:\/\/secure.gravatar.com\/avatar\/459a9613caaaf07f582c3d0841eea68bdd66f533e465e6ba8b9cb45619572cf4?s=96&d=mm&r=g","contentUrl":"https:\/\/secure.gravatar.com\/avatar\/459a9613caaaf07f582c3d0841eea68bdd66f533e465e6ba8b9cb45619572cf4?s=96&d=mm&r=g","caption":"Redacao VerdadeOn"},"url":"https:\/\/verdadeon.com.br\/portal\/author\/redacao\/"}]}},"jetpack_publicize_connections":[],"jetpack_featured_media_url":"https:\/\/i0.wp.com\/verdadeon.com.br\/portal\/wp-content\/uploads\/2024\/06\/img_5948.webp?fit=1170%2C700&ssl=1","jetpack_sharing_enabled":true,"_links":{"self":[{"href":"https:\/\/verdadeon.com.br\/portal\/wp-json\/wp\/v2\/posts\/45488","targetHints":{"allow":["GET"]}}],"collection":[{"href":"https:\/\/verdadeon.com.br\/portal\/wp-json\/wp\/v2\/posts"}],"about":[{"href":"https:\/\/verdadeon.com.br\/portal\/wp-json\/wp\/v2\/types\/post"}],"author":[{"embeddable":true,"href":"https:\/\/verdadeon.com.br\/portal\/wp-json\/wp\/v2\/users\/10"}],"replies":[{"embeddable":true,"href":"https:\/\/verdadeon.com.br\/portal\/wp-json\/wp\/v2\/comments?post=45488"}],"version-history":[{"count":1,"href":"https:\/\/verdadeon.com.br\/portal\/wp-json\/wp\/v2\/posts\/45488\/revisions"}],"predecessor-version":[{"id":45490,"href":"https:\/\/verdadeon.com.br\/portal\/wp-json\/wp\/v2\/posts\/45488\/revisions\/45490"}],"wp:featuredmedia":[{"embeddable":true,"href":"https:\/\/verdadeon.com.br\/portal\/wp-json\/wp\/v2\/media\/45489"}],"wp:attachment":[{"href":"https:\/\/verdadeon.com.br\/portal\/wp-json\/wp\/v2\/media?parent=45488"}],"wp:term":[{"taxonomy":"category","embeddable":true,"href":"https:\/\/verdadeon.com.br\/portal\/wp-json\/wp\/v2\/categories?post=45488"},{"taxonomy":"post_tag","embeddable":true,"href":"https:\/\/verdadeon.com.br\/portal\/wp-json\/wp\/v2\/tags?post=45488"}],"curies":[{"name":"wp","href":"https:\/\/api.w.org\/{rel}","templated":true}]}}