{"id":45482,"date":"2024-06-05T08:00:29","date_gmt":"2024-06-05T11:00:29","guid":{"rendered":"https:\/\/verdadeon.com.br\/portal\/?p=45482"},"modified":"2024-06-05T08:52:24","modified_gmt":"2024-06-05T11:52:24","slug":"votacao-sobre-taxacao-de-compras-internacionais-e-adiada-no-senado","status":"publish","type":"post","link":"https:\/\/verdadeon.com.br\/portal\/2024\/06\/05\/votacao-sobre-taxacao-de-compras-internacionais-e-adiada-no-senado\/","title":{"rendered":"Vota\u00e7\u00e3o sobre taxa\u00e7\u00e3o de compras internacionais \u00e9 adiada no Senado"},"content":{"rendered":"<h2 class=\"col-10 offset-1 animated fadeInDown dealy-900 display-8 display-md-8 alt-font font-italic my-1 text-center\">Senadores acordaram por suspens\u00e3o ap\u00f3s mudan\u00e7as no texto da C\u00e2mara<\/h2>\n<p>O Senado Federal adiou na ter\u00e7a-feira (4) a vota\u00e7\u00e3o do projeto que cria o Programa Mobilidade Verde e Inova\u00e7\u00e3o (Mover), que promove tecnologias para produ\u00e7\u00e3o de ve\u00edculos que emitem menos gases de efeito estufa. A medida, j\u00e1 <a href=\"https:\/\/agenciabrasil.ebc.com.br\/economia\/noticia\/2024-05\/camara-aprova-imposto-para-compras-internacionais-de-ate-us-50\">aprovada pela C\u00e2mara dos Deputados<\/a> na semana passada, trazia uma emenda que prev\u00ea uma taxa\u00e7\u00e3o de 20% nas compras internacionais de at\u00e9 US$ 50, que abrange grandes empresas varejistas internacionais que vendem pela internet, como Shopee, AliExpress e Shein.<\/p>\n<p>O relator do projeto no Senado, Rodrigo Cunha (Podemos-AL), havia anunciado, mais cedo,\u00a0<a href=\"https:\/\/agenciabrasil.ebc.com.br\/politica\/noticia\/2024-06\/relator-exclui-taxacao-de-compras-internacionais-de-projeto-no-senado\">ter exclu\u00eddo essa taxa\u00e7\u00e3o<\/a>\u00a0do relat\u00f3rio, argumentando tratar-se de tema &#8220;estranho&#8221; ao conte\u00fado principal do projeto de lei. Essa decis\u00e3o contrariou o acordo costurado entre parlamentares da base do governo e da oposi\u00e7\u00e3o que resultou na aprova\u00e7\u00e3o do projeto pelos deputados.<\/p>\n<p>&#8220;O relat\u00f3rio foi lido agora, praticamente em cima da hora, o relator acaba de retirar mais uma emenda. \u00c9 dif\u00edcil pegar um tema desse, que foi constru\u00eddo para atrair investimentos para c\u00e1. Eu tenho j\u00e1 o compromisso do presidente de veto de uma s\u00e9rie de dispositivos que s\u00e3o parte da retirada que o senador Rodrigo Cunha fez. Ent\u00e3o, eu acho mais pertinente, at\u00e9 para que haja tempo&#8221;, afirmou o l\u00edder do governo no Senado, Jaques Wagner (PT-BA), ao pedir o adiamento. Ele foi seguido por outros colegas em plen\u00e1rio.<\/p>\n<p>&#8220;O relat\u00f3rio foi publicado quando o senador estava subindo \u00e0 tribuna, portanto, n\u00f3s n\u00e3o tivemos condi\u00e7\u00f5es de conhecer o relat\u00f3rio. N\u00e3o t\u00ednhamos condi\u00e7\u00f5es de conhecer todas as emendas apresentadas. Portanto, a discuss\u00e3o, hoje, seria, na minha opini\u00e3o, um tanto quanto enviesada&#8221;, refor\u00e7ou o l\u00edder do MDB, senador Eduardo Braga (MDB-AM).<\/p>\n<p>Na mesma linha, o senador Rog\u00e9rio Marinho (PL-RN), l\u00edder da oposi\u00e7\u00e3o no Senado, pediu mais tempo de an\u00e1lise para que se possa construir um consenso em torno da mat\u00e9ria. &#8220;Todos n\u00f3s vamos nos debru\u00e7ar sobre o texto que o relator nos deu conhecimento agora. Eu, particularmente, gostaria de conversar com o relator, depois, para verificar se \u00e9 poss\u00edvel algum tipo de converg\u00eancia com o pr\u00f3prio governo, para termos um texto mais redondo&#8221;, afirmou.<\/p>\n<p>Ao acatar prontamente o pedido, o presidente do Senado, Rodrigo Pacheco (PSD-MG), afirmou que o texto ser\u00e1 inclu\u00eddo na pauta do plen\u00e1rio desta quarta-feira (5), retomando a partir da discuss\u00e3o da proposta do relator.<\/p>\n<h4>Entenda a taxa\u00e7\u00e3o<\/h4>\n<p>Pela legisla\u00e7\u00e3o atual, produtos importados abaixo de US$ 50 (cerca de R$ 255) s\u00e3o isentos de imposto de importa\u00e7\u00e3o. O relator do projeto na C\u00e2mara, deputado \u00c1tila Lira (PP-PI), incluiu a taxa\u00e7\u00e3o de 20% de imposto sobre essas compras internacionais.<\/p>\n<p>Compras dentro desse limite s\u00e3o muito comuns em sites de varejistas estrangeiros, notadamente do Sudeste Asi\u00e1tico, como Shopee, AliExpress e Shein. Os varejistas brasileiros pedem a taxa\u00e7\u00e3o dessas compras, afirmando que, sem o tributo, a concorr\u00eancia fica desleal.<\/p>\n<p>De US$ 50 at\u00e9 US$ 3 mil, o projeto que veio da C\u00e2mara previa que o imposto de importa\u00e7\u00e3o seria de 60%, com desconto de US$ 20 do tributo a pagar.<\/p>\n<h4>Projeto Mover<\/h4>\n<p>A taxa\u00e7\u00e3o dessas importa\u00e7\u00f5es foi inclu\u00edda no projeto de lei do Mover, que prev\u00ea incentivos de R$ 19,3 bilh\u00f5es em cinco anos e redu\u00e7\u00e3o do Imposto Sobre Produtos Industrializados (IPI) para estimular a fabrica\u00e7\u00e3o de carros e outros ve\u00edculos menos poluentes.<\/p>\n<p>Ag\u00eancia Brasil<\/p>\n","protected":false},"excerpt":{"rendered":"<p>Senadores acordaram por suspens\u00e3o ap\u00f3s mudan\u00e7as no texto da C\u00e2mara O Senado Federal adiou na ter\u00e7a-feira (4) a vota\u00e7\u00e3o do projeto que cria o Programa Mobilidade<span class=\"excerpt-hellip\"> [\u2026]<\/span><\/p>\n","protected":false},"author":10,"featured_media":45483,"comment_status":"open","ping_status":"open","sticky":false,"template":"","format":"standard","meta":{"_jetpack_memberships_contains_paid_content":false,"footnotes":"","jetpack_publicize_message":"","jetpack_publicize_feature_enabled":true,"jetpack_social_post_already_shared":false,"jetpack_social_options":{"image_generator_settings":{"template":"highway","default_image_id":0,"enabled":false},"version":2}},"categories":[28,44],"tags":[],"class_list":["post-45482","post","type-post","status-publish","format-standard","has-post-thumbnail","hentry","category-cotidiano","category-noticias"],"yoast_head":"<!-- This site is optimized with the Yoast SEO plugin v25.6 - https:\/\/yoast.com\/wordpress\/plugins\/seo\/ -->\n<title>Vota\u00e7\u00e3o sobre taxa\u00e7\u00e3o de compras internacionais \u00e9 adiada no Senado - VerdadeOn<\/title>\n<meta name=\"robots\" content=\"index, follow, max-snippet:-1, max-image-preview:large, max-video-preview:-1\" \/>\n<link rel=\"canonical\" href=\"https:\/\/verdadeon.com.br\/portal\/2024\/06\/05\/votacao-sobre-taxacao-de-compras-internacionais-e-adiada-no-senado\/\" \/>\n<meta property=\"og:locale\" content=\"pt_BR\" \/>\n<meta property=\"og:type\" content=\"article\" \/>\n<meta property=\"og:title\" content=\"Vota\u00e7\u00e3o sobre taxa\u00e7\u00e3o de compras internacionais \u00e9 adiada no Senado - VerdadeOn\" \/>\n<meta property=\"og:description\" content=\"Senadores acordaram por suspens\u00e3o ap\u00f3s mudan\u00e7as no texto da C\u00e2mara O Senado Federal adiou na ter\u00e7a-feira (4) a vota\u00e7\u00e3o do projeto que cria o Programa Mobilidade [\u2026]\" \/>\n<meta property=\"og:url\" content=\"https:\/\/verdadeon.com.br\/portal\/2024\/06\/05\/votacao-sobre-taxacao-de-compras-internacionais-e-adiada-no-senado\/\" \/>\n<meta property=\"og:site_name\" content=\"VerdadeOn\" \/>\n<meta property=\"article:published_time\" content=\"2024-06-05T11:00:29+00:00\" \/>\n<meta property=\"article:modified_time\" content=\"2024-06-05T11:52:24+00:00\" \/>\n<meta property=\"og:image\" content=\"https:\/\/i0.wp.com\/verdadeon.com.br\/portal\/wp-content\/uploads\/2024\/06\/ja_2712-1.webp?fit=1170%2C700&ssl=1\" \/>\n\t<meta property=\"og:image:width\" content=\"1170\" \/>\n\t<meta property=\"og:image:height\" content=\"700\" \/>\n\t<meta property=\"og:image:type\" content=\"image\/webp\" \/>\n<meta name=\"author\" content=\"Redacao VerdadeOn\" \/>\n<meta name=\"twitter:card\" content=\"summary_large_image\" \/>\n<meta name=\"twitter:label1\" content=\"Escrito por\" \/>\n\t<meta name=\"twitter:data1\" content=\"Redacao VerdadeOn\" \/>\n\t<meta name=\"twitter:label2\" content=\"Est. tempo de leitura\" \/>\n\t<meta name=\"twitter:data2\" content=\"3 minutos\" \/>\n<script type=\"application\/ld+json\" class=\"yoast-schema-graph\">{\"@context\":\"https:\/\/schema.org\",\"@graph\":[{\"@type\":\"WebPage\",\"@id\":\"https:\/\/verdadeon.com.br\/portal\/2024\/06\/05\/votacao-sobre-taxacao-de-compras-internacionais-e-adiada-no-senado\/\",\"url\":\"https:\/\/verdadeon.com.br\/portal\/2024\/06\/05\/votacao-sobre-taxacao-de-compras-internacionais-e-adiada-no-senado\/\",\"name\":\"Vota\u00e7\u00e3o sobre taxa\u00e7\u00e3o de compras internacionais \u00e9 adiada no Senado - VerdadeOn\",\"isPartOf\":{\"@id\":\"https:\/\/verdadeon.com.br\/portal\/#website\"},\"primaryImageOfPage\":{\"@id\":\"https:\/\/verdadeon.com.br\/portal\/2024\/06\/05\/votacao-sobre-taxacao-de-compras-internacionais-e-adiada-no-senado\/#primaryimage\"},\"image\":{\"@id\":\"https:\/\/verdadeon.com.br\/portal\/2024\/06\/05\/votacao-sobre-taxacao-de-compras-internacionais-e-adiada-no-senado\/#primaryimage\"},\"thumbnailUrl\":\"https:\/\/i0.wp.com\/verdadeon.com.br\/portal\/wp-content\/uploads\/2024\/06\/ja_2712-1.webp?fit=1170%2C700&ssl=1\",\"datePublished\":\"2024-06-05T11:00:29+00:00\",\"dateModified\":\"2024-06-05T11:52:24+00:00\",\"author\":{\"@id\":\"https:\/\/verdadeon.com.br\/portal\/#\/schema\/person\/a5060ad1e9ea3df545188fc93ce43d2f\"},\"breadcrumb\":{\"@id\":\"https:\/\/verdadeon.com.br\/portal\/2024\/06\/05\/votacao-sobre-taxacao-de-compras-internacionais-e-adiada-no-senado\/#breadcrumb\"},\"inLanguage\":\"pt-BR\",\"potentialAction\":[{\"@type\":\"ReadAction\",\"target\":[\"https:\/\/verdadeon.com.br\/portal\/2024\/06\/05\/votacao-sobre-taxacao-de-compras-internacionais-e-adiada-no-senado\/\"]}]},{\"@type\":\"ImageObject\",\"inLanguage\":\"pt-BR\",\"@id\":\"https:\/\/verdadeon.com.br\/portal\/2024\/06\/05\/votacao-sobre-taxacao-de-compras-internacionais-e-adiada-no-senado\/#primaryimage\",\"url\":\"https:\/\/i0.wp.com\/verdadeon.com.br\/portal\/wp-content\/uploads\/2024\/06\/ja_2712-1.webp?fit=1170%2C700&ssl=1\",\"contentUrl\":\"https:\/\/i0.wp.com\/verdadeon.com.br\/portal\/wp-content\/uploads\/2024\/06\/ja_2712-1.webp?fit=1170%2C700&ssl=1\",\"width\":1170,\"height\":700,\"caption\":\"Emenda prev\u00ea taxa\u00e7\u00e3o de 20% nas compras internacionais de at\u00e9 US$ 50, que abrange grandes empresas varejistas internacionais que vendem pela internet, como Shopee, AliExpress e Shein (\u00a9Jo\u00e9dson Alves)\"},{\"@type\":\"BreadcrumbList\",\"@id\":\"https:\/\/verdadeon.com.br\/portal\/2024\/06\/05\/votacao-sobre-taxacao-de-compras-internacionais-e-adiada-no-senado\/#breadcrumb\",\"itemListElement\":[{\"@type\":\"ListItem\",\"position\":1,\"name\":\"In\u00edcio\",\"item\":\"https:\/\/verdadeon.com.br\/portal\/\"},{\"@type\":\"ListItem\",\"position\":2,\"name\":\"Vota\u00e7\u00e3o sobre taxa\u00e7\u00e3o de compras internacionais \u00e9 adiada no Senado\"}]},{\"@type\":\"WebSite\",\"@id\":\"https:\/\/verdadeon.com.br\/portal\/#website\",\"url\":\"https:\/\/verdadeon.com.br\/portal\/\",\"name\":\"VerdadeOn\",\"description\":\"Not\u00edcias di\u00e1rias sobre Franca, Regi\u00e3o, Esporte, Cultura, Cotidiano, Colunas. Cobertura nos principais eventos da cidade \u00e9 aqui - Verdadeon Franca\",\"potentialAction\":[{\"@type\":\"SearchAction\",\"target\":{\"@type\":\"EntryPoint\",\"urlTemplate\":\"https:\/\/verdadeon.com.br\/portal\/?s={search_term_string}\"},\"query-input\":{\"@type\":\"PropertyValueSpecification\",\"valueRequired\":true,\"valueName\":\"search_term_string\"}}],\"inLanguage\":\"pt-BR\"},{\"@type\":\"Person\",\"@id\":\"https:\/\/verdadeon.com.br\/portal\/#\/schema\/person\/a5060ad1e9ea3df545188fc93ce43d2f\",\"name\":\"Redacao VerdadeOn\",\"image\":{\"@type\":\"ImageObject\",\"inLanguage\":\"pt-BR\",\"@id\":\"https:\/\/verdadeon.com.br\/portal\/#\/schema\/person\/image\/\",\"url\":\"https:\/\/secure.gravatar.com\/avatar\/459a9613caaaf07f582c3d0841eea68bdd66f533e465e6ba8b9cb45619572cf4?s=96&d=mm&r=g\",\"contentUrl\":\"https:\/\/secure.gravatar.com\/avatar\/459a9613caaaf07f582c3d0841eea68bdd66f533e465e6ba8b9cb45619572cf4?s=96&d=mm&r=g\",\"caption\":\"Redacao VerdadeOn\"},\"url\":\"https:\/\/verdadeon.com.br\/portal\/author\/redacao\/\"}]}<\/script>\n<!-- \/ Yoast SEO plugin. -->","yoast_head_json":{"title":"Vota\u00e7\u00e3o sobre taxa\u00e7\u00e3o de compras internacionais \u00e9 adiada no Senado - VerdadeOn","robots":{"index":"index","follow":"follow","max-snippet":"max-snippet:-1","max-image-preview":"max-image-preview:large","max-video-preview":"max-video-preview:-1"},"canonical":"https:\/\/verdadeon.com.br\/portal\/2024\/06\/05\/votacao-sobre-taxacao-de-compras-internacionais-e-adiada-no-senado\/","og_locale":"pt_BR","og_type":"article","og_title":"Vota\u00e7\u00e3o sobre taxa\u00e7\u00e3o de compras internacionais \u00e9 adiada no Senado - VerdadeOn","og_description":"Senadores acordaram por suspens\u00e3o ap\u00f3s mudan\u00e7as no texto da C\u00e2mara O Senado Federal adiou na ter\u00e7a-feira (4) a vota\u00e7\u00e3o do projeto que cria o Programa Mobilidade [\u2026]","og_url":"https:\/\/verdadeon.com.br\/portal\/2024\/06\/05\/votacao-sobre-taxacao-de-compras-internacionais-e-adiada-no-senado\/","og_site_name":"VerdadeOn","article_published_time":"2024-06-05T11:00:29+00:00","article_modified_time":"2024-06-05T11:52:24+00:00","og_image":[{"width":1170,"height":700,"url":"https:\/\/i0.wp.com\/verdadeon.com.br\/portal\/wp-content\/uploads\/2024\/06\/ja_2712-1.webp?fit=1170%2C700&ssl=1","type":"image\/webp"}],"author":"Redacao VerdadeOn","twitter_card":"summary_large_image","twitter_misc":{"Escrito por":"Redacao VerdadeOn","Est. tempo de leitura":"3 minutos"},"schema":{"@context":"https:\/\/schema.org","@graph":[{"@type":"WebPage","@id":"https:\/\/verdadeon.com.br\/portal\/2024\/06\/05\/votacao-sobre-taxacao-de-compras-internacionais-e-adiada-no-senado\/","url":"https:\/\/verdadeon.com.br\/portal\/2024\/06\/05\/votacao-sobre-taxacao-de-compras-internacionais-e-adiada-no-senado\/","name":"Vota\u00e7\u00e3o sobre taxa\u00e7\u00e3o de compras internacionais \u00e9 adiada no Senado - VerdadeOn","isPartOf":{"@id":"https:\/\/verdadeon.com.br\/portal\/#website"},"primaryImageOfPage":{"@id":"https:\/\/verdadeon.com.br\/portal\/2024\/06\/05\/votacao-sobre-taxacao-de-compras-internacionais-e-adiada-no-senado\/#primaryimage"},"image":{"@id":"https:\/\/verdadeon.com.br\/portal\/2024\/06\/05\/votacao-sobre-taxacao-de-compras-internacionais-e-adiada-no-senado\/#primaryimage"},"thumbnailUrl":"https:\/\/i0.wp.com\/verdadeon.com.br\/portal\/wp-content\/uploads\/2024\/06\/ja_2712-1.webp?fit=1170%2C700&ssl=1","datePublished":"2024-06-05T11:00:29+00:00","dateModified":"2024-06-05T11:52:24+00:00","author":{"@id":"https:\/\/verdadeon.com.br\/portal\/#\/schema\/person\/a5060ad1e9ea3df545188fc93ce43d2f"},"breadcrumb":{"@id":"https:\/\/verdadeon.com.br\/portal\/2024\/06\/05\/votacao-sobre-taxacao-de-compras-internacionais-e-adiada-no-senado\/#breadcrumb"},"inLanguage":"pt-BR","potentialAction":[{"@type":"ReadAction","target":["https:\/\/verdadeon.com.br\/portal\/2024\/06\/05\/votacao-sobre-taxacao-de-compras-internacionais-e-adiada-no-senado\/"]}]},{"@type":"ImageObject","inLanguage":"pt-BR","@id":"https:\/\/verdadeon.com.br\/portal\/2024\/06\/05\/votacao-sobre-taxacao-de-compras-internacionais-e-adiada-no-senado\/#primaryimage","url":"https:\/\/i0.wp.com\/verdadeon.com.br\/portal\/wp-content\/uploads\/2024\/06\/ja_2712-1.webp?fit=1170%2C700&ssl=1","contentUrl":"https:\/\/i0.wp.com\/verdadeon.com.br\/portal\/wp-content\/uploads\/2024\/06\/ja_2712-1.webp?fit=1170%2C700&ssl=1","width":1170,"height":700,"caption":"Emenda prev\u00ea taxa\u00e7\u00e3o de 20% nas compras internacionais de at\u00e9 US$ 50, que abrange grandes empresas varejistas internacionais que vendem pela internet, como Shopee, AliExpress e Shein (\u00a9Jo\u00e9dson Alves)"},{"@type":"BreadcrumbList","@id":"https:\/\/verdadeon.com.br\/portal\/2024\/06\/05\/votacao-sobre-taxacao-de-compras-internacionais-e-adiada-no-senado\/#breadcrumb","itemListElement":[{"@type":"ListItem","position":1,"name":"In\u00edcio","item":"https:\/\/verdadeon.com.br\/portal\/"},{"@type":"ListItem","position":2,"name":"Vota\u00e7\u00e3o sobre taxa\u00e7\u00e3o de compras internacionais \u00e9 adiada no Senado"}]},{"@type":"WebSite","@id":"https:\/\/verdadeon.com.br\/portal\/#website","url":"https:\/\/verdadeon.com.br\/portal\/","name":"VerdadeOn","description":"Not\u00edcias di\u00e1rias sobre Franca, Regi\u00e3o, Esporte, Cultura, Cotidiano, Colunas. Cobertura nos principais eventos da cidade \u00e9 aqui - Verdadeon Franca","potentialAction":[{"@type":"SearchAction","target":{"@type":"EntryPoint","urlTemplate":"https:\/\/verdadeon.com.br\/portal\/?s={search_term_string}"},"query-input":{"@type":"PropertyValueSpecification","valueRequired":true,"valueName":"search_term_string"}}],"inLanguage":"pt-BR"},{"@type":"Person","@id":"https:\/\/verdadeon.com.br\/portal\/#\/schema\/person\/a5060ad1e9ea3df545188fc93ce43d2f","name":"Redacao VerdadeOn","image":{"@type":"ImageObject","inLanguage":"pt-BR","@id":"https:\/\/verdadeon.com.br\/portal\/#\/schema\/person\/image\/","url":"https:\/\/secure.gravatar.com\/avatar\/459a9613caaaf07f582c3d0841eea68bdd66f533e465e6ba8b9cb45619572cf4?s=96&d=mm&r=g","contentUrl":"https:\/\/secure.gravatar.com\/avatar\/459a9613caaaf07f582c3d0841eea68bdd66f533e465e6ba8b9cb45619572cf4?s=96&d=mm&r=g","caption":"Redacao VerdadeOn"},"url":"https:\/\/verdadeon.com.br\/portal\/author\/redacao\/"}]}},"jetpack_publicize_connections":[],"jetpack_featured_media_url":"https:\/\/i0.wp.com\/verdadeon.com.br\/portal\/wp-content\/uploads\/2024\/06\/ja_2712-1.webp?fit=1170%2C700&ssl=1","jetpack_sharing_enabled":true,"_links":{"self":[{"href":"https:\/\/verdadeon.com.br\/portal\/wp-json\/wp\/v2\/posts\/45482","targetHints":{"allow":["GET"]}}],"collection":[{"href":"https:\/\/verdadeon.com.br\/portal\/wp-json\/wp\/v2\/posts"}],"about":[{"href":"https:\/\/verdadeon.com.br\/portal\/wp-json\/wp\/v2\/types\/post"}],"author":[{"embeddable":true,"href":"https:\/\/verdadeon.com.br\/portal\/wp-json\/wp\/v2\/users\/10"}],"replies":[{"embeddable":true,"href":"https:\/\/verdadeon.com.br\/portal\/wp-json\/wp\/v2\/comments?post=45482"}],"version-history":[{"count":1,"href":"https:\/\/verdadeon.com.br\/portal\/wp-json\/wp\/v2\/posts\/45482\/revisions"}],"predecessor-version":[{"id":45484,"href":"https:\/\/verdadeon.com.br\/portal\/wp-json\/wp\/v2\/posts\/45482\/revisions\/45484"}],"wp:featuredmedia":[{"embeddable":true,"href":"https:\/\/verdadeon.com.br\/portal\/wp-json\/wp\/v2\/media\/45483"}],"wp:attachment":[{"href":"https:\/\/verdadeon.com.br\/portal\/wp-json\/wp\/v2\/media?parent=45482"}],"wp:term":[{"taxonomy":"category","embeddable":true,"href":"https:\/\/verdadeon.com.br\/portal\/wp-json\/wp\/v2\/categories?post=45482"},{"taxonomy":"post_tag","embeddable":true,"href":"https:\/\/verdadeon.com.br\/portal\/wp-json\/wp\/v2\/tags?post=45482"}],"curies":[{"name":"wp","href":"https:\/\/api.w.org\/{rel}","templated":true}]}}