{"id":45465,"date":"2024-06-04T13:55:49","date_gmt":"2024-06-04T16:55:49","guid":{"rendered":"https:\/\/verdadeon.com.br\/portal\/?p=45465"},"modified":"2024-06-04T13:55:49","modified_gmt":"2024-06-04T16:55:49","slug":"avanca-na-camara-retirada-da-vacina-da-covid-de-calendario-infantil","status":"publish","type":"post","link":"https:\/\/verdadeon.com.br\/portal\/2024\/06\/04\/avanca-na-camara-retirada-da-vacina-da-covid-de-calendario-infantil\/","title":{"rendered":"Avan\u00e7a na C\u00e2mara retirada da vacina da covid de calend\u00e1rio infantil"},"content":{"rendered":"<h2 class=\"col-10 offset-1 animated fadeInDown dealy-900 display-8 display-md-8 alt-font font-italic my-1 text-center\">Recurso contra rejei\u00e7\u00e3o do texto foi aprovado na CCJ e vai ao plen\u00e1rio<\/h2>\n<div class=\"post-item-wrap\">\n<p>Contrariando a posi\u00e7\u00e3o da comunidade cient\u00edfica, avan\u00e7ou na C\u00e2mara dos Deputados o projeto de decreto legislativo (<a href=\"https:\/\/www.camara.leg.br\/proposicoesWeb\/prop_mostrarintegra?codteor=2377960&amp;filename=PDL%20486\/2023\" target=\"_blank\" rel=\"noopener\">PDL 486\/2023<\/a>) que exclui a vacina contra a covid-19 do calend\u00e1rio infantil para crian\u00e7as de 6 meses a 5 anos de idade. A medida derruba a decis\u00e3o do Minist\u00e9rio da Sa\u00fade (MS) que inclui o imunizante no Plano Nacional de Imuniza\u00e7\u00f5es (PNI).<\/p>\n<p>A autora do projeto, deputada Julia Zanatta (PL\/SC), recorreu \u00e0 Comiss\u00e3o de Constitui\u00e7\u00e3o e Justi\u00e7a (CCJ) da decis\u00e3o do presidente da C\u00e2mara, Arthur Lira (PP-AL), que rejeitou o texto.<\/p>\n<p>O recurso foi aprovado por 28 votos &#8211; sendo 25 do PL, um do Uni\u00e3o Brasil, um do Novo e um do PP- contra 14 na Comiss\u00e3o de Constitui\u00e7\u00e3o e Justi\u00e7a (CCJ), e agora precisa ser analisado pelo plen\u00e1rio da Casa. Ainda n\u00e3o h\u00e1 data para a vota\u00e7\u00e3o do recurso.<\/p>\n<p>A deputada Julia Zanatta argumenta que a vacina contra a covid-19 n\u00e3o teria sido suficientemente testada \u201cpelo tempo\u201d, sujeitando os pais e respons\u00e1veis \u201ca penalidades diversas, inclusive a perda da guarda dos filhos\u201d. Organiza\u00e7\u00f5es cient\u00edficas e o Minist\u00e9rio da Sa\u00fade rejeitam o argumento da relatora.<\/p>\n<p>\u201cAs vacinas [contra a ] covid-19 est\u00e3o entre os produtos farmacol\u00f3gicos mais estudados na hist\u00f3ria recente da humanidade\u201d, rebateu o minist\u00e9rio em nota t\u00e9cnica, lembrando ainda que, somente neste ano, 30 crian\u00e7as morreram em decorr\u00eancia da covid.<\/p>\n<p>&#8220;As crian\u00e7as representam atualmente uma propor\u00e7\u00e3o relevante de casos, hospitaliza\u00e7\u00f5es e \u00f3bitos decorrentes da covid-19. Apenas em 2024, at\u00e9 18 de maio, foram registrados 1.150 casos e 30 \u00f3bitos por s\u00edndrome respirat\u00f3ria aguda grave (SRAG) por covid-19 na faixa et\u00e1ria com menos de 5 anos de idade\u201d, afirma a nota.<\/p>\n<p>A pasta lembrou ainda que a\u00a0<a href=\"https:\/\/planalto.gov.br\/ccivil_03\/LEIS\/L6259.htm\" target=\"_blank\" rel=\"noopener\">Lei n.\u00ba 6.259\/1975<\/a>\u00a0determina que cabe ao Minist\u00e9rio da Sa\u00fade a defini\u00e7\u00e3o das vacinas, inclusive as de car\u00e1ter obrigat\u00f3rio, e que \u201ca inclus\u00e3o da vacina de covid-19 no calend\u00e1rio foi realizada com base em evid\u00eancias cient\u00edficas internacionais, al\u00e9m de dados epidemiol\u00f3gicos de casos e \u00f3bitos pela doen\u00e7a no Brasil\u201d.<\/p>\n<p>A decis\u00e3o de incluir a vacina contra o coronav\u00edrus no calend\u00e1rio infantil foi apoiada pelo C\u00e2mara de Assessoramento de Imuniza\u00e7\u00f5es do MS, que re\u00fane as principais organiza\u00e7\u00f5es cient\u00edficas do Brasil, como a Sociedade Brasileira de Pediatria (SBP), a Sociedade Brasileira de Infectologia (SBI), a Federa\u00e7\u00e3o Brasileira de Ginecologia e Obstetr\u00edcia (Febrasgo), a Associa\u00e7\u00e3o Brasileira de Sa\u00fade Coletiva (Abrasco), entre outras.<\/p>\n<p>\u201cA Coaliz\u00e3o Internacional de Autoridades Reguladoras de Medicamentos (ICMRA), que congrega 38 ag\u00eancias reguladoras de medicamentos, incluindo a Anvisa, reitera a seguran\u00e7a das vacinas Covid-19 em crian\u00e7as, com base em dados de milh\u00f5es de doses que foram administradas nesta faixa et\u00e1ria e que s\u00e3o consistentes com as conclus\u00f5es dos ensaios cl\u00ednicos pedi\u00e1tricos\u201d, completou, em nota, o minist\u00e9rio.<\/p>\n<p>A inclus\u00e3o da vacina contra a covid-19 no calend\u00e1rio infantil tamb\u00e9m conta com o apoio da Organiza\u00e7\u00e3o Mundial de Sa\u00fade (OMS) e dos conselhos nacionais de Secret\u00e1rios Estaduais e Municipais de Sa\u00fade (Conass e Conasems).<\/p>\n<p>Ag\u00eancia Brasil<\/p>\n<\/div>\n","protected":false},"excerpt":{"rendered":"<p>Recurso contra rejei\u00e7\u00e3o do texto foi aprovado na CCJ e vai ao plen\u00e1rio Contrariando a posi\u00e7\u00e3o da comunidade cient\u00edfica, avan\u00e7ou na C\u00e2mara dos Deputados o projeto<span class=\"excerpt-hellip\"> [\u2026]<\/span><\/p>\n","protected":false},"author":10,"featured_media":43060,"comment_status":"open","ping_status":"open","sticky":false,"template":"","format":"standard","meta":{"_jetpack_memberships_contains_paid_content":false,"footnotes":"","jetpack_publicize_message":"","jetpack_publicize_feature_enabled":true,"jetpack_social_post_already_shared":false,"jetpack_social_options":{"image_generator_settings":{"template":"highway","default_image_id":0,"enabled":false},"version":2}},"categories":[28,44],"tags":[],"class_list":["post-45465","post","type-post","status-publish","format-standard","has-post-thumbnail","hentry","category-cotidiano","category-noticias"],"yoast_head":"<!-- This site is optimized with the Yoast SEO plugin v25.6 - https:\/\/yoast.com\/wordpress\/plugins\/seo\/ -->\n<title>Avan\u00e7a na C\u00e2mara retirada da vacina da covid de calend\u00e1rio infantil - VerdadeOn<\/title>\n<meta name=\"robots\" content=\"index, follow, max-snippet:-1, max-image-preview:large, max-video-preview:-1\" \/>\n<link rel=\"canonical\" href=\"https:\/\/verdadeon.com.br\/portal\/2024\/06\/04\/avanca-na-camara-retirada-da-vacina-da-covid-de-calendario-infantil\/\" \/>\n<meta property=\"og:locale\" content=\"pt_BR\" \/>\n<meta property=\"og:type\" content=\"article\" \/>\n<meta property=\"og:title\" content=\"Avan\u00e7a na C\u00e2mara retirada da vacina da covid de calend\u00e1rio infantil - VerdadeOn\" \/>\n<meta property=\"og:description\" content=\"Recurso contra rejei\u00e7\u00e3o do texto foi aprovado na CCJ e vai ao plen\u00e1rio Contrariando a posi\u00e7\u00e3o da comunidade cient\u00edfica, avan\u00e7ou na C\u00e2mara dos Deputados o projeto [\u2026]\" \/>\n<meta property=\"og:url\" content=\"https:\/\/verdadeon.com.br\/portal\/2024\/06\/04\/avanca-na-camara-retirada-da-vacina-da-covid-de-calendario-infantil\/\" \/>\n<meta property=\"og:site_name\" content=\"VerdadeOn\" \/>\n<meta property=\"article:published_time\" content=\"2024-06-04T16:55:49+00:00\" \/>\n<meta property=\"og:image\" content=\"https:\/\/verdadeon.com.br\/portal\/wp-content\/uploads\/2024\/04\/53517941687_7135cdaccf_o.jpg\" \/>\n\t<meta property=\"og:image:width\" content=\"1021\" \/>\n\t<meta property=\"og:image:height\" content=\"604\" \/>\n\t<meta property=\"og:image:type\" content=\"image\/jpeg\" \/>\n<meta name=\"author\" content=\"Redacao VerdadeOn\" \/>\n<meta name=\"twitter:card\" content=\"summary_large_image\" \/>\n<meta name=\"twitter:label1\" content=\"Escrito por\" \/>\n\t<meta name=\"twitter:data1\" content=\"Redacao VerdadeOn\" \/>\n\t<meta name=\"twitter:label2\" content=\"Est. tempo de leitura\" \/>\n\t<meta name=\"twitter:data2\" content=\"3 minutos\" \/>\n<script type=\"application\/ld+json\" class=\"yoast-schema-graph\">{\"@context\":\"https:\/\/schema.org\",\"@graph\":[{\"@type\":\"WebPage\",\"@id\":\"https:\/\/verdadeon.com.br\/portal\/2024\/06\/04\/avanca-na-camara-retirada-da-vacina-da-covid-de-calendario-infantil\/\",\"url\":\"https:\/\/verdadeon.com.br\/portal\/2024\/06\/04\/avanca-na-camara-retirada-da-vacina-da-covid-de-calendario-infantil\/\",\"name\":\"Avan\u00e7a na C\u00e2mara retirada da vacina da covid de calend\u00e1rio infantil - VerdadeOn\",\"isPartOf\":{\"@id\":\"https:\/\/verdadeon.com.br\/portal\/#website\"},\"primaryImageOfPage\":{\"@id\":\"https:\/\/verdadeon.com.br\/portal\/2024\/06\/04\/avanca-na-camara-retirada-da-vacina-da-covid-de-calendario-infantil\/#primaryimage\"},\"image\":{\"@id\":\"https:\/\/verdadeon.com.br\/portal\/2024\/06\/04\/avanca-na-camara-retirada-da-vacina-da-covid-de-calendario-infantil\/#primaryimage\"},\"thumbnailUrl\":\"https:\/\/i0.wp.com\/verdadeon.com.br\/portal\/wp-content\/uploads\/2024\/04\/53517941687_7135cdaccf_o.jpg?fit=1021%2C604&ssl=1\",\"datePublished\":\"2024-06-04T16:55:49+00:00\",\"author\":{\"@id\":\"https:\/\/verdadeon.com.br\/portal\/#\/schema\/person\/a5060ad1e9ea3df545188fc93ce43d2f\"},\"breadcrumb\":{\"@id\":\"https:\/\/verdadeon.com.br\/portal\/2024\/06\/04\/avanca-na-camara-retirada-da-vacina-da-covid-de-calendario-infantil\/#breadcrumb\"},\"inLanguage\":\"pt-BR\",\"potentialAction\":[{\"@type\":\"ReadAction\",\"target\":[\"https:\/\/verdadeon.com.br\/portal\/2024\/06\/04\/avanca-na-camara-retirada-da-vacina-da-covid-de-calendario-infantil\/\"]}]},{\"@type\":\"ImageObject\",\"inLanguage\":\"pt-BR\",\"@id\":\"https:\/\/verdadeon.com.br\/portal\/2024\/06\/04\/avanca-na-camara-retirada-da-vacina-da-covid-de-calendario-infantil\/#primaryimage\",\"url\":\"https:\/\/i0.wp.com\/verdadeon.com.br\/portal\/wp-content\/uploads\/2024\/04\/53517941687_7135cdaccf_o.jpg?fit=1021%2C604&ssl=1\",\"contentUrl\":\"https:\/\/i0.wp.com\/verdadeon.com.br\/portal\/wp-content\/uploads\/2024\/04\/53517941687_7135cdaccf_o.jpg?fit=1021%2C604&ssl=1\",\"width\":1021,\"height\":604,\"caption\":\"A medida derruba a decis\u00e3o do Minist\u00e9rio da Sa\u00fade (MS) que inclui o imunizante no Plano Nacional de Imuniza\u00e7\u00f5es (\u00a9Paulo H. Carvalho)\"},{\"@type\":\"BreadcrumbList\",\"@id\":\"https:\/\/verdadeon.com.br\/portal\/2024\/06\/04\/avanca-na-camara-retirada-da-vacina-da-covid-de-calendario-infantil\/#breadcrumb\",\"itemListElement\":[{\"@type\":\"ListItem\",\"position\":1,\"name\":\"In\u00edcio\",\"item\":\"https:\/\/verdadeon.com.br\/portal\/\"},{\"@type\":\"ListItem\",\"position\":2,\"name\":\"Avan\u00e7a na C\u00e2mara retirada da vacina da covid de calend\u00e1rio infantil\"}]},{\"@type\":\"WebSite\",\"@id\":\"https:\/\/verdadeon.com.br\/portal\/#website\",\"url\":\"https:\/\/verdadeon.com.br\/portal\/\",\"name\":\"VerdadeOn\",\"description\":\"Not\u00edcias di\u00e1rias sobre Franca, Regi\u00e3o, Esporte, Cultura, Cotidiano, Colunas. Cobertura nos principais eventos da cidade \u00e9 aqui - Verdadeon Franca\",\"potentialAction\":[{\"@type\":\"SearchAction\",\"target\":{\"@type\":\"EntryPoint\",\"urlTemplate\":\"https:\/\/verdadeon.com.br\/portal\/?s={search_term_string}\"},\"query-input\":{\"@type\":\"PropertyValueSpecification\",\"valueRequired\":true,\"valueName\":\"search_term_string\"}}],\"inLanguage\":\"pt-BR\"},{\"@type\":\"Person\",\"@id\":\"https:\/\/verdadeon.com.br\/portal\/#\/schema\/person\/a5060ad1e9ea3df545188fc93ce43d2f\",\"name\":\"Redacao VerdadeOn\",\"image\":{\"@type\":\"ImageObject\",\"inLanguage\":\"pt-BR\",\"@id\":\"https:\/\/verdadeon.com.br\/portal\/#\/schema\/person\/image\/\",\"url\":\"https:\/\/secure.gravatar.com\/avatar\/459a9613caaaf07f582c3d0841eea68bdd66f533e465e6ba8b9cb45619572cf4?s=96&d=mm&r=g\",\"contentUrl\":\"https:\/\/secure.gravatar.com\/avatar\/459a9613caaaf07f582c3d0841eea68bdd66f533e465e6ba8b9cb45619572cf4?s=96&d=mm&r=g\",\"caption\":\"Redacao VerdadeOn\"},\"url\":\"https:\/\/verdadeon.com.br\/portal\/author\/redacao\/\"}]}<\/script>\n<!-- \/ Yoast SEO plugin. -->","yoast_head_json":{"title":"Avan\u00e7a na C\u00e2mara retirada da vacina da covid de calend\u00e1rio infantil - VerdadeOn","robots":{"index":"index","follow":"follow","max-snippet":"max-snippet:-1","max-image-preview":"max-image-preview:large","max-video-preview":"max-video-preview:-1"},"canonical":"https:\/\/verdadeon.com.br\/portal\/2024\/06\/04\/avanca-na-camara-retirada-da-vacina-da-covid-de-calendario-infantil\/","og_locale":"pt_BR","og_type":"article","og_title":"Avan\u00e7a na C\u00e2mara retirada da vacina da covid de calend\u00e1rio infantil - VerdadeOn","og_description":"Recurso contra rejei\u00e7\u00e3o do texto foi aprovado na CCJ e vai ao plen\u00e1rio Contrariando a posi\u00e7\u00e3o da comunidade cient\u00edfica, avan\u00e7ou na C\u00e2mara dos Deputados o projeto [\u2026]","og_url":"https:\/\/verdadeon.com.br\/portal\/2024\/06\/04\/avanca-na-camara-retirada-da-vacina-da-covid-de-calendario-infantil\/","og_site_name":"VerdadeOn","article_published_time":"2024-06-04T16:55:49+00:00","og_image":[{"width":1021,"height":604,"url":"https:\/\/verdadeon.com.br\/portal\/wp-content\/uploads\/2024\/04\/53517941687_7135cdaccf_o.jpg","type":"image\/jpeg"}],"author":"Redacao VerdadeOn","twitter_card":"summary_large_image","twitter_misc":{"Escrito por":"Redacao VerdadeOn","Est. tempo de leitura":"3 minutos"},"schema":{"@context":"https:\/\/schema.org","@graph":[{"@type":"WebPage","@id":"https:\/\/verdadeon.com.br\/portal\/2024\/06\/04\/avanca-na-camara-retirada-da-vacina-da-covid-de-calendario-infantil\/","url":"https:\/\/verdadeon.com.br\/portal\/2024\/06\/04\/avanca-na-camara-retirada-da-vacina-da-covid-de-calendario-infantil\/","name":"Avan\u00e7a na C\u00e2mara retirada da vacina da covid de calend\u00e1rio infantil - VerdadeOn","isPartOf":{"@id":"https:\/\/verdadeon.com.br\/portal\/#website"},"primaryImageOfPage":{"@id":"https:\/\/verdadeon.com.br\/portal\/2024\/06\/04\/avanca-na-camara-retirada-da-vacina-da-covid-de-calendario-infantil\/#primaryimage"},"image":{"@id":"https:\/\/verdadeon.com.br\/portal\/2024\/06\/04\/avanca-na-camara-retirada-da-vacina-da-covid-de-calendario-infantil\/#primaryimage"},"thumbnailUrl":"https:\/\/i0.wp.com\/verdadeon.com.br\/portal\/wp-content\/uploads\/2024\/04\/53517941687_7135cdaccf_o.jpg?fit=1021%2C604&ssl=1","datePublished":"2024-06-04T16:55:49+00:00","author":{"@id":"https:\/\/verdadeon.com.br\/portal\/#\/schema\/person\/a5060ad1e9ea3df545188fc93ce43d2f"},"breadcrumb":{"@id":"https:\/\/verdadeon.com.br\/portal\/2024\/06\/04\/avanca-na-camara-retirada-da-vacina-da-covid-de-calendario-infantil\/#breadcrumb"},"inLanguage":"pt-BR","potentialAction":[{"@type":"ReadAction","target":["https:\/\/verdadeon.com.br\/portal\/2024\/06\/04\/avanca-na-camara-retirada-da-vacina-da-covid-de-calendario-infantil\/"]}]},{"@type":"ImageObject","inLanguage":"pt-BR","@id":"https:\/\/verdadeon.com.br\/portal\/2024\/06\/04\/avanca-na-camara-retirada-da-vacina-da-covid-de-calendario-infantil\/#primaryimage","url":"https:\/\/i0.wp.com\/verdadeon.com.br\/portal\/wp-content\/uploads\/2024\/04\/53517941687_7135cdaccf_o.jpg?fit=1021%2C604&ssl=1","contentUrl":"https:\/\/i0.wp.com\/verdadeon.com.br\/portal\/wp-content\/uploads\/2024\/04\/53517941687_7135cdaccf_o.jpg?fit=1021%2C604&ssl=1","width":1021,"height":604,"caption":"A medida derruba a decis\u00e3o do Minist\u00e9rio da Sa\u00fade (MS) que inclui o imunizante no Plano Nacional de Imuniza\u00e7\u00f5es (\u00a9Paulo H. Carvalho)"},{"@type":"BreadcrumbList","@id":"https:\/\/verdadeon.com.br\/portal\/2024\/06\/04\/avanca-na-camara-retirada-da-vacina-da-covid-de-calendario-infantil\/#breadcrumb","itemListElement":[{"@type":"ListItem","position":1,"name":"In\u00edcio","item":"https:\/\/verdadeon.com.br\/portal\/"},{"@type":"ListItem","position":2,"name":"Avan\u00e7a na C\u00e2mara retirada da vacina da covid de calend\u00e1rio infantil"}]},{"@type":"WebSite","@id":"https:\/\/verdadeon.com.br\/portal\/#website","url":"https:\/\/verdadeon.com.br\/portal\/","name":"VerdadeOn","description":"Not\u00edcias di\u00e1rias sobre Franca, Regi\u00e3o, Esporte, Cultura, Cotidiano, Colunas. Cobertura nos principais eventos da cidade \u00e9 aqui - Verdadeon Franca","potentialAction":[{"@type":"SearchAction","target":{"@type":"EntryPoint","urlTemplate":"https:\/\/verdadeon.com.br\/portal\/?s={search_term_string}"},"query-input":{"@type":"PropertyValueSpecification","valueRequired":true,"valueName":"search_term_string"}}],"inLanguage":"pt-BR"},{"@type":"Person","@id":"https:\/\/verdadeon.com.br\/portal\/#\/schema\/person\/a5060ad1e9ea3df545188fc93ce43d2f","name":"Redacao VerdadeOn","image":{"@type":"ImageObject","inLanguage":"pt-BR","@id":"https:\/\/verdadeon.com.br\/portal\/#\/schema\/person\/image\/","url":"https:\/\/secure.gravatar.com\/avatar\/459a9613caaaf07f582c3d0841eea68bdd66f533e465e6ba8b9cb45619572cf4?s=96&d=mm&r=g","contentUrl":"https:\/\/secure.gravatar.com\/avatar\/459a9613caaaf07f582c3d0841eea68bdd66f533e465e6ba8b9cb45619572cf4?s=96&d=mm&r=g","caption":"Redacao VerdadeOn"},"url":"https:\/\/verdadeon.com.br\/portal\/author\/redacao\/"}]}},"jetpack_publicize_connections":[],"jetpack_featured_media_url":"https:\/\/i0.wp.com\/verdadeon.com.br\/portal\/wp-content\/uploads\/2024\/04\/53517941687_7135cdaccf_o.jpg?fit=1021%2C604&ssl=1","jetpack_sharing_enabled":true,"_links":{"self":[{"href":"https:\/\/verdadeon.com.br\/portal\/wp-json\/wp\/v2\/posts\/45465","targetHints":{"allow":["GET"]}}],"collection":[{"href":"https:\/\/verdadeon.com.br\/portal\/wp-json\/wp\/v2\/posts"}],"about":[{"href":"https:\/\/verdadeon.com.br\/portal\/wp-json\/wp\/v2\/types\/post"}],"author":[{"embeddable":true,"href":"https:\/\/verdadeon.com.br\/portal\/wp-json\/wp\/v2\/users\/10"}],"replies":[{"embeddable":true,"href":"https:\/\/verdadeon.com.br\/portal\/wp-json\/wp\/v2\/comments?post=45465"}],"version-history":[{"count":1,"href":"https:\/\/verdadeon.com.br\/portal\/wp-json\/wp\/v2\/posts\/45465\/revisions"}],"predecessor-version":[{"id":45466,"href":"https:\/\/verdadeon.com.br\/portal\/wp-json\/wp\/v2\/posts\/45465\/revisions\/45466"}],"wp:featuredmedia":[{"embeddable":true,"href":"https:\/\/verdadeon.com.br\/portal\/wp-json\/wp\/v2\/media\/43060"}],"wp:attachment":[{"href":"https:\/\/verdadeon.com.br\/portal\/wp-json\/wp\/v2\/media?parent=45465"}],"wp:term":[{"taxonomy":"category","embeddable":true,"href":"https:\/\/verdadeon.com.br\/portal\/wp-json\/wp\/v2\/categories?post=45465"},{"taxonomy":"post_tag","embeddable":true,"href":"https:\/\/verdadeon.com.br\/portal\/wp-json\/wp\/v2\/tags?post=45465"}],"curies":[{"name":"wp","href":"https:\/\/api.w.org\/{rel}","templated":true}]}}