{"id":4546,"date":"2020-03-04T07:30:24","date_gmt":"2020-03-04T10:30:24","guid":{"rendered":"http:\/\/verdadeon.com.br\/portal\/?p=4546"},"modified":"2020-03-03T19:47:33","modified_gmt":"2020-03-03T22:47:33","slug":"franca-e-alvo-de-operacao-da-policia-federal","status":"publish","type":"post","link":"https:\/\/verdadeon.com.br\/portal\/2020\/03\/04\/franca-e-alvo-de-operacao-da-policia-federal\/","title":{"rendered":"Franca \u00e9 alvo de opera\u00e7\u00e3o da Pol\u00edcia Federal"},"content":{"rendered":"<h2>Opera\u00e7\u00e3o &#8220;\u00daltimo lance&#8221; investiga movimenta\u00e7\u00f5es financeiras que chegam a mais de R$ 600 milh\u00f5es<\/h2>\n<p>Mandados de busca e apreens\u00e3o da Pol\u00edcia Federal, foram cumpridos em Franca na manh\u00e3 de ontem (3). Eles fazem parte da opera\u00e7\u00e3o chamada \u201c\u00daltimo Lance\u201d.<br \/>\nDe acordo com as investiga\u00e7\u00f5es realizadas em parceria com a Receita Federal do Brasil, empresas de fachadas eram usadas em leil\u00f5es para cometimento de crimes, como lavagem de dinheiro e evas\u00e3o de divisas.<br \/>\nNo total foram cumpridos 16 mandados de busca e apreens\u00e3o nas cidades de Baur\u00fa, Pindamonhangaba e na capital do estado. Cerca de 80 policiais participaram da for\u00e7a tarefa.<br \/>\nA Pol\u00edcia Federal informou que a opera\u00e7\u00e3o come\u00e7ou ap\u00f3s relat\u00f3rios de intelig\u00eancia financeira apontar a exist\u00eancia de dezenas de empresas de fachada que usavam de &#8220;laranjas&#8221; como s\u00f3cios, com o principal objetivo de esconder movimenta\u00e7\u00f5es financeiras irregulares.<br \/>\nEsses dados foram obtidos de \u00f3rg\u00e3os que acompanham essas movimenta\u00e7\u00f5es, que chegaram a mais de R$ 600 milh\u00f5es em alguns casos.<br \/>\nN\u00e3o foram divulgados os endere\u00e7os onde as buscas e apreens\u00f5es foram cumpridas em Franca. Os investigados v\u00e3o responder pelos crimes de sonega\u00e7\u00e3o fiscal, falsidade ideol\u00f3gica, uso de documento falso, evas\u00e3o de divisas e oculta\u00e7\u00e3o de valores.<br \/>\nA PF informou ainda que as empresas investigadas em grande parte s\u00e3o do ramo de leil\u00f5es.<\/p>\n<p>Roubo<br \/>\nUma cabeleireira de 58 anos foi assaltada no bairro S\u00e3o Joaquim, na zona oeste da cidade na noite de segunda-feira (3).<br \/>\nDe acordo com a v\u00edtima, ela sa\u00eda de uma consulta m\u00e9dica quando foi entrar no ve\u00edculo dela e foi abordada por dois homens armados.<br \/>\nEles renderam a mulher que foi obrigada a entrar no ve\u00edculo com mais dois homens. A v\u00edtima teve os olhos vendados.<br \/>\nEla foi solta em um cafezal j\u00e1 no munic\u00edpio vizinho de Cristais Paulista, enquanto os criminosos fugiram no ve\u00edculo dela.<br \/>\nA v\u00edtima conseguiu pedir ajuda a um tratorista que trabalhava no local. Ele socorreu a mulher e acionou os militares e tamb\u00e9m os fam\u00edliares da cabeleireira.<br \/>\nBuscas foram realizadas em Franca e na regi\u00e3o, mas at\u00e9 o momento ningu\u00e9m foi encontrado. O caso \u00e9 investigado pela Pol\u00edcia Civil de Franca.<\/p>\n","protected":false},"excerpt":{"rendered":"<p>Opera\u00e7\u00e3o &#8220;\u00daltimo lance&#8221; investiga movimenta\u00e7\u00f5es financeiras que chegam a mais de R$ 600 milh\u00f5es Mandados de busca e apreens\u00e3o da Pol\u00edcia Federal, foram cumpridos em Franca<span class=\"excerpt-hellip\"> [\u2026]<\/span><\/p>\n","protected":false},"author":10,"featured_media":4547,"comment_status":"open","ping_status":"open","sticky":false,"template":"","format":"standard","meta":{"_jetpack_memberships_contains_paid_content":false,"footnotes":"","jetpack_publicize_message":"","jetpack_publicize_feature_enabled":true,"jetpack_social_post_already_shared":false,"jetpack_social_options":{"image_generator_settings":{"template":"highway","default_image_id":0,"enabled":false},"version":2}},"categories":[28,44],"tags":[],"class_list":["post-4546","post","type-post","status-publish","format-standard","has-post-thumbnail","hentry","category-cotidiano","category-noticias"],"yoast_head":"<!-- This site is optimized with the Yoast SEO plugin v25.6 - https:\/\/yoast.com\/wordpress\/plugins\/seo\/ -->\n<title>Franca \u00e9 alvo de opera\u00e7\u00e3o da Pol\u00edcia Federal - VerdadeOn<\/title>\n<meta name=\"robots\" content=\"index, follow, max-snippet:-1, max-image-preview:large, max-video-preview:-1\" \/>\n<link rel=\"canonical\" href=\"https:\/\/verdadeon.com.br\/portal\/2020\/03\/04\/franca-e-alvo-de-operacao-da-policia-federal\/\" \/>\n<meta property=\"og:locale\" content=\"pt_BR\" \/>\n<meta property=\"og:type\" content=\"article\" \/>\n<meta property=\"og:title\" content=\"Franca \u00e9 alvo de opera\u00e7\u00e3o da Pol\u00edcia Federal - VerdadeOn\" \/>\n<meta property=\"og:description\" content=\"Opera\u00e7\u00e3o &#8220;\u00daltimo lance&#8221; investiga movimenta\u00e7\u00f5es financeiras que chegam a mais de R$ 600 milh\u00f5es Mandados de busca e apreens\u00e3o da Pol\u00edcia Federal, foram cumpridos em Franca [\u2026]\" \/>\n<meta property=\"og:url\" content=\"https:\/\/verdadeon.com.br\/portal\/2020\/03\/04\/franca-e-alvo-de-operacao-da-policia-federal\/\" \/>\n<meta property=\"og:site_name\" content=\"VerdadeOn\" \/>\n<meta property=\"article:published_time\" content=\"2020-03-04T10:30:24+00:00\" \/>\n<meta property=\"og:image\" content=\"https:\/\/verdadeon.com.br\/portal\/wp-content\/uploads\/2020\/03\/coletiva-policia-federal-trafico-pessoas-foto-guto-goncalves-24.jpg\" \/>\n\t<meta property=\"og:image:width\" content=\"1000\" \/>\n\t<meta property=\"og:image:height\" content=\"670\" \/>\n\t<meta property=\"og:image:type\" content=\"image\/jpeg\" \/>\n<meta name=\"author\" content=\"Redacao VerdadeOn\" \/>\n<meta name=\"twitter:card\" content=\"summary_large_image\" \/>\n<meta name=\"twitter:label1\" content=\"Escrito por\" \/>\n\t<meta name=\"twitter:data1\" content=\"Redacao VerdadeOn\" \/>\n\t<meta name=\"twitter:label2\" content=\"Est. tempo de leitura\" \/>\n\t<meta name=\"twitter:data2\" content=\"2 minutos\" \/>\n<script type=\"application\/ld+json\" class=\"yoast-schema-graph\">{\"@context\":\"https:\/\/schema.org\",\"@graph\":[{\"@type\":\"WebPage\",\"@id\":\"https:\/\/verdadeon.com.br\/portal\/2020\/03\/04\/franca-e-alvo-de-operacao-da-policia-federal\/\",\"url\":\"https:\/\/verdadeon.com.br\/portal\/2020\/03\/04\/franca-e-alvo-de-operacao-da-policia-federal\/\",\"name\":\"Franca \u00e9 alvo de opera\u00e7\u00e3o da Pol\u00edcia Federal - VerdadeOn\",\"isPartOf\":{\"@id\":\"https:\/\/verdadeon.com.br\/portal\/#website\"},\"primaryImageOfPage\":{\"@id\":\"https:\/\/verdadeon.com.br\/portal\/2020\/03\/04\/franca-e-alvo-de-operacao-da-policia-federal\/#primaryimage\"},\"image\":{\"@id\":\"https:\/\/verdadeon.com.br\/portal\/2020\/03\/04\/franca-e-alvo-de-operacao-da-policia-federal\/#primaryimage\"},\"thumbnailUrl\":\"https:\/\/i0.wp.com\/verdadeon.com.br\/portal\/wp-content\/uploads\/2020\/03\/coletiva-policia-federal-trafico-pessoas-foto-guto-goncalves-24.jpg?fit=1000%2C670&ssl=1\",\"datePublished\":\"2020-03-04T10:30:24+00:00\",\"author\":{\"@id\":\"https:\/\/verdadeon.com.br\/portal\/#\/schema\/person\/a5060ad1e9ea3df545188fc93ce43d2f\"},\"breadcrumb\":{\"@id\":\"https:\/\/verdadeon.com.br\/portal\/2020\/03\/04\/franca-e-alvo-de-operacao-da-policia-federal\/#breadcrumb\"},\"inLanguage\":\"pt-BR\",\"potentialAction\":[{\"@type\":\"ReadAction\",\"target\":[\"https:\/\/verdadeon.com.br\/portal\/2020\/03\/04\/franca-e-alvo-de-operacao-da-policia-federal\/\"]}]},{\"@type\":\"ImageObject\",\"inLanguage\":\"pt-BR\",\"@id\":\"https:\/\/verdadeon.com.br\/portal\/2020\/03\/04\/franca-e-alvo-de-operacao-da-policia-federal\/#primaryimage\",\"url\":\"https:\/\/i0.wp.com\/verdadeon.com.br\/portal\/wp-content\/uploads\/2020\/03\/coletiva-policia-federal-trafico-pessoas-foto-guto-goncalves-24.jpg?fit=1000%2C670&ssl=1\",\"contentUrl\":\"https:\/\/i0.wp.com\/verdadeon.com.br\/portal\/wp-content\/uploads\/2020\/03\/coletiva-policia-federal-trafico-pessoas-foto-guto-goncalves-24.jpg?fit=1000%2C670&ssl=1\",\"width\":1000,\"height\":670,\"caption\":\"investiga\u00e7\u00e3o - Pol\u00edcia Federal deflagrou Opera\u00e7\u00e3o \\\"\u00daltimo Lance\\\" na manh\u00e3 de ontem (3). Mandados de busca e apreens\u00e3o foram cumpridos na cidade e em outros munic\u00edpios do estado | Foto: Arquivo Verdade\"},{\"@type\":\"BreadcrumbList\",\"@id\":\"https:\/\/verdadeon.com.br\/portal\/2020\/03\/04\/franca-e-alvo-de-operacao-da-policia-federal\/#breadcrumb\",\"itemListElement\":[{\"@type\":\"ListItem\",\"position\":1,\"name\":\"In\u00edcio\",\"item\":\"https:\/\/verdadeon.com.br\/portal\/\"},{\"@type\":\"ListItem\",\"position\":2,\"name\":\"Franca \u00e9 alvo de opera\u00e7\u00e3o da Pol\u00edcia Federal\"}]},{\"@type\":\"WebSite\",\"@id\":\"https:\/\/verdadeon.com.br\/portal\/#website\",\"url\":\"https:\/\/verdadeon.com.br\/portal\/\",\"name\":\"VerdadeOn\",\"description\":\"Not\u00edcias di\u00e1rias sobre Franca, Regi\u00e3o, Esporte, Cultura, Cotidiano, Colunas. Cobertura nos principais eventos da cidade \u00e9 aqui - Verdadeon Franca\",\"potentialAction\":[{\"@type\":\"SearchAction\",\"target\":{\"@type\":\"EntryPoint\",\"urlTemplate\":\"https:\/\/verdadeon.com.br\/portal\/?s={search_term_string}\"},\"query-input\":{\"@type\":\"PropertyValueSpecification\",\"valueRequired\":true,\"valueName\":\"search_term_string\"}}],\"inLanguage\":\"pt-BR\"},{\"@type\":\"Person\",\"@id\":\"https:\/\/verdadeon.com.br\/portal\/#\/schema\/person\/a5060ad1e9ea3df545188fc93ce43d2f\",\"name\":\"Redacao VerdadeOn\",\"image\":{\"@type\":\"ImageObject\",\"inLanguage\":\"pt-BR\",\"@id\":\"https:\/\/verdadeon.com.br\/portal\/#\/schema\/person\/image\/\",\"url\":\"https:\/\/secure.gravatar.com\/avatar\/459a9613caaaf07f582c3d0841eea68bdd66f533e465e6ba8b9cb45619572cf4?s=96&d=mm&r=g\",\"contentUrl\":\"https:\/\/secure.gravatar.com\/avatar\/459a9613caaaf07f582c3d0841eea68bdd66f533e465e6ba8b9cb45619572cf4?s=96&d=mm&r=g\",\"caption\":\"Redacao VerdadeOn\"},\"url\":\"https:\/\/verdadeon.com.br\/portal\/author\/redacao\/\"}]}<\/script>\n<!-- \/ Yoast SEO plugin. -->","yoast_head_json":{"title":"Franca \u00e9 alvo de opera\u00e7\u00e3o da Pol\u00edcia Federal - VerdadeOn","robots":{"index":"index","follow":"follow","max-snippet":"max-snippet:-1","max-image-preview":"max-image-preview:large","max-video-preview":"max-video-preview:-1"},"canonical":"https:\/\/verdadeon.com.br\/portal\/2020\/03\/04\/franca-e-alvo-de-operacao-da-policia-federal\/","og_locale":"pt_BR","og_type":"article","og_title":"Franca \u00e9 alvo de opera\u00e7\u00e3o da Pol\u00edcia Federal - VerdadeOn","og_description":"Opera\u00e7\u00e3o &#8220;\u00daltimo lance&#8221; investiga movimenta\u00e7\u00f5es financeiras que chegam a mais de R$ 600 milh\u00f5es Mandados de busca e apreens\u00e3o da Pol\u00edcia Federal, foram cumpridos em Franca [\u2026]","og_url":"https:\/\/verdadeon.com.br\/portal\/2020\/03\/04\/franca-e-alvo-de-operacao-da-policia-federal\/","og_site_name":"VerdadeOn","article_published_time":"2020-03-04T10:30:24+00:00","og_image":[{"width":1000,"height":670,"url":"https:\/\/verdadeon.com.br\/portal\/wp-content\/uploads\/2020\/03\/coletiva-policia-federal-trafico-pessoas-foto-guto-goncalves-24.jpg","type":"image\/jpeg"}],"author":"Redacao VerdadeOn","twitter_card":"summary_large_image","twitter_misc":{"Escrito por":"Redacao VerdadeOn","Est. tempo de leitura":"2 minutos"},"schema":{"@context":"https:\/\/schema.org","@graph":[{"@type":"WebPage","@id":"https:\/\/verdadeon.com.br\/portal\/2020\/03\/04\/franca-e-alvo-de-operacao-da-policia-federal\/","url":"https:\/\/verdadeon.com.br\/portal\/2020\/03\/04\/franca-e-alvo-de-operacao-da-policia-federal\/","name":"Franca \u00e9 alvo de opera\u00e7\u00e3o da Pol\u00edcia Federal - VerdadeOn","isPartOf":{"@id":"https:\/\/verdadeon.com.br\/portal\/#website"},"primaryImageOfPage":{"@id":"https:\/\/verdadeon.com.br\/portal\/2020\/03\/04\/franca-e-alvo-de-operacao-da-policia-federal\/#primaryimage"},"image":{"@id":"https:\/\/verdadeon.com.br\/portal\/2020\/03\/04\/franca-e-alvo-de-operacao-da-policia-federal\/#primaryimage"},"thumbnailUrl":"https:\/\/i0.wp.com\/verdadeon.com.br\/portal\/wp-content\/uploads\/2020\/03\/coletiva-policia-federal-trafico-pessoas-foto-guto-goncalves-24.jpg?fit=1000%2C670&ssl=1","datePublished":"2020-03-04T10:30:24+00:00","author":{"@id":"https:\/\/verdadeon.com.br\/portal\/#\/schema\/person\/a5060ad1e9ea3df545188fc93ce43d2f"},"breadcrumb":{"@id":"https:\/\/verdadeon.com.br\/portal\/2020\/03\/04\/franca-e-alvo-de-operacao-da-policia-federal\/#breadcrumb"},"inLanguage":"pt-BR","potentialAction":[{"@type":"ReadAction","target":["https:\/\/verdadeon.com.br\/portal\/2020\/03\/04\/franca-e-alvo-de-operacao-da-policia-federal\/"]}]},{"@type":"ImageObject","inLanguage":"pt-BR","@id":"https:\/\/verdadeon.com.br\/portal\/2020\/03\/04\/franca-e-alvo-de-operacao-da-policia-federal\/#primaryimage","url":"https:\/\/i0.wp.com\/verdadeon.com.br\/portal\/wp-content\/uploads\/2020\/03\/coletiva-policia-federal-trafico-pessoas-foto-guto-goncalves-24.jpg?fit=1000%2C670&ssl=1","contentUrl":"https:\/\/i0.wp.com\/verdadeon.com.br\/portal\/wp-content\/uploads\/2020\/03\/coletiva-policia-federal-trafico-pessoas-foto-guto-goncalves-24.jpg?fit=1000%2C670&ssl=1","width":1000,"height":670,"caption":"investiga\u00e7\u00e3o - Pol\u00edcia Federal deflagrou Opera\u00e7\u00e3o \"\u00daltimo Lance\" na manh\u00e3 de ontem (3). Mandados de busca e apreens\u00e3o foram cumpridos na cidade e em outros munic\u00edpios do estado | Foto: Arquivo Verdade"},{"@type":"BreadcrumbList","@id":"https:\/\/verdadeon.com.br\/portal\/2020\/03\/04\/franca-e-alvo-de-operacao-da-policia-federal\/#breadcrumb","itemListElement":[{"@type":"ListItem","position":1,"name":"In\u00edcio","item":"https:\/\/verdadeon.com.br\/portal\/"},{"@type":"ListItem","position":2,"name":"Franca \u00e9 alvo de opera\u00e7\u00e3o da Pol\u00edcia Federal"}]},{"@type":"WebSite","@id":"https:\/\/verdadeon.com.br\/portal\/#website","url":"https:\/\/verdadeon.com.br\/portal\/","name":"VerdadeOn","description":"Not\u00edcias di\u00e1rias sobre Franca, Regi\u00e3o, Esporte, Cultura, Cotidiano, Colunas. Cobertura nos principais eventos da cidade \u00e9 aqui - Verdadeon Franca","potentialAction":[{"@type":"SearchAction","target":{"@type":"EntryPoint","urlTemplate":"https:\/\/verdadeon.com.br\/portal\/?s={search_term_string}"},"query-input":{"@type":"PropertyValueSpecification","valueRequired":true,"valueName":"search_term_string"}}],"inLanguage":"pt-BR"},{"@type":"Person","@id":"https:\/\/verdadeon.com.br\/portal\/#\/schema\/person\/a5060ad1e9ea3df545188fc93ce43d2f","name":"Redacao VerdadeOn","image":{"@type":"ImageObject","inLanguage":"pt-BR","@id":"https:\/\/verdadeon.com.br\/portal\/#\/schema\/person\/image\/","url":"https:\/\/secure.gravatar.com\/avatar\/459a9613caaaf07f582c3d0841eea68bdd66f533e465e6ba8b9cb45619572cf4?s=96&d=mm&r=g","contentUrl":"https:\/\/secure.gravatar.com\/avatar\/459a9613caaaf07f582c3d0841eea68bdd66f533e465e6ba8b9cb45619572cf4?s=96&d=mm&r=g","caption":"Redacao VerdadeOn"},"url":"https:\/\/verdadeon.com.br\/portal\/author\/redacao\/"}]}},"jetpack_publicize_connections":[],"jetpack_featured_media_url":"https:\/\/i0.wp.com\/verdadeon.com.br\/portal\/wp-content\/uploads\/2020\/03\/coletiva-policia-federal-trafico-pessoas-foto-guto-goncalves-24.jpg?fit=1000%2C670&ssl=1","jetpack_sharing_enabled":true,"_links":{"self":[{"href":"https:\/\/verdadeon.com.br\/portal\/wp-json\/wp\/v2\/posts\/4546","targetHints":{"allow":["GET"]}}],"collection":[{"href":"https:\/\/verdadeon.com.br\/portal\/wp-json\/wp\/v2\/posts"}],"about":[{"href":"https:\/\/verdadeon.com.br\/portal\/wp-json\/wp\/v2\/types\/post"}],"author":[{"embeddable":true,"href":"https:\/\/verdadeon.com.br\/portal\/wp-json\/wp\/v2\/users\/10"}],"replies":[{"embeddable":true,"href":"https:\/\/verdadeon.com.br\/portal\/wp-json\/wp\/v2\/comments?post=4546"}],"version-history":[{"count":0,"href":"https:\/\/verdadeon.com.br\/portal\/wp-json\/wp\/v2\/posts\/4546\/revisions"}],"wp:featuredmedia":[{"embeddable":true,"href":"https:\/\/verdadeon.com.br\/portal\/wp-json\/wp\/v2\/media\/4547"}],"wp:attachment":[{"href":"https:\/\/verdadeon.com.br\/portal\/wp-json\/wp\/v2\/media?parent=4546"}],"wp:term":[{"taxonomy":"category","embeddable":true,"href":"https:\/\/verdadeon.com.br\/portal\/wp-json\/wp\/v2\/categories?post=4546"},{"taxonomy":"post_tag","embeddable":true,"href":"https:\/\/verdadeon.com.br\/portal\/wp-json\/wp\/v2\/tags?post=4546"}],"curies":[{"name":"wp","href":"https:\/\/api.w.org\/{rel}","templated":true}]}}