{"id":4534,"date":"2020-03-04T07:30:22","date_gmt":"2020-03-04T10:30:22","guid":{"rendered":"http:\/\/verdadeon.com.br\/portal\/?p=4534"},"modified":"2020-03-03T19:36:22","modified_gmt":"2020-03-03T22:36:22","slug":"camara-autoriza-abertura-de-comissoes-que-podem-resultar-em-impeachment-de-gilson","status":"publish","type":"post","link":"https:\/\/verdadeon.com.br\/portal\/2020\/03\/04\/camara-autoriza-abertura-de-comissoes-que-podem-resultar-em-impeachment-de-gilson\/","title":{"rendered":"C\u00e2mara autoriza abertura de comiss\u00f5es que podem resultar em impeachment de Gilson"},"content":{"rendered":"<h2>Prefeito ser\u00e1 notificado e ter\u00e1 prazo para apresentar a sua defesa<\/h2>\n<p>Reportagem Fernando de Paula<\/p>\n<p>Em uma sess\u00e3o tumultuada a C\u00e2mara de Franca aprovou dois pedidos de abertura de comiss\u00f5es processantes contra o prefeito Gilson de Souza.<br \/>\nAs den\u00fancias foram protocoladas na semana passada por dois mun\u00edcipes. A primeira que foi votada, de autoria do radialista Marcelo Teixeira, pede que Gilson perca o cargo por n\u00e3o pagar as emendas impositivas indicadas pela C\u00e2mara. Foram 10 votos a favor e apenas quatro contra a abertura da comiss\u00e3o. Apenas os vereadores Arroizinho, Donizete da Farm\u00e1cia, Nirley de Souza e Tony Hill votaram contra.<br \/>\nAp\u00f3s a den\u00fancia por conta dos cargos comissionados foi apreciada. Ela foi protocolada pelo membro do MBL de Franca, Peterson Rodrigues e tamb\u00e9m pede a cassa\u00e7\u00e3o do mandato de Gilson de Souza. O resultado foi apertado e terminou em 7 vereadores contra a abertura e 7 a favor. O presidente da casa, vereador pastor S\u00e9rgio Palamoni que desempatou a favor da abertura da investiga\u00e7\u00e3o contra Gilson.<br \/>\nO prefeito ser\u00e1 agora notificado para a elabora\u00e7\u00e3o de sua defesa pr\u00e9via, a qual, por sua vez, deve ser apresentada em at\u00e9 dez dias depois da notifica\u00e7\u00e3o.<br \/>\nAssim que analisar a defesa pr\u00e9via, a comiss\u00e3o emite parecer dentro de cinco dias, podendo decidir pelo prosseguimento ou pelo arquivamento da den\u00fancia. Se a primeira op\u00e7\u00e3o for a escolhida, o processo ser\u00e1 definido em uma sess\u00e3o de julgamento, que pode condenar e afastar o denunciado ou absolv\u00ea-lo. Para que tenha o mandato cassado, s\u00e3o necess\u00e1rio 10 votos.<br \/>\nA comiss\u00e3o que vai investigar a den\u00fancia sobre as emendas impositivas, ser\u00e1 presidida por Marco Garcia, Tony Hill ser\u00e1 o relator e Della Motta o terceiro membro. J\u00e1 a comiss\u00e3o que vai analisar a den\u00fancia sobre os comissionados, ser\u00e1 presidida por Claudinei da Rocha, relator Pastor Ot\u00e1vio e terceiro membro Donizete da Farm\u00e1cia.<\/p>\n","protected":false},"excerpt":{"rendered":"<p>Prefeito ser\u00e1 notificado e ter\u00e1 prazo para apresentar a sua defesa Reportagem Fernando de Paula Em uma sess\u00e3o tumultuada a C\u00e2mara de Franca aprovou dois pedidos<span class=\"excerpt-hellip\"> [\u2026]<\/span><\/p>\n","protected":false},"author":10,"featured_media":4535,"comment_status":"open","ping_status":"open","sticky":false,"template":"","format":"standard","meta":{"_jetpack_memberships_contains_paid_content":false,"footnotes":"","jetpack_publicize_message":"","jetpack_publicize_feature_enabled":true,"jetpack_social_post_already_shared":false,"jetpack_social_options":{"image_generator_settings":{"template":"highway","default_image_id":0,"enabled":false},"version":2}},"categories":[28,81],"tags":[],"class_list":["post-4534","post","type-post","status-publish","format-standard","has-post-thumbnail","hentry","category-cotidiano","category-manchete"],"yoast_head":"<!-- This site is optimized with the Yoast SEO plugin v25.6 - https:\/\/yoast.com\/wordpress\/plugins\/seo\/ -->\n<title>C\u00e2mara autoriza abertura de comiss\u00f5es que podem resultar em impeachment de Gilson - VerdadeOn<\/title>\n<meta name=\"robots\" content=\"index, follow, max-snippet:-1, max-image-preview:large, max-video-preview:-1\" \/>\n<link rel=\"canonical\" href=\"https:\/\/verdadeon.com.br\/portal\/2020\/03\/04\/camara-autoriza-abertura-de-comissoes-que-podem-resultar-em-impeachment-de-gilson\/\" \/>\n<meta property=\"og:locale\" content=\"pt_BR\" \/>\n<meta property=\"og:type\" content=\"article\" \/>\n<meta property=\"og:title\" content=\"C\u00e2mara autoriza abertura de comiss\u00f5es que podem resultar em impeachment de Gilson - VerdadeOn\" \/>\n<meta property=\"og:description\" content=\"Prefeito ser\u00e1 notificado e ter\u00e1 prazo para apresentar a sua defesa Reportagem Fernando de Paula Em uma sess\u00e3o tumultuada a C\u00e2mara de Franca aprovou dois pedidos [\u2026]\" \/>\n<meta property=\"og:url\" content=\"https:\/\/verdadeon.com.br\/portal\/2020\/03\/04\/camara-autoriza-abertura-de-comissoes-que-podem-resultar-em-impeachment-de-gilson\/\" \/>\n<meta property=\"og:site_name\" content=\"VerdadeOn\" \/>\n<meta property=\"article:published_time\" content=\"2020-03-04T10:30:22+00:00\" \/>\n<meta property=\"og:image\" content=\"https:\/\/verdadeon.com.br\/portal\/wp-content\/uploads\/2020\/03\/WhatsApp-Image-2020-03-03-at-17.14.47.jpg\" \/>\n\t<meta property=\"og:image:width\" content=\"1000\" \/>\n\t<meta property=\"og:image:height\" content=\"670\" \/>\n\t<meta property=\"og:image:type\" content=\"image\/jpeg\" \/>\n<meta name=\"author\" content=\"Redacao VerdadeOn\" \/>\n<meta name=\"twitter:card\" content=\"summary_large_image\" \/>\n<meta name=\"twitter:label1\" content=\"Escrito por\" \/>\n\t<meta name=\"twitter:data1\" content=\"Redacao VerdadeOn\" \/>\n\t<meta name=\"twitter:label2\" content=\"Est. tempo de leitura\" \/>\n\t<meta name=\"twitter:data2\" content=\"2 minutos\" \/>\n<script type=\"application\/ld+json\" class=\"yoast-schema-graph\">{\"@context\":\"https:\/\/schema.org\",\"@graph\":[{\"@type\":\"WebPage\",\"@id\":\"https:\/\/verdadeon.com.br\/portal\/2020\/03\/04\/camara-autoriza-abertura-de-comissoes-que-podem-resultar-em-impeachment-de-gilson\/\",\"url\":\"https:\/\/verdadeon.com.br\/portal\/2020\/03\/04\/camara-autoriza-abertura-de-comissoes-que-podem-resultar-em-impeachment-de-gilson\/\",\"name\":\"C\u00e2mara autoriza abertura de comiss\u00f5es que podem resultar em impeachment de Gilson - VerdadeOn\",\"isPartOf\":{\"@id\":\"https:\/\/verdadeon.com.br\/portal\/#website\"},\"primaryImageOfPage\":{\"@id\":\"https:\/\/verdadeon.com.br\/portal\/2020\/03\/04\/camara-autoriza-abertura-de-comissoes-que-podem-resultar-em-impeachment-de-gilson\/#primaryimage\"},\"image\":{\"@id\":\"https:\/\/verdadeon.com.br\/portal\/2020\/03\/04\/camara-autoriza-abertura-de-comissoes-que-podem-resultar-em-impeachment-de-gilson\/#primaryimage\"},\"thumbnailUrl\":\"https:\/\/i0.wp.com\/verdadeon.com.br\/portal\/wp-content\/uploads\/2020\/03\/WhatsApp-Image-2020-03-03-at-17.14.47.jpg?fit=1000%2C670&ssl=1\",\"datePublished\":\"2020-03-04T10:30:22+00:00\",\"author\":{\"@id\":\"https:\/\/verdadeon.com.br\/portal\/#\/schema\/person\/a5060ad1e9ea3df545188fc93ce43d2f\"},\"breadcrumb\":{\"@id\":\"https:\/\/verdadeon.com.br\/portal\/2020\/03\/04\/camara-autoriza-abertura-de-comissoes-que-podem-resultar-em-impeachment-de-gilson\/#breadcrumb\"},\"inLanguage\":\"pt-BR\",\"potentialAction\":[{\"@type\":\"ReadAction\",\"target\":[\"https:\/\/verdadeon.com.br\/portal\/2020\/03\/04\/camara-autoriza-abertura-de-comissoes-que-podem-resultar-em-impeachment-de-gilson\/\"]}]},{\"@type\":\"ImageObject\",\"inLanguage\":\"pt-BR\",\"@id\":\"https:\/\/verdadeon.com.br\/portal\/2020\/03\/04\/camara-autoriza-abertura-de-comissoes-que-podem-resultar-em-impeachment-de-gilson\/#primaryimage\",\"url\":\"https:\/\/i0.wp.com\/verdadeon.com.br\/portal\/wp-content\/uploads\/2020\/03\/WhatsApp-Image-2020-03-03-at-17.14.47.jpg?fit=1000%2C670&ssl=1\",\"contentUrl\":\"https:\/\/i0.wp.com\/verdadeon.com.br\/portal\/wp-content\/uploads\/2020\/03\/WhatsApp-Image-2020-03-03-at-17.14.47.jpg?fit=1000%2C670&ssl=1\",\"width\":1000,\"height\":670,\"caption\":\"Aprovadas- Duas den\u00fancias protocoladas por mun\u00edcipes contra o prefeito foram aceitas pelos vereadores | Foto: Reprodu\u00e7\u00e3o\"},{\"@type\":\"BreadcrumbList\",\"@id\":\"https:\/\/verdadeon.com.br\/portal\/2020\/03\/04\/camara-autoriza-abertura-de-comissoes-que-podem-resultar-em-impeachment-de-gilson\/#breadcrumb\",\"itemListElement\":[{\"@type\":\"ListItem\",\"position\":1,\"name\":\"In\u00edcio\",\"item\":\"https:\/\/verdadeon.com.br\/portal\/\"},{\"@type\":\"ListItem\",\"position\":2,\"name\":\"C\u00e2mara autoriza abertura de comiss\u00f5es que podem resultar em impeachment de Gilson\"}]},{\"@type\":\"WebSite\",\"@id\":\"https:\/\/verdadeon.com.br\/portal\/#website\",\"url\":\"https:\/\/verdadeon.com.br\/portal\/\",\"name\":\"VerdadeOn\",\"description\":\"Not\u00edcias di\u00e1rias sobre Franca, Regi\u00e3o, Esporte, Cultura, Cotidiano, Colunas. Cobertura nos principais eventos da cidade \u00e9 aqui - Verdadeon Franca\",\"potentialAction\":[{\"@type\":\"SearchAction\",\"target\":{\"@type\":\"EntryPoint\",\"urlTemplate\":\"https:\/\/verdadeon.com.br\/portal\/?s={search_term_string}\"},\"query-input\":{\"@type\":\"PropertyValueSpecification\",\"valueRequired\":true,\"valueName\":\"search_term_string\"}}],\"inLanguage\":\"pt-BR\"},{\"@type\":\"Person\",\"@id\":\"https:\/\/verdadeon.com.br\/portal\/#\/schema\/person\/a5060ad1e9ea3df545188fc93ce43d2f\",\"name\":\"Redacao VerdadeOn\",\"image\":{\"@type\":\"ImageObject\",\"inLanguage\":\"pt-BR\",\"@id\":\"https:\/\/verdadeon.com.br\/portal\/#\/schema\/person\/image\/\",\"url\":\"https:\/\/secure.gravatar.com\/avatar\/459a9613caaaf07f582c3d0841eea68bdd66f533e465e6ba8b9cb45619572cf4?s=96&d=mm&r=g\",\"contentUrl\":\"https:\/\/secure.gravatar.com\/avatar\/459a9613caaaf07f582c3d0841eea68bdd66f533e465e6ba8b9cb45619572cf4?s=96&d=mm&r=g\",\"caption\":\"Redacao VerdadeOn\"},\"url\":\"https:\/\/verdadeon.com.br\/portal\/author\/redacao\/\"}]}<\/script>\n<!-- \/ Yoast SEO plugin. -->","yoast_head_json":{"title":"C\u00e2mara autoriza abertura de comiss\u00f5es que podem resultar em impeachment de Gilson - VerdadeOn","robots":{"index":"index","follow":"follow","max-snippet":"max-snippet:-1","max-image-preview":"max-image-preview:large","max-video-preview":"max-video-preview:-1"},"canonical":"https:\/\/verdadeon.com.br\/portal\/2020\/03\/04\/camara-autoriza-abertura-de-comissoes-que-podem-resultar-em-impeachment-de-gilson\/","og_locale":"pt_BR","og_type":"article","og_title":"C\u00e2mara autoriza abertura de comiss\u00f5es que podem resultar em impeachment de Gilson - VerdadeOn","og_description":"Prefeito ser\u00e1 notificado e ter\u00e1 prazo para apresentar a sua defesa Reportagem Fernando de Paula Em uma sess\u00e3o tumultuada a C\u00e2mara de Franca aprovou dois pedidos [\u2026]","og_url":"https:\/\/verdadeon.com.br\/portal\/2020\/03\/04\/camara-autoriza-abertura-de-comissoes-que-podem-resultar-em-impeachment-de-gilson\/","og_site_name":"VerdadeOn","article_published_time":"2020-03-04T10:30:22+00:00","og_image":[{"width":1000,"height":670,"url":"https:\/\/verdadeon.com.br\/portal\/wp-content\/uploads\/2020\/03\/WhatsApp-Image-2020-03-03-at-17.14.47.jpg","type":"image\/jpeg"}],"author":"Redacao VerdadeOn","twitter_card":"summary_large_image","twitter_misc":{"Escrito por":"Redacao VerdadeOn","Est. tempo de leitura":"2 minutos"},"schema":{"@context":"https:\/\/schema.org","@graph":[{"@type":"WebPage","@id":"https:\/\/verdadeon.com.br\/portal\/2020\/03\/04\/camara-autoriza-abertura-de-comissoes-que-podem-resultar-em-impeachment-de-gilson\/","url":"https:\/\/verdadeon.com.br\/portal\/2020\/03\/04\/camara-autoriza-abertura-de-comissoes-que-podem-resultar-em-impeachment-de-gilson\/","name":"C\u00e2mara autoriza abertura de comiss\u00f5es que podem resultar em impeachment de Gilson - VerdadeOn","isPartOf":{"@id":"https:\/\/verdadeon.com.br\/portal\/#website"},"primaryImageOfPage":{"@id":"https:\/\/verdadeon.com.br\/portal\/2020\/03\/04\/camara-autoriza-abertura-de-comissoes-que-podem-resultar-em-impeachment-de-gilson\/#primaryimage"},"image":{"@id":"https:\/\/verdadeon.com.br\/portal\/2020\/03\/04\/camara-autoriza-abertura-de-comissoes-que-podem-resultar-em-impeachment-de-gilson\/#primaryimage"},"thumbnailUrl":"https:\/\/i0.wp.com\/verdadeon.com.br\/portal\/wp-content\/uploads\/2020\/03\/WhatsApp-Image-2020-03-03-at-17.14.47.jpg?fit=1000%2C670&ssl=1","datePublished":"2020-03-04T10:30:22+00:00","author":{"@id":"https:\/\/verdadeon.com.br\/portal\/#\/schema\/person\/a5060ad1e9ea3df545188fc93ce43d2f"},"breadcrumb":{"@id":"https:\/\/verdadeon.com.br\/portal\/2020\/03\/04\/camara-autoriza-abertura-de-comissoes-que-podem-resultar-em-impeachment-de-gilson\/#breadcrumb"},"inLanguage":"pt-BR","potentialAction":[{"@type":"ReadAction","target":["https:\/\/verdadeon.com.br\/portal\/2020\/03\/04\/camara-autoriza-abertura-de-comissoes-que-podem-resultar-em-impeachment-de-gilson\/"]}]},{"@type":"ImageObject","inLanguage":"pt-BR","@id":"https:\/\/verdadeon.com.br\/portal\/2020\/03\/04\/camara-autoriza-abertura-de-comissoes-que-podem-resultar-em-impeachment-de-gilson\/#primaryimage","url":"https:\/\/i0.wp.com\/verdadeon.com.br\/portal\/wp-content\/uploads\/2020\/03\/WhatsApp-Image-2020-03-03-at-17.14.47.jpg?fit=1000%2C670&ssl=1","contentUrl":"https:\/\/i0.wp.com\/verdadeon.com.br\/portal\/wp-content\/uploads\/2020\/03\/WhatsApp-Image-2020-03-03-at-17.14.47.jpg?fit=1000%2C670&ssl=1","width":1000,"height":670,"caption":"Aprovadas- Duas den\u00fancias protocoladas por mun\u00edcipes contra o prefeito foram aceitas pelos vereadores | Foto: Reprodu\u00e7\u00e3o"},{"@type":"BreadcrumbList","@id":"https:\/\/verdadeon.com.br\/portal\/2020\/03\/04\/camara-autoriza-abertura-de-comissoes-que-podem-resultar-em-impeachment-de-gilson\/#breadcrumb","itemListElement":[{"@type":"ListItem","position":1,"name":"In\u00edcio","item":"https:\/\/verdadeon.com.br\/portal\/"},{"@type":"ListItem","position":2,"name":"C\u00e2mara autoriza abertura de comiss\u00f5es que podem resultar em impeachment de Gilson"}]},{"@type":"WebSite","@id":"https:\/\/verdadeon.com.br\/portal\/#website","url":"https:\/\/verdadeon.com.br\/portal\/","name":"VerdadeOn","description":"Not\u00edcias di\u00e1rias sobre Franca, Regi\u00e3o, Esporte, Cultura, Cotidiano, Colunas. Cobertura nos principais eventos da cidade \u00e9 aqui - Verdadeon Franca","potentialAction":[{"@type":"SearchAction","target":{"@type":"EntryPoint","urlTemplate":"https:\/\/verdadeon.com.br\/portal\/?s={search_term_string}"},"query-input":{"@type":"PropertyValueSpecification","valueRequired":true,"valueName":"search_term_string"}}],"inLanguage":"pt-BR"},{"@type":"Person","@id":"https:\/\/verdadeon.com.br\/portal\/#\/schema\/person\/a5060ad1e9ea3df545188fc93ce43d2f","name":"Redacao VerdadeOn","image":{"@type":"ImageObject","inLanguage":"pt-BR","@id":"https:\/\/verdadeon.com.br\/portal\/#\/schema\/person\/image\/","url":"https:\/\/secure.gravatar.com\/avatar\/459a9613caaaf07f582c3d0841eea68bdd66f533e465e6ba8b9cb45619572cf4?s=96&d=mm&r=g","contentUrl":"https:\/\/secure.gravatar.com\/avatar\/459a9613caaaf07f582c3d0841eea68bdd66f533e465e6ba8b9cb45619572cf4?s=96&d=mm&r=g","caption":"Redacao VerdadeOn"},"url":"https:\/\/verdadeon.com.br\/portal\/author\/redacao\/"}]}},"jetpack_publicize_connections":[],"jetpack_featured_media_url":"https:\/\/i0.wp.com\/verdadeon.com.br\/portal\/wp-content\/uploads\/2020\/03\/WhatsApp-Image-2020-03-03-at-17.14.47.jpg?fit=1000%2C670&ssl=1","jetpack_sharing_enabled":true,"_links":{"self":[{"href":"https:\/\/verdadeon.com.br\/portal\/wp-json\/wp\/v2\/posts\/4534","targetHints":{"allow":["GET"]}}],"collection":[{"href":"https:\/\/verdadeon.com.br\/portal\/wp-json\/wp\/v2\/posts"}],"about":[{"href":"https:\/\/verdadeon.com.br\/portal\/wp-json\/wp\/v2\/types\/post"}],"author":[{"embeddable":true,"href":"https:\/\/verdadeon.com.br\/portal\/wp-json\/wp\/v2\/users\/10"}],"replies":[{"embeddable":true,"href":"https:\/\/verdadeon.com.br\/portal\/wp-json\/wp\/v2\/comments?post=4534"}],"version-history":[{"count":0,"href":"https:\/\/verdadeon.com.br\/portal\/wp-json\/wp\/v2\/posts\/4534\/revisions"}],"wp:featuredmedia":[{"embeddable":true,"href":"https:\/\/verdadeon.com.br\/portal\/wp-json\/wp\/v2\/media\/4535"}],"wp:attachment":[{"href":"https:\/\/verdadeon.com.br\/portal\/wp-json\/wp\/v2\/media?parent=4534"}],"wp:term":[{"taxonomy":"category","embeddable":true,"href":"https:\/\/verdadeon.com.br\/portal\/wp-json\/wp\/v2\/categories?post=4534"},{"taxonomy":"post_tag","embeddable":true,"href":"https:\/\/verdadeon.com.br\/portal\/wp-json\/wp\/v2\/tags?post=4534"}],"curies":[{"name":"wp","href":"https:\/\/api.w.org\/{rel}","templated":true}]}}