{"id":45174,"date":"2024-05-22T08:33:47","date_gmt":"2024-05-22T11:33:47","guid":{"rendered":"https:\/\/verdadeon.com.br\/portal\/?p=45174"},"modified":"2024-05-27T15:14:25","modified_gmt":"2024-05-27T18:14:25","slug":"finalistas-do-concurso-de-bandas-do-joao-rock-se-apresentam-neste-sabado-em-novo-local","status":"publish","type":"post","link":"https:\/\/verdadeon.com.br\/portal\/2024\/05\/22\/finalistas-do-concurso-de-bandas-do-joao-rock-se-apresentam-neste-sabado-em-novo-local\/","title":{"rendered":"\u00a0Finalistas do Concurso de Bandas do\u00a0Jo\u00e3o\u00a0Rock\u00a0se apresentam neste s\u00e1bado em novo local"},"content":{"rendered":"<h2><i>Evento ser\u00e1 na Arthouse em Ribeir\u00e3o Preto e, al\u00e9m da grande final, ter\u00e1 shows da Banda Chavala e do coletivo Tutu Djs<\/i><\/h2>\n<p>A organiza\u00e7\u00e3o do <span class=\"il\">Jo\u00e3o<\/span>\u00a0<span class=\"il\">Rock<\/span>\u00a0confirmou que a grande final do Concurso de Bandas acontecer\u00e1 na Casa Cultural Arthouse, a partir das 20h, neste s\u00e1bado dia 25 de maio. Na ocasi\u00e3o, as duas finalistas se apresentar\u00e3o para o p\u00fablico e para um j\u00fari especializado, que definir\u00e1 quem vai tocar no Festival, compondo o line-up do Palco\u00a0<span class=\"il\">Jo\u00e3o<\/span>\u00a0<span class=\"il\">Rock<\/span>, no dia 08 de junho.<\/p>\n<p>A noite contar\u00e1, ainda, com outras atra\u00e7\u00f5es musicais, incluindo a banda Chavala e o coletivo Tutu Djs. Os ingressos ser\u00e3o comercializados na bilheteria da Arthouse, no dia do evento.<\/p>\n<p>&nbsp;<\/p>\n<p><strong>As semifinalistas<\/strong><\/p>\n<p>Neste momento, o concurso est\u00e1 na etapa semifinal com as bandas Kauze, de Ubatuba\/SP; Matuto S.A, de Ribeir\u00e3o Preto\/SP; O Vaka, de Iguape\/SP; e Todos os Santos, de Salvador\/BA. Todas elas est\u00e3o sendo avaliadas por um j\u00fari, levando em conta crit\u00e9rios como originalidade, criatividade, desenvoltura e t\u00e9cnica para selecionar as duas bandas que seguem para grande final que contar\u00e1 com a apresenta\u00e7\u00e3o ao vivo das concorrentes no dia 25. As selecionadas ser\u00e3o anunciadas no dia 24, sexta-feira, pelas redes sociais do\u00a0<span class=\"il\">Jo\u00e3o<\/span>\u00a0<span class=\"il\">Rock<\/span>.<\/p>\n<p>&nbsp;<\/p>\n<p><strong>Final Concurso da Bandas<\/strong><br \/>\nQuando: 25 de maio<br \/>\nOnde: Arthouse &#8211; Rua Eliseu Guilherme, 354<br \/>\nHor\u00e1rio:20h<br \/>\nIngressos: R$30,00 inteira\/R$20(nome na lista)\/R$15 (nome na lista+ 1kg de alimento)<br \/>\nMais informa\u00e7\u00f5es:\u00a0<a href=\"https:\/\/www.joaorock.com.br\/\" target=\"_blank\" rel=\"noopener\" data-saferedirecturl=\"https:\/\/www.google.com\/url?q=https:\/\/www.joaorock.com.br&amp;source=gmail&amp;ust=1716919798455000&amp;usg=AOvVaw3TrgHlP4XvWczECT4KW1xu\">site<\/a><\/p>\n<p>&nbsp;<\/p>\n<div id=\"attachment_45170\" style=\"width: 810px\" class=\"wp-caption alignnone\"><img data-recalc-dims=\"1\" loading=\"lazy\" decoding=\"async\" aria-describedby=\"caption-attachment-45170\" class=\"size-full wp-image-45170\" src=\"https:\/\/i0.wp.com\/verdadeon.com.br\/portal\/wp-content\/uploads\/2024\/05\/07.jpg?resize=800%2C533&#038;ssl=1\" alt=\"\" width=\"800\" height=\"533\" srcset=\"https:\/\/i0.wp.com\/verdadeon.com.br\/portal\/wp-content\/uploads\/2024\/05\/07.jpg?w=800&amp;ssl=1 800w, https:\/\/i0.wp.com\/verdadeon.com.br\/portal\/wp-content\/uploads\/2024\/05\/07.jpg?resize=300%2C200&amp;ssl=1 300w, https:\/\/i0.wp.com\/verdadeon.com.br\/portal\/wp-content\/uploads\/2024\/05\/07.jpg?resize=768%2C512&amp;ssl=1 768w, https:\/\/i0.wp.com\/verdadeon.com.br\/portal\/wp-content\/uploads\/2024\/05\/07.jpg?resize=219%2C146&amp;ssl=1 219w, https:\/\/i0.wp.com\/verdadeon.com.br\/portal\/wp-content\/uploads\/2024\/05\/07.jpg?resize=50%2C33&amp;ssl=1 50w, https:\/\/i0.wp.com\/verdadeon.com.br\/portal\/wp-content\/uploads\/2024\/05\/07.jpg?resize=113%2C75&amp;ssl=1 113w\" sizes=\"auto, (max-width: 800px) 100vw, 800px\" \/><p id=\"caption-attachment-45170\" class=\"wp-caption-text\">Chavala \u00e9 uma das atra\u00e7\u00f5es confirmadas na grande final do Concurso de Bandas do Jo\u00e3o Rock &#8211; Cr\u00e9dito: Divulga\u00e7\u00e3o<\/p><\/div>\n<p>&nbsp;<\/p>\n<div id=\"attachment_45177\" style=\"width: 810px\" class=\"wp-caption alignnone\"><img data-recalc-dims=\"1\" loading=\"lazy\" decoding=\"async\" aria-describedby=\"caption-attachment-45177\" class=\"size-full wp-image-45177\" src=\"https:\/\/i0.wp.com\/verdadeon.com.br\/portal\/wp-content\/uploads\/2024\/05\/08.jpg?resize=800%2C800&#038;ssl=1\" alt=\"\" width=\"800\" height=\"800\" srcset=\"https:\/\/i0.wp.com\/verdadeon.com.br\/portal\/wp-content\/uploads\/2024\/05\/08.jpg?w=800&amp;ssl=1 800w, https:\/\/i0.wp.com\/verdadeon.com.br\/portal\/wp-content\/uploads\/2024\/05\/08.jpg?resize=300%2C300&amp;ssl=1 300w, https:\/\/i0.wp.com\/verdadeon.com.br\/portal\/wp-content\/uploads\/2024\/05\/08.jpg?resize=150%2C150&amp;ssl=1 150w, https:\/\/i0.wp.com\/verdadeon.com.br\/portal\/wp-content\/uploads\/2024\/05\/08.jpg?resize=768%2C768&amp;ssl=1 768w, https:\/\/i0.wp.com\/verdadeon.com.br\/portal\/wp-content\/uploads\/2024\/05\/08.jpg?resize=146%2C146&amp;ssl=1 146w, https:\/\/i0.wp.com\/verdadeon.com.br\/portal\/wp-content\/uploads\/2024\/05\/08.jpg?resize=50%2C50&amp;ssl=1 50w, https:\/\/i0.wp.com\/verdadeon.com.br\/portal\/wp-content\/uploads\/2024\/05\/08.jpg?resize=75%2C75&amp;ssl=1 75w, https:\/\/i0.wp.com\/verdadeon.com.br\/portal\/wp-content\/uploads\/2024\/05\/08.jpg?resize=85%2C85&amp;ssl=1 85w, https:\/\/i0.wp.com\/verdadeon.com.br\/portal\/wp-content\/uploads\/2024\/05\/08.jpg?resize=80%2C80&amp;ssl=1 80w\" sizes=\"auto, (max-width: 800px) 100vw, 800px\" \/><p id=\"caption-attachment-45177\" class=\"wp-caption-text\">Coletivo Tutu Djs abre a programa\u00e7\u00e3o da noite na Casa Cultural Arthouse &#8211; Cr\u00e9dito: Rafaela Bernardi<\/p><\/div>\n","protected":false},"excerpt":{"rendered":"<p>Evento ser\u00e1 na Arthouse em Ribeir\u00e3o Preto e, al\u00e9m da grande final, ter\u00e1 shows da Banda Chavala e do coletivo Tutu Djs A organiza\u00e7\u00e3o do Jo\u00e3o\u00a0Rock\u00a0confirmou<span class=\"excerpt-hellip\"> [\u2026]<\/span><\/p>\n","protected":false},"author":4,"featured_media":0,"comment_status":"open","ping_status":"open","sticky":false,"template":"","format":"standard","meta":{"_jetpack_memberships_contains_paid_content":false,"footnotes":"","jetpack_publicize_message":"","jetpack_publicize_feature_enabled":true,"jetpack_social_post_already_shared":false,"jetpack_social_options":{"image_generator_settings":{"template":"highway","default_image_id":0,"enabled":false},"version":2}},"categories":[28],"tags":[],"class_list":["post-45174","post","type-post","status-publish","format-standard","hentry","category-cotidiano"],"yoast_head":"<!-- This site is optimized with the Yoast SEO plugin v25.6 - https:\/\/yoast.com\/wordpress\/plugins\/seo\/ -->\n<title>\u00a0Finalistas do Concurso de Bandas do\u00a0Jo\u00e3o\u00a0Rock\u00a0se apresentam neste s\u00e1bado em novo local - VerdadeOn<\/title>\n<meta name=\"robots\" content=\"index, follow, max-snippet:-1, max-image-preview:large, max-video-preview:-1\" \/>\n<link rel=\"canonical\" href=\"https:\/\/verdadeon.com.br\/portal\/2024\/05\/22\/finalistas-do-concurso-de-bandas-do-joao-rock-se-apresentam-neste-sabado-em-novo-local\/\" \/>\n<meta property=\"og:locale\" content=\"pt_BR\" \/>\n<meta property=\"og:type\" content=\"article\" \/>\n<meta property=\"og:title\" content=\"\u00a0Finalistas do Concurso de Bandas do\u00a0Jo\u00e3o\u00a0Rock\u00a0se apresentam neste s\u00e1bado em novo local - VerdadeOn\" \/>\n<meta property=\"og:description\" content=\"Evento ser\u00e1 na Arthouse em Ribeir\u00e3o Preto e, al\u00e9m da grande final, ter\u00e1 shows da Banda Chavala e do coletivo Tutu Djs A organiza\u00e7\u00e3o do Jo\u00e3o\u00a0Rock\u00a0confirmou [\u2026]\" \/>\n<meta property=\"og:url\" content=\"https:\/\/verdadeon.com.br\/portal\/2024\/05\/22\/finalistas-do-concurso-de-bandas-do-joao-rock-se-apresentam-neste-sabado-em-novo-local\/\" \/>\n<meta property=\"og:site_name\" content=\"VerdadeOn\" \/>\n<meta property=\"article:published_time\" content=\"2024-05-22T11:33:47+00:00\" \/>\n<meta property=\"article:modified_time\" content=\"2024-05-27T18:14:25+00:00\" \/>\n<meta property=\"og:image\" content=\"https:\/\/verdadeon.com.br\/portal\/wp-content\/uploads\/2024\/05\/07.jpg\" \/>\n<meta name=\"author\" content=\"Fernando Calixto\" \/>\n<meta name=\"twitter:card\" content=\"summary_large_image\" \/>\n<meta name=\"twitter:label1\" content=\"Escrito por\" \/>\n\t<meta name=\"twitter:data1\" content=\"Fernando Calixto\" \/>\n\t<meta name=\"twitter:label2\" content=\"Est. tempo de leitura\" \/>\n\t<meta name=\"twitter:data2\" content=\"2 minutos\" \/>\n<script type=\"application\/ld+json\" class=\"yoast-schema-graph\">{\"@context\":\"https:\/\/schema.org\",\"@graph\":[{\"@type\":\"WebPage\",\"@id\":\"https:\/\/verdadeon.com.br\/portal\/2024\/05\/22\/finalistas-do-concurso-de-bandas-do-joao-rock-se-apresentam-neste-sabado-em-novo-local\/\",\"url\":\"https:\/\/verdadeon.com.br\/portal\/2024\/05\/22\/finalistas-do-concurso-de-bandas-do-joao-rock-se-apresentam-neste-sabado-em-novo-local\/\",\"name\":\"\u00a0Finalistas do Concurso de Bandas do\u00a0Jo\u00e3o\u00a0Rock\u00a0se apresentam neste s\u00e1bado em novo local - VerdadeOn\",\"isPartOf\":{\"@id\":\"https:\/\/verdadeon.com.br\/portal\/#website\"},\"primaryImageOfPage\":{\"@id\":\"https:\/\/verdadeon.com.br\/portal\/2024\/05\/22\/finalistas-do-concurso-de-bandas-do-joao-rock-se-apresentam-neste-sabado-em-novo-local\/#primaryimage\"},\"image\":{\"@id\":\"https:\/\/verdadeon.com.br\/portal\/2024\/05\/22\/finalistas-do-concurso-de-bandas-do-joao-rock-se-apresentam-neste-sabado-em-novo-local\/#primaryimage\"},\"thumbnailUrl\":\"https:\/\/verdadeon.com.br\/portal\/wp-content\/uploads\/2024\/05\/07.jpg\",\"datePublished\":\"2024-05-22T11:33:47+00:00\",\"dateModified\":\"2024-05-27T18:14:25+00:00\",\"author\":{\"@id\":\"https:\/\/verdadeon.com.br\/portal\/#\/schema\/person\/8994718f49ee62ba5610471e29ca1f62\"},\"breadcrumb\":{\"@id\":\"https:\/\/verdadeon.com.br\/portal\/2024\/05\/22\/finalistas-do-concurso-de-bandas-do-joao-rock-se-apresentam-neste-sabado-em-novo-local\/#breadcrumb\"},\"inLanguage\":\"pt-BR\",\"potentialAction\":[{\"@type\":\"ReadAction\",\"target\":[\"https:\/\/verdadeon.com.br\/portal\/2024\/05\/22\/finalistas-do-concurso-de-bandas-do-joao-rock-se-apresentam-neste-sabado-em-novo-local\/\"]}]},{\"@type\":\"ImageObject\",\"inLanguage\":\"pt-BR\",\"@id\":\"https:\/\/verdadeon.com.br\/portal\/2024\/05\/22\/finalistas-do-concurso-de-bandas-do-joao-rock-se-apresentam-neste-sabado-em-novo-local\/#primaryimage\",\"url\":\"https:\/\/i0.wp.com\/verdadeon.com.br\/portal\/wp-content\/uploads\/2024\/05\/07.jpg?fit=800%2C533&ssl=1\",\"contentUrl\":\"https:\/\/i0.wp.com\/verdadeon.com.br\/portal\/wp-content\/uploads\/2024\/05\/07.jpg?fit=800%2C533&ssl=1\",\"width\":800,\"height\":533,\"caption\":\"Chavala \u00e9 uma das atra\u00e7\u00f5es confirmadas na grande final do Concurso de Bandas do Jo\u00e3o Rock - Cr\u00e9dito: Divulga\u00e7\u00e3o\"},{\"@type\":\"BreadcrumbList\",\"@id\":\"https:\/\/verdadeon.com.br\/portal\/2024\/05\/22\/finalistas-do-concurso-de-bandas-do-joao-rock-se-apresentam-neste-sabado-em-novo-local\/#breadcrumb\",\"itemListElement\":[{\"@type\":\"ListItem\",\"position\":1,\"name\":\"In\u00edcio\",\"item\":\"https:\/\/verdadeon.com.br\/portal\/\"},{\"@type\":\"ListItem\",\"position\":2,\"name\":\"\u00a0Finalistas do Concurso de Bandas do\u00a0Jo\u00e3o\u00a0Rock\u00a0se apresentam neste s\u00e1bado em novo local\"}]},{\"@type\":\"WebSite\",\"@id\":\"https:\/\/verdadeon.com.br\/portal\/#website\",\"url\":\"https:\/\/verdadeon.com.br\/portal\/\",\"name\":\"VerdadeOn\",\"description\":\"Not\u00edcias di\u00e1rias sobre Franca, Regi\u00e3o, Esporte, Cultura, Cotidiano, Colunas. Cobertura nos principais eventos da cidade \u00e9 aqui - Verdadeon Franca\",\"potentialAction\":[{\"@type\":\"SearchAction\",\"target\":{\"@type\":\"EntryPoint\",\"urlTemplate\":\"https:\/\/verdadeon.com.br\/portal\/?s={search_term_string}\"},\"query-input\":{\"@type\":\"PropertyValueSpecification\",\"valueRequired\":true,\"valueName\":\"search_term_string\"}}],\"inLanguage\":\"pt-BR\"},{\"@type\":\"Person\",\"@id\":\"https:\/\/verdadeon.com.br\/portal\/#\/schema\/person\/8994718f49ee62ba5610471e29ca1f62\",\"name\":\"Fernando Calixto\",\"image\":{\"@type\":\"ImageObject\",\"inLanguage\":\"pt-BR\",\"@id\":\"https:\/\/verdadeon.com.br\/portal\/#\/schema\/person\/image\/\",\"url\":\"https:\/\/secure.gravatar.com\/avatar\/7578910c24966c0316c340f9dbd601e93ee9f9212e1033968b367af9306bd9fb?s=96&d=mm&r=g\",\"contentUrl\":\"https:\/\/secure.gravatar.com\/avatar\/7578910c24966c0316c340f9dbd601e93ee9f9212e1033968b367af9306bd9fb?s=96&d=mm&r=g\",\"caption\":\"Fernando Calixto\"},\"url\":\"https:\/\/verdadeon.com.br\/portal\/author\/fernando-calixto\/\"}]}<\/script>\n<!-- \/ Yoast SEO plugin. -->","yoast_head_json":{"title":"\u00a0Finalistas do Concurso de Bandas do\u00a0Jo\u00e3o\u00a0Rock\u00a0se apresentam neste s\u00e1bado em novo local - VerdadeOn","robots":{"index":"index","follow":"follow","max-snippet":"max-snippet:-1","max-image-preview":"max-image-preview:large","max-video-preview":"max-video-preview:-1"},"canonical":"https:\/\/verdadeon.com.br\/portal\/2024\/05\/22\/finalistas-do-concurso-de-bandas-do-joao-rock-se-apresentam-neste-sabado-em-novo-local\/","og_locale":"pt_BR","og_type":"article","og_title":"\u00a0Finalistas do Concurso de Bandas do\u00a0Jo\u00e3o\u00a0Rock\u00a0se apresentam neste s\u00e1bado em novo local - VerdadeOn","og_description":"Evento ser\u00e1 na Arthouse em Ribeir\u00e3o Preto e, al\u00e9m da grande final, ter\u00e1 shows da Banda Chavala e do coletivo Tutu Djs A organiza\u00e7\u00e3o do Jo\u00e3o\u00a0Rock\u00a0confirmou [\u2026]","og_url":"https:\/\/verdadeon.com.br\/portal\/2024\/05\/22\/finalistas-do-concurso-de-bandas-do-joao-rock-se-apresentam-neste-sabado-em-novo-local\/","og_site_name":"VerdadeOn","article_published_time":"2024-05-22T11:33:47+00:00","article_modified_time":"2024-05-27T18:14:25+00:00","og_image":[{"url":"https:\/\/verdadeon.com.br\/portal\/wp-content\/uploads\/2024\/05\/07.jpg","type":"","width":"","height":""}],"author":"Fernando Calixto","twitter_card":"summary_large_image","twitter_misc":{"Escrito por":"Fernando Calixto","Est. tempo de leitura":"2 minutos"},"schema":{"@context":"https:\/\/schema.org","@graph":[{"@type":"WebPage","@id":"https:\/\/verdadeon.com.br\/portal\/2024\/05\/22\/finalistas-do-concurso-de-bandas-do-joao-rock-se-apresentam-neste-sabado-em-novo-local\/","url":"https:\/\/verdadeon.com.br\/portal\/2024\/05\/22\/finalistas-do-concurso-de-bandas-do-joao-rock-se-apresentam-neste-sabado-em-novo-local\/","name":"\u00a0Finalistas do Concurso de Bandas do\u00a0Jo\u00e3o\u00a0Rock\u00a0se apresentam neste s\u00e1bado em novo local - VerdadeOn","isPartOf":{"@id":"https:\/\/verdadeon.com.br\/portal\/#website"},"primaryImageOfPage":{"@id":"https:\/\/verdadeon.com.br\/portal\/2024\/05\/22\/finalistas-do-concurso-de-bandas-do-joao-rock-se-apresentam-neste-sabado-em-novo-local\/#primaryimage"},"image":{"@id":"https:\/\/verdadeon.com.br\/portal\/2024\/05\/22\/finalistas-do-concurso-de-bandas-do-joao-rock-se-apresentam-neste-sabado-em-novo-local\/#primaryimage"},"thumbnailUrl":"https:\/\/verdadeon.com.br\/portal\/wp-content\/uploads\/2024\/05\/07.jpg","datePublished":"2024-05-22T11:33:47+00:00","dateModified":"2024-05-27T18:14:25+00:00","author":{"@id":"https:\/\/verdadeon.com.br\/portal\/#\/schema\/person\/8994718f49ee62ba5610471e29ca1f62"},"breadcrumb":{"@id":"https:\/\/verdadeon.com.br\/portal\/2024\/05\/22\/finalistas-do-concurso-de-bandas-do-joao-rock-se-apresentam-neste-sabado-em-novo-local\/#breadcrumb"},"inLanguage":"pt-BR","potentialAction":[{"@type":"ReadAction","target":["https:\/\/verdadeon.com.br\/portal\/2024\/05\/22\/finalistas-do-concurso-de-bandas-do-joao-rock-se-apresentam-neste-sabado-em-novo-local\/"]}]},{"@type":"ImageObject","inLanguage":"pt-BR","@id":"https:\/\/verdadeon.com.br\/portal\/2024\/05\/22\/finalistas-do-concurso-de-bandas-do-joao-rock-se-apresentam-neste-sabado-em-novo-local\/#primaryimage","url":"https:\/\/i0.wp.com\/verdadeon.com.br\/portal\/wp-content\/uploads\/2024\/05\/07.jpg?fit=800%2C533&ssl=1","contentUrl":"https:\/\/i0.wp.com\/verdadeon.com.br\/portal\/wp-content\/uploads\/2024\/05\/07.jpg?fit=800%2C533&ssl=1","width":800,"height":533,"caption":"Chavala \u00e9 uma das atra\u00e7\u00f5es confirmadas na grande final do Concurso de Bandas do Jo\u00e3o Rock - Cr\u00e9dito: Divulga\u00e7\u00e3o"},{"@type":"BreadcrumbList","@id":"https:\/\/verdadeon.com.br\/portal\/2024\/05\/22\/finalistas-do-concurso-de-bandas-do-joao-rock-se-apresentam-neste-sabado-em-novo-local\/#breadcrumb","itemListElement":[{"@type":"ListItem","position":1,"name":"In\u00edcio","item":"https:\/\/verdadeon.com.br\/portal\/"},{"@type":"ListItem","position":2,"name":"\u00a0Finalistas do Concurso de Bandas do\u00a0Jo\u00e3o\u00a0Rock\u00a0se apresentam neste s\u00e1bado em novo local"}]},{"@type":"WebSite","@id":"https:\/\/verdadeon.com.br\/portal\/#website","url":"https:\/\/verdadeon.com.br\/portal\/","name":"VerdadeOn","description":"Not\u00edcias di\u00e1rias sobre Franca, Regi\u00e3o, Esporte, Cultura, Cotidiano, Colunas. Cobertura nos principais eventos da cidade \u00e9 aqui - Verdadeon Franca","potentialAction":[{"@type":"SearchAction","target":{"@type":"EntryPoint","urlTemplate":"https:\/\/verdadeon.com.br\/portal\/?s={search_term_string}"},"query-input":{"@type":"PropertyValueSpecification","valueRequired":true,"valueName":"search_term_string"}}],"inLanguage":"pt-BR"},{"@type":"Person","@id":"https:\/\/verdadeon.com.br\/portal\/#\/schema\/person\/8994718f49ee62ba5610471e29ca1f62","name":"Fernando Calixto","image":{"@type":"ImageObject","inLanguage":"pt-BR","@id":"https:\/\/verdadeon.com.br\/portal\/#\/schema\/person\/image\/","url":"https:\/\/secure.gravatar.com\/avatar\/7578910c24966c0316c340f9dbd601e93ee9f9212e1033968b367af9306bd9fb?s=96&d=mm&r=g","contentUrl":"https:\/\/secure.gravatar.com\/avatar\/7578910c24966c0316c340f9dbd601e93ee9f9212e1033968b367af9306bd9fb?s=96&d=mm&r=g","caption":"Fernando Calixto"},"url":"https:\/\/verdadeon.com.br\/portal\/author\/fernando-calixto\/"}]}},"jetpack_publicize_connections":[],"jetpack_featured_media_url":"","jetpack_sharing_enabled":true,"_links":{"self":[{"href":"https:\/\/verdadeon.com.br\/portal\/wp-json\/wp\/v2\/posts\/45174","targetHints":{"allow":["GET"]}}],"collection":[{"href":"https:\/\/verdadeon.com.br\/portal\/wp-json\/wp\/v2\/posts"}],"about":[{"href":"https:\/\/verdadeon.com.br\/portal\/wp-json\/wp\/v2\/types\/post"}],"author":[{"embeddable":true,"href":"https:\/\/verdadeon.com.br\/portal\/wp-json\/wp\/v2\/users\/4"}],"replies":[{"embeddable":true,"href":"https:\/\/verdadeon.com.br\/portal\/wp-json\/wp\/v2\/comments?post=45174"}],"version-history":[{"count":1,"href":"https:\/\/verdadeon.com.br\/portal\/wp-json\/wp\/v2\/posts\/45174\/revisions"}],"predecessor-version":[{"id":45178,"href":"https:\/\/verdadeon.com.br\/portal\/wp-json\/wp\/v2\/posts\/45174\/revisions\/45178"}],"wp:attachment":[{"href":"https:\/\/verdadeon.com.br\/portal\/wp-json\/wp\/v2\/media?parent=45174"}],"wp:term":[{"taxonomy":"category","embeddable":true,"href":"https:\/\/verdadeon.com.br\/portal\/wp-json\/wp\/v2\/categories?post=45174"},{"taxonomy":"post_tag","embeddable":true,"href":"https:\/\/verdadeon.com.br\/portal\/wp-json\/wp\/v2\/tags?post=45174"}],"curies":[{"name":"wp","href":"https:\/\/api.w.org\/{rel}","templated":true}]}}