{"id":45166,"date":"2024-05-09T16:00:06","date_gmt":"2024-05-09T19:00:06","guid":{"rendered":"https:\/\/verdadeon.com.br\/portal\/?p=45166"},"modified":"2024-05-27T15:04:31","modified_gmt":"2024-05-27T18:04:31","slug":"festival-joao-rock-inicia-a-pre-carga-das-pulseiras-multifuncionais","status":"publish","type":"post","link":"https:\/\/verdadeon.com.br\/portal\/2024\/05\/09\/festival-joao-rock-inicia-a-pre-carga-das-pulseiras-multifuncionais\/","title":{"rendered":"Festival\u00a0Jo\u00e3o\u00a0Rock\u00a0inicia a pr\u00e9-carga das pulseiras multifuncionais"},"content":{"rendered":"<h2><i>Dispositivo proporciona praticidade e seguran\u00e7a para o p\u00fablico do evento, que acontece no dia 08 de junho, em Ribeir\u00e3o Preto<\/i><\/h2>\n<p>&nbsp;<\/p>\n<p>A partir desta quinta-feira, dia 09 de maio, o\u00a0<span class=\"il\">Jo\u00e3o<\/span>\u00a0<span class=\"il\">Rock<\/span>\u00a0libera o sistema de pr\u00e9-carga em suas pulseiras multifuncionais. O dispositivo, al\u00e9m de servir como ingresso, tamb\u00e9m \u00e9 utilizado para compras de produtos e servi\u00e7os no festival. Quem opta por esse recurso, chega e j\u00e1 vai direto viver as experi\u00eancias do festival, sem ter que passar pelos caixas. Outro benef\u00edcio \u00e9 que os 5 mil primeiros cadastrados ganham um chope Einsenbahn Unfiltred no evento.<\/p>\n<p>Clientes do Banco do Brasil \u2013 em cargas entre R$100 e R$200, recebem um b\u00f4nus extra de R$20. Para cargas acima de R$200, o valor adicional \u00e9 de R$ 40. A condi\u00e7\u00e3o \u00e9 v\u00e1lida para os primeiros 1 mil clientes. Para ativar a pr\u00e9-carga, o usu\u00e1rio deve acessar o site\u00a0<a href=\"http:\/\/joaorock.com.br\/pulseira\" target=\"_blank\" rel=\"noopener\" data-saferedirecturl=\"https:\/\/www.google.com\/url?q=http:\/\/joaorock.com.br\/pulseira&amp;source=gmail&amp;ust=1716919382041000&amp;usg=AOvVaw3ey2hkVwKmpyTwidpczZYz\">joaorock.com.br\/pulseira<\/a>, clicar em Carregar Pulseira, fazer o login ou criar uma conta. Com o dispositivo em m\u00e3os, \u00e9 preciso digitar o c\u00f3digo que est\u00e1 no verso do chip, vinculando o mesmo ao seu CPF.<\/p>\n<p>\u00c9 poss\u00edvel carregar qualquer valor, quantas vezes quiser, at\u00e9 o dia 6 de junho.<br \/>\n<strong>Ingressos<\/strong><br \/>\nA venda de ingressos para Pista est\u00e1 no \u00faltimo lote, tanto no site oficial do evento, quanto nos pontos f\u00edsicos, localizados nas lojas Ophicina dos shoppings de Ribeir\u00e3o Preto. Os setores Pista Premium, Camarote\u00a0<span class=\"il\">Jo\u00e3o<\/span>\u00a0<span class=\"il\">Rock<\/span>\u00a0e Camarote Lagunitas j\u00e1 est\u00e3o esgotados.<br \/>\nO pagamento pode ser parcelado em at\u00e9 6 vezes sem juros. Clientes Banco do Brasil t\u00eam 15% de desconto no valor da compra de qualquer setor, al\u00e9m da possibilidade de parcelamento em at\u00e9 8 vezes.<br \/>\n<strong>Line up<\/strong><br \/>\n<strong>Palco\u00a0<span class=\"il\">Jo\u00e3o<\/span>\u00a0<span class=\"il\">Rock<\/span>:<\/strong>\u00a0encontros de Emicida e Pitty \/ Marcelo D2, Djonga e Um Punhado de Bamba, al\u00e9m de Paralamas do Sucesso, Samuel Rosa, CPM22, Marina Sena, Armandinho, Thiago Castanho, Marc\u00e3o Britto \u2013 CBJR e Detonautas.<\/p>\n<p><strong>Palco Brasil:<\/strong>\u00a0Lulu Santos, Ney Matogrosso, Djavan, 14 Bis e Novos Baianos com Pepeu, Baby do Brasil e Paulinho.<\/p>\n<p><strong>Palco Aquarela:<\/strong>\u00a0Duda Beat, Marina Lima, Maria Gad\u00fa, Negra Li e T\u00e1ssia Reis.<\/p>\n<p><strong>Palco Fortalecendo a Cena:<\/strong>\u00a0Ebony, Ryu The Runner, Wiu, Teto e Veigh.<br \/>\n<strong>Programe-se<\/strong><\/p>\n<p><strong>Festival\u00a0<span class=\"il\">Jo\u00e3o<\/span>\u00a0<span class=\"il\">Rock<\/span>\u00a02024<\/strong><br \/>\nQuando: 08 de junho<br \/>\nOnde: Ribeir\u00e3o Preto \u2013 SP<br \/>\nParque Permanente de Exposi\u00e7\u00f5es<br \/>\nAcesse o<a href=\"https:\/\/www.joaorock.com.br\/\" target=\"_blank\" rel=\"noopener\" data-saferedirecturl=\"https:\/\/www.google.com\/url?q=https:\/\/www.joaorock.com.br\/&amp;source=gmail&amp;ust=1716919382041000&amp;usg=AOvVaw37ETFDM0eNbZaacccWJ6Kl\">\u00a0site<\/a><\/p>\n","protected":false},"excerpt":{"rendered":"<p>Dispositivo proporciona praticidade e seguran\u00e7a para o p\u00fablico do evento, que acontece no dia 08 de junho, em Ribeir\u00e3o Preto &nbsp; A partir desta quinta-feira, dia<span class=\"excerpt-hellip\"> [\u2026]<\/span><\/p>\n","protected":false},"author":4,"featured_media":45167,"comment_status":"open","ping_status":"open","sticky":false,"template":"","format":"standard","meta":{"_jetpack_memberships_contains_paid_content":false,"footnotes":"","jetpack_publicize_message":"","jetpack_publicize_feature_enabled":true,"jetpack_social_post_already_shared":false,"jetpack_social_options":{"image_generator_settings":{"template":"highway","default_image_id":0,"enabled":false},"version":2}},"categories":[28],"tags":[],"class_list":["post-45166","post","type-post","status-publish","format-standard","has-post-thumbnail","hentry","category-cotidiano"],"yoast_head":"<!-- This site is optimized with the Yoast SEO plugin v25.6 - https:\/\/yoast.com\/wordpress\/plugins\/seo\/ -->\n<title>Festival\u00a0Jo\u00e3o\u00a0Rock\u00a0inicia a pr\u00e9-carga das pulseiras multifuncionais - VerdadeOn<\/title>\n<meta name=\"robots\" content=\"index, follow, max-snippet:-1, max-image-preview:large, max-video-preview:-1\" \/>\n<link rel=\"canonical\" href=\"https:\/\/verdadeon.com.br\/portal\/2024\/05\/09\/festival-joao-rock-inicia-a-pre-carga-das-pulseiras-multifuncionais\/\" \/>\n<meta property=\"og:locale\" content=\"pt_BR\" \/>\n<meta property=\"og:type\" content=\"article\" \/>\n<meta property=\"og:title\" content=\"Festival\u00a0Jo\u00e3o\u00a0Rock\u00a0inicia a pr\u00e9-carga das pulseiras multifuncionais - VerdadeOn\" \/>\n<meta property=\"og:description\" content=\"Dispositivo proporciona praticidade e seguran\u00e7a para o p\u00fablico do evento, que acontece no dia 08 de junho, em Ribeir\u00e3o Preto &nbsp; A partir desta quinta-feira, dia [\u2026]\" \/>\n<meta property=\"og:url\" content=\"https:\/\/verdadeon.com.br\/portal\/2024\/05\/09\/festival-joao-rock-inicia-a-pre-carga-das-pulseiras-multifuncionais\/\" \/>\n<meta property=\"og:site_name\" content=\"VerdadeOn\" \/>\n<meta property=\"article:published_time\" content=\"2024-05-09T19:00:06+00:00\" \/>\n<meta property=\"article:modified_time\" content=\"2024-05-27T18:04:31+00:00\" \/>\n<meta property=\"og:image\" content=\"https:\/\/verdadeon.com.br\/portal\/wp-content\/uploads\/2024\/05\/unnamed-3.jpg\" \/>\n\t<meta property=\"og:image:width\" content=\"800\" \/>\n\t<meta property=\"og:image:height\" content=\"533\" \/>\n\t<meta property=\"og:image:type\" content=\"image\/jpeg\" \/>\n<meta name=\"author\" content=\"Fernando Calixto\" \/>\n<meta name=\"twitter:card\" content=\"summary_large_image\" \/>\n<meta name=\"twitter:label1\" content=\"Escrito por\" \/>\n\t<meta name=\"twitter:data1\" content=\"Fernando Calixto\" \/>\n\t<meta name=\"twitter:label2\" content=\"Est. tempo de leitura\" \/>\n\t<meta name=\"twitter:data2\" content=\"2 minutos\" \/>\n<script type=\"application\/ld+json\" class=\"yoast-schema-graph\">{\"@context\":\"https:\/\/schema.org\",\"@graph\":[{\"@type\":\"WebPage\",\"@id\":\"https:\/\/verdadeon.com.br\/portal\/2024\/05\/09\/festival-joao-rock-inicia-a-pre-carga-das-pulseiras-multifuncionais\/\",\"url\":\"https:\/\/verdadeon.com.br\/portal\/2024\/05\/09\/festival-joao-rock-inicia-a-pre-carga-das-pulseiras-multifuncionais\/\",\"name\":\"Festival\u00a0Jo\u00e3o\u00a0Rock\u00a0inicia a pr\u00e9-carga das pulseiras multifuncionais - VerdadeOn\",\"isPartOf\":{\"@id\":\"https:\/\/verdadeon.com.br\/portal\/#website\"},\"primaryImageOfPage\":{\"@id\":\"https:\/\/verdadeon.com.br\/portal\/2024\/05\/09\/festival-joao-rock-inicia-a-pre-carga-das-pulseiras-multifuncionais\/#primaryimage\"},\"image\":{\"@id\":\"https:\/\/verdadeon.com.br\/portal\/2024\/05\/09\/festival-joao-rock-inicia-a-pre-carga-das-pulseiras-multifuncionais\/#primaryimage\"},\"thumbnailUrl\":\"https:\/\/i0.wp.com\/verdadeon.com.br\/portal\/wp-content\/uploads\/2024\/05\/unnamed-3.jpg?fit=800%2C533&ssl=1\",\"datePublished\":\"2024-05-09T19:00:06+00:00\",\"dateModified\":\"2024-05-27T18:04:31+00:00\",\"author\":{\"@id\":\"https:\/\/verdadeon.com.br\/portal\/#\/schema\/person\/8994718f49ee62ba5610471e29ca1f62\"},\"breadcrumb\":{\"@id\":\"https:\/\/verdadeon.com.br\/portal\/2024\/05\/09\/festival-joao-rock-inicia-a-pre-carga-das-pulseiras-multifuncionais\/#breadcrumb\"},\"inLanguage\":\"pt-BR\",\"potentialAction\":[{\"@type\":\"ReadAction\",\"target\":[\"https:\/\/verdadeon.com.br\/portal\/2024\/05\/09\/festival-joao-rock-inicia-a-pre-carga-das-pulseiras-multifuncionais\/\"]}]},{\"@type\":\"ImageObject\",\"inLanguage\":\"pt-BR\",\"@id\":\"https:\/\/verdadeon.com.br\/portal\/2024\/05\/09\/festival-joao-rock-inicia-a-pre-carga-das-pulseiras-multifuncionais\/#primaryimage\",\"url\":\"https:\/\/i0.wp.com\/verdadeon.com.br\/portal\/wp-content\/uploads\/2024\/05\/unnamed-3.jpg?fit=800%2C533&ssl=1\",\"contentUrl\":\"https:\/\/i0.wp.com\/verdadeon.com.br\/portal\/wp-content\/uploads\/2024\/05\/unnamed-3.jpg?fit=800%2C533&ssl=1\",\"width\":800,\"height\":533,\"caption\":\"Pr\u00e9-carga das pulseiras multifuncionais do Jo\u00e3o Rock j\u00e1 est\u00e1 liberada \u2013 Foto: Pridia\"},{\"@type\":\"BreadcrumbList\",\"@id\":\"https:\/\/verdadeon.com.br\/portal\/2024\/05\/09\/festival-joao-rock-inicia-a-pre-carga-das-pulseiras-multifuncionais\/#breadcrumb\",\"itemListElement\":[{\"@type\":\"ListItem\",\"position\":1,\"name\":\"In\u00edcio\",\"item\":\"https:\/\/verdadeon.com.br\/portal\/\"},{\"@type\":\"ListItem\",\"position\":2,\"name\":\"Festival\u00a0Jo\u00e3o\u00a0Rock\u00a0inicia a pr\u00e9-carga das pulseiras multifuncionais\"}]},{\"@type\":\"WebSite\",\"@id\":\"https:\/\/verdadeon.com.br\/portal\/#website\",\"url\":\"https:\/\/verdadeon.com.br\/portal\/\",\"name\":\"VerdadeOn\",\"description\":\"Not\u00edcias di\u00e1rias sobre Franca, Regi\u00e3o, Esporte, Cultura, Cotidiano, Colunas. Cobertura nos principais eventos da cidade \u00e9 aqui - Verdadeon Franca\",\"potentialAction\":[{\"@type\":\"SearchAction\",\"target\":{\"@type\":\"EntryPoint\",\"urlTemplate\":\"https:\/\/verdadeon.com.br\/portal\/?s={search_term_string}\"},\"query-input\":{\"@type\":\"PropertyValueSpecification\",\"valueRequired\":true,\"valueName\":\"search_term_string\"}}],\"inLanguage\":\"pt-BR\"},{\"@type\":\"Person\",\"@id\":\"https:\/\/verdadeon.com.br\/portal\/#\/schema\/person\/8994718f49ee62ba5610471e29ca1f62\",\"name\":\"Fernando Calixto\",\"image\":{\"@type\":\"ImageObject\",\"inLanguage\":\"pt-BR\",\"@id\":\"https:\/\/verdadeon.com.br\/portal\/#\/schema\/person\/image\/\",\"url\":\"https:\/\/secure.gravatar.com\/avatar\/7578910c24966c0316c340f9dbd601e93ee9f9212e1033968b367af9306bd9fb?s=96&d=mm&r=g\",\"contentUrl\":\"https:\/\/secure.gravatar.com\/avatar\/7578910c24966c0316c340f9dbd601e93ee9f9212e1033968b367af9306bd9fb?s=96&d=mm&r=g\",\"caption\":\"Fernando Calixto\"},\"url\":\"https:\/\/verdadeon.com.br\/portal\/author\/fernando-calixto\/\"}]}<\/script>\n<!-- \/ Yoast SEO plugin. -->","yoast_head_json":{"title":"Festival\u00a0Jo\u00e3o\u00a0Rock\u00a0inicia a pr\u00e9-carga das pulseiras multifuncionais - VerdadeOn","robots":{"index":"index","follow":"follow","max-snippet":"max-snippet:-1","max-image-preview":"max-image-preview:large","max-video-preview":"max-video-preview:-1"},"canonical":"https:\/\/verdadeon.com.br\/portal\/2024\/05\/09\/festival-joao-rock-inicia-a-pre-carga-das-pulseiras-multifuncionais\/","og_locale":"pt_BR","og_type":"article","og_title":"Festival\u00a0Jo\u00e3o\u00a0Rock\u00a0inicia a pr\u00e9-carga das pulseiras multifuncionais - VerdadeOn","og_description":"Dispositivo proporciona praticidade e seguran\u00e7a para o p\u00fablico do evento, que acontece no dia 08 de junho, em Ribeir\u00e3o Preto &nbsp; A partir desta quinta-feira, dia [\u2026]","og_url":"https:\/\/verdadeon.com.br\/portal\/2024\/05\/09\/festival-joao-rock-inicia-a-pre-carga-das-pulseiras-multifuncionais\/","og_site_name":"VerdadeOn","article_published_time":"2024-05-09T19:00:06+00:00","article_modified_time":"2024-05-27T18:04:31+00:00","og_image":[{"width":800,"height":533,"url":"https:\/\/verdadeon.com.br\/portal\/wp-content\/uploads\/2024\/05\/unnamed-3.jpg","type":"image\/jpeg"}],"author":"Fernando Calixto","twitter_card":"summary_large_image","twitter_misc":{"Escrito por":"Fernando Calixto","Est. tempo de leitura":"2 minutos"},"schema":{"@context":"https:\/\/schema.org","@graph":[{"@type":"WebPage","@id":"https:\/\/verdadeon.com.br\/portal\/2024\/05\/09\/festival-joao-rock-inicia-a-pre-carga-das-pulseiras-multifuncionais\/","url":"https:\/\/verdadeon.com.br\/portal\/2024\/05\/09\/festival-joao-rock-inicia-a-pre-carga-das-pulseiras-multifuncionais\/","name":"Festival\u00a0Jo\u00e3o\u00a0Rock\u00a0inicia a pr\u00e9-carga das pulseiras multifuncionais - VerdadeOn","isPartOf":{"@id":"https:\/\/verdadeon.com.br\/portal\/#website"},"primaryImageOfPage":{"@id":"https:\/\/verdadeon.com.br\/portal\/2024\/05\/09\/festival-joao-rock-inicia-a-pre-carga-das-pulseiras-multifuncionais\/#primaryimage"},"image":{"@id":"https:\/\/verdadeon.com.br\/portal\/2024\/05\/09\/festival-joao-rock-inicia-a-pre-carga-das-pulseiras-multifuncionais\/#primaryimage"},"thumbnailUrl":"https:\/\/i0.wp.com\/verdadeon.com.br\/portal\/wp-content\/uploads\/2024\/05\/unnamed-3.jpg?fit=800%2C533&ssl=1","datePublished":"2024-05-09T19:00:06+00:00","dateModified":"2024-05-27T18:04:31+00:00","author":{"@id":"https:\/\/verdadeon.com.br\/portal\/#\/schema\/person\/8994718f49ee62ba5610471e29ca1f62"},"breadcrumb":{"@id":"https:\/\/verdadeon.com.br\/portal\/2024\/05\/09\/festival-joao-rock-inicia-a-pre-carga-das-pulseiras-multifuncionais\/#breadcrumb"},"inLanguage":"pt-BR","potentialAction":[{"@type":"ReadAction","target":["https:\/\/verdadeon.com.br\/portal\/2024\/05\/09\/festival-joao-rock-inicia-a-pre-carga-das-pulseiras-multifuncionais\/"]}]},{"@type":"ImageObject","inLanguage":"pt-BR","@id":"https:\/\/verdadeon.com.br\/portal\/2024\/05\/09\/festival-joao-rock-inicia-a-pre-carga-das-pulseiras-multifuncionais\/#primaryimage","url":"https:\/\/i0.wp.com\/verdadeon.com.br\/portal\/wp-content\/uploads\/2024\/05\/unnamed-3.jpg?fit=800%2C533&ssl=1","contentUrl":"https:\/\/i0.wp.com\/verdadeon.com.br\/portal\/wp-content\/uploads\/2024\/05\/unnamed-3.jpg?fit=800%2C533&ssl=1","width":800,"height":533,"caption":"Pr\u00e9-carga das pulseiras multifuncionais do Jo\u00e3o Rock j\u00e1 est\u00e1 liberada \u2013 Foto: Pridia"},{"@type":"BreadcrumbList","@id":"https:\/\/verdadeon.com.br\/portal\/2024\/05\/09\/festival-joao-rock-inicia-a-pre-carga-das-pulseiras-multifuncionais\/#breadcrumb","itemListElement":[{"@type":"ListItem","position":1,"name":"In\u00edcio","item":"https:\/\/verdadeon.com.br\/portal\/"},{"@type":"ListItem","position":2,"name":"Festival\u00a0Jo\u00e3o\u00a0Rock\u00a0inicia a pr\u00e9-carga das pulseiras multifuncionais"}]},{"@type":"WebSite","@id":"https:\/\/verdadeon.com.br\/portal\/#website","url":"https:\/\/verdadeon.com.br\/portal\/","name":"VerdadeOn","description":"Not\u00edcias di\u00e1rias sobre Franca, Regi\u00e3o, Esporte, Cultura, Cotidiano, Colunas. Cobertura nos principais eventos da cidade \u00e9 aqui - Verdadeon Franca","potentialAction":[{"@type":"SearchAction","target":{"@type":"EntryPoint","urlTemplate":"https:\/\/verdadeon.com.br\/portal\/?s={search_term_string}"},"query-input":{"@type":"PropertyValueSpecification","valueRequired":true,"valueName":"search_term_string"}}],"inLanguage":"pt-BR"},{"@type":"Person","@id":"https:\/\/verdadeon.com.br\/portal\/#\/schema\/person\/8994718f49ee62ba5610471e29ca1f62","name":"Fernando Calixto","image":{"@type":"ImageObject","inLanguage":"pt-BR","@id":"https:\/\/verdadeon.com.br\/portal\/#\/schema\/person\/image\/","url":"https:\/\/secure.gravatar.com\/avatar\/7578910c24966c0316c340f9dbd601e93ee9f9212e1033968b367af9306bd9fb?s=96&d=mm&r=g","contentUrl":"https:\/\/secure.gravatar.com\/avatar\/7578910c24966c0316c340f9dbd601e93ee9f9212e1033968b367af9306bd9fb?s=96&d=mm&r=g","caption":"Fernando Calixto"},"url":"https:\/\/verdadeon.com.br\/portal\/author\/fernando-calixto\/"}]}},"jetpack_publicize_connections":[],"jetpack_featured_media_url":"https:\/\/i0.wp.com\/verdadeon.com.br\/portal\/wp-content\/uploads\/2024\/05\/unnamed-3.jpg?fit=800%2C533&ssl=1","jetpack_sharing_enabled":true,"_links":{"self":[{"href":"https:\/\/verdadeon.com.br\/portal\/wp-json\/wp\/v2\/posts\/45166","targetHints":{"allow":["GET"]}}],"collection":[{"href":"https:\/\/verdadeon.com.br\/portal\/wp-json\/wp\/v2\/posts"}],"about":[{"href":"https:\/\/verdadeon.com.br\/portal\/wp-json\/wp\/v2\/types\/post"}],"author":[{"embeddable":true,"href":"https:\/\/verdadeon.com.br\/portal\/wp-json\/wp\/v2\/users\/4"}],"replies":[{"embeddable":true,"href":"https:\/\/verdadeon.com.br\/portal\/wp-json\/wp\/v2\/comments?post=45166"}],"version-history":[{"count":1,"href":"https:\/\/verdadeon.com.br\/portal\/wp-json\/wp\/v2\/posts\/45166\/revisions"}],"predecessor-version":[{"id":45168,"href":"https:\/\/verdadeon.com.br\/portal\/wp-json\/wp\/v2\/posts\/45166\/revisions\/45168"}],"wp:featuredmedia":[{"embeddable":true,"href":"https:\/\/verdadeon.com.br\/portal\/wp-json\/wp\/v2\/media\/45167"}],"wp:attachment":[{"href":"https:\/\/verdadeon.com.br\/portal\/wp-json\/wp\/v2\/media?parent=45166"}],"wp:term":[{"taxonomy":"category","embeddable":true,"href":"https:\/\/verdadeon.com.br\/portal\/wp-json\/wp\/v2\/categories?post=45166"},{"taxonomy":"post_tag","embeddable":true,"href":"https:\/\/verdadeon.com.br\/portal\/wp-json\/wp\/v2\/tags?post=45166"}],"curies":[{"name":"wp","href":"https:\/\/api.w.org\/{rel}","templated":true}]}}