{"id":45158,"date":"2024-04-23T08:00:39","date_gmt":"2024-04-23T11:00:39","guid":{"rendered":"https:\/\/verdadeon.com.br\/portal\/?p=45158"},"modified":"2024-05-27T14:47:59","modified_gmt":"2024-05-27T17:47:59","slug":"com-primeiro-lote-esgotado-joao-rock-anuncia-o-inicio-da-venda-dos-ultimos-ingressos-na-quarta-feira-24","status":"publish","type":"post","link":"https:\/\/verdadeon.com.br\/portal\/2024\/04\/23\/com-primeiro-lote-esgotado-joao-rock-anuncia-o-inicio-da-venda-dos-ultimos-ingressos-na-quarta-feira-24\/","title":{"rendered":"\u00a0Com primeiro lote esgotado,\u00a0Jo\u00e3o\u00a0Rock\u00a0anuncia o in\u00edcio da venda dos \u00faltimos ingressos na quarta-feira, 24"},"content":{"rendered":"<h3><i>Festival acontece no dia 08 de junho em Ribeir\u00e3o Preto com mais de 30 atra\u00e7\u00f5es em 4 palcos<\/i><\/h3>\n<p>A partir desta quarta, dia 24 de abril, \u00e0s 12h, come\u00e7a a venda do \u00faltimo lote para todos os setores do\u00a0<span class=\"il\">Jo\u00e3o<\/span>\u00a0<span class=\"il\">Rock<\/span>, o que significa que 80% dos ingressos dispon\u00edveis para o evento j\u00e1 foram comercializados.<br \/>\nCom valores a partir de R\uff04230,00, os acessos do \u00faltimo lote estar\u00e3o dispon\u00edveis para compra exclusivamente pelo\u00a0<a href=\"https:\/\/www.joaorock.com.br\/\" target=\"_blank\" rel=\"noopener\" data-saferedirecturl=\"https:\/\/www.google.com\/url?q=https:\/\/www.joaorock.com.br&amp;source=gmail&amp;ust=1716917887975000&amp;usg=AOvVaw3ODA_aDV8p14czMC4VdUwX\">site oficial<\/a>\u00a0do festival e nos pontos f\u00edsicos, localizados nas lojas Ophicina dos shoppings de Ribeir\u00e3o Preto.<br \/>\nOs setores Pista, Pista Premium e os Camarotes\u00a0<span class=\"il\">Jo\u00e3o<\/span>\u00a0<span class=\"il\">Rock<\/span>\u00a0e Lagunitas, podem ser comprados com pagamento parcelado em at\u00e9 6 vezes sem juros.<br \/>\nJ\u00e1 os Clientes Banco do Brasil continuam com o benef\u00edcio de 15% de desconto no valor da compra de qualquer setor, al\u00e9m da possibilidade de parcelamento em at\u00e9 8 vezes.<br \/>\n<strong>Festival\u00a0<span class=\"il\">Jo\u00e3o<\/span>\u00a0<span class=\"il\">Rock<\/span><\/strong><br \/>\n<strong>Data:<\/strong>\u00a008 de junho de 2024<br \/>\n<strong>Local:<\/strong>\u00a0Parque Permanente de Exposi\u00e7\u00f5es de Ribeir\u00e3o Preto<br \/>\n<strong>Pontos de Venda:<\/strong>\u00a0Pelo site oficial e nas lojas Ophicina do Shopping Iguatemi, Novo Shopping, Shopping Santa \u00darsula e Ribeir\u00e3oShopping.<br \/>\n<strong>Ingressos:<\/strong><br \/>\n<strong>Pista:<\/strong>\u00a0R\uff04230 (meia) \/R\uff04250 (solid\u00e1rio*) \/R\uff04460 (inteira)<br \/>\n<strong>Camarote\u00a0<span class=\"il\">Jo\u00e3o<\/span>\u00a0<span class=\"il\">Rock<\/span>:<\/strong>\u00a0R\uff04490 (meia) \/R\uff04520 (solid\u00e1rio*) \/R\uff04980 (inteira)<br \/>\n<strong>Pista Premium:<\/strong>\u00a0R\uff04520 (meia) \/R\uff04550 (solid\u00e1rio*) \/R\uff041.040 (inteira)<br \/>\n<strong>Camarote Lagunitas:<\/strong>\u00a0R\uff041.040 (valor \u00fanico &#8211; open bar e open food)<br \/>\n<i>*ingresso solid\u00e1rio v\u00e1lido para doa\u00e7\u00e3o de 1 kg de alimento n\u00e3o perec\u00edvel &#8211; entregue no evento.<\/i><\/p>\n","protected":false},"excerpt":{"rendered":"<p>Festival acontece no dia 08 de junho em Ribeir\u00e3o Preto com mais de 30 atra\u00e7\u00f5es em 4 palcos A partir desta quarta, dia 24 de abril,<span class=\"excerpt-hellip\"> [\u2026]<\/span><\/p>\n","protected":false},"author":4,"featured_media":45156,"comment_status":"open","ping_status":"open","sticky":false,"template":"","format":"standard","meta":{"_jetpack_memberships_contains_paid_content":false,"footnotes":"","jetpack_publicize_message":"","jetpack_publicize_feature_enabled":true,"jetpack_social_post_already_shared":false,"jetpack_social_options":{"image_generator_settings":{"template":"highway","default_image_id":0,"enabled":false},"version":2}},"categories":[28],"tags":[],"class_list":["post-45158","post","type-post","status-publish","format-standard","has-post-thumbnail","hentry","category-cotidiano"],"yoast_head":"<!-- This site is optimized with the Yoast SEO plugin v25.6 - https:\/\/yoast.com\/wordpress\/plugins\/seo\/ -->\n<title>\u00a0Com primeiro lote esgotado,\u00a0Jo\u00e3o\u00a0Rock\u00a0anuncia o in\u00edcio da venda dos \u00faltimos ingressos na quarta-feira, 24 - VerdadeOn<\/title>\n<meta name=\"robots\" content=\"index, follow, max-snippet:-1, max-image-preview:large, max-video-preview:-1\" \/>\n<link rel=\"canonical\" href=\"https:\/\/verdadeon.com.br\/portal\/2024\/04\/23\/com-primeiro-lote-esgotado-joao-rock-anuncia-o-inicio-da-venda-dos-ultimos-ingressos-na-quarta-feira-24\/\" \/>\n<meta property=\"og:locale\" content=\"pt_BR\" \/>\n<meta property=\"og:type\" content=\"article\" \/>\n<meta property=\"og:title\" content=\"\u00a0Com primeiro lote esgotado,\u00a0Jo\u00e3o\u00a0Rock\u00a0anuncia o in\u00edcio da venda dos \u00faltimos ingressos na quarta-feira, 24 - VerdadeOn\" \/>\n<meta property=\"og:description\" content=\"Festival acontece no dia 08 de junho em Ribeir\u00e3o Preto com mais de 30 atra\u00e7\u00f5es em 4 palcos A partir desta quarta, dia 24 de abril, [\u2026]\" \/>\n<meta property=\"og:url\" content=\"https:\/\/verdadeon.com.br\/portal\/2024\/04\/23\/com-primeiro-lote-esgotado-joao-rock-anuncia-o-inicio-da-venda-dos-ultimos-ingressos-na-quarta-feira-24\/\" \/>\n<meta property=\"og:site_name\" content=\"VerdadeOn\" \/>\n<meta property=\"article:published_time\" content=\"2024-04-23T11:00:39+00:00\" \/>\n<meta property=\"article:modified_time\" content=\"2024-05-27T17:47:59+00:00\" \/>\n<meta property=\"og:image\" content=\"https:\/\/verdadeon.com.br\/portal\/wp-content\/uploads\/2024\/05\/unnamed-2-1.jpg\" \/>\n\t<meta property=\"og:image:width\" content=\"1000\" \/>\n\t<meta property=\"og:image:height\" content=\"670\" \/>\n\t<meta property=\"og:image:type\" content=\"image\/jpeg\" \/>\n<meta name=\"author\" content=\"Fernando Calixto\" \/>\n<meta name=\"twitter:card\" content=\"summary_large_image\" \/>\n<meta name=\"twitter:label1\" content=\"Escrito por\" \/>\n\t<meta name=\"twitter:data1\" content=\"Fernando Calixto\" \/>\n\t<meta name=\"twitter:label2\" content=\"Est. tempo de leitura\" \/>\n\t<meta name=\"twitter:data2\" content=\"2 minutos\" \/>\n<script type=\"application\/ld+json\" class=\"yoast-schema-graph\">{\"@context\":\"https:\/\/schema.org\",\"@graph\":[{\"@type\":\"WebPage\",\"@id\":\"https:\/\/verdadeon.com.br\/portal\/2024\/04\/23\/com-primeiro-lote-esgotado-joao-rock-anuncia-o-inicio-da-venda-dos-ultimos-ingressos-na-quarta-feira-24\/\",\"url\":\"https:\/\/verdadeon.com.br\/portal\/2024\/04\/23\/com-primeiro-lote-esgotado-joao-rock-anuncia-o-inicio-da-venda-dos-ultimos-ingressos-na-quarta-feira-24\/\",\"name\":\"\u00a0Com primeiro lote esgotado,\u00a0Jo\u00e3o\u00a0Rock\u00a0anuncia o in\u00edcio da venda dos \u00faltimos ingressos na quarta-feira, 24 - VerdadeOn\",\"isPartOf\":{\"@id\":\"https:\/\/verdadeon.com.br\/portal\/#website\"},\"primaryImageOfPage\":{\"@id\":\"https:\/\/verdadeon.com.br\/portal\/2024\/04\/23\/com-primeiro-lote-esgotado-joao-rock-anuncia-o-inicio-da-venda-dos-ultimos-ingressos-na-quarta-feira-24\/#primaryimage\"},\"image\":{\"@id\":\"https:\/\/verdadeon.com.br\/portal\/2024\/04\/23\/com-primeiro-lote-esgotado-joao-rock-anuncia-o-inicio-da-venda-dos-ultimos-ingressos-na-quarta-feira-24\/#primaryimage\"},\"thumbnailUrl\":\"https:\/\/i0.wp.com\/verdadeon.com.br\/portal\/wp-content\/uploads\/2024\/05\/unnamed-2-1.jpg?fit=1000%2C670&ssl=1\",\"datePublished\":\"2024-04-23T11:00:39+00:00\",\"dateModified\":\"2024-05-27T17:47:59+00:00\",\"author\":{\"@id\":\"https:\/\/verdadeon.com.br\/portal\/#\/schema\/person\/8994718f49ee62ba5610471e29ca1f62\"},\"breadcrumb\":{\"@id\":\"https:\/\/verdadeon.com.br\/portal\/2024\/04\/23\/com-primeiro-lote-esgotado-joao-rock-anuncia-o-inicio-da-venda-dos-ultimos-ingressos-na-quarta-feira-24\/#breadcrumb\"},\"inLanguage\":\"pt-BR\",\"potentialAction\":[{\"@type\":\"ReadAction\",\"target\":[\"https:\/\/verdadeon.com.br\/portal\/2024\/04\/23\/com-primeiro-lote-esgotado-joao-rock-anuncia-o-inicio-da-venda-dos-ultimos-ingressos-na-quarta-feira-24\/\"]}]},{\"@type\":\"ImageObject\",\"inLanguage\":\"pt-BR\",\"@id\":\"https:\/\/verdadeon.com.br\/portal\/2024\/04\/23\/com-primeiro-lote-esgotado-joao-rock-anuncia-o-inicio-da-venda-dos-ultimos-ingressos-na-quarta-feira-24\/#primaryimage\",\"url\":\"https:\/\/i0.wp.com\/verdadeon.com.br\/portal\/wp-content\/uploads\/2024\/05\/unnamed-2-1.jpg?fit=1000%2C670&ssl=1\",\"contentUrl\":\"https:\/\/i0.wp.com\/verdadeon.com.br\/portal\/wp-content\/uploads\/2024\/05\/unnamed-2-1.jpg?fit=1000%2C670&ssl=1\",\"width\":1000,\"height\":670},{\"@type\":\"BreadcrumbList\",\"@id\":\"https:\/\/verdadeon.com.br\/portal\/2024\/04\/23\/com-primeiro-lote-esgotado-joao-rock-anuncia-o-inicio-da-venda-dos-ultimos-ingressos-na-quarta-feira-24\/#breadcrumb\",\"itemListElement\":[{\"@type\":\"ListItem\",\"position\":1,\"name\":\"In\u00edcio\",\"item\":\"https:\/\/verdadeon.com.br\/portal\/\"},{\"@type\":\"ListItem\",\"position\":2,\"name\":\"\u00a0Com primeiro lote esgotado,\u00a0Jo\u00e3o\u00a0Rock\u00a0anuncia o in\u00edcio da venda dos \u00faltimos ingressos na quarta-feira, 24\"}]},{\"@type\":\"WebSite\",\"@id\":\"https:\/\/verdadeon.com.br\/portal\/#website\",\"url\":\"https:\/\/verdadeon.com.br\/portal\/\",\"name\":\"VerdadeOn\",\"description\":\"Not\u00edcias di\u00e1rias sobre Franca, Regi\u00e3o, Esporte, Cultura, Cotidiano, Colunas. Cobertura nos principais eventos da cidade \u00e9 aqui - Verdadeon Franca\",\"potentialAction\":[{\"@type\":\"SearchAction\",\"target\":{\"@type\":\"EntryPoint\",\"urlTemplate\":\"https:\/\/verdadeon.com.br\/portal\/?s={search_term_string}\"},\"query-input\":{\"@type\":\"PropertyValueSpecification\",\"valueRequired\":true,\"valueName\":\"search_term_string\"}}],\"inLanguage\":\"pt-BR\"},{\"@type\":\"Person\",\"@id\":\"https:\/\/verdadeon.com.br\/portal\/#\/schema\/person\/8994718f49ee62ba5610471e29ca1f62\",\"name\":\"Fernando Calixto\",\"image\":{\"@type\":\"ImageObject\",\"inLanguage\":\"pt-BR\",\"@id\":\"https:\/\/verdadeon.com.br\/portal\/#\/schema\/person\/image\/\",\"url\":\"https:\/\/secure.gravatar.com\/avatar\/7578910c24966c0316c340f9dbd601e93ee9f9212e1033968b367af9306bd9fb?s=96&d=mm&r=g\",\"contentUrl\":\"https:\/\/secure.gravatar.com\/avatar\/7578910c24966c0316c340f9dbd601e93ee9f9212e1033968b367af9306bd9fb?s=96&d=mm&r=g\",\"caption\":\"Fernando Calixto\"},\"url\":\"https:\/\/verdadeon.com.br\/portal\/author\/fernando-calixto\/\"}]}<\/script>\n<!-- \/ Yoast SEO plugin. -->","yoast_head_json":{"title":"\u00a0Com primeiro lote esgotado,\u00a0Jo\u00e3o\u00a0Rock\u00a0anuncia o in\u00edcio da venda dos \u00faltimos ingressos na quarta-feira, 24 - VerdadeOn","robots":{"index":"index","follow":"follow","max-snippet":"max-snippet:-1","max-image-preview":"max-image-preview:large","max-video-preview":"max-video-preview:-1"},"canonical":"https:\/\/verdadeon.com.br\/portal\/2024\/04\/23\/com-primeiro-lote-esgotado-joao-rock-anuncia-o-inicio-da-venda-dos-ultimos-ingressos-na-quarta-feira-24\/","og_locale":"pt_BR","og_type":"article","og_title":"\u00a0Com primeiro lote esgotado,\u00a0Jo\u00e3o\u00a0Rock\u00a0anuncia o in\u00edcio da venda dos \u00faltimos ingressos na quarta-feira, 24 - VerdadeOn","og_description":"Festival acontece no dia 08 de junho em Ribeir\u00e3o Preto com mais de 30 atra\u00e7\u00f5es em 4 palcos A partir desta quarta, dia 24 de abril, [\u2026]","og_url":"https:\/\/verdadeon.com.br\/portal\/2024\/04\/23\/com-primeiro-lote-esgotado-joao-rock-anuncia-o-inicio-da-venda-dos-ultimos-ingressos-na-quarta-feira-24\/","og_site_name":"VerdadeOn","article_published_time":"2024-04-23T11:00:39+00:00","article_modified_time":"2024-05-27T17:47:59+00:00","og_image":[{"width":1000,"height":670,"url":"https:\/\/verdadeon.com.br\/portal\/wp-content\/uploads\/2024\/05\/unnamed-2-1.jpg","type":"image\/jpeg"}],"author":"Fernando Calixto","twitter_card":"summary_large_image","twitter_misc":{"Escrito por":"Fernando Calixto","Est. tempo de leitura":"2 minutos"},"schema":{"@context":"https:\/\/schema.org","@graph":[{"@type":"WebPage","@id":"https:\/\/verdadeon.com.br\/portal\/2024\/04\/23\/com-primeiro-lote-esgotado-joao-rock-anuncia-o-inicio-da-venda-dos-ultimos-ingressos-na-quarta-feira-24\/","url":"https:\/\/verdadeon.com.br\/portal\/2024\/04\/23\/com-primeiro-lote-esgotado-joao-rock-anuncia-o-inicio-da-venda-dos-ultimos-ingressos-na-quarta-feira-24\/","name":"\u00a0Com primeiro lote esgotado,\u00a0Jo\u00e3o\u00a0Rock\u00a0anuncia o in\u00edcio da venda dos \u00faltimos ingressos na quarta-feira, 24 - VerdadeOn","isPartOf":{"@id":"https:\/\/verdadeon.com.br\/portal\/#website"},"primaryImageOfPage":{"@id":"https:\/\/verdadeon.com.br\/portal\/2024\/04\/23\/com-primeiro-lote-esgotado-joao-rock-anuncia-o-inicio-da-venda-dos-ultimos-ingressos-na-quarta-feira-24\/#primaryimage"},"image":{"@id":"https:\/\/verdadeon.com.br\/portal\/2024\/04\/23\/com-primeiro-lote-esgotado-joao-rock-anuncia-o-inicio-da-venda-dos-ultimos-ingressos-na-quarta-feira-24\/#primaryimage"},"thumbnailUrl":"https:\/\/i0.wp.com\/verdadeon.com.br\/portal\/wp-content\/uploads\/2024\/05\/unnamed-2-1.jpg?fit=1000%2C670&ssl=1","datePublished":"2024-04-23T11:00:39+00:00","dateModified":"2024-05-27T17:47:59+00:00","author":{"@id":"https:\/\/verdadeon.com.br\/portal\/#\/schema\/person\/8994718f49ee62ba5610471e29ca1f62"},"breadcrumb":{"@id":"https:\/\/verdadeon.com.br\/portal\/2024\/04\/23\/com-primeiro-lote-esgotado-joao-rock-anuncia-o-inicio-da-venda-dos-ultimos-ingressos-na-quarta-feira-24\/#breadcrumb"},"inLanguage":"pt-BR","potentialAction":[{"@type":"ReadAction","target":["https:\/\/verdadeon.com.br\/portal\/2024\/04\/23\/com-primeiro-lote-esgotado-joao-rock-anuncia-o-inicio-da-venda-dos-ultimos-ingressos-na-quarta-feira-24\/"]}]},{"@type":"ImageObject","inLanguage":"pt-BR","@id":"https:\/\/verdadeon.com.br\/portal\/2024\/04\/23\/com-primeiro-lote-esgotado-joao-rock-anuncia-o-inicio-da-venda-dos-ultimos-ingressos-na-quarta-feira-24\/#primaryimage","url":"https:\/\/i0.wp.com\/verdadeon.com.br\/portal\/wp-content\/uploads\/2024\/05\/unnamed-2-1.jpg?fit=1000%2C670&ssl=1","contentUrl":"https:\/\/i0.wp.com\/verdadeon.com.br\/portal\/wp-content\/uploads\/2024\/05\/unnamed-2-1.jpg?fit=1000%2C670&ssl=1","width":1000,"height":670},{"@type":"BreadcrumbList","@id":"https:\/\/verdadeon.com.br\/portal\/2024\/04\/23\/com-primeiro-lote-esgotado-joao-rock-anuncia-o-inicio-da-venda-dos-ultimos-ingressos-na-quarta-feira-24\/#breadcrumb","itemListElement":[{"@type":"ListItem","position":1,"name":"In\u00edcio","item":"https:\/\/verdadeon.com.br\/portal\/"},{"@type":"ListItem","position":2,"name":"\u00a0Com primeiro lote esgotado,\u00a0Jo\u00e3o\u00a0Rock\u00a0anuncia o in\u00edcio da venda dos \u00faltimos ingressos na quarta-feira, 24"}]},{"@type":"WebSite","@id":"https:\/\/verdadeon.com.br\/portal\/#website","url":"https:\/\/verdadeon.com.br\/portal\/","name":"VerdadeOn","description":"Not\u00edcias di\u00e1rias sobre Franca, Regi\u00e3o, Esporte, Cultura, Cotidiano, Colunas. Cobertura nos principais eventos da cidade \u00e9 aqui - Verdadeon Franca","potentialAction":[{"@type":"SearchAction","target":{"@type":"EntryPoint","urlTemplate":"https:\/\/verdadeon.com.br\/portal\/?s={search_term_string}"},"query-input":{"@type":"PropertyValueSpecification","valueRequired":true,"valueName":"search_term_string"}}],"inLanguage":"pt-BR"},{"@type":"Person","@id":"https:\/\/verdadeon.com.br\/portal\/#\/schema\/person\/8994718f49ee62ba5610471e29ca1f62","name":"Fernando Calixto","image":{"@type":"ImageObject","inLanguage":"pt-BR","@id":"https:\/\/verdadeon.com.br\/portal\/#\/schema\/person\/image\/","url":"https:\/\/secure.gravatar.com\/avatar\/7578910c24966c0316c340f9dbd601e93ee9f9212e1033968b367af9306bd9fb?s=96&d=mm&r=g","contentUrl":"https:\/\/secure.gravatar.com\/avatar\/7578910c24966c0316c340f9dbd601e93ee9f9212e1033968b367af9306bd9fb?s=96&d=mm&r=g","caption":"Fernando Calixto"},"url":"https:\/\/verdadeon.com.br\/portal\/author\/fernando-calixto\/"}]}},"jetpack_publicize_connections":[],"jetpack_featured_media_url":"https:\/\/i0.wp.com\/verdadeon.com.br\/portal\/wp-content\/uploads\/2024\/05\/unnamed-2-1.jpg?fit=1000%2C670&ssl=1","jetpack_sharing_enabled":true,"_links":{"self":[{"href":"https:\/\/verdadeon.com.br\/portal\/wp-json\/wp\/v2\/posts\/45158","targetHints":{"allow":["GET"]}}],"collection":[{"href":"https:\/\/verdadeon.com.br\/portal\/wp-json\/wp\/v2\/posts"}],"about":[{"href":"https:\/\/verdadeon.com.br\/portal\/wp-json\/wp\/v2\/types\/post"}],"author":[{"embeddable":true,"href":"https:\/\/verdadeon.com.br\/portal\/wp-json\/wp\/v2\/users\/4"}],"replies":[{"embeddable":true,"href":"https:\/\/verdadeon.com.br\/portal\/wp-json\/wp\/v2\/comments?post=45158"}],"version-history":[{"count":1,"href":"https:\/\/verdadeon.com.br\/portal\/wp-json\/wp\/v2\/posts\/45158\/revisions"}],"predecessor-version":[{"id":45159,"href":"https:\/\/verdadeon.com.br\/portal\/wp-json\/wp\/v2\/posts\/45158\/revisions\/45159"}],"wp:featuredmedia":[{"embeddable":true,"href":"https:\/\/verdadeon.com.br\/portal\/wp-json\/wp\/v2\/media\/45156"}],"wp:attachment":[{"href":"https:\/\/verdadeon.com.br\/portal\/wp-json\/wp\/v2\/media?parent=45158"}],"wp:term":[{"taxonomy":"category","embeddable":true,"href":"https:\/\/verdadeon.com.br\/portal\/wp-json\/wp\/v2\/categories?post=45158"},{"taxonomy":"post_tag","embeddable":true,"href":"https:\/\/verdadeon.com.br\/portal\/wp-json\/wp\/v2\/tags?post=45158"}],"curies":[{"name":"wp","href":"https:\/\/api.w.org\/{rel}","templated":true}]}}