{"id":45126,"date":"2024-05-27T10:00:48","date_gmt":"2024-05-27T13:00:48","guid":{"rendered":"https:\/\/verdadeon.com.br\/portal\/?p=45126"},"modified":"2024-05-27T10:37:02","modified_gmt":"2024-05-27T13:37:02","slug":"simplificada-ou-completa-saiba-a-diferenca-entre-os-dois-tipos-de-declaracao-do-irpf-2024","status":"publish","type":"post","link":"https:\/\/verdadeon.com.br\/portal\/2024\/05\/27\/simplificada-ou-completa-saiba-a-diferenca-entre-os-dois-tipos-de-declaracao-do-irpf-2024\/","title":{"rendered":"Simplificada ou Completa: saiba a diferen\u00e7a entre os dois tipos de declara\u00e7\u00e3o do IRPF 2024"},"content":{"rendered":"<h2>Especialista em Direito Tribut\u00e1rio fala sobre as duas op\u00e7\u00f5es de tributa\u00e7\u00e3o na hora de declarar o Imposto de Renda e qual a melhor escolha<\/h2>\n<p>A entrega da declara\u00e7\u00e3o do Imposto de Renda de Pessoa F\u00edsica 2024 (IRPF) deve ser realizada at\u00e9 o dia 31 de maio (menos para os moradores do estado do Rio Grande do Sul, que tiveram o prazo estendido para agosto, devido as cat\u00e1strofes com as enchentes), muitas pessoas t\u00eam d\u00favida sobre escolher entre a declara\u00e7\u00e3o completa ou a simplificada, mesmo utilizando o simulador para comparar os resultados das duas op\u00e7\u00f5es no programa da Receita Federal.<\/p>\n<p>A escolha entre a declara\u00e7\u00e3o completa e a simplificada depende de v\u00e1rios fatores, incluindo as despesas dedut\u00edveis e a renda total, segundo Edson Kondo, s\u00f3cio diretor especialista em Direito Tribut\u00e1rio do escrit\u00f3rio Honda, Teixeira, Rocha \u2013 Advogados (Hondatar).<\/p>\n<p>\u201cA declara\u00e7\u00e3o no modelo completo \u00e9 a melhor op\u00e7\u00e3o quando o contribuinte possui muitas despesas para abater e mais de uma fonte de renda. J\u00e1 o modelo simplificado \u00e9 op\u00e7\u00e3o para quem tem poucos gastos e geralmente apenas uma fonte de renda\u201d, explicou.<\/p>\n<p>No modelo simplificado, a dedu\u00e7\u00e3o do imposto \u00e9 padr\u00e3o, ou seja, o contribuinte tem direito a abater 20% dos rendimentos tribut\u00e1veis, limitados ao teto de R$ 16.754,34 estabelecido pela Receita Federal. Neste caso n\u00e3o s\u00e3o utilizadas as dedu\u00e7\u00f5es espec\u00edficas permitidas para quem opta pela declara\u00e7\u00e3o completa. Tamb\u00e9m n\u00e3o h\u00e1 a necessidade de comprova\u00e7\u00e3o das despesas dedut\u00edveis, como os gastos com m\u00e9dicos ou educa\u00e7\u00e3o. A dedu\u00e7\u00e3o \u00e9 aplicada automaticamente.<\/p>\n<p>Na declara\u00e7\u00e3o no modelo completo, o contribuinte especifica os gastos com sa\u00fade, educa\u00e7\u00e3o, previd\u00eancia privada, pens\u00e3o aliment\u00edcia, entre outros, e precisa comprovar e guardar o comprovante de pagamento dessas despesas.<\/p>\n<p>O especialista em Direito Tribut\u00e1rio apontou as diferen\u00e7as de cada modelo. Entenda cada uma delas.<\/p>\n<p><strong>Declara\u00e7\u00e3o simplificada<\/strong><\/p>\n<ul>\n<li>\u00c9 a melhor op\u00e7\u00e3o para quem tem despesas para deduzir (gastos com educa\u00e7\u00e3o, sa\u00fade, previd\u00eancia privada, dependentes, pens\u00e3o aliment\u00edcia etc.) menores que R$ 16.754,34.<\/li>\n<li>Usa o abatimento padr\u00e3o de 20% sobre a soma de todos os rendimentos tribut\u00e1veis recebidos ao longo de 2023. Esse abatimento \u00e9 limitado a R$ 16.754,34.<\/li>\n<li>Pode ser usado por qualquer contribuinte, independentemente do tamanho da renda total ou do n\u00famero de fontes pagadoras.<\/li>\n<li>O imposto recolhido no ano passado, seja pela reten\u00e7\u00e3o em fonte ou recolhimento obrigat\u00f3rio mensal (carn\u00ea-le\u00e3o), dever\u00e1 ser informado, pois ser\u00e1 descontado do c\u00e1lculo final do IR a pagar.<\/li>\n<\/ul>\n<p><strong>Declara\u00e7\u00e3o completa<\/strong><\/p>\n<ul>\n<li>\u00c9 indicado para quem tem despesas dedut\u00edveis superiores ao desconto padr\u00e3o de 20% oferecido pela declara\u00e7\u00e3o simplificada.<\/li>\n<li>Quem tem dependentes e muitas despesas para deduzir, como gastos com plano de sa\u00fade, educa\u00e7\u00e3o, previd\u00eancia privada, entre outros.<\/li>\n<li>Precisa informar todos os gastos e rendimentos ocorridos em 2023 e guardar os comprovantes por, no m\u00ednimo, cinco anos.<\/li>\n<li>Se a soma total das suas dedu\u00e7\u00f5es exceder o limite de R$ 16.754,34 do modelo simplificado, o programa do IR apontar\u00e1 o modelo completo como a melhor op\u00e7\u00e3o.<\/li>\n<\/ul>\n<p>Kondo lembra que, na declara\u00e7\u00e3o completa:<\/p>\n<ul>\n<li>As despesas m\u00e9dicas s\u00e3o deduzidas integralmente (sem limite).<\/li>\n<li>As despesas com educa\u00e7\u00e3o s\u00e3o limitadas ao valor de R$ 3561,50 por pessoa.<\/li>\n<li>As contribui\u00e7\u00f5es para previd\u00eancia privada (PGBL) s\u00e3o limitadas a 12% da renda bruta tribut\u00e1vel.<\/li>\n<li>N\u00e3o h\u00e1 limites para inclus\u00e3o de dependentes na declara\u00e7\u00e3o (claro que todos devem ser comprovados). A dedu\u00e7\u00e3o por dependente \u00e9 de R$ 2275,08.<\/li>\n<li>As despesas com pens\u00e3o aliment\u00edcia judicial tamb\u00e9m devem ser declaradas.<\/li>\n<\/ul>\n<p>O advogado do Escrit\u00f3rio Hondatar destaca ainda que a entrega da declara\u00e7\u00e3o do Imposto de Renda dentro do prazo estabelecido pela Receita Federal \u00e9 uma obriga\u00e7\u00e3o fiscal de grande import\u00e2ncia para os contribuintes brasileiros. Esta pr\u00e1tica, al\u00e9m de ser um dever legal, evita complica\u00e7\u00f5es que podem resultar em consequ\u00eancias jur\u00eddicas e financeiras significativas, como o pagamento de multas e inscri\u00e7\u00e3o do d\u00e9bito fiscal na D\u00edvida Ativa.<\/p>\n<p>\u201cA Receita Federal evoluiu muito. Hoje, todos os dados s\u00e3o cruzados e \u00e9 muito f\u00e1cil identificar omiss\u00f5es e inconsist\u00eancias. Dependendo da gravidade da infra\u00e7\u00e3o, o contribuinte pode ser acusado de crimes como sonega\u00e7\u00e3o fiscal, o que implica penalidades de multa e suspens\u00e3o do CPF. Se n\u00e3o acertar a pend\u00eancia, a Receita Federal ir\u00e1 executar a pessoa e pode penhorar bens e saldos banc\u00e1rios. E em casos de muita gravidade \u2013 o que \u00e9 pouco visto \u2013 havendo uma representa\u00e7\u00e3o penal e, ap\u00f3s o devido processo legal, pode haver transa\u00e7\u00e3o penal ou pena de reclus\u00e3o. A minha dica \u00e9: entregue a declara\u00e7\u00e3o mesmo que incompleta. Depois, fa\u00e7a uma retifica\u00e7\u00e3o\u201d, finalizou.<\/p>\n","protected":false},"excerpt":{"rendered":"<p>Especialista em Direito Tribut\u00e1rio fala sobre as duas op\u00e7\u00f5es de tributa\u00e7\u00e3o na hora de declarar o Imposto de Renda e qual a melhor escolha A entrega<span class=\"excerpt-hellip\"> [\u2026]<\/span><\/p>\n","protected":false},"author":10,"featured_media":45127,"comment_status":"open","ping_status":"open","sticky":false,"template":"","format":"standard","meta":{"_jetpack_memberships_contains_paid_content":false,"footnotes":"","jetpack_publicize_message":"","jetpack_publicize_feature_enabled":true,"jetpack_social_post_already_shared":false,"jetpack_social_options":{"image_generator_settings":{"template":"highway","default_image_id":0,"enabled":false},"version":2}},"categories":[28,81],"tags":[],"class_list":["post-45126","post","type-post","status-publish","format-standard","has-post-thumbnail","hentry","category-cotidiano","category-manchete"],"yoast_head":"<!-- This site is optimized with the Yoast SEO plugin v25.6 - https:\/\/yoast.com\/wordpress\/plugins\/seo\/ -->\n<title>Simplificada ou Completa: saiba a diferen\u00e7a entre os dois tipos de declara\u00e7\u00e3o do IRPF 2024 - VerdadeOn<\/title>\n<meta name=\"robots\" content=\"index, follow, max-snippet:-1, max-image-preview:large, max-video-preview:-1\" \/>\n<link rel=\"canonical\" href=\"https:\/\/verdadeon.com.br\/portal\/2024\/05\/27\/simplificada-ou-completa-saiba-a-diferenca-entre-os-dois-tipos-de-declaracao-do-irpf-2024\/\" \/>\n<meta property=\"og:locale\" content=\"pt_BR\" \/>\n<meta property=\"og:type\" content=\"article\" \/>\n<meta property=\"og:title\" content=\"Simplificada ou Completa: saiba a diferen\u00e7a entre os dois tipos de declara\u00e7\u00e3o do IRPF 2024 - VerdadeOn\" \/>\n<meta property=\"og:description\" content=\"Especialista em Direito Tribut\u00e1rio fala sobre as duas op\u00e7\u00f5es de tributa\u00e7\u00e3o na hora de declarar o Imposto de Renda e qual a melhor escolha A entrega [\u2026]\" \/>\n<meta property=\"og:url\" content=\"https:\/\/verdadeon.com.br\/portal\/2024\/05\/27\/simplificada-ou-completa-saiba-a-diferenca-entre-os-dois-tipos-de-declaracao-do-irpf-2024\/\" \/>\n<meta property=\"og:site_name\" content=\"VerdadeOn\" \/>\n<meta property=\"article:published_time\" content=\"2024-05-27T13:00:48+00:00\" \/>\n<meta property=\"article:modified_time\" content=\"2024-05-27T13:37:02+00:00\" \/>\n<meta property=\"og:image\" content=\"https:\/\/verdadeon.com.br\/portal\/wp-content\/uploads\/2024\/05\/unnamed-87.jpg\" \/>\n\t<meta property=\"og:image:width\" content=\"796\" \/>\n\t<meta property=\"og:image:height\" content=\"533\" \/>\n\t<meta property=\"og:image:type\" content=\"image\/jpeg\" \/>\n<meta name=\"author\" content=\"Redacao VerdadeOn\" \/>\n<meta name=\"twitter:card\" content=\"summary_large_image\" \/>\n<meta name=\"twitter:label1\" content=\"Escrito por\" \/>\n\t<meta name=\"twitter:data1\" content=\"Redacao VerdadeOn\" \/>\n\t<meta name=\"twitter:label2\" content=\"Est. tempo de leitura\" \/>\n\t<meta name=\"twitter:data2\" content=\"4 minutos\" \/>\n<script type=\"application\/ld+json\" class=\"yoast-schema-graph\">{\"@context\":\"https:\/\/schema.org\",\"@graph\":[{\"@type\":\"WebPage\",\"@id\":\"https:\/\/verdadeon.com.br\/portal\/2024\/05\/27\/simplificada-ou-completa-saiba-a-diferenca-entre-os-dois-tipos-de-declaracao-do-irpf-2024\/\",\"url\":\"https:\/\/verdadeon.com.br\/portal\/2024\/05\/27\/simplificada-ou-completa-saiba-a-diferenca-entre-os-dois-tipos-de-declaracao-do-irpf-2024\/\",\"name\":\"Simplificada ou Completa: saiba a diferen\u00e7a entre os dois tipos de declara\u00e7\u00e3o do IRPF 2024 - VerdadeOn\",\"isPartOf\":{\"@id\":\"https:\/\/verdadeon.com.br\/portal\/#website\"},\"primaryImageOfPage\":{\"@id\":\"https:\/\/verdadeon.com.br\/portal\/2024\/05\/27\/simplificada-ou-completa-saiba-a-diferenca-entre-os-dois-tipos-de-declaracao-do-irpf-2024\/#primaryimage\"},\"image\":{\"@id\":\"https:\/\/verdadeon.com.br\/portal\/2024\/05\/27\/simplificada-ou-completa-saiba-a-diferenca-entre-os-dois-tipos-de-declaracao-do-irpf-2024\/#primaryimage\"},\"thumbnailUrl\":\"https:\/\/i0.wp.com\/verdadeon.com.br\/portal\/wp-content\/uploads\/2024\/05\/unnamed-87.jpg?fit=796%2C533&ssl=1\",\"datePublished\":\"2024-05-27T13:00:48+00:00\",\"dateModified\":\"2024-05-27T13:37:02+00:00\",\"author\":{\"@id\":\"https:\/\/verdadeon.com.br\/portal\/#\/schema\/person\/a5060ad1e9ea3df545188fc93ce43d2f\"},\"breadcrumb\":{\"@id\":\"https:\/\/verdadeon.com.br\/portal\/2024\/05\/27\/simplificada-ou-completa-saiba-a-diferenca-entre-os-dois-tipos-de-declaracao-do-irpf-2024\/#breadcrumb\"},\"inLanguage\":\"pt-BR\",\"potentialAction\":[{\"@type\":\"ReadAction\",\"target\":[\"https:\/\/verdadeon.com.br\/portal\/2024\/05\/27\/simplificada-ou-completa-saiba-a-diferenca-entre-os-dois-tipos-de-declaracao-do-irpf-2024\/\"]}]},{\"@type\":\"ImageObject\",\"inLanguage\":\"pt-BR\",\"@id\":\"https:\/\/verdadeon.com.br\/portal\/2024\/05\/27\/simplificada-ou-completa-saiba-a-diferenca-entre-os-dois-tipos-de-declaracao-do-irpf-2024\/#primaryimage\",\"url\":\"https:\/\/i0.wp.com\/verdadeon.com.br\/portal\/wp-content\/uploads\/2024\/05\/unnamed-87.jpg?fit=796%2C533&ssl=1\",\"contentUrl\":\"https:\/\/i0.wp.com\/verdadeon.com.br\/portal\/wp-content\/uploads\/2024\/05\/unnamed-87.jpg?fit=796%2C533&ssl=1\",\"width\":796,\"height\":533,\"caption\":\"Edson Kondo, s\u00f3cio diretor especialista em Direito Tribut\u00e1rio do Escrit\u00f3rio Hondatar (\u00a9Divulga\u00e7\u00e3o)\"},{\"@type\":\"BreadcrumbList\",\"@id\":\"https:\/\/verdadeon.com.br\/portal\/2024\/05\/27\/simplificada-ou-completa-saiba-a-diferenca-entre-os-dois-tipos-de-declaracao-do-irpf-2024\/#breadcrumb\",\"itemListElement\":[{\"@type\":\"ListItem\",\"position\":1,\"name\":\"In\u00edcio\",\"item\":\"https:\/\/verdadeon.com.br\/portal\/\"},{\"@type\":\"ListItem\",\"position\":2,\"name\":\"Simplificada ou Completa: saiba a diferen\u00e7a entre os dois tipos de declara\u00e7\u00e3o do IRPF 2024\"}]},{\"@type\":\"WebSite\",\"@id\":\"https:\/\/verdadeon.com.br\/portal\/#website\",\"url\":\"https:\/\/verdadeon.com.br\/portal\/\",\"name\":\"VerdadeOn\",\"description\":\"Not\u00edcias di\u00e1rias sobre Franca, Regi\u00e3o, Esporte, Cultura, Cotidiano, Colunas. Cobertura nos principais eventos da cidade \u00e9 aqui - Verdadeon Franca\",\"potentialAction\":[{\"@type\":\"SearchAction\",\"target\":{\"@type\":\"EntryPoint\",\"urlTemplate\":\"https:\/\/verdadeon.com.br\/portal\/?s={search_term_string}\"},\"query-input\":{\"@type\":\"PropertyValueSpecification\",\"valueRequired\":true,\"valueName\":\"search_term_string\"}}],\"inLanguage\":\"pt-BR\"},{\"@type\":\"Person\",\"@id\":\"https:\/\/verdadeon.com.br\/portal\/#\/schema\/person\/a5060ad1e9ea3df545188fc93ce43d2f\",\"name\":\"Redacao VerdadeOn\",\"image\":{\"@type\":\"ImageObject\",\"inLanguage\":\"pt-BR\",\"@id\":\"https:\/\/verdadeon.com.br\/portal\/#\/schema\/person\/image\/\",\"url\":\"https:\/\/secure.gravatar.com\/avatar\/459a9613caaaf07f582c3d0841eea68bdd66f533e465e6ba8b9cb45619572cf4?s=96&d=mm&r=g\",\"contentUrl\":\"https:\/\/secure.gravatar.com\/avatar\/459a9613caaaf07f582c3d0841eea68bdd66f533e465e6ba8b9cb45619572cf4?s=96&d=mm&r=g\",\"caption\":\"Redacao VerdadeOn\"},\"url\":\"https:\/\/verdadeon.com.br\/portal\/author\/redacao\/\"}]}<\/script>\n<!-- \/ Yoast SEO plugin. -->","yoast_head_json":{"title":"Simplificada ou Completa: saiba a diferen\u00e7a entre os dois tipos de declara\u00e7\u00e3o do IRPF 2024 - VerdadeOn","robots":{"index":"index","follow":"follow","max-snippet":"max-snippet:-1","max-image-preview":"max-image-preview:large","max-video-preview":"max-video-preview:-1"},"canonical":"https:\/\/verdadeon.com.br\/portal\/2024\/05\/27\/simplificada-ou-completa-saiba-a-diferenca-entre-os-dois-tipos-de-declaracao-do-irpf-2024\/","og_locale":"pt_BR","og_type":"article","og_title":"Simplificada ou Completa: saiba a diferen\u00e7a entre os dois tipos de declara\u00e7\u00e3o do IRPF 2024 - VerdadeOn","og_description":"Especialista em Direito Tribut\u00e1rio fala sobre as duas op\u00e7\u00f5es de tributa\u00e7\u00e3o na hora de declarar o Imposto de Renda e qual a melhor escolha A entrega [\u2026]","og_url":"https:\/\/verdadeon.com.br\/portal\/2024\/05\/27\/simplificada-ou-completa-saiba-a-diferenca-entre-os-dois-tipos-de-declaracao-do-irpf-2024\/","og_site_name":"VerdadeOn","article_published_time":"2024-05-27T13:00:48+00:00","article_modified_time":"2024-05-27T13:37:02+00:00","og_image":[{"width":796,"height":533,"url":"https:\/\/verdadeon.com.br\/portal\/wp-content\/uploads\/2024\/05\/unnamed-87.jpg","type":"image\/jpeg"}],"author":"Redacao VerdadeOn","twitter_card":"summary_large_image","twitter_misc":{"Escrito por":"Redacao VerdadeOn","Est. tempo de leitura":"4 minutos"},"schema":{"@context":"https:\/\/schema.org","@graph":[{"@type":"WebPage","@id":"https:\/\/verdadeon.com.br\/portal\/2024\/05\/27\/simplificada-ou-completa-saiba-a-diferenca-entre-os-dois-tipos-de-declaracao-do-irpf-2024\/","url":"https:\/\/verdadeon.com.br\/portal\/2024\/05\/27\/simplificada-ou-completa-saiba-a-diferenca-entre-os-dois-tipos-de-declaracao-do-irpf-2024\/","name":"Simplificada ou Completa: saiba a diferen\u00e7a entre os dois tipos de declara\u00e7\u00e3o do IRPF 2024 - VerdadeOn","isPartOf":{"@id":"https:\/\/verdadeon.com.br\/portal\/#website"},"primaryImageOfPage":{"@id":"https:\/\/verdadeon.com.br\/portal\/2024\/05\/27\/simplificada-ou-completa-saiba-a-diferenca-entre-os-dois-tipos-de-declaracao-do-irpf-2024\/#primaryimage"},"image":{"@id":"https:\/\/verdadeon.com.br\/portal\/2024\/05\/27\/simplificada-ou-completa-saiba-a-diferenca-entre-os-dois-tipos-de-declaracao-do-irpf-2024\/#primaryimage"},"thumbnailUrl":"https:\/\/i0.wp.com\/verdadeon.com.br\/portal\/wp-content\/uploads\/2024\/05\/unnamed-87.jpg?fit=796%2C533&ssl=1","datePublished":"2024-05-27T13:00:48+00:00","dateModified":"2024-05-27T13:37:02+00:00","author":{"@id":"https:\/\/verdadeon.com.br\/portal\/#\/schema\/person\/a5060ad1e9ea3df545188fc93ce43d2f"},"breadcrumb":{"@id":"https:\/\/verdadeon.com.br\/portal\/2024\/05\/27\/simplificada-ou-completa-saiba-a-diferenca-entre-os-dois-tipos-de-declaracao-do-irpf-2024\/#breadcrumb"},"inLanguage":"pt-BR","potentialAction":[{"@type":"ReadAction","target":["https:\/\/verdadeon.com.br\/portal\/2024\/05\/27\/simplificada-ou-completa-saiba-a-diferenca-entre-os-dois-tipos-de-declaracao-do-irpf-2024\/"]}]},{"@type":"ImageObject","inLanguage":"pt-BR","@id":"https:\/\/verdadeon.com.br\/portal\/2024\/05\/27\/simplificada-ou-completa-saiba-a-diferenca-entre-os-dois-tipos-de-declaracao-do-irpf-2024\/#primaryimage","url":"https:\/\/i0.wp.com\/verdadeon.com.br\/portal\/wp-content\/uploads\/2024\/05\/unnamed-87.jpg?fit=796%2C533&ssl=1","contentUrl":"https:\/\/i0.wp.com\/verdadeon.com.br\/portal\/wp-content\/uploads\/2024\/05\/unnamed-87.jpg?fit=796%2C533&ssl=1","width":796,"height":533,"caption":"Edson Kondo, s\u00f3cio diretor especialista em Direito Tribut\u00e1rio do Escrit\u00f3rio Hondatar (\u00a9Divulga\u00e7\u00e3o)"},{"@type":"BreadcrumbList","@id":"https:\/\/verdadeon.com.br\/portal\/2024\/05\/27\/simplificada-ou-completa-saiba-a-diferenca-entre-os-dois-tipos-de-declaracao-do-irpf-2024\/#breadcrumb","itemListElement":[{"@type":"ListItem","position":1,"name":"In\u00edcio","item":"https:\/\/verdadeon.com.br\/portal\/"},{"@type":"ListItem","position":2,"name":"Simplificada ou Completa: saiba a diferen\u00e7a entre os dois tipos de declara\u00e7\u00e3o do IRPF 2024"}]},{"@type":"WebSite","@id":"https:\/\/verdadeon.com.br\/portal\/#website","url":"https:\/\/verdadeon.com.br\/portal\/","name":"VerdadeOn","description":"Not\u00edcias di\u00e1rias sobre Franca, Regi\u00e3o, Esporte, Cultura, Cotidiano, Colunas. Cobertura nos principais eventos da cidade \u00e9 aqui - Verdadeon Franca","potentialAction":[{"@type":"SearchAction","target":{"@type":"EntryPoint","urlTemplate":"https:\/\/verdadeon.com.br\/portal\/?s={search_term_string}"},"query-input":{"@type":"PropertyValueSpecification","valueRequired":true,"valueName":"search_term_string"}}],"inLanguage":"pt-BR"},{"@type":"Person","@id":"https:\/\/verdadeon.com.br\/portal\/#\/schema\/person\/a5060ad1e9ea3df545188fc93ce43d2f","name":"Redacao VerdadeOn","image":{"@type":"ImageObject","inLanguage":"pt-BR","@id":"https:\/\/verdadeon.com.br\/portal\/#\/schema\/person\/image\/","url":"https:\/\/secure.gravatar.com\/avatar\/459a9613caaaf07f582c3d0841eea68bdd66f533e465e6ba8b9cb45619572cf4?s=96&d=mm&r=g","contentUrl":"https:\/\/secure.gravatar.com\/avatar\/459a9613caaaf07f582c3d0841eea68bdd66f533e465e6ba8b9cb45619572cf4?s=96&d=mm&r=g","caption":"Redacao VerdadeOn"},"url":"https:\/\/verdadeon.com.br\/portal\/author\/redacao\/"}]}},"jetpack_publicize_connections":[],"jetpack_featured_media_url":"https:\/\/i0.wp.com\/verdadeon.com.br\/portal\/wp-content\/uploads\/2024\/05\/unnamed-87.jpg?fit=796%2C533&ssl=1","jetpack_sharing_enabled":true,"_links":{"self":[{"href":"https:\/\/verdadeon.com.br\/portal\/wp-json\/wp\/v2\/posts\/45126","targetHints":{"allow":["GET"]}}],"collection":[{"href":"https:\/\/verdadeon.com.br\/portal\/wp-json\/wp\/v2\/posts"}],"about":[{"href":"https:\/\/verdadeon.com.br\/portal\/wp-json\/wp\/v2\/types\/post"}],"author":[{"embeddable":true,"href":"https:\/\/verdadeon.com.br\/portal\/wp-json\/wp\/v2\/users\/10"}],"replies":[{"embeddable":true,"href":"https:\/\/verdadeon.com.br\/portal\/wp-json\/wp\/v2\/comments?post=45126"}],"version-history":[{"count":1,"href":"https:\/\/verdadeon.com.br\/portal\/wp-json\/wp\/v2\/posts\/45126\/revisions"}],"predecessor-version":[{"id":45128,"href":"https:\/\/verdadeon.com.br\/portal\/wp-json\/wp\/v2\/posts\/45126\/revisions\/45128"}],"wp:featuredmedia":[{"embeddable":true,"href":"https:\/\/verdadeon.com.br\/portal\/wp-json\/wp\/v2\/media\/45127"}],"wp:attachment":[{"href":"https:\/\/verdadeon.com.br\/portal\/wp-json\/wp\/v2\/media?parent=45126"}],"wp:term":[{"taxonomy":"category","embeddable":true,"href":"https:\/\/verdadeon.com.br\/portal\/wp-json\/wp\/v2\/categories?post=45126"},{"taxonomy":"post_tag","embeddable":true,"href":"https:\/\/verdadeon.com.br\/portal\/wp-json\/wp\/v2\/tags?post=45126"}],"curies":[{"name":"wp","href":"https:\/\/api.w.org\/{rel}","templated":true}]}}