{"id":45124,"date":"2024-05-27T10:55:04","date_gmt":"2024-05-27T13:55:04","guid":{"rendered":"https:\/\/verdadeon.com.br\/portal\/?p=45124"},"modified":"2024-05-27T10:55:04","modified_gmt":"2024-05-27T13:55:04","slug":"inscricoes-para-o-enem-2024-comecam-nesta-segunda-feira","status":"publish","type":"post","link":"https:\/\/verdadeon.com.br\/portal\/2024\/05\/27\/inscricoes-para-o-enem-2024-comecam-nesta-segunda-feira\/","title":{"rendered":"Inscri\u00e7\u00f5es para o Enem 2024 come\u00e7am nesta segunda-feira"},"content":{"rendered":"<h3 class=\"col-10 offset-1 animated fadeInDown dealy-900 display-8 display-md-8 alt-font font-italic my-1 text-center\">Provas ser\u00e3o aplicadas nos dias 3 e 10 de novembro<\/h3>\n<p>Come\u00e7a nesta segunda-feira (27) e vai at\u00e9 7 de junho o per\u00edodo de inscri\u00e7\u00f5es para o Exame Nacional do Ensino M\u00e9dio (Enem) 2024. No Rio Grande do Sul, devido \u00e0 calamidade p\u00fablica no estado, haver\u00e1 um calend\u00e1rio estendido, que ainda ser\u00e1 divulgado pelo Instituto Nacional de Estudos e Pesquisas Educacionais An\u00edsio Teixeira (Inep).<\/p>\n<p>As provas ser\u00e3o aplicadas nos dias 3 e 10 de novembro. Para se inscrever, os estudantes devem\u00a0acessar a\u00a0<a href=\"https:\/\/enem.inep.gov.br\/participante\/#!\/\" target=\"_blank\" rel=\"noopener\">P\u00e1gina do Participante<\/a>\u00a0e utilizar o cadastro na\u00a0<a href=\"https:\/\/sso.acesso.gov.br\/login?client_id=portal-logado.estaleiro.serpro.gov.br&amp;authorization_id=18fb995dae7\" target=\"_blank\" rel=\"noopener\">conta gov.br<\/a>.<\/p>\n<p>Os resultados dos recursos sobre a isen\u00e7\u00e3o da taxa de inscri\u00e7\u00e3o foram divulgados na \u00faltima sexta-feira (24), assim como dos recursos que tratam das justificativas de aus\u00eancia no Enem 2023, para candidatos que estavam isentos da taxa e faltaram \u00e0s provas.<\/p>\n<p>A taxa de inscri\u00e7\u00e3o custa R$ 85\u00a0e poder\u00e1 ser paga at\u00e9 o dia 12 de junho. Os moradores do Rio Grande do Sul tamb\u00e9m ter\u00e3o isen\u00e7\u00e3o desse valor.<\/p>\n<p>Criado em 1998, o Enem avalia o desempenho escolar dos estudantes ao t\u00e9rmino da educa\u00e7\u00e3o b\u00e1sica e tamb\u00e9m \u00e9 a principal porta de entrada para a educa\u00e7\u00e3o superior no pa\u00eds. Os resultados da avalia\u00e7\u00e3o podem ser usados para acesso ao Sistema de Sele\u00e7\u00e3o Unificada (Sisu) e ao Programa Universidade para Todos (ProUni). Tamb\u00e9m s\u00e3o aceitos em institui\u00e7\u00f5es privadas e de outros pa\u00edses de l\u00edngua portuguesa que tenham acordo com o Brasil.<\/p>\n<p>Os estudantes que n\u00e3o conclu\u00edram o ensino m\u00e9dio tamb\u00e9m podem participar na condi\u00e7\u00e3o de treineiros, para autoavalia\u00e7\u00e3o nos anos anteriores ao t\u00e9rmino da educa\u00e7\u00e3o b\u00e1sica.<\/p>\n<p>Ag\u00eancia Brasil<\/p>\n","protected":false},"excerpt":{"rendered":"<p>Provas ser\u00e3o aplicadas nos dias 3 e 10 de novembro Come\u00e7a nesta segunda-feira (27) e vai at\u00e9 7 de junho o per\u00edodo de inscri\u00e7\u00f5es para o<span class=\"excerpt-hellip\"> [\u2026]<\/span><\/p>\n","protected":false},"author":10,"featured_media":40886,"comment_status":"open","ping_status":"open","sticky":false,"template":"","format":"standard","meta":{"_jetpack_memberships_contains_paid_content":false,"footnotes":"","jetpack_publicize_message":"","jetpack_publicize_feature_enabled":true,"jetpack_social_post_already_shared":false,"jetpack_social_options":{"image_generator_settings":{"template":"highway","default_image_id":0,"enabled":false},"version":2}},"categories":[28,44],"tags":[],"class_list":["post-45124","post","type-post","status-publish","format-standard","has-post-thumbnail","hentry","category-cotidiano","category-noticias"],"yoast_head":"<!-- This site is optimized with the Yoast SEO plugin v25.6 - https:\/\/yoast.com\/wordpress\/plugins\/seo\/ -->\n<title>Inscri\u00e7\u00f5es para o Enem 2024 come\u00e7am nesta segunda-feira - VerdadeOn<\/title>\n<meta name=\"robots\" content=\"index, follow, max-snippet:-1, max-image-preview:large, max-video-preview:-1\" \/>\n<link rel=\"canonical\" href=\"https:\/\/verdadeon.com.br\/portal\/2024\/05\/27\/inscricoes-para-o-enem-2024-comecam-nesta-segunda-feira\/\" \/>\n<meta property=\"og:locale\" content=\"pt_BR\" \/>\n<meta property=\"og:type\" content=\"article\" \/>\n<meta property=\"og:title\" content=\"Inscri\u00e7\u00f5es para o Enem 2024 come\u00e7am nesta segunda-feira - VerdadeOn\" \/>\n<meta property=\"og:description\" content=\"Provas ser\u00e3o aplicadas nos dias 3 e 10 de novembro Come\u00e7a nesta segunda-feira (27) e vai at\u00e9 7 de junho o per\u00edodo de inscri\u00e7\u00f5es para o [\u2026]\" \/>\n<meta property=\"og:url\" content=\"https:\/\/verdadeon.com.br\/portal\/2024\/05\/27\/inscricoes-para-o-enem-2024-comecam-nesta-segunda-feira\/\" \/>\n<meta property=\"og:site_name\" content=\"VerdadeOn\" \/>\n<meta property=\"article:published_time\" content=\"2024-05-27T13:55:04+00:00\" \/>\n<meta property=\"og:image\" content=\"https:\/\/verdadeon.com.br\/portal\/wp-content\/uploads\/2024\/01\/AnyConv.com__raf08607.jpg\" \/>\n\t<meta property=\"og:image:width\" content=\"1044\" \/>\n\t<meta property=\"og:image:height\" content=\"700\" \/>\n\t<meta property=\"og:image:type\" content=\"image\/jpeg\" \/>\n<meta name=\"author\" content=\"Redacao VerdadeOn\" \/>\n<meta name=\"twitter:card\" content=\"summary_large_image\" \/>\n<meta name=\"twitter:label1\" content=\"Escrito por\" \/>\n\t<meta name=\"twitter:data1\" content=\"Redacao VerdadeOn\" \/>\n\t<meta name=\"twitter:label2\" content=\"Est. tempo de leitura\" \/>\n\t<meta name=\"twitter:data2\" content=\"2 minutos\" \/>\n<script type=\"application\/ld+json\" class=\"yoast-schema-graph\">{\"@context\":\"https:\/\/schema.org\",\"@graph\":[{\"@type\":\"WebPage\",\"@id\":\"https:\/\/verdadeon.com.br\/portal\/2024\/05\/27\/inscricoes-para-o-enem-2024-comecam-nesta-segunda-feira\/\",\"url\":\"https:\/\/verdadeon.com.br\/portal\/2024\/05\/27\/inscricoes-para-o-enem-2024-comecam-nesta-segunda-feira\/\",\"name\":\"Inscri\u00e7\u00f5es para o Enem 2024 come\u00e7am nesta segunda-feira - VerdadeOn\",\"isPartOf\":{\"@id\":\"https:\/\/verdadeon.com.br\/portal\/#website\"},\"primaryImageOfPage\":{\"@id\":\"https:\/\/verdadeon.com.br\/portal\/2024\/05\/27\/inscricoes-para-o-enem-2024-comecam-nesta-segunda-feira\/#primaryimage\"},\"image\":{\"@id\":\"https:\/\/verdadeon.com.br\/portal\/2024\/05\/27\/inscricoes-para-o-enem-2024-comecam-nesta-segunda-feira\/#primaryimage\"},\"thumbnailUrl\":\"https:\/\/i0.wp.com\/verdadeon.com.br\/portal\/wp-content\/uploads\/2024\/01\/AnyConv.com__raf08607.jpg?fit=1044%2C700&ssl=1\",\"datePublished\":\"2024-05-27T13:55:04+00:00\",\"author\":{\"@id\":\"https:\/\/verdadeon.com.br\/portal\/#\/schema\/person\/a5060ad1e9ea3df545188fc93ce43d2f\"},\"breadcrumb\":{\"@id\":\"https:\/\/verdadeon.com.br\/portal\/2024\/05\/27\/inscricoes-para-o-enem-2024-comecam-nesta-segunda-feira\/#breadcrumb\"},\"inLanguage\":\"pt-BR\",\"potentialAction\":[{\"@type\":\"ReadAction\",\"target\":[\"https:\/\/verdadeon.com.br\/portal\/2024\/05\/27\/inscricoes-para-o-enem-2024-comecam-nesta-segunda-feira\/\"]}]},{\"@type\":\"ImageObject\",\"inLanguage\":\"pt-BR\",\"@id\":\"https:\/\/verdadeon.com.br\/portal\/2024\/05\/27\/inscricoes-para-o-enem-2024-comecam-nesta-segunda-feira\/#primaryimage\",\"url\":\"https:\/\/i0.wp.com\/verdadeon.com.br\/portal\/wp-content\/uploads\/2024\/01\/AnyConv.com__raf08607.jpg?fit=1044%2C700&ssl=1\",\"contentUrl\":\"https:\/\/i0.wp.com\/verdadeon.com.br\/portal\/wp-content\/uploads\/2024\/01\/AnyConv.com__raf08607.jpg?fit=1044%2C700&ssl=1\",\"width\":1044,\"height\":700,\"caption\":\"A taxa de inscri\u00e7\u00e3o custa R$ 85\u00a0e poder\u00e1 ser paga at\u00e9 o dia 12 de junho (\u00a9Rafa Neddermeyer\/Ag\u00eancia Brasil)\"},{\"@type\":\"BreadcrumbList\",\"@id\":\"https:\/\/verdadeon.com.br\/portal\/2024\/05\/27\/inscricoes-para-o-enem-2024-comecam-nesta-segunda-feira\/#breadcrumb\",\"itemListElement\":[{\"@type\":\"ListItem\",\"position\":1,\"name\":\"In\u00edcio\",\"item\":\"https:\/\/verdadeon.com.br\/portal\/\"},{\"@type\":\"ListItem\",\"position\":2,\"name\":\"Inscri\u00e7\u00f5es para o Enem 2024 come\u00e7am nesta segunda-feira\"}]},{\"@type\":\"WebSite\",\"@id\":\"https:\/\/verdadeon.com.br\/portal\/#website\",\"url\":\"https:\/\/verdadeon.com.br\/portal\/\",\"name\":\"VerdadeOn\",\"description\":\"Not\u00edcias di\u00e1rias sobre Franca, Regi\u00e3o, Esporte, Cultura, Cotidiano, Colunas. Cobertura nos principais eventos da cidade \u00e9 aqui - Verdadeon Franca\",\"potentialAction\":[{\"@type\":\"SearchAction\",\"target\":{\"@type\":\"EntryPoint\",\"urlTemplate\":\"https:\/\/verdadeon.com.br\/portal\/?s={search_term_string}\"},\"query-input\":{\"@type\":\"PropertyValueSpecification\",\"valueRequired\":true,\"valueName\":\"search_term_string\"}}],\"inLanguage\":\"pt-BR\"},{\"@type\":\"Person\",\"@id\":\"https:\/\/verdadeon.com.br\/portal\/#\/schema\/person\/a5060ad1e9ea3df545188fc93ce43d2f\",\"name\":\"Redacao VerdadeOn\",\"image\":{\"@type\":\"ImageObject\",\"inLanguage\":\"pt-BR\",\"@id\":\"https:\/\/verdadeon.com.br\/portal\/#\/schema\/person\/image\/\",\"url\":\"https:\/\/secure.gravatar.com\/avatar\/459a9613caaaf07f582c3d0841eea68bdd66f533e465e6ba8b9cb45619572cf4?s=96&d=mm&r=g\",\"contentUrl\":\"https:\/\/secure.gravatar.com\/avatar\/459a9613caaaf07f582c3d0841eea68bdd66f533e465e6ba8b9cb45619572cf4?s=96&d=mm&r=g\",\"caption\":\"Redacao VerdadeOn\"},\"url\":\"https:\/\/verdadeon.com.br\/portal\/author\/redacao\/\"}]}<\/script>\n<!-- \/ Yoast SEO plugin. -->","yoast_head_json":{"title":"Inscri\u00e7\u00f5es para o Enem 2024 come\u00e7am nesta segunda-feira - VerdadeOn","robots":{"index":"index","follow":"follow","max-snippet":"max-snippet:-1","max-image-preview":"max-image-preview:large","max-video-preview":"max-video-preview:-1"},"canonical":"https:\/\/verdadeon.com.br\/portal\/2024\/05\/27\/inscricoes-para-o-enem-2024-comecam-nesta-segunda-feira\/","og_locale":"pt_BR","og_type":"article","og_title":"Inscri\u00e7\u00f5es para o Enem 2024 come\u00e7am nesta segunda-feira - VerdadeOn","og_description":"Provas ser\u00e3o aplicadas nos dias 3 e 10 de novembro Come\u00e7a nesta segunda-feira (27) e vai at\u00e9 7 de junho o per\u00edodo de inscri\u00e7\u00f5es para o [\u2026]","og_url":"https:\/\/verdadeon.com.br\/portal\/2024\/05\/27\/inscricoes-para-o-enem-2024-comecam-nesta-segunda-feira\/","og_site_name":"VerdadeOn","article_published_time":"2024-05-27T13:55:04+00:00","og_image":[{"width":1044,"height":700,"url":"https:\/\/verdadeon.com.br\/portal\/wp-content\/uploads\/2024\/01\/AnyConv.com__raf08607.jpg","type":"image\/jpeg"}],"author":"Redacao VerdadeOn","twitter_card":"summary_large_image","twitter_misc":{"Escrito por":"Redacao VerdadeOn","Est. tempo de leitura":"2 minutos"},"schema":{"@context":"https:\/\/schema.org","@graph":[{"@type":"WebPage","@id":"https:\/\/verdadeon.com.br\/portal\/2024\/05\/27\/inscricoes-para-o-enem-2024-comecam-nesta-segunda-feira\/","url":"https:\/\/verdadeon.com.br\/portal\/2024\/05\/27\/inscricoes-para-o-enem-2024-comecam-nesta-segunda-feira\/","name":"Inscri\u00e7\u00f5es para o Enem 2024 come\u00e7am nesta segunda-feira - VerdadeOn","isPartOf":{"@id":"https:\/\/verdadeon.com.br\/portal\/#website"},"primaryImageOfPage":{"@id":"https:\/\/verdadeon.com.br\/portal\/2024\/05\/27\/inscricoes-para-o-enem-2024-comecam-nesta-segunda-feira\/#primaryimage"},"image":{"@id":"https:\/\/verdadeon.com.br\/portal\/2024\/05\/27\/inscricoes-para-o-enem-2024-comecam-nesta-segunda-feira\/#primaryimage"},"thumbnailUrl":"https:\/\/i0.wp.com\/verdadeon.com.br\/portal\/wp-content\/uploads\/2024\/01\/AnyConv.com__raf08607.jpg?fit=1044%2C700&ssl=1","datePublished":"2024-05-27T13:55:04+00:00","author":{"@id":"https:\/\/verdadeon.com.br\/portal\/#\/schema\/person\/a5060ad1e9ea3df545188fc93ce43d2f"},"breadcrumb":{"@id":"https:\/\/verdadeon.com.br\/portal\/2024\/05\/27\/inscricoes-para-o-enem-2024-comecam-nesta-segunda-feira\/#breadcrumb"},"inLanguage":"pt-BR","potentialAction":[{"@type":"ReadAction","target":["https:\/\/verdadeon.com.br\/portal\/2024\/05\/27\/inscricoes-para-o-enem-2024-comecam-nesta-segunda-feira\/"]}]},{"@type":"ImageObject","inLanguage":"pt-BR","@id":"https:\/\/verdadeon.com.br\/portal\/2024\/05\/27\/inscricoes-para-o-enem-2024-comecam-nesta-segunda-feira\/#primaryimage","url":"https:\/\/i0.wp.com\/verdadeon.com.br\/portal\/wp-content\/uploads\/2024\/01\/AnyConv.com__raf08607.jpg?fit=1044%2C700&ssl=1","contentUrl":"https:\/\/i0.wp.com\/verdadeon.com.br\/portal\/wp-content\/uploads\/2024\/01\/AnyConv.com__raf08607.jpg?fit=1044%2C700&ssl=1","width":1044,"height":700,"caption":"A taxa de inscri\u00e7\u00e3o custa R$ 85\u00a0e poder\u00e1 ser paga at\u00e9 o dia 12 de junho (\u00a9Rafa Neddermeyer\/Ag\u00eancia Brasil)"},{"@type":"BreadcrumbList","@id":"https:\/\/verdadeon.com.br\/portal\/2024\/05\/27\/inscricoes-para-o-enem-2024-comecam-nesta-segunda-feira\/#breadcrumb","itemListElement":[{"@type":"ListItem","position":1,"name":"In\u00edcio","item":"https:\/\/verdadeon.com.br\/portal\/"},{"@type":"ListItem","position":2,"name":"Inscri\u00e7\u00f5es para o Enem 2024 come\u00e7am nesta segunda-feira"}]},{"@type":"WebSite","@id":"https:\/\/verdadeon.com.br\/portal\/#website","url":"https:\/\/verdadeon.com.br\/portal\/","name":"VerdadeOn","description":"Not\u00edcias di\u00e1rias sobre Franca, Regi\u00e3o, Esporte, Cultura, Cotidiano, Colunas. Cobertura nos principais eventos da cidade \u00e9 aqui - Verdadeon Franca","potentialAction":[{"@type":"SearchAction","target":{"@type":"EntryPoint","urlTemplate":"https:\/\/verdadeon.com.br\/portal\/?s={search_term_string}"},"query-input":{"@type":"PropertyValueSpecification","valueRequired":true,"valueName":"search_term_string"}}],"inLanguage":"pt-BR"},{"@type":"Person","@id":"https:\/\/verdadeon.com.br\/portal\/#\/schema\/person\/a5060ad1e9ea3df545188fc93ce43d2f","name":"Redacao VerdadeOn","image":{"@type":"ImageObject","inLanguage":"pt-BR","@id":"https:\/\/verdadeon.com.br\/portal\/#\/schema\/person\/image\/","url":"https:\/\/secure.gravatar.com\/avatar\/459a9613caaaf07f582c3d0841eea68bdd66f533e465e6ba8b9cb45619572cf4?s=96&d=mm&r=g","contentUrl":"https:\/\/secure.gravatar.com\/avatar\/459a9613caaaf07f582c3d0841eea68bdd66f533e465e6ba8b9cb45619572cf4?s=96&d=mm&r=g","caption":"Redacao VerdadeOn"},"url":"https:\/\/verdadeon.com.br\/portal\/author\/redacao\/"}]}},"jetpack_publicize_connections":[],"jetpack_featured_media_url":"https:\/\/i0.wp.com\/verdadeon.com.br\/portal\/wp-content\/uploads\/2024\/01\/AnyConv.com__raf08607.jpg?fit=1044%2C700&ssl=1","jetpack_sharing_enabled":true,"_links":{"self":[{"href":"https:\/\/verdadeon.com.br\/portal\/wp-json\/wp\/v2\/posts\/45124","targetHints":{"allow":["GET"]}}],"collection":[{"href":"https:\/\/verdadeon.com.br\/portal\/wp-json\/wp\/v2\/posts"}],"about":[{"href":"https:\/\/verdadeon.com.br\/portal\/wp-json\/wp\/v2\/types\/post"}],"author":[{"embeddable":true,"href":"https:\/\/verdadeon.com.br\/portal\/wp-json\/wp\/v2\/users\/10"}],"replies":[{"embeddable":true,"href":"https:\/\/verdadeon.com.br\/portal\/wp-json\/wp\/v2\/comments?post=45124"}],"version-history":[{"count":1,"href":"https:\/\/verdadeon.com.br\/portal\/wp-json\/wp\/v2\/posts\/45124\/revisions"}],"predecessor-version":[{"id":45129,"href":"https:\/\/verdadeon.com.br\/portal\/wp-json\/wp\/v2\/posts\/45124\/revisions\/45129"}],"wp:featuredmedia":[{"embeddable":true,"href":"https:\/\/verdadeon.com.br\/portal\/wp-json\/wp\/v2\/media\/40886"}],"wp:attachment":[{"href":"https:\/\/verdadeon.com.br\/portal\/wp-json\/wp\/v2\/media?parent=45124"}],"wp:term":[{"taxonomy":"category","embeddable":true,"href":"https:\/\/verdadeon.com.br\/portal\/wp-json\/wp\/v2\/categories?post=45124"},{"taxonomy":"post_tag","embeddable":true,"href":"https:\/\/verdadeon.com.br\/portal\/wp-json\/wp\/v2\/tags?post=45124"}],"curies":[{"name":"wp","href":"https:\/\/api.w.org\/{rel}","templated":true}]}}