{"id":45110,"date":"2024-05-25T11:35:19","date_gmt":"2024-05-25T14:35:19","guid":{"rendered":"https:\/\/verdadeon.com.br\/portal\/?p=45110"},"modified":"2024-05-25T11:35:19","modified_gmt":"2024-05-25T14:35:19","slug":"camara-vai-ao-centro-comunitario-do-panorama-e-vota-mais-de-r-24-milhoes-para-saude","status":"publish","type":"post","link":"https:\/\/verdadeon.com.br\/portal\/2024\/05\/25\/camara-vai-ao-centro-comunitario-do-panorama-e-vota-mais-de-r-24-milhoes-para-saude\/","title":{"rendered":"C\u00e2mara vai ao Centro Comunit\u00e1rio do Panorama e vota mais de R$ 2,4 milh\u00f5es para sa\u00fade"},"content":{"rendered":"<h2>A sess\u00e3o mesmo sendo realizada fora da Casa de Leis segue todas as normas e regras do Regimento Interno<\/h2>\n<p class=\"text-align-justify\">O Centro Comunit\u00e1rio do Jardim Panorama e S\u00e3o Francisco que fica na avenida Ricardo Alexsander de Andrade, 250, recebe na pr\u00f3xima ter\u00e7a-feira, 28 de maio, a terceira reuni\u00e3o do projeto C\u00e2mara nos bairros.<\/p>\n<p class=\"text-align-justify\">Na oportunidade acontece a\u00a0<a href=\"https:\/\/sapl.franca.sp.leg.br\/sessao\/pesquisar-sessao?data_inicio__year=2024&amp;data_inicio__month=&amp;data_inicio__day=&amp;tipo=\" rel=\"nofollow\">17\u00aa Sess\u00e3o Ordin\u00e1ria<\/a>\u00a0do Legislativo francano que j\u00e1 levou os encontros para regi\u00e3o oeste em 26 de mar\u00e7o quando aconteceu a 8\u00aa Sess\u00e3o Ordin\u00e1ria no Centro Comunit\u00e1rio do Santa Maria e na regi\u00e3o norte em 30 de abril quando aconteceu 13\u00aa Sess\u00e3o Ordin\u00e1ria no Centro Comunit\u00e1rio do Parque do Horto.<\/p>\n<p class=\"text-align-justify\">A proposta \u00e9 uma iniciativa da Mesa Diretora atualmente presidida pelo vereador Della Motta (Podemos) e composta pela vice-presidente vereadora Lurdinha Granzotte (Republicanos), o 1\u00ba Secret\u00e1rio vereador Kak\u00e1 (Republicanos) e a 2\u00aa Secret\u00e1ria Lindsay Cardoso (PP).<\/p>\n<p><strong>C\u00e2mara nos bairros<\/strong><\/p>\n<p class=\"text-align-justify\">O projeto \u201cC\u00e2mara nos Bairros\u201d foi criado com o intuito \u00e9 integrar e fortalecer o v\u00ednculo do legislativo com as comunidades.<\/p>\n<p class=\"text-align-justify\">Entre os objetivos do projeto est\u00e3o a populariza\u00e7\u00e3o da atividade legislativa e a amplia\u00e7\u00e3o do contato direto dos vereadores. A ideia \u00e9 promover a integra\u00e7\u00e3o entre o Legislativo e a comunidade para entender quais s\u00e3o os anseios e as prioridades de cada comunidade.<\/p>\n<p class=\"text-align-justify\">Essa iniciativa torna a Casa, mais democr\u00e1tica, pr\u00f3xima das pessoas e permite que o vereador sinta mais a realidade de cada bairro da cidade.<\/p>\n<p><strong>Regimento Interno<\/strong><\/p>\n<p class=\"text-align-justify\">A sess\u00e3o mesmo sendo realizada fora da Casa de Leis segue todas as normas e regras do Regimento Interno.<\/p>\n<p class=\"text-align-justify\">No per\u00edodo da manh\u00e3 acontece o Expediente com as leituras dos documentos e of\u00edcios, al\u00e9m de uso da Tribuna tanto pelos mun\u00edcipes inscritos previamente e os pr\u00f3prios parlamentares, a partir das 9h.<\/p>\n<p class=\"text-align-justify\">No per\u00edodo da tarde a partir das 14h, ser\u00e3o debatidas propostas analisadas nas Comiss\u00f5es e aquelas inclu\u00eddas em regime de urg\u00eancia.<\/p>\n<p><strong>Ordem do dia\u00a0<\/strong><\/p>\n<p class=\"text-align-justify\">Ser\u00e1 votado o <a href=\"https:\/\/sapl.franca.sp.leg.br\/materia\/11255\" rel=\"nofollow\">Projeto de Lei n\u00ba 45\/2024<\/a> de autoria do Executivo solicitando \u00e0 C\u00e2mara autoriza\u00e7\u00e3o para abertura de cr\u00e9ditos adicionais no Or\u00e7amento de 2024, no valor total de at\u00e9 R$ 2.480.000,00, e d\u00e1 outras disposi\u00e7\u00f5es.<\/p>\n<p class=\"text-align-justify\">Trata-se de altera\u00e7\u00f5es no Or\u00e7amento que permitir\u00e3o, \u00e0 Prefeitura, atrav\u00e9s da Secretaria Municipal de Sa\u00fade, com recursos de transfer\u00eancias do Governo do Estado de S\u00e3o Paulo, realizar as seguintes despesas:<\/p>\n<p class=\"text-align-justify\">R$ 800.000,00 &#8211; Recurso para aquisi\u00e7\u00e3o de aparelhos de ar condicionado para as Unidades B\u00e1sicas de Sa\u00fade do Munic\u00edpio, vinculado \u00e0 Emenda Impositiva n\u00ba 2024.274.57083, do Deputado Guilherme Cortez.<\/p>\n<p class=\"text-align-justify\">R$ 100.000,00 &#8211; Recurso para aquisi\u00e7\u00e3o de 01 ve\u00edculo tipo passeio para o Centro de Testagem e Aconselhamento-CTA, vinculado \u00e0 Emenda Impositiva n\u00ba 2024.274.57080, do Deputado Guilherme Cortez.<\/p>\n<p class=\"text-align-justify\">R$ 230.000,00 \u2013 Recurso para aquisi\u00e7\u00e3o de 01 ambul\u00e2ncia b\u00e1sica, vinculado \u00e0 Emenda Impositiva n\u00ba 2024.274.57066, do Deputado Guilherme Cortez.<\/p>\n<p class=\"text-align-justify\">R$ 1.000.000,00 \u2013 Recurso de transfer\u00eancia do Estado (fundo a fundo) destinado a despesas de custeio (cirurgias eletivas)<\/p>\n<p class=\"text-align-justify\">R$ 350.000,00 &#8211; recurso para aquisi\u00e7\u00e3o de equipamento oftalmol\u00f3gico de fotocoagula\u00e7\u00e3o para o ambulat\u00f3rio de retina e outros equipamentos para ambulat\u00f3rios de especialidade, vinculado \u00e0 Emenda Impositiva n\u00ba 2024.030.56909, ambas da Deputada Delegada Graciela.<\/p>\n<p><strong>\u2018Novembrinho Azul\u2019<\/strong><\/p>\n<p class=\"text-align-justify\">Ser\u00e1 votado tamb\u00e9m o\u00a0<a href=\"https:\/\/sapl.franca.sp.leg.br\/materia\/10790\" rel=\"nofollow\">Projeto de Lei n\u00ba 28\/2024<\/a>\u00a0&#8211; Acrescenta dispositivo \u00e0 Lei n\u00ba 7.966, de 27 de novembro de 2013, a fim de dispor sobre a institui\u00e7\u00e3o do \u201cNovembrinho Azul\u201d, na seara da Campanha &#8220;Novembro Azul&#8221;, no munic\u00edpio de Franca, e d\u00e1 outras provid\u00eancias.<\/p>\n<p class=\"text-align-justify\">Os autores da proposta Donizete da Farm\u00e1cia (MDB) e Marcelo Tidy (MDB) explicam: &#8220;o objetivo da preven\u00e7\u00e3o prim\u00e1ria \u00e9 impedir que a doen\u00e7a se desenvolva, por meio da redu\u00e7\u00e3o da exposi\u00e7\u00e3o a fatores de risco e da ado\u00e7\u00e3o de h\u00e1bitos saud\u00e1veis. J\u00e1 a preven\u00e7\u00e3o secund\u00e1ria visa a detectar e tratar doen\u00e7as j\u00e1 existentes, mas que ainda n\u00e3o est\u00e3o manifestas, para aumentar as chances de cura&#8221;.<\/p>\n<p class=\"text-align-justify\">&#8220;Associa\u00e7\u00e3o Brasileira de Cirurgia Pedi\u00e1trica elaborou um documento denominado &#8216;Projeto Novembrinho Azul&#8217;, para que sejam realizadas a\u00e7\u00f5es de consultas e palestras com cirurgi\u00f5es pedi\u00e1tricos e outros profissionais de sa\u00fade especialistas, com o objetivo de promover o diagn\u00f3stico e o tratamento precoces de condi\u00e7\u00f5es como fimose, hiposp\u00e1dia, h\u00e9rnia inguinal, distopia testicular, disfun\u00e7\u00e3o urin\u00e1ria e varicocele, bem como conscientizar a popula\u00e7\u00e3o acerca da vacina de HPV&#8221;, destacam os parlamentares.<\/p>\n<p class=\"text-align-justify\">E por fim defendem: &#8220;essa a\u00e7\u00e3o visa a estimular as fam\u00edlias a procurar precocemente as redes de aten\u00e7\u00e3o \u00e0 sa\u00fade para os cuidados espec\u00edficos de meninos at\u00e9 15 anos de idade&#8221;.<\/p>\n<p><strong>Vereadores debatem&#8230;<\/strong><\/p>\n<p class=\"text-align-justify\">Os vereadores ainda debatem e votam o\u00a0<a href=\"https:\/\/sapl.franca.sp.leg.br\/materia\/11219\" rel=\"nofollow\">Requerimento 291\/2024<\/a>\u00a0de autoria do vereador Marcelo Tidy (MDB) solicitando informa\u00e7\u00f5es se h\u00e1 planejamento para a revitaliza\u00e7\u00e3o da quadra de t\u00eanis do poliesportivo.<\/p>\n<p class=\"text-align-justify\">O parlamentar ainda apresentou o\u00a0<a href=\"https:\/\/sapl.franca.sp.leg.br\/materia\/11228\" rel=\"nofollow\">Requerimento 292\/2024<\/a>\u00a0para para notificar a empresa S\u00e3o Jos\u00e9 para dar manuten\u00e7\u00e3o nos abrigos dos pontos de \u00f4nibus, em especial, em frente ao DRS VIII.<\/p>\n<p class=\"text-align-justify\">O\u00a0<a href=\"https:\/\/sapl.franca.sp.leg.br\/materia\/11229\" rel=\"nofollow\">Requerimento 293\/2024<\/a>\u00a0solicitando informa\u00e7\u00f5es se h\u00e1 planejamento para a cria\u00e7\u00e3o de um centro para atendimento \u00e0s pessoas com TEA, conforme ter\u00e1 em S\u00e3o Paulo.<\/p>\n<p class=\"text-align-justify\">Ainda tamb\u00e9m o\u00a0<a href=\"https:\/\/sapl.franca.sp.leg.br\/materia\/11245\" rel=\"nofollow\">Requerimento 296\/2024<\/a>\u00a0para obter informa\u00e7\u00f5es se Prefeitura, por meio da Feac, vai participar da 15\u00aa copa gin\u00e1stica r\u00edtmica.<\/p>\n<p class=\"text-align-justify\">O\u00a0<a href=\"https:\/\/sapl.franca.sp.leg.br\/materia\/11246\" rel=\"nofollow\">Requerimento 297\/2024<\/a>\u00a0para obter informa\u00e7\u00f5es se h\u00e1 estudos para fazer uma entrada mais segura na Rodovia Jo\u00e3o traficante.<\/p>\n<p class=\"text-align-justify\">E tamb\u00e9m do Legislador o\u00a0<a href=\"https:\/\/sapl.franca.sp.leg.br\/materia\/11279\" rel=\"nofollow\">Requerimento 302\/2024<\/a>\u00a0para obter informa\u00e7\u00f5es se h\u00e1 estudos para colocar faixa elevada pr\u00f3ximo \u00e0 creche Maria Nazar\u00e9, localizada na Rua S\u00e3o Jo\u00e3o Del Rei, n.\u00ba 3200. Observa\u00e7\u00e3o: A faixa de pedestre precisa de revitaliza\u00e7\u00e3o.<\/p>\n<p class=\"text-align-justify\">De autoria do vereador Gilson Pelizaro (PT) ser\u00e1 debatido e votado o\u00a0<a href=\"https:\/\/sapl.franca.sp.leg.br\/materia\/11282\" rel=\"nofollow\">Requerimento 305\/2024<\/a>\u00a0para informa\u00e7\u00f5es sobre a possibilidade de se firmar conv\u00eanio com o Poupatempo.<\/p>\n<p><strong>Mo\u00e7\u00f5es de aplausos<\/strong><\/p>\n<p class=\"text-align-justify\">De autoria do vereador Claudinei da Rocha (MDB) ser\u00e1 votada a\u00a0<a href=\"https:\/\/sapl.franca.sp.leg.br\/materia\/11220\" rel=\"nofollow\">Mo\u00e7\u00e3o de Aplausos 26\/2024<\/a>\u00a0\u00e0 Rede Drogafarma pelos seus 46 anos de hist\u00f3ria.<\/p>\n<p class=\"text-align-justify\">Ainda de autoria do vereador Daniel Bassi (PSD) ser\u00e1 votada a\u00a0<a href=\"https:\/\/sapl.franca.sp.leg.br\/materia\/11247\" rel=\"nofollow\">Mo\u00e7\u00e3o de Aplausos 27\/2024<\/a>\u00a0em reconhecimento ao extraordin\u00e1rio talento da dupla sertaneja Rionegro e Solim\u00f5es em comemora\u00e7\u00e3o aos 35 anos de carreira brilhante e inspiradora.<\/p>\n<p class=\"text-align-justify\">E por fim de autoria dos vereadores Marcelo Tidy (MDB) e Lurdinha Granzotte (Republicanos) \u00e0 Sr.\u00aa Maria Tereza Lemos Costa Calil, popularmente conhecida como \u201cT\u00f3la\u201d, pelos seus relevantes servi\u00e7os prestados \u00e0 comunidade<\/p>\n","protected":false},"excerpt":{"rendered":"<p>A sess\u00e3o mesmo sendo realizada fora da Casa de Leis segue todas as normas e regras do Regimento Interno O Centro Comunit\u00e1rio do Jardim Panorama e<span class=\"excerpt-hellip\"> [\u2026]<\/span><\/p>\n","protected":false},"author":10,"featured_media":45111,"comment_status":"open","ping_status":"open","sticky":false,"template":"","format":"standard","meta":{"_jetpack_memberships_contains_paid_content":false,"footnotes":"","jetpack_publicize_message":"","jetpack_publicize_feature_enabled":true,"jetpack_social_post_already_shared":false,"jetpack_social_options":{"image_generator_settings":{"template":"highway","default_image_id":0,"enabled":false},"version":2}},"categories":[28,81],"tags":[],"class_list":["post-45110","post","type-post","status-publish","format-standard","has-post-thumbnail","hentry","category-cotidiano","category-manchete"],"yoast_head":"<!-- This site is optimized with the Yoast SEO plugin v25.6 - https:\/\/yoast.com\/wordpress\/plugins\/seo\/ -->\n<title>C\u00e2mara vai ao Centro Comunit\u00e1rio do Panorama e vota mais de R$ 2,4 milh\u00f5es para sa\u00fade - VerdadeOn<\/title>\n<meta name=\"robots\" content=\"index, follow, max-snippet:-1, max-image-preview:large, max-video-preview:-1\" \/>\n<link rel=\"canonical\" href=\"https:\/\/verdadeon.com.br\/portal\/2024\/05\/25\/camara-vai-ao-centro-comunitario-do-panorama-e-vota-mais-de-r-24-milhoes-para-saude\/\" \/>\n<meta property=\"og:locale\" content=\"pt_BR\" \/>\n<meta property=\"og:type\" content=\"article\" \/>\n<meta property=\"og:title\" content=\"C\u00e2mara vai ao Centro Comunit\u00e1rio do Panorama e vota mais de R$ 2,4 milh\u00f5es para sa\u00fade - VerdadeOn\" \/>\n<meta property=\"og:description\" content=\"A sess\u00e3o mesmo sendo realizada fora da Casa de Leis segue todas as normas e regras do Regimento Interno O Centro Comunit\u00e1rio do Jardim Panorama e [\u2026]\" \/>\n<meta property=\"og:url\" content=\"https:\/\/verdadeon.com.br\/portal\/2024\/05\/25\/camara-vai-ao-centro-comunitario-do-panorama-e-vota-mais-de-r-24-milhoes-para-saude\/\" \/>\n<meta property=\"og:site_name\" content=\"VerdadeOn\" \/>\n<meta property=\"article:published_time\" content=\"2024-05-25T14:35:19+00:00\" \/>\n<meta property=\"og:image\" content=\"https:\/\/verdadeon.com.br\/portal\/wp-content\/uploads\/2024\/05\/centrocomunitariopanorama.jpg\" \/>\n\t<meta property=\"og:image:width\" content=\"832\" \/>\n\t<meta property=\"og:image:height\" content=\"558\" \/>\n\t<meta property=\"og:image:type\" content=\"image\/jpeg\" \/>\n<meta name=\"author\" content=\"Redacao VerdadeOn\" \/>\n<meta name=\"twitter:card\" content=\"summary_large_image\" \/>\n<meta name=\"twitter:label1\" content=\"Escrito por\" \/>\n\t<meta name=\"twitter:data1\" content=\"Redacao VerdadeOn\" \/>\n\t<meta name=\"twitter:label2\" content=\"Est. tempo de leitura\" \/>\n\t<meta name=\"twitter:data2\" content=\"6 minutos\" \/>\n<script type=\"application\/ld+json\" class=\"yoast-schema-graph\">{\"@context\":\"https:\/\/schema.org\",\"@graph\":[{\"@type\":\"WebPage\",\"@id\":\"https:\/\/verdadeon.com.br\/portal\/2024\/05\/25\/camara-vai-ao-centro-comunitario-do-panorama-e-vota-mais-de-r-24-milhoes-para-saude\/\",\"url\":\"https:\/\/verdadeon.com.br\/portal\/2024\/05\/25\/camara-vai-ao-centro-comunitario-do-panorama-e-vota-mais-de-r-24-milhoes-para-saude\/\",\"name\":\"C\u00e2mara vai ao Centro Comunit\u00e1rio do Panorama e vota mais de R$ 2,4 milh\u00f5es para sa\u00fade - VerdadeOn\",\"isPartOf\":{\"@id\":\"https:\/\/verdadeon.com.br\/portal\/#website\"},\"primaryImageOfPage\":{\"@id\":\"https:\/\/verdadeon.com.br\/portal\/2024\/05\/25\/camara-vai-ao-centro-comunitario-do-panorama-e-vota-mais-de-r-24-milhoes-para-saude\/#primaryimage\"},\"image\":{\"@id\":\"https:\/\/verdadeon.com.br\/portal\/2024\/05\/25\/camara-vai-ao-centro-comunitario-do-panorama-e-vota-mais-de-r-24-milhoes-para-saude\/#primaryimage\"},\"thumbnailUrl\":\"https:\/\/i0.wp.com\/verdadeon.com.br\/portal\/wp-content\/uploads\/2024\/05\/centrocomunitariopanorama.jpg?fit=832%2C558&ssl=1\",\"datePublished\":\"2024-05-25T14:35:19+00:00\",\"author\":{\"@id\":\"https:\/\/verdadeon.com.br\/portal\/#\/schema\/person\/a5060ad1e9ea3df545188fc93ce43d2f\"},\"breadcrumb\":{\"@id\":\"https:\/\/verdadeon.com.br\/portal\/2024\/05\/25\/camara-vai-ao-centro-comunitario-do-panorama-e-vota-mais-de-r-24-milhoes-para-saude\/#breadcrumb\"},\"inLanguage\":\"pt-BR\",\"potentialAction\":[{\"@type\":\"ReadAction\",\"target\":[\"https:\/\/verdadeon.com.br\/portal\/2024\/05\/25\/camara-vai-ao-centro-comunitario-do-panorama-e-vota-mais-de-r-24-milhoes-para-saude\/\"]}]},{\"@type\":\"ImageObject\",\"inLanguage\":\"pt-BR\",\"@id\":\"https:\/\/verdadeon.com.br\/portal\/2024\/05\/25\/camara-vai-ao-centro-comunitario-do-panorama-e-vota-mais-de-r-24-milhoes-para-saude\/#primaryimage\",\"url\":\"https:\/\/i0.wp.com\/verdadeon.com.br\/portal\/wp-content\/uploads\/2024\/05\/centrocomunitariopanorama.jpg?fit=832%2C558&ssl=1\",\"contentUrl\":\"https:\/\/i0.wp.com\/verdadeon.com.br\/portal\/wp-content\/uploads\/2024\/05\/centrocomunitariopanorama.jpg?fit=832%2C558&ssl=1\",\"width\":832,\"height\":558,\"caption\":\"Centro Comunit\u00e1rio do Jardim Panorama (\u00a9Divulga\u00e7\u00e3o)\"},{\"@type\":\"BreadcrumbList\",\"@id\":\"https:\/\/verdadeon.com.br\/portal\/2024\/05\/25\/camara-vai-ao-centro-comunitario-do-panorama-e-vota-mais-de-r-24-milhoes-para-saude\/#breadcrumb\",\"itemListElement\":[{\"@type\":\"ListItem\",\"position\":1,\"name\":\"In\u00edcio\",\"item\":\"https:\/\/verdadeon.com.br\/portal\/\"},{\"@type\":\"ListItem\",\"position\":2,\"name\":\"C\u00e2mara vai ao Centro Comunit\u00e1rio do Panorama e vota mais de R$ 2,4 milh\u00f5es para sa\u00fade\"}]},{\"@type\":\"WebSite\",\"@id\":\"https:\/\/verdadeon.com.br\/portal\/#website\",\"url\":\"https:\/\/verdadeon.com.br\/portal\/\",\"name\":\"VerdadeOn\",\"description\":\"Not\u00edcias di\u00e1rias sobre Franca, Regi\u00e3o, Esporte, Cultura, Cotidiano, Colunas. Cobertura nos principais eventos da cidade \u00e9 aqui - Verdadeon Franca\",\"potentialAction\":[{\"@type\":\"SearchAction\",\"target\":{\"@type\":\"EntryPoint\",\"urlTemplate\":\"https:\/\/verdadeon.com.br\/portal\/?s={search_term_string}\"},\"query-input\":{\"@type\":\"PropertyValueSpecification\",\"valueRequired\":true,\"valueName\":\"search_term_string\"}}],\"inLanguage\":\"pt-BR\"},{\"@type\":\"Person\",\"@id\":\"https:\/\/verdadeon.com.br\/portal\/#\/schema\/person\/a5060ad1e9ea3df545188fc93ce43d2f\",\"name\":\"Redacao VerdadeOn\",\"image\":{\"@type\":\"ImageObject\",\"inLanguage\":\"pt-BR\",\"@id\":\"https:\/\/verdadeon.com.br\/portal\/#\/schema\/person\/image\/\",\"url\":\"https:\/\/secure.gravatar.com\/avatar\/459a9613caaaf07f582c3d0841eea68bdd66f533e465e6ba8b9cb45619572cf4?s=96&d=mm&r=g\",\"contentUrl\":\"https:\/\/secure.gravatar.com\/avatar\/459a9613caaaf07f582c3d0841eea68bdd66f533e465e6ba8b9cb45619572cf4?s=96&d=mm&r=g\",\"caption\":\"Redacao VerdadeOn\"},\"url\":\"https:\/\/verdadeon.com.br\/portal\/author\/redacao\/\"}]}<\/script>\n<!-- \/ Yoast SEO plugin. -->","yoast_head_json":{"title":"C\u00e2mara vai ao Centro Comunit\u00e1rio do Panorama e vota mais de R$ 2,4 milh\u00f5es para sa\u00fade - VerdadeOn","robots":{"index":"index","follow":"follow","max-snippet":"max-snippet:-1","max-image-preview":"max-image-preview:large","max-video-preview":"max-video-preview:-1"},"canonical":"https:\/\/verdadeon.com.br\/portal\/2024\/05\/25\/camara-vai-ao-centro-comunitario-do-panorama-e-vota-mais-de-r-24-milhoes-para-saude\/","og_locale":"pt_BR","og_type":"article","og_title":"C\u00e2mara vai ao Centro Comunit\u00e1rio do Panorama e vota mais de R$ 2,4 milh\u00f5es para sa\u00fade - VerdadeOn","og_description":"A sess\u00e3o mesmo sendo realizada fora da Casa de Leis segue todas as normas e regras do Regimento Interno O Centro Comunit\u00e1rio do Jardim Panorama e [\u2026]","og_url":"https:\/\/verdadeon.com.br\/portal\/2024\/05\/25\/camara-vai-ao-centro-comunitario-do-panorama-e-vota-mais-de-r-24-milhoes-para-saude\/","og_site_name":"VerdadeOn","article_published_time":"2024-05-25T14:35:19+00:00","og_image":[{"width":832,"height":558,"url":"https:\/\/verdadeon.com.br\/portal\/wp-content\/uploads\/2024\/05\/centrocomunitariopanorama.jpg","type":"image\/jpeg"}],"author":"Redacao VerdadeOn","twitter_card":"summary_large_image","twitter_misc":{"Escrito por":"Redacao VerdadeOn","Est. tempo de leitura":"6 minutos"},"schema":{"@context":"https:\/\/schema.org","@graph":[{"@type":"WebPage","@id":"https:\/\/verdadeon.com.br\/portal\/2024\/05\/25\/camara-vai-ao-centro-comunitario-do-panorama-e-vota-mais-de-r-24-milhoes-para-saude\/","url":"https:\/\/verdadeon.com.br\/portal\/2024\/05\/25\/camara-vai-ao-centro-comunitario-do-panorama-e-vota-mais-de-r-24-milhoes-para-saude\/","name":"C\u00e2mara vai ao Centro Comunit\u00e1rio do Panorama e vota mais de R$ 2,4 milh\u00f5es para sa\u00fade - VerdadeOn","isPartOf":{"@id":"https:\/\/verdadeon.com.br\/portal\/#website"},"primaryImageOfPage":{"@id":"https:\/\/verdadeon.com.br\/portal\/2024\/05\/25\/camara-vai-ao-centro-comunitario-do-panorama-e-vota-mais-de-r-24-milhoes-para-saude\/#primaryimage"},"image":{"@id":"https:\/\/verdadeon.com.br\/portal\/2024\/05\/25\/camara-vai-ao-centro-comunitario-do-panorama-e-vota-mais-de-r-24-milhoes-para-saude\/#primaryimage"},"thumbnailUrl":"https:\/\/i0.wp.com\/verdadeon.com.br\/portal\/wp-content\/uploads\/2024\/05\/centrocomunitariopanorama.jpg?fit=832%2C558&ssl=1","datePublished":"2024-05-25T14:35:19+00:00","author":{"@id":"https:\/\/verdadeon.com.br\/portal\/#\/schema\/person\/a5060ad1e9ea3df545188fc93ce43d2f"},"breadcrumb":{"@id":"https:\/\/verdadeon.com.br\/portal\/2024\/05\/25\/camara-vai-ao-centro-comunitario-do-panorama-e-vota-mais-de-r-24-milhoes-para-saude\/#breadcrumb"},"inLanguage":"pt-BR","potentialAction":[{"@type":"ReadAction","target":["https:\/\/verdadeon.com.br\/portal\/2024\/05\/25\/camara-vai-ao-centro-comunitario-do-panorama-e-vota-mais-de-r-24-milhoes-para-saude\/"]}]},{"@type":"ImageObject","inLanguage":"pt-BR","@id":"https:\/\/verdadeon.com.br\/portal\/2024\/05\/25\/camara-vai-ao-centro-comunitario-do-panorama-e-vota-mais-de-r-24-milhoes-para-saude\/#primaryimage","url":"https:\/\/i0.wp.com\/verdadeon.com.br\/portal\/wp-content\/uploads\/2024\/05\/centrocomunitariopanorama.jpg?fit=832%2C558&ssl=1","contentUrl":"https:\/\/i0.wp.com\/verdadeon.com.br\/portal\/wp-content\/uploads\/2024\/05\/centrocomunitariopanorama.jpg?fit=832%2C558&ssl=1","width":832,"height":558,"caption":"Centro Comunit\u00e1rio do Jardim Panorama (\u00a9Divulga\u00e7\u00e3o)"},{"@type":"BreadcrumbList","@id":"https:\/\/verdadeon.com.br\/portal\/2024\/05\/25\/camara-vai-ao-centro-comunitario-do-panorama-e-vota-mais-de-r-24-milhoes-para-saude\/#breadcrumb","itemListElement":[{"@type":"ListItem","position":1,"name":"In\u00edcio","item":"https:\/\/verdadeon.com.br\/portal\/"},{"@type":"ListItem","position":2,"name":"C\u00e2mara vai ao Centro Comunit\u00e1rio do Panorama e vota mais de R$ 2,4 milh\u00f5es para sa\u00fade"}]},{"@type":"WebSite","@id":"https:\/\/verdadeon.com.br\/portal\/#website","url":"https:\/\/verdadeon.com.br\/portal\/","name":"VerdadeOn","description":"Not\u00edcias di\u00e1rias sobre Franca, Regi\u00e3o, Esporte, Cultura, Cotidiano, Colunas. Cobertura nos principais eventos da cidade \u00e9 aqui - Verdadeon Franca","potentialAction":[{"@type":"SearchAction","target":{"@type":"EntryPoint","urlTemplate":"https:\/\/verdadeon.com.br\/portal\/?s={search_term_string}"},"query-input":{"@type":"PropertyValueSpecification","valueRequired":true,"valueName":"search_term_string"}}],"inLanguage":"pt-BR"},{"@type":"Person","@id":"https:\/\/verdadeon.com.br\/portal\/#\/schema\/person\/a5060ad1e9ea3df545188fc93ce43d2f","name":"Redacao VerdadeOn","image":{"@type":"ImageObject","inLanguage":"pt-BR","@id":"https:\/\/verdadeon.com.br\/portal\/#\/schema\/person\/image\/","url":"https:\/\/secure.gravatar.com\/avatar\/459a9613caaaf07f582c3d0841eea68bdd66f533e465e6ba8b9cb45619572cf4?s=96&d=mm&r=g","contentUrl":"https:\/\/secure.gravatar.com\/avatar\/459a9613caaaf07f582c3d0841eea68bdd66f533e465e6ba8b9cb45619572cf4?s=96&d=mm&r=g","caption":"Redacao VerdadeOn"},"url":"https:\/\/verdadeon.com.br\/portal\/author\/redacao\/"}]}},"jetpack_publicize_connections":[],"jetpack_featured_media_url":"https:\/\/i0.wp.com\/verdadeon.com.br\/portal\/wp-content\/uploads\/2024\/05\/centrocomunitariopanorama.jpg?fit=832%2C558&ssl=1","jetpack_sharing_enabled":true,"_links":{"self":[{"href":"https:\/\/verdadeon.com.br\/portal\/wp-json\/wp\/v2\/posts\/45110","targetHints":{"allow":["GET"]}}],"collection":[{"href":"https:\/\/verdadeon.com.br\/portal\/wp-json\/wp\/v2\/posts"}],"about":[{"href":"https:\/\/verdadeon.com.br\/portal\/wp-json\/wp\/v2\/types\/post"}],"author":[{"embeddable":true,"href":"https:\/\/verdadeon.com.br\/portal\/wp-json\/wp\/v2\/users\/10"}],"replies":[{"embeddable":true,"href":"https:\/\/verdadeon.com.br\/portal\/wp-json\/wp\/v2\/comments?post=45110"}],"version-history":[{"count":1,"href":"https:\/\/verdadeon.com.br\/portal\/wp-json\/wp\/v2\/posts\/45110\/revisions"}],"predecessor-version":[{"id":45112,"href":"https:\/\/verdadeon.com.br\/portal\/wp-json\/wp\/v2\/posts\/45110\/revisions\/45112"}],"wp:featuredmedia":[{"embeddable":true,"href":"https:\/\/verdadeon.com.br\/portal\/wp-json\/wp\/v2\/media\/45111"}],"wp:attachment":[{"href":"https:\/\/verdadeon.com.br\/portal\/wp-json\/wp\/v2\/media?parent=45110"}],"wp:term":[{"taxonomy":"category","embeddable":true,"href":"https:\/\/verdadeon.com.br\/portal\/wp-json\/wp\/v2\/categories?post=45110"},{"taxonomy":"post_tag","embeddable":true,"href":"https:\/\/verdadeon.com.br\/portal\/wp-json\/wp\/v2\/tags?post=45110"}],"curies":[{"name":"wp","href":"https:\/\/api.w.org\/{rel}","templated":true}]}}