{"id":45084,"date":"2024-05-25T09:37:31","date_gmt":"2024-05-25T12:37:31","guid":{"rendered":"https:\/\/verdadeon.com.br\/portal\/?p=45084"},"modified":"2024-05-25T09:37:31","modified_gmt":"2024-05-25T12:37:31","slug":"ministerio-da-justica-notifica-20-planos-de-saude-por-cancelamentos","status":"publish","type":"post","link":"https:\/\/verdadeon.com.br\/portal\/2024\/05\/25\/ministerio-da-justica-notifica-20-planos-de-saude-por-cancelamentos\/","title":{"rendered":"Minist\u00e9rio da Justi\u00e7a notifica 20 planos de sa\u00fade por cancelamentos"},"content":{"rendered":"<div class=\"row\">\n<h2 class=\"col-10 offset-1 animated fadeInDown dealy-900 display-8 display-md-8 alt-font font-italic my-1 text-center\">Pasta registra aumento de rescis\u00f5es unilaterais de contratos<\/h2>\n<p>Um total de 20 operadoras de planos de sa\u00fade ter\u00e1 dez dias para responder \u00e0 Secretaria Nacional do Consumidor (Senacon) do Minist\u00e9rio da Justi\u00e7a e Seguran\u00e7a P\u00fablica sobre cancelamentos unilaterais de contratos nos \u00faltimos dias. A pasta notificou as empresas, em meio a um aumento significativo do n\u00famero de reclama\u00e7\u00f5es de consumidores.<\/p>\n<p>Segundo o Minist\u00e9rio da Justi\u00e7a, o sistema ProConsumidor registrou 231 reclama\u00e7\u00f5es; o Sistema Nacional de Informa\u00e7\u00f5es de Defesa do Consumidor (Sindec Nacional) teve 66 ocorr\u00eancias; e a plataforma consumidor.gov.br recebeu 1.753 queixas sobre cancelamentos unilaterais de contratos. A pasta destaca que o volume de reclama\u00e7\u00f5es indica uma preocupa\u00e7\u00e3o crescente entre os consumidores, especialmente aqueles em situa\u00e7\u00f5es de vulnerabilidade, como pacientes em tratamento cont\u00ednuo para condi\u00e7\u00f5es graves, como c\u00e2ncer e autismo.<\/p>\n<p>Al\u00e9m dos sistemas do Minist\u00e9rio da Justi\u00e7a, a Ag\u00eancia Nacional de Sa\u00fade Suplementar (ANS) registrou aumento significativo no n\u00famero de Notifica\u00e7\u00f5es de Investiga\u00e7\u00e3o Preliminar (NIPs). As notifica\u00e7\u00f5es, informou o minist\u00e9rio, foram feitas com base no C\u00f3digo de Defesa do Consumidor e no Artigo 5\u00ba da Constitui\u00e7\u00e3o, que assegura a prote\u00e7\u00e3o do consumidor como direito fundamental e princ\u00edpio da ordem econ\u00f4mica.<\/p>\n<p>Segundo o secret\u00e1rio Nacional do Consumidor, Wadih Damous, o minist\u00e9rio est\u00e1 empenhado em garantir a transpar\u00eancia e a seguran\u00e7a na rela\u00e7\u00e3o entre as operadoras de sa\u00fade e os consumidores, tomando medidas rigorosas para coibir abusos. A rescis\u00e3o unilateral dos contratos em pouco tempo, destaca a Senacon, impede a busca por alternativas vi\u00e1veis, tornando-se mais grave no caso de benefici\u00e1rios que precisam de assist\u00eancia cont\u00ednua ou no longo prazo que repentinamente ficam sem cobertura m\u00e9dica essencial.<\/p>\n<p>As operadoras t\u00eam at\u00e9 dez dias para enviar suas respostas \u00e0 Senacon por meio de protocolo f\u00edsico ou eletr\u00f4nico. As empresas dever\u00e3o usar a ferramenta \u201cPeticionamento Intercorrente\u201d, dispon\u00edvel no site do Minist\u00e9rio da Justi\u00e7a e Seguran\u00e7a P\u00fablica.<\/p>\n<p><strong>Planos e associa\u00e7\u00f5es notificadas:<\/strong><\/p>\n<p>\u2022 \u00a0 \u00a0Unimed nacional;<\/p>\n<p>\u2022 \u00a0 \u00a0Bradesco Sa\u00fade;<\/p>\n<p>\u2022 \u00a0 \u00a0Amil;<\/p>\n<p>\u2022 \u00a0 \u00a0SulAm\u00e9rica;<\/p>\n<p>\u2022 \u00a0 \u00a0Notre Dame Interm\u00e9dica;<\/p>\n<p>\u2022 \u00a0 \u00a0Porto Seguro Sa\u00fade;<\/p>\n<p>\u2022 \u00a0 \u00a0Golden Cross;<\/p>\n<p>\u2022 \u00a0 \u00a0Hapvida;<\/p>\n<p>\u2022 \u00a0 \u00a0Geap Sa\u00fade;<\/p>\n<p>\u2022 \u00a0 \u00a0Assefaz;<\/p>\n<p>\u2022 \u00a0 \u00a0Omint;<\/p>\n<p>\u2022 \u00a0 \u00a0One Health;<\/p>\n<p>\u2022 \u00a0 \u00a0Prevent Senior;<\/p>\n<p>\u2022 \u00a0 \u00a0Assim Sa\u00fade;<\/p>\n<p>\u2022 \u00a0 \u00a0MedS\u00eanior;<\/p>\n<p>\u2022 \u00a0 \u00a0Care Plus;<\/p>\n<p>\u2022 \u00a0 \u00a0Unidas &#8211; Uni\u00e3o Nacional das Institui\u00e7\u00f5es de Autogest\u00e3o em Sa\u00fade;<\/p>\n<p>\u2022 \u00a0 \u00a0FenaSa\u00fade &#8211; Federa\u00e7\u00e3o Nacional de Sa\u00fade Suplementar;<\/p>\n<p>\u2022 \u00a0 \u00a0Abramge &#8211; Associa\u00e7\u00e3o Brasileira de Planos de Sa\u00fade;<\/p>\n<p>\u2022 \u00a0 \u00a0Ameplan &#8211; Associa\u00e7\u00e3o de Assist\u00eancia M\u00e9dica Planejada.<\/p>\n<\/div>\n<p>Ag\u00eancia Brasil<\/p>\n","protected":false},"excerpt":{"rendered":"<p>Pasta registra aumento de rescis\u00f5es unilaterais de contratos Um total de 20 operadoras de planos de sa\u00fade ter\u00e1 dez dias para responder \u00e0 Secretaria Nacional do<span class=\"excerpt-hellip\"> [\u2026]<\/span><\/p>\n","protected":false},"author":10,"featured_media":45085,"comment_status":"open","ping_status":"open","sticky":false,"template":"","format":"standard","meta":{"_jetpack_memberships_contains_paid_content":false,"footnotes":"","jetpack_publicize_message":"","jetpack_publicize_feature_enabled":true,"jetpack_social_post_already_shared":false,"jetpack_social_options":{"image_generator_settings":{"template":"highway","default_image_id":0,"enabled":false},"version":2}},"categories":[28,81],"tags":[],"class_list":["post-45084","post","type-post","status-publish","format-standard","has-post-thumbnail","hentry","category-cotidiano","category-manchete"],"yoast_head":"<!-- This site is optimized with the Yoast SEO plugin v25.6 - https:\/\/yoast.com\/wordpress\/plugins\/seo\/ -->\n<title>Minist\u00e9rio da Justi\u00e7a notifica 20 planos de sa\u00fade por cancelamentos - VerdadeOn<\/title>\n<meta name=\"robots\" content=\"index, follow, max-snippet:-1, max-image-preview:large, max-video-preview:-1\" \/>\n<link rel=\"canonical\" href=\"https:\/\/verdadeon.com.br\/portal\/2024\/05\/25\/ministerio-da-justica-notifica-20-planos-de-saude-por-cancelamentos\/\" \/>\n<meta property=\"og:locale\" content=\"pt_BR\" \/>\n<meta property=\"og:type\" content=\"article\" \/>\n<meta property=\"og:title\" content=\"Minist\u00e9rio da Justi\u00e7a notifica 20 planos de sa\u00fade por cancelamentos - VerdadeOn\" \/>\n<meta property=\"og:description\" content=\"Pasta registra aumento de rescis\u00f5es unilaterais de contratos Um total de 20 operadoras de planos de sa\u00fade ter\u00e1 dez dias para responder \u00e0 Secretaria Nacional do [\u2026]\" \/>\n<meta property=\"og:url\" content=\"https:\/\/verdadeon.com.br\/portal\/2024\/05\/25\/ministerio-da-justica-notifica-20-planos-de-saude-por-cancelamentos\/\" \/>\n<meta property=\"og:site_name\" content=\"VerdadeOn\" \/>\n<meta property=\"article:published_time\" content=\"2024-05-25T12:37:31+00:00\" \/>\n<meta property=\"og:image\" content=\"https:\/\/i0.wp.com\/verdadeon.com.br\/portal\/wp-content\/uploads\/2024\/05\/1017574-df_28112016-img_5636.webp?fit=1170%2C700&ssl=1\" \/>\n\t<meta property=\"og:image:width\" content=\"1170\" \/>\n\t<meta property=\"og:image:height\" content=\"700\" \/>\n\t<meta property=\"og:image:type\" content=\"image\/webp\" \/>\n<meta name=\"author\" content=\"Redacao VerdadeOn\" \/>\n<meta name=\"twitter:card\" content=\"summary_large_image\" \/>\n<meta name=\"twitter:label1\" content=\"Escrito por\" \/>\n\t<meta name=\"twitter:data1\" content=\"Redacao VerdadeOn\" \/>\n\t<meta name=\"twitter:label2\" content=\"Est. tempo de leitura\" \/>\n\t<meta name=\"twitter:data2\" content=\"3 minutos\" \/>\n<script type=\"application\/ld+json\" class=\"yoast-schema-graph\">{\"@context\":\"https:\/\/schema.org\",\"@graph\":[{\"@type\":\"WebPage\",\"@id\":\"https:\/\/verdadeon.com.br\/portal\/2024\/05\/25\/ministerio-da-justica-notifica-20-planos-de-saude-por-cancelamentos\/\",\"url\":\"https:\/\/verdadeon.com.br\/portal\/2024\/05\/25\/ministerio-da-justica-notifica-20-planos-de-saude-por-cancelamentos\/\",\"name\":\"Minist\u00e9rio da Justi\u00e7a notifica 20 planos de sa\u00fade por cancelamentos - VerdadeOn\",\"isPartOf\":{\"@id\":\"https:\/\/verdadeon.com.br\/portal\/#website\"},\"primaryImageOfPage\":{\"@id\":\"https:\/\/verdadeon.com.br\/portal\/2024\/05\/25\/ministerio-da-justica-notifica-20-planos-de-saude-por-cancelamentos\/#primaryimage\"},\"image\":{\"@id\":\"https:\/\/verdadeon.com.br\/portal\/2024\/05\/25\/ministerio-da-justica-notifica-20-planos-de-saude-por-cancelamentos\/#primaryimage\"},\"thumbnailUrl\":\"https:\/\/i0.wp.com\/verdadeon.com.br\/portal\/wp-content\/uploads\/2024\/05\/1017574-df_28112016-img_5636.webp?fit=1170%2C700&ssl=1\",\"datePublished\":\"2024-05-25T12:37:31+00:00\",\"author\":{\"@id\":\"https:\/\/verdadeon.com.br\/portal\/#\/schema\/person\/a5060ad1e9ea3df545188fc93ce43d2f\"},\"breadcrumb\":{\"@id\":\"https:\/\/verdadeon.com.br\/portal\/2024\/05\/25\/ministerio-da-justica-notifica-20-planos-de-saude-por-cancelamentos\/#breadcrumb\"},\"inLanguage\":\"pt-BR\",\"potentialAction\":[{\"@type\":\"ReadAction\",\"target\":[\"https:\/\/verdadeon.com.br\/portal\/2024\/05\/25\/ministerio-da-justica-notifica-20-planos-de-saude-por-cancelamentos\/\"]}]},{\"@type\":\"ImageObject\",\"inLanguage\":\"pt-BR\",\"@id\":\"https:\/\/verdadeon.com.br\/portal\/2024\/05\/25\/ministerio-da-justica-notifica-20-planos-de-saude-por-cancelamentos\/#primaryimage\",\"url\":\"https:\/\/i0.wp.com\/verdadeon.com.br\/portal\/wp-content\/uploads\/2024\/05\/1017574-df_28112016-img_5636.webp?fit=1170%2C700&ssl=1\",\"contentUrl\":\"https:\/\/i0.wp.com\/verdadeon.com.br\/portal\/wp-content\/uploads\/2024\/05\/1017574-df_28112016-img_5636.webp?fit=1170%2C700&ssl=1\",\"width\":1170,\"height\":700,\"caption\":\"O sistema ProConsumidor registrou 231 reclama\u00e7\u00f5es (\u00a9Marcelo Camargo)\"},{\"@type\":\"BreadcrumbList\",\"@id\":\"https:\/\/verdadeon.com.br\/portal\/2024\/05\/25\/ministerio-da-justica-notifica-20-planos-de-saude-por-cancelamentos\/#breadcrumb\",\"itemListElement\":[{\"@type\":\"ListItem\",\"position\":1,\"name\":\"In\u00edcio\",\"item\":\"https:\/\/verdadeon.com.br\/portal\/\"},{\"@type\":\"ListItem\",\"position\":2,\"name\":\"Minist\u00e9rio da Justi\u00e7a notifica 20 planos de sa\u00fade por cancelamentos\"}]},{\"@type\":\"WebSite\",\"@id\":\"https:\/\/verdadeon.com.br\/portal\/#website\",\"url\":\"https:\/\/verdadeon.com.br\/portal\/\",\"name\":\"VerdadeOn\",\"description\":\"Not\u00edcias di\u00e1rias sobre Franca, Regi\u00e3o, Esporte, Cultura, Cotidiano, Colunas. Cobertura nos principais eventos da cidade \u00e9 aqui - Verdadeon Franca\",\"potentialAction\":[{\"@type\":\"SearchAction\",\"target\":{\"@type\":\"EntryPoint\",\"urlTemplate\":\"https:\/\/verdadeon.com.br\/portal\/?s={search_term_string}\"},\"query-input\":{\"@type\":\"PropertyValueSpecification\",\"valueRequired\":true,\"valueName\":\"search_term_string\"}}],\"inLanguage\":\"pt-BR\"},{\"@type\":\"Person\",\"@id\":\"https:\/\/verdadeon.com.br\/portal\/#\/schema\/person\/a5060ad1e9ea3df545188fc93ce43d2f\",\"name\":\"Redacao VerdadeOn\",\"image\":{\"@type\":\"ImageObject\",\"inLanguage\":\"pt-BR\",\"@id\":\"https:\/\/verdadeon.com.br\/portal\/#\/schema\/person\/image\/\",\"url\":\"https:\/\/secure.gravatar.com\/avatar\/459a9613caaaf07f582c3d0841eea68bdd66f533e465e6ba8b9cb45619572cf4?s=96&d=mm&r=g\",\"contentUrl\":\"https:\/\/secure.gravatar.com\/avatar\/459a9613caaaf07f582c3d0841eea68bdd66f533e465e6ba8b9cb45619572cf4?s=96&d=mm&r=g\",\"caption\":\"Redacao VerdadeOn\"},\"url\":\"https:\/\/verdadeon.com.br\/portal\/author\/redacao\/\"}]}<\/script>\n<!-- \/ Yoast SEO plugin. -->","yoast_head_json":{"title":"Minist\u00e9rio da Justi\u00e7a notifica 20 planos de sa\u00fade por cancelamentos - VerdadeOn","robots":{"index":"index","follow":"follow","max-snippet":"max-snippet:-1","max-image-preview":"max-image-preview:large","max-video-preview":"max-video-preview:-1"},"canonical":"https:\/\/verdadeon.com.br\/portal\/2024\/05\/25\/ministerio-da-justica-notifica-20-planos-de-saude-por-cancelamentos\/","og_locale":"pt_BR","og_type":"article","og_title":"Minist\u00e9rio da Justi\u00e7a notifica 20 planos de sa\u00fade por cancelamentos - VerdadeOn","og_description":"Pasta registra aumento de rescis\u00f5es unilaterais de contratos Um total de 20 operadoras de planos de sa\u00fade ter\u00e1 dez dias para responder \u00e0 Secretaria Nacional do [\u2026]","og_url":"https:\/\/verdadeon.com.br\/portal\/2024\/05\/25\/ministerio-da-justica-notifica-20-planos-de-saude-por-cancelamentos\/","og_site_name":"VerdadeOn","article_published_time":"2024-05-25T12:37:31+00:00","og_image":[{"width":1170,"height":700,"url":"https:\/\/i0.wp.com\/verdadeon.com.br\/portal\/wp-content\/uploads\/2024\/05\/1017574-df_28112016-img_5636.webp?fit=1170%2C700&ssl=1","type":"image\/webp"}],"author":"Redacao VerdadeOn","twitter_card":"summary_large_image","twitter_misc":{"Escrito por":"Redacao VerdadeOn","Est. tempo de leitura":"3 minutos"},"schema":{"@context":"https:\/\/schema.org","@graph":[{"@type":"WebPage","@id":"https:\/\/verdadeon.com.br\/portal\/2024\/05\/25\/ministerio-da-justica-notifica-20-planos-de-saude-por-cancelamentos\/","url":"https:\/\/verdadeon.com.br\/portal\/2024\/05\/25\/ministerio-da-justica-notifica-20-planos-de-saude-por-cancelamentos\/","name":"Minist\u00e9rio da Justi\u00e7a notifica 20 planos de sa\u00fade por cancelamentos - VerdadeOn","isPartOf":{"@id":"https:\/\/verdadeon.com.br\/portal\/#website"},"primaryImageOfPage":{"@id":"https:\/\/verdadeon.com.br\/portal\/2024\/05\/25\/ministerio-da-justica-notifica-20-planos-de-saude-por-cancelamentos\/#primaryimage"},"image":{"@id":"https:\/\/verdadeon.com.br\/portal\/2024\/05\/25\/ministerio-da-justica-notifica-20-planos-de-saude-por-cancelamentos\/#primaryimage"},"thumbnailUrl":"https:\/\/i0.wp.com\/verdadeon.com.br\/portal\/wp-content\/uploads\/2024\/05\/1017574-df_28112016-img_5636.webp?fit=1170%2C700&ssl=1","datePublished":"2024-05-25T12:37:31+00:00","author":{"@id":"https:\/\/verdadeon.com.br\/portal\/#\/schema\/person\/a5060ad1e9ea3df545188fc93ce43d2f"},"breadcrumb":{"@id":"https:\/\/verdadeon.com.br\/portal\/2024\/05\/25\/ministerio-da-justica-notifica-20-planos-de-saude-por-cancelamentos\/#breadcrumb"},"inLanguage":"pt-BR","potentialAction":[{"@type":"ReadAction","target":["https:\/\/verdadeon.com.br\/portal\/2024\/05\/25\/ministerio-da-justica-notifica-20-planos-de-saude-por-cancelamentos\/"]}]},{"@type":"ImageObject","inLanguage":"pt-BR","@id":"https:\/\/verdadeon.com.br\/portal\/2024\/05\/25\/ministerio-da-justica-notifica-20-planos-de-saude-por-cancelamentos\/#primaryimage","url":"https:\/\/i0.wp.com\/verdadeon.com.br\/portal\/wp-content\/uploads\/2024\/05\/1017574-df_28112016-img_5636.webp?fit=1170%2C700&ssl=1","contentUrl":"https:\/\/i0.wp.com\/verdadeon.com.br\/portal\/wp-content\/uploads\/2024\/05\/1017574-df_28112016-img_5636.webp?fit=1170%2C700&ssl=1","width":1170,"height":700,"caption":"O sistema ProConsumidor registrou 231 reclama\u00e7\u00f5es (\u00a9Marcelo Camargo)"},{"@type":"BreadcrumbList","@id":"https:\/\/verdadeon.com.br\/portal\/2024\/05\/25\/ministerio-da-justica-notifica-20-planos-de-saude-por-cancelamentos\/#breadcrumb","itemListElement":[{"@type":"ListItem","position":1,"name":"In\u00edcio","item":"https:\/\/verdadeon.com.br\/portal\/"},{"@type":"ListItem","position":2,"name":"Minist\u00e9rio da Justi\u00e7a notifica 20 planos de sa\u00fade por cancelamentos"}]},{"@type":"WebSite","@id":"https:\/\/verdadeon.com.br\/portal\/#website","url":"https:\/\/verdadeon.com.br\/portal\/","name":"VerdadeOn","description":"Not\u00edcias di\u00e1rias sobre Franca, Regi\u00e3o, Esporte, Cultura, Cotidiano, Colunas. Cobertura nos principais eventos da cidade \u00e9 aqui - Verdadeon Franca","potentialAction":[{"@type":"SearchAction","target":{"@type":"EntryPoint","urlTemplate":"https:\/\/verdadeon.com.br\/portal\/?s={search_term_string}"},"query-input":{"@type":"PropertyValueSpecification","valueRequired":true,"valueName":"search_term_string"}}],"inLanguage":"pt-BR"},{"@type":"Person","@id":"https:\/\/verdadeon.com.br\/portal\/#\/schema\/person\/a5060ad1e9ea3df545188fc93ce43d2f","name":"Redacao VerdadeOn","image":{"@type":"ImageObject","inLanguage":"pt-BR","@id":"https:\/\/verdadeon.com.br\/portal\/#\/schema\/person\/image\/","url":"https:\/\/secure.gravatar.com\/avatar\/459a9613caaaf07f582c3d0841eea68bdd66f533e465e6ba8b9cb45619572cf4?s=96&d=mm&r=g","contentUrl":"https:\/\/secure.gravatar.com\/avatar\/459a9613caaaf07f582c3d0841eea68bdd66f533e465e6ba8b9cb45619572cf4?s=96&d=mm&r=g","caption":"Redacao VerdadeOn"},"url":"https:\/\/verdadeon.com.br\/portal\/author\/redacao\/"}]}},"jetpack_publicize_connections":[],"jetpack_featured_media_url":"https:\/\/i0.wp.com\/verdadeon.com.br\/portal\/wp-content\/uploads\/2024\/05\/1017574-df_28112016-img_5636.webp?fit=1170%2C700&ssl=1","jetpack_sharing_enabled":true,"_links":{"self":[{"href":"https:\/\/verdadeon.com.br\/portal\/wp-json\/wp\/v2\/posts\/45084","targetHints":{"allow":["GET"]}}],"collection":[{"href":"https:\/\/verdadeon.com.br\/portal\/wp-json\/wp\/v2\/posts"}],"about":[{"href":"https:\/\/verdadeon.com.br\/portal\/wp-json\/wp\/v2\/types\/post"}],"author":[{"embeddable":true,"href":"https:\/\/verdadeon.com.br\/portal\/wp-json\/wp\/v2\/users\/10"}],"replies":[{"embeddable":true,"href":"https:\/\/verdadeon.com.br\/portal\/wp-json\/wp\/v2\/comments?post=45084"}],"version-history":[{"count":1,"href":"https:\/\/verdadeon.com.br\/portal\/wp-json\/wp\/v2\/posts\/45084\/revisions"}],"predecessor-version":[{"id":45086,"href":"https:\/\/verdadeon.com.br\/portal\/wp-json\/wp\/v2\/posts\/45084\/revisions\/45086"}],"wp:featuredmedia":[{"embeddable":true,"href":"https:\/\/verdadeon.com.br\/portal\/wp-json\/wp\/v2\/media\/45085"}],"wp:attachment":[{"href":"https:\/\/verdadeon.com.br\/portal\/wp-json\/wp\/v2\/media?parent=45084"}],"wp:term":[{"taxonomy":"category","embeddable":true,"href":"https:\/\/verdadeon.com.br\/portal\/wp-json\/wp\/v2\/categories?post=45084"},{"taxonomy":"post_tag","embeddable":true,"href":"https:\/\/verdadeon.com.br\/portal\/wp-json\/wp\/v2\/tags?post=45084"}],"curies":[{"name":"wp","href":"https:\/\/api.w.org\/{rel}","templated":true}]}}