{"id":45052,"date":"2024-05-25T08:00:08","date_gmt":"2024-05-25T11:00:08","guid":{"rendered":"https:\/\/verdadeon.com.br\/portal\/?p=45052"},"modified":"2024-05-24T11:55:06","modified_gmt":"2024-05-24T14:55:06","slug":"sp-inicia-campanha-de-vacinacao-contra-paralisia-infantil-na-proxima-segunda-feira-27","status":"publish","type":"post","link":"https:\/\/verdadeon.com.br\/portal\/2024\/05\/25\/sp-inicia-campanha-de-vacinacao-contra-paralisia-infantil-na-proxima-segunda-feira-27\/","title":{"rendered":"SP inicia campanha de vacina\u00e7\u00e3o contra paralisia infantil na pr\u00f3xima segunda-feira (27)"},"content":{"rendered":"<h2 class=\"excerpt\">Objetivo da a\u00e7\u00e3o \u00e9 proteger as crian\u00e7as menores de cinco anos contra a doen\u00e7a e ampliar a cobertura vacinal no estado<\/h2>\n<p>O Governo de S\u00e3o Paulo, por meio da Secretaria de Estado da Sa\u00fade de S\u00e3o Paulo (SES-SP), promove a partir desta segunda-feira (27) a Campanha de Vacina\u00e7\u00e3o contra a Poliomielite (paralisia infantil). A a\u00e7\u00e3o, que acontece at\u00e9 14 de junho, visa ampliar a cobertura vacinal, por isso, \u00e9 primordial a participa\u00e7\u00e3o de todas as crian\u00e7as menores de cinco anos de idade. Para a imuniza\u00e7\u00e3o, os pais devem lev\u00e1-las a uma Unidade B\u00e1sica de Sa\u00fade (UBS) com a caderneta de vacina\u00e7\u00e3o.<\/p>\n<p>A poliomielite, doen\u00e7a infectocontagiosa aguda, \u00e9 caracterizada pela contamina\u00e7\u00e3o pelo poliov\u00edrus que pode causar paralisia muscular dos membros inferiores, de forma assim\u00e9trica e irrevers\u00edvel, em casos graves podendo evoluir a \u00f3bito, sendo a vacina\u00e7\u00e3o a principal forma de preven\u00e7\u00e3o.<\/p>\n<p>Para Ligia Nerger, diretora de Imuniza\u00e7\u00e3o da SES, a estrat\u00e9gia de vacina\u00e7\u00e3o \u00e9 fundamental para a redu\u00e7\u00e3o do risco de reintrodu\u00e7\u00e3o do poliov\u00edrus no Brasil, uma vez que a doen\u00e7a se encontra eliminada no Brasil desde 1994.<\/p>\n<p>\u201cA poliomielite acaba trazendo complica\u00e7\u00f5es ao longo da vida, que chamamos de s\u00edndrome p\u00f3s-p\u00f3lio. Mas, gra\u00e7as \u00e0 vacina\u00e7\u00e3o, n\u00f3s n\u00e3o temos contato com pessoas que foram afetadas. No entanto, ainda h\u00e1 a circula\u00e7\u00e3o do v\u00edrus no mundo. Por isso, a estrat\u00e9gia de vacina\u00e7\u00e3o existe. Al\u00e9m de proteger nossas crian\u00e7as, contribui com a erradica\u00e7\u00e3o da poliomielite\u201d, afirma.<\/p>\n<p>A expectativa \u00e9 imunizar 95% das crian\u00e7as entre um e menores de cinco anos de idade. Em 2022,\u00a0 a cobertura vacinal em todo o estado foi de 77,13%. J\u00e1 em 2023, ficou em 85,65%, de acordo com o Painel de Monitoramento da Coberturas Vacinais do Minist\u00e9rio da Sa\u00fade.<\/p>\n<p>Atualmente, o pa\u00eds est\u00e1 em processo de transi\u00e7\u00e3o para a substitui\u00e7\u00e3o das duas doses de refor\u00e7o da vacina oral poliomielite (VOP) para um refor\u00e7o com vacina inativada poliomielite (VIP). A previs\u00e3o \u00e9 de que a medida seja adotada no segundo semestre de 2024.<\/p>\n<p><strong>Quais os sintomas da doen\u00e7a?<\/strong><\/p>\n<p>A maioria das pessoas infectadas n\u00e3o manifesta sintomas ou apresenta poucos sintomas e estes s\u00e3o parecidos com outras doen\u00e7as virais como:<\/p>\n<ul>\n<li>Febre<\/li>\n<li>Mal-estar<\/li>\n<li>Dor de cabe\u00e7a<\/li>\n<li>Dor de garganta e no corpo<\/li>\n<li>\u2060Sintomas gastrointestinais (n\u00e1useas e v\u00f4mitos)<\/li>\n<li>Constipa\u00e7\u00e3o (pris\u00e3o de ventre)<\/li>\n<li>Espasmos<\/li>\n<li>Rigidez na nuca<\/li>\n<li>Meningite<\/li>\n<\/ul>\n<p><strong>Tem alguma d\u00favida sobre a vacina\u00e7\u00e3o?<\/strong><\/p>\n<p>O Governo de SP, por meio da Secretaria de Estado da Sa\u00fade, criou o portal \u201cVacina 100 D\u00favidas\u201d com as 100 perguntas mais frequentes sobre vacina\u00e7\u00e3o nos buscadores da internet. A ferramenta esclarece quest\u00f5es como efeitos colaterais, efic\u00e1cia das vacinas, doen\u00e7as imunopreven\u00edveis e quais os perigos ao n\u00e3o se imunizar. O acesso est\u00e1 dispon\u00edvel no link:\u00a0<a href=\"https:\/\/www.vacina100duvidas.sp.gov.br\/\" target=\"_blank\" rel=\"noopener\">https:\/\/www.vacina100duvidas.sp.gov.br\/<\/a><\/p>\n<p>Fonte: SP Not\u00edcias<\/p>\n","protected":false},"excerpt":{"rendered":"<p>Objetivo da a\u00e7\u00e3o \u00e9 proteger as crian\u00e7as menores de cinco anos contra a doen\u00e7a e ampliar a cobertura vacinal no estado O Governo de S\u00e3o Paulo,<span class=\"excerpt-hellip\"> [\u2026]<\/span><\/p>\n","protected":false},"author":10,"featured_media":31584,"comment_status":"open","ping_status":"open","sticky":false,"template":"","format":"standard","meta":{"_jetpack_memberships_contains_paid_content":false,"footnotes":"","jetpack_publicize_message":"","jetpack_publicize_feature_enabled":true,"jetpack_social_post_already_shared":false,"jetpack_social_options":{"image_generator_settings":{"template":"highway","default_image_id":0,"enabled":false},"version":2}},"categories":[28,81],"tags":[],"class_list":["post-45052","post","type-post","status-publish","format-standard","has-post-thumbnail","hentry","category-cotidiano","category-manchete"],"yoast_head":"<!-- This site is optimized with the Yoast SEO plugin v25.6 - https:\/\/yoast.com\/wordpress\/plugins\/seo\/ -->\n<title>SP inicia campanha de vacina\u00e7\u00e3o contra paralisia infantil na pr\u00f3xima segunda-feira (27) - VerdadeOn<\/title>\n<meta name=\"robots\" content=\"index, follow, max-snippet:-1, max-image-preview:large, max-video-preview:-1\" \/>\n<link rel=\"canonical\" href=\"https:\/\/verdadeon.com.br\/portal\/2024\/05\/25\/sp-inicia-campanha-de-vacinacao-contra-paralisia-infantil-na-proxima-segunda-feira-27\/\" \/>\n<meta property=\"og:locale\" content=\"pt_BR\" \/>\n<meta property=\"og:type\" content=\"article\" \/>\n<meta property=\"og:title\" content=\"SP inicia campanha de vacina\u00e7\u00e3o contra paralisia infantil na pr\u00f3xima segunda-feira (27) - VerdadeOn\" \/>\n<meta property=\"og:description\" content=\"Objetivo da a\u00e7\u00e3o \u00e9 proteger as crian\u00e7as menores de cinco anos contra a doen\u00e7a e ampliar a cobertura vacinal no estado O Governo de S\u00e3o Paulo, [\u2026]\" \/>\n<meta property=\"og:url\" content=\"https:\/\/verdadeon.com.br\/portal\/2024\/05\/25\/sp-inicia-campanha-de-vacinacao-contra-paralisia-infantil-na-proxima-segunda-feira-27\/\" \/>\n<meta property=\"og:site_name\" content=\"VerdadeOn\" \/>\n<meta property=\"article:published_time\" content=\"2024-05-25T11:00:08+00:00\" \/>\n<meta property=\"og:image\" content=\"https:\/\/i0.wp.com\/verdadeon.com.br\/portal\/wp-content\/uploads\/2023\/02\/vacinacao_de_criancas_covid-19_ubs_5_de_taguatinga_sul_jfcrz_abr_1601220037.jpg?fit=1000%2C670&ssl=1\" \/>\n\t<meta property=\"og:image:width\" content=\"1000\" \/>\n\t<meta property=\"og:image:height\" content=\"670\" \/>\n\t<meta property=\"og:image:type\" content=\"image\/jpeg\" \/>\n<meta name=\"author\" content=\"Redacao VerdadeOn\" \/>\n<meta name=\"twitter:card\" content=\"summary_large_image\" \/>\n<meta name=\"twitter:label1\" content=\"Escrito por\" \/>\n\t<meta name=\"twitter:data1\" content=\"Redacao VerdadeOn\" \/>\n\t<meta name=\"twitter:label2\" content=\"Est. tempo de leitura\" \/>\n\t<meta name=\"twitter:data2\" content=\"3 minutos\" \/>\n<script type=\"application\/ld+json\" class=\"yoast-schema-graph\">{\"@context\":\"https:\/\/schema.org\",\"@graph\":[{\"@type\":\"WebPage\",\"@id\":\"https:\/\/verdadeon.com.br\/portal\/2024\/05\/25\/sp-inicia-campanha-de-vacinacao-contra-paralisia-infantil-na-proxima-segunda-feira-27\/\",\"url\":\"https:\/\/verdadeon.com.br\/portal\/2024\/05\/25\/sp-inicia-campanha-de-vacinacao-contra-paralisia-infantil-na-proxima-segunda-feira-27\/\",\"name\":\"SP inicia campanha de vacina\u00e7\u00e3o contra paralisia infantil na pr\u00f3xima segunda-feira (27) - VerdadeOn\",\"isPartOf\":{\"@id\":\"https:\/\/verdadeon.com.br\/portal\/#website\"},\"primaryImageOfPage\":{\"@id\":\"https:\/\/verdadeon.com.br\/portal\/2024\/05\/25\/sp-inicia-campanha-de-vacinacao-contra-paralisia-infantil-na-proxima-segunda-feira-27\/#primaryimage\"},\"image\":{\"@id\":\"https:\/\/verdadeon.com.br\/portal\/2024\/05\/25\/sp-inicia-campanha-de-vacinacao-contra-paralisia-infantil-na-proxima-segunda-feira-27\/#primaryimage\"},\"thumbnailUrl\":\"https:\/\/i0.wp.com\/verdadeon.com.br\/portal\/wp-content\/uploads\/2023\/02\/vacinacao_de_criancas_covid-19_ubs_5_de_taguatinga_sul_jfcrz_abr_1601220037.jpg?fit=1000%2C670&ssl=1\",\"datePublished\":\"2024-05-25T11:00:08+00:00\",\"author\":{\"@id\":\"https:\/\/verdadeon.com.br\/portal\/#\/schema\/person\/a5060ad1e9ea3df545188fc93ce43d2f\"},\"breadcrumb\":{\"@id\":\"https:\/\/verdadeon.com.br\/portal\/2024\/05\/25\/sp-inicia-campanha-de-vacinacao-contra-paralisia-infantil-na-proxima-segunda-feira-27\/#breadcrumb\"},\"inLanguage\":\"pt-BR\",\"potentialAction\":[{\"@type\":\"ReadAction\",\"target\":[\"https:\/\/verdadeon.com.br\/portal\/2024\/05\/25\/sp-inicia-campanha-de-vacinacao-contra-paralisia-infantil-na-proxima-segunda-feira-27\/\"]}]},{\"@type\":\"ImageObject\",\"inLanguage\":\"pt-BR\",\"@id\":\"https:\/\/verdadeon.com.br\/portal\/2024\/05\/25\/sp-inicia-campanha-de-vacinacao-contra-paralisia-infantil-na-proxima-segunda-feira-27\/#primaryimage\",\"url\":\"https:\/\/i0.wp.com\/verdadeon.com.br\/portal\/wp-content\/uploads\/2023\/02\/vacinacao_de_criancas_covid-19_ubs_5_de_taguatinga_sul_jfcrz_abr_1601220037.jpg?fit=1000%2C670&ssl=1\",\"contentUrl\":\"https:\/\/i0.wp.com\/verdadeon.com.br\/portal\/wp-content\/uploads\/2023\/02\/vacinacao_de_criancas_covid-19_ubs_5_de_taguatinga_sul_jfcrz_abr_1601220037.jpg?fit=1000%2C670&ssl=1\",\"width\":1000,\"height\":670,\"caption\":\"Atualmente, o pa\u00eds est\u00e1 em processo de transi\u00e7\u00e3o para a substitui\u00e7\u00e3o das duas doses de refor\u00e7o da vacina oral poliomielite (VOP) para um refor\u00e7o com vacina inativada poliomielite (VIP)\"},{\"@type\":\"BreadcrumbList\",\"@id\":\"https:\/\/verdadeon.com.br\/portal\/2024\/05\/25\/sp-inicia-campanha-de-vacinacao-contra-paralisia-infantil-na-proxima-segunda-feira-27\/#breadcrumb\",\"itemListElement\":[{\"@type\":\"ListItem\",\"position\":1,\"name\":\"In\u00edcio\",\"item\":\"https:\/\/verdadeon.com.br\/portal\/\"},{\"@type\":\"ListItem\",\"position\":2,\"name\":\"SP inicia campanha de vacina\u00e7\u00e3o contra paralisia infantil na pr\u00f3xima segunda-feira (27)\"}]},{\"@type\":\"WebSite\",\"@id\":\"https:\/\/verdadeon.com.br\/portal\/#website\",\"url\":\"https:\/\/verdadeon.com.br\/portal\/\",\"name\":\"VerdadeOn\",\"description\":\"Not\u00edcias di\u00e1rias sobre Franca, Regi\u00e3o, Esporte, Cultura, Cotidiano, Colunas. Cobertura nos principais eventos da cidade \u00e9 aqui - Verdadeon Franca\",\"potentialAction\":[{\"@type\":\"SearchAction\",\"target\":{\"@type\":\"EntryPoint\",\"urlTemplate\":\"https:\/\/verdadeon.com.br\/portal\/?s={search_term_string}\"},\"query-input\":{\"@type\":\"PropertyValueSpecification\",\"valueRequired\":true,\"valueName\":\"search_term_string\"}}],\"inLanguage\":\"pt-BR\"},{\"@type\":\"Person\",\"@id\":\"https:\/\/verdadeon.com.br\/portal\/#\/schema\/person\/a5060ad1e9ea3df545188fc93ce43d2f\",\"name\":\"Redacao VerdadeOn\",\"image\":{\"@type\":\"ImageObject\",\"inLanguage\":\"pt-BR\",\"@id\":\"https:\/\/verdadeon.com.br\/portal\/#\/schema\/person\/image\/\",\"url\":\"https:\/\/secure.gravatar.com\/avatar\/459a9613caaaf07f582c3d0841eea68bdd66f533e465e6ba8b9cb45619572cf4?s=96&d=mm&r=g\",\"contentUrl\":\"https:\/\/secure.gravatar.com\/avatar\/459a9613caaaf07f582c3d0841eea68bdd66f533e465e6ba8b9cb45619572cf4?s=96&d=mm&r=g\",\"caption\":\"Redacao VerdadeOn\"},\"url\":\"https:\/\/verdadeon.com.br\/portal\/author\/redacao\/\"}]}<\/script>\n<!-- \/ Yoast SEO plugin. -->","yoast_head_json":{"title":"SP inicia campanha de vacina\u00e7\u00e3o contra paralisia infantil na pr\u00f3xima segunda-feira (27) - VerdadeOn","robots":{"index":"index","follow":"follow","max-snippet":"max-snippet:-1","max-image-preview":"max-image-preview:large","max-video-preview":"max-video-preview:-1"},"canonical":"https:\/\/verdadeon.com.br\/portal\/2024\/05\/25\/sp-inicia-campanha-de-vacinacao-contra-paralisia-infantil-na-proxima-segunda-feira-27\/","og_locale":"pt_BR","og_type":"article","og_title":"SP inicia campanha de vacina\u00e7\u00e3o contra paralisia infantil na pr\u00f3xima segunda-feira (27) - VerdadeOn","og_description":"Objetivo da a\u00e7\u00e3o \u00e9 proteger as crian\u00e7as menores de cinco anos contra a doen\u00e7a e ampliar a cobertura vacinal no estado O Governo de S\u00e3o Paulo, [\u2026]","og_url":"https:\/\/verdadeon.com.br\/portal\/2024\/05\/25\/sp-inicia-campanha-de-vacinacao-contra-paralisia-infantil-na-proxima-segunda-feira-27\/","og_site_name":"VerdadeOn","article_published_time":"2024-05-25T11:00:08+00:00","og_image":[{"width":1000,"height":670,"url":"https:\/\/i0.wp.com\/verdadeon.com.br\/portal\/wp-content\/uploads\/2023\/02\/vacinacao_de_criancas_covid-19_ubs_5_de_taguatinga_sul_jfcrz_abr_1601220037.jpg?fit=1000%2C670&ssl=1","type":"image\/jpeg"}],"author":"Redacao VerdadeOn","twitter_card":"summary_large_image","twitter_misc":{"Escrito por":"Redacao VerdadeOn","Est. tempo de leitura":"3 minutos"},"schema":{"@context":"https:\/\/schema.org","@graph":[{"@type":"WebPage","@id":"https:\/\/verdadeon.com.br\/portal\/2024\/05\/25\/sp-inicia-campanha-de-vacinacao-contra-paralisia-infantil-na-proxima-segunda-feira-27\/","url":"https:\/\/verdadeon.com.br\/portal\/2024\/05\/25\/sp-inicia-campanha-de-vacinacao-contra-paralisia-infantil-na-proxima-segunda-feira-27\/","name":"SP inicia campanha de vacina\u00e7\u00e3o contra paralisia infantil na pr\u00f3xima segunda-feira (27) - VerdadeOn","isPartOf":{"@id":"https:\/\/verdadeon.com.br\/portal\/#website"},"primaryImageOfPage":{"@id":"https:\/\/verdadeon.com.br\/portal\/2024\/05\/25\/sp-inicia-campanha-de-vacinacao-contra-paralisia-infantil-na-proxima-segunda-feira-27\/#primaryimage"},"image":{"@id":"https:\/\/verdadeon.com.br\/portal\/2024\/05\/25\/sp-inicia-campanha-de-vacinacao-contra-paralisia-infantil-na-proxima-segunda-feira-27\/#primaryimage"},"thumbnailUrl":"https:\/\/i0.wp.com\/verdadeon.com.br\/portal\/wp-content\/uploads\/2023\/02\/vacinacao_de_criancas_covid-19_ubs_5_de_taguatinga_sul_jfcrz_abr_1601220037.jpg?fit=1000%2C670&ssl=1","datePublished":"2024-05-25T11:00:08+00:00","author":{"@id":"https:\/\/verdadeon.com.br\/portal\/#\/schema\/person\/a5060ad1e9ea3df545188fc93ce43d2f"},"breadcrumb":{"@id":"https:\/\/verdadeon.com.br\/portal\/2024\/05\/25\/sp-inicia-campanha-de-vacinacao-contra-paralisia-infantil-na-proxima-segunda-feira-27\/#breadcrumb"},"inLanguage":"pt-BR","potentialAction":[{"@type":"ReadAction","target":["https:\/\/verdadeon.com.br\/portal\/2024\/05\/25\/sp-inicia-campanha-de-vacinacao-contra-paralisia-infantil-na-proxima-segunda-feira-27\/"]}]},{"@type":"ImageObject","inLanguage":"pt-BR","@id":"https:\/\/verdadeon.com.br\/portal\/2024\/05\/25\/sp-inicia-campanha-de-vacinacao-contra-paralisia-infantil-na-proxima-segunda-feira-27\/#primaryimage","url":"https:\/\/i0.wp.com\/verdadeon.com.br\/portal\/wp-content\/uploads\/2023\/02\/vacinacao_de_criancas_covid-19_ubs_5_de_taguatinga_sul_jfcrz_abr_1601220037.jpg?fit=1000%2C670&ssl=1","contentUrl":"https:\/\/i0.wp.com\/verdadeon.com.br\/portal\/wp-content\/uploads\/2023\/02\/vacinacao_de_criancas_covid-19_ubs_5_de_taguatinga_sul_jfcrz_abr_1601220037.jpg?fit=1000%2C670&ssl=1","width":1000,"height":670,"caption":"Atualmente, o pa\u00eds est\u00e1 em processo de transi\u00e7\u00e3o para a substitui\u00e7\u00e3o das duas doses de refor\u00e7o da vacina oral poliomielite (VOP) para um refor\u00e7o com vacina inativada poliomielite (VIP)"},{"@type":"BreadcrumbList","@id":"https:\/\/verdadeon.com.br\/portal\/2024\/05\/25\/sp-inicia-campanha-de-vacinacao-contra-paralisia-infantil-na-proxima-segunda-feira-27\/#breadcrumb","itemListElement":[{"@type":"ListItem","position":1,"name":"In\u00edcio","item":"https:\/\/verdadeon.com.br\/portal\/"},{"@type":"ListItem","position":2,"name":"SP inicia campanha de vacina\u00e7\u00e3o contra paralisia infantil na pr\u00f3xima segunda-feira (27)"}]},{"@type":"WebSite","@id":"https:\/\/verdadeon.com.br\/portal\/#website","url":"https:\/\/verdadeon.com.br\/portal\/","name":"VerdadeOn","description":"Not\u00edcias di\u00e1rias sobre Franca, Regi\u00e3o, Esporte, Cultura, Cotidiano, Colunas. Cobertura nos principais eventos da cidade \u00e9 aqui - Verdadeon Franca","potentialAction":[{"@type":"SearchAction","target":{"@type":"EntryPoint","urlTemplate":"https:\/\/verdadeon.com.br\/portal\/?s={search_term_string}"},"query-input":{"@type":"PropertyValueSpecification","valueRequired":true,"valueName":"search_term_string"}}],"inLanguage":"pt-BR"},{"@type":"Person","@id":"https:\/\/verdadeon.com.br\/portal\/#\/schema\/person\/a5060ad1e9ea3df545188fc93ce43d2f","name":"Redacao VerdadeOn","image":{"@type":"ImageObject","inLanguage":"pt-BR","@id":"https:\/\/verdadeon.com.br\/portal\/#\/schema\/person\/image\/","url":"https:\/\/secure.gravatar.com\/avatar\/459a9613caaaf07f582c3d0841eea68bdd66f533e465e6ba8b9cb45619572cf4?s=96&d=mm&r=g","contentUrl":"https:\/\/secure.gravatar.com\/avatar\/459a9613caaaf07f582c3d0841eea68bdd66f533e465e6ba8b9cb45619572cf4?s=96&d=mm&r=g","caption":"Redacao VerdadeOn"},"url":"https:\/\/verdadeon.com.br\/portal\/author\/redacao\/"}]}},"jetpack_publicize_connections":[],"jetpack_featured_media_url":"https:\/\/i0.wp.com\/verdadeon.com.br\/portal\/wp-content\/uploads\/2023\/02\/vacinacao_de_criancas_covid-19_ubs_5_de_taguatinga_sul_jfcrz_abr_1601220037.jpg?fit=1000%2C670&ssl=1","jetpack_sharing_enabled":true,"_links":{"self":[{"href":"https:\/\/verdadeon.com.br\/portal\/wp-json\/wp\/v2\/posts\/45052","targetHints":{"allow":["GET"]}}],"collection":[{"href":"https:\/\/verdadeon.com.br\/portal\/wp-json\/wp\/v2\/posts"}],"about":[{"href":"https:\/\/verdadeon.com.br\/portal\/wp-json\/wp\/v2\/types\/post"}],"author":[{"embeddable":true,"href":"https:\/\/verdadeon.com.br\/portal\/wp-json\/wp\/v2\/users\/10"}],"replies":[{"embeddable":true,"href":"https:\/\/verdadeon.com.br\/portal\/wp-json\/wp\/v2\/comments?post=45052"}],"version-history":[{"count":1,"href":"https:\/\/verdadeon.com.br\/portal\/wp-json\/wp\/v2\/posts\/45052\/revisions"}],"predecessor-version":[{"id":45054,"href":"https:\/\/verdadeon.com.br\/portal\/wp-json\/wp\/v2\/posts\/45052\/revisions\/45054"}],"wp:featuredmedia":[{"embeddable":true,"href":"https:\/\/verdadeon.com.br\/portal\/wp-json\/wp\/v2\/media\/31584"}],"wp:attachment":[{"href":"https:\/\/verdadeon.com.br\/portal\/wp-json\/wp\/v2\/media?parent=45052"}],"wp:term":[{"taxonomy":"category","embeddable":true,"href":"https:\/\/verdadeon.com.br\/portal\/wp-json\/wp\/v2\/categories?post=45052"},{"taxonomy":"post_tag","embeddable":true,"href":"https:\/\/verdadeon.com.br\/portal\/wp-json\/wp\/v2\/tags?post=45052"}],"curies":[{"name":"wp","href":"https:\/\/api.w.org\/{rel}","templated":true}]}}