{"id":45043,"date":"2024-05-24T11:31:01","date_gmt":"2024-05-24T14:31:01","guid":{"rendered":"https:\/\/verdadeon.com.br\/portal\/?p=45043"},"modified":"2024-05-24T11:31:01","modified_gmt":"2024-05-24T14:31:01","slug":"governo-de-sp-sanciona-novo-salario-minimo-paulista-de-r-1-640","status":"publish","type":"post","link":"https:\/\/verdadeon.com.br\/portal\/2024\/05\/24\/governo-de-sp-sanciona-novo-salario-minimo-paulista-de-r-1-640\/","title":{"rendered":"Governo de SP sanciona novo sal\u00e1rio m\u00ednimo paulista de R$ 1.640"},"content":{"rendered":"<h2>Novo piso sancionado pelo governador Tarc\u00edsio de Freitas representa um valor acima da infla\u00e7\u00e3o pelo segundo ano seguido<\/h2>\n<p>O governador Tarc\u00edsio de Freitas sancionou nesta quinta-feira (23)\u00a0<a href=\"https:\/\/www.saopaulo.sp.gov.br\/spnoticias\/ultimas-noticias\/governo-de-sp-define-salario-minimo-estadual-de-r-1-640\/\">novo sal\u00e1rio m\u00ednimo paulista<\/a>\u00a0no valor de R$ 1.640. O reajuste proposto pelo Governo de SP representa um valor acima da infla\u00e7\u00e3o pelo segundo ano seguido e aumento acumulado de at\u00e9 27,7% em rela\u00e7\u00e3o ao piso estadual de 2022. A san\u00e7\u00e3o da lei foi publicada no Di\u00e1rio Oficial desta sexta-feira (24).<\/p>\n<p>A proposta de reajuste havia sido enviada \u00e0 Assembleia Legislativa do Estado de S\u00e3o Paulo (Alesp) no dia 30 de abril, com valor 16,1% acima do sal\u00e1rio m\u00ednimo do Governo Federal, estabelecido em R$ 1.412 desde o in\u00edcio deste ano. A\u00a0<a href=\"https:\/\/www.saopaulo.sp.gov.br\/spnoticias\/ultimas-noticias\/salario-minimo-paulista-de-r-1-640-proposto-pelo-governo-de-sp-e-aprovado-pela-alesp\/\">aprova\u00e7\u00e3o pelos parlamentares ocorreu no \u00faltimo dia 14 deste m\u00eas.<\/a><\/p>\n<p>\u201c\u00c9 um compromisso da nossa gest\u00e3o de promover mais dignidade para a popula\u00e7\u00e3o. Este aumento mostra que S\u00e3o Paulo est\u00e1 na dire\u00e7\u00e3o certa e oferece um aumento real acima da infla\u00e7\u00e3o\u201d, destacou o governador Tarc\u00edsio de Freitas.<\/p>\n<p>O piso estadual de R$ 1.640 \u00e9\u00a0<a href=\"https:\/\/www.saopaulo.sp.gov.br\/spnoticias\/ultimas-noticias\/governo-de-sp-define-salario-minimo-estadual-de-r-1-640\/\">5,8% mais alto que o valor estabelecido desde junho de 2023<\/a>, de R$ 1.550. O reajuste proposto pelo Governo de S\u00e3o Paulo para 2024 tamb\u00e9m representa um aumento real em rela\u00e7\u00e3o \u00e0 infla\u00e7\u00e3o oficial acumulada dos \u00faltimos 12 meses, segundo o IBGE.<\/p>\n<p>Em 2023, primeiro ano da atual gest\u00e3o, o Pal\u00e1cio dos Bandeirantes prop\u00f4s aumentos de 20,7% e 18,7% para as duas faixas existentes dos referenciais salariais, que eram de R$ 1.280 e R$ 1.306. A lei aprovada pela Alesp no ano passado tamb\u00e9m unificou o piso estadual para 70 categorias profissionais espec\u00edficas que t\u00eam direito ao sal\u00e1rio m\u00ednimo paulista.<\/p>\n<p>O piso estadual foi criado em 2007 e permite que trabalhadores paulistas recebam\u00a0<a href=\"https:\/\/www.saopaulo.sp.gov.br\/spnoticias\/ultimas-noticias\/sp-registra-queda-do-desemprego-e-alta-da-renda-no-1o-trimestre\/\">remunera\u00e7\u00f5es acima do sal\u00e1rio m\u00ednimo nacional<\/a>. Os valores propostos pelo Governo do Estado levam em conta as condi\u00e7\u00f5es de demanda de m\u00e3o-de-obra e custo de vida em S\u00e3o Paulo, incorporando especificidades do mercado de trabalho local.<\/p>\n<p>SP Not\u00edcias<\/p>\n","protected":false},"excerpt":{"rendered":"<p>Novo piso sancionado pelo governador Tarc\u00edsio de Freitas representa um valor acima da infla\u00e7\u00e3o pelo segundo ano seguido O governador Tarc\u00edsio de Freitas sancionou nesta quinta-feira<span class=\"excerpt-hellip\"> [\u2026]<\/span><\/p>\n","protected":false},"author":10,"featured_media":38164,"comment_status":"open","ping_status":"open","sticky":false,"template":"","format":"standard","meta":{"_jetpack_memberships_contains_paid_content":false,"footnotes":"","jetpack_publicize_message":"","jetpack_publicize_feature_enabled":true,"jetpack_social_post_already_shared":false,"jetpack_social_options":{"image_generator_settings":{"template":"highway","default_image_id":0,"enabled":false},"version":2}},"categories":[28,81],"tags":[],"class_list":["post-45043","post","type-post","status-publish","format-standard","has-post-thumbnail","hentry","category-cotidiano","category-manchete"],"yoast_head":"<!-- This site is optimized with the Yoast SEO plugin v25.6 - https:\/\/yoast.com\/wordpress\/plugins\/seo\/ -->\n<title>Governo de SP sanciona novo sal\u00e1rio m\u00ednimo paulista de R$ 1.640 - VerdadeOn<\/title>\n<meta name=\"robots\" content=\"index, follow, max-snippet:-1, max-image-preview:large, max-video-preview:-1\" \/>\n<link rel=\"canonical\" href=\"https:\/\/verdadeon.com.br\/portal\/2024\/05\/24\/governo-de-sp-sanciona-novo-salario-minimo-paulista-de-r-1-640\/\" \/>\n<meta property=\"og:locale\" content=\"pt_BR\" \/>\n<meta property=\"og:type\" content=\"article\" \/>\n<meta property=\"og:title\" content=\"Governo de SP sanciona novo sal\u00e1rio m\u00ednimo paulista de R$ 1.640 - VerdadeOn\" \/>\n<meta property=\"og:description\" content=\"Novo piso sancionado pelo governador Tarc\u00edsio de Freitas representa um valor acima da infla\u00e7\u00e3o pelo segundo ano seguido O governador Tarc\u00edsio de Freitas sancionou nesta quinta-feira [\u2026]\" \/>\n<meta property=\"og:url\" content=\"https:\/\/verdadeon.com.br\/portal\/2024\/05\/24\/governo-de-sp-sanciona-novo-salario-minimo-paulista-de-r-1-640\/\" \/>\n<meta property=\"og:site_name\" content=\"VerdadeOn\" \/>\n<meta property=\"article:published_time\" content=\"2024-05-24T14:31:01+00:00\" \/>\n<meta property=\"og:image\" content=\"https:\/\/verdadeon.com.br\/portal\/wp-content\/uploads\/2023\/10\/real_moeda_dinheiro_mcajr_2904223669.jpg\" \/>\n\t<meta property=\"og:image:width\" content=\"1044\" \/>\n\t<meta property=\"og:image:height\" content=\"700\" \/>\n\t<meta property=\"og:image:type\" content=\"image\/jpeg\" \/>\n<meta name=\"author\" content=\"Redacao VerdadeOn\" \/>\n<meta name=\"twitter:card\" content=\"summary_large_image\" \/>\n<meta name=\"twitter:label1\" content=\"Escrito por\" \/>\n\t<meta name=\"twitter:data1\" content=\"Redacao VerdadeOn\" \/>\n\t<meta name=\"twitter:label2\" content=\"Est. tempo de leitura\" \/>\n\t<meta name=\"twitter:data2\" content=\"2 minutos\" \/>\n<script type=\"application\/ld+json\" class=\"yoast-schema-graph\">{\"@context\":\"https:\/\/schema.org\",\"@graph\":[{\"@type\":\"WebPage\",\"@id\":\"https:\/\/verdadeon.com.br\/portal\/2024\/05\/24\/governo-de-sp-sanciona-novo-salario-minimo-paulista-de-r-1-640\/\",\"url\":\"https:\/\/verdadeon.com.br\/portal\/2024\/05\/24\/governo-de-sp-sanciona-novo-salario-minimo-paulista-de-r-1-640\/\",\"name\":\"Governo de SP sanciona novo sal\u00e1rio m\u00ednimo paulista de R$ 1.640 - VerdadeOn\",\"isPartOf\":{\"@id\":\"https:\/\/verdadeon.com.br\/portal\/#website\"},\"primaryImageOfPage\":{\"@id\":\"https:\/\/verdadeon.com.br\/portal\/2024\/05\/24\/governo-de-sp-sanciona-novo-salario-minimo-paulista-de-r-1-640\/#primaryimage\"},\"image\":{\"@id\":\"https:\/\/verdadeon.com.br\/portal\/2024\/05\/24\/governo-de-sp-sanciona-novo-salario-minimo-paulista-de-r-1-640\/#primaryimage\"},\"thumbnailUrl\":\"https:\/\/i0.wp.com\/verdadeon.com.br\/portal\/wp-content\/uploads\/2023\/10\/real_moeda_dinheiro_mcajr_2904223669.jpg?fit=1044%2C700&ssl=1\",\"datePublished\":\"2024-05-24T14:31:01+00:00\",\"author\":{\"@id\":\"https:\/\/verdadeon.com.br\/portal\/#\/schema\/person\/a5060ad1e9ea3df545188fc93ce43d2f\"},\"breadcrumb\":{\"@id\":\"https:\/\/verdadeon.com.br\/portal\/2024\/05\/24\/governo-de-sp-sanciona-novo-salario-minimo-paulista-de-r-1-640\/#breadcrumb\"},\"inLanguage\":\"pt-BR\",\"potentialAction\":[{\"@type\":\"ReadAction\",\"target\":[\"https:\/\/verdadeon.com.br\/portal\/2024\/05\/24\/governo-de-sp-sanciona-novo-salario-minimo-paulista-de-r-1-640\/\"]}]},{\"@type\":\"ImageObject\",\"inLanguage\":\"pt-BR\",\"@id\":\"https:\/\/verdadeon.com.br\/portal\/2024\/05\/24\/governo-de-sp-sanciona-novo-salario-minimo-paulista-de-r-1-640\/#primaryimage\",\"url\":\"https:\/\/i0.wp.com\/verdadeon.com.br\/portal\/wp-content\/uploads\/2023\/10\/real_moeda_dinheiro_mcajr_2904223669.jpg?fit=1044%2C700&ssl=1\",\"contentUrl\":\"https:\/\/i0.wp.com\/verdadeon.com.br\/portal\/wp-content\/uploads\/2023\/10\/real_moeda_dinheiro_mcajr_2904223669.jpg?fit=1044%2C700&ssl=1\",\"width\":1044,\"height\":700,\"caption\":\"A proposta de reajuste enviada \u00e0 Assembleia Legislativa de S\u00e3o Paulo em 30 de abril foi aprovada (\u00a9Marcello Casal Jr)\"},{\"@type\":\"BreadcrumbList\",\"@id\":\"https:\/\/verdadeon.com.br\/portal\/2024\/05\/24\/governo-de-sp-sanciona-novo-salario-minimo-paulista-de-r-1-640\/#breadcrumb\",\"itemListElement\":[{\"@type\":\"ListItem\",\"position\":1,\"name\":\"In\u00edcio\",\"item\":\"https:\/\/verdadeon.com.br\/portal\/\"},{\"@type\":\"ListItem\",\"position\":2,\"name\":\"Governo de SP sanciona novo sal\u00e1rio m\u00ednimo paulista de R$ 1.640\"}]},{\"@type\":\"WebSite\",\"@id\":\"https:\/\/verdadeon.com.br\/portal\/#website\",\"url\":\"https:\/\/verdadeon.com.br\/portal\/\",\"name\":\"VerdadeOn\",\"description\":\"Not\u00edcias di\u00e1rias sobre Franca, Regi\u00e3o, Esporte, Cultura, Cotidiano, Colunas. Cobertura nos principais eventos da cidade \u00e9 aqui - Verdadeon Franca\",\"potentialAction\":[{\"@type\":\"SearchAction\",\"target\":{\"@type\":\"EntryPoint\",\"urlTemplate\":\"https:\/\/verdadeon.com.br\/portal\/?s={search_term_string}\"},\"query-input\":{\"@type\":\"PropertyValueSpecification\",\"valueRequired\":true,\"valueName\":\"search_term_string\"}}],\"inLanguage\":\"pt-BR\"},{\"@type\":\"Person\",\"@id\":\"https:\/\/verdadeon.com.br\/portal\/#\/schema\/person\/a5060ad1e9ea3df545188fc93ce43d2f\",\"name\":\"Redacao VerdadeOn\",\"image\":{\"@type\":\"ImageObject\",\"inLanguage\":\"pt-BR\",\"@id\":\"https:\/\/verdadeon.com.br\/portal\/#\/schema\/person\/image\/\",\"url\":\"https:\/\/secure.gravatar.com\/avatar\/459a9613caaaf07f582c3d0841eea68bdd66f533e465e6ba8b9cb45619572cf4?s=96&d=mm&r=g\",\"contentUrl\":\"https:\/\/secure.gravatar.com\/avatar\/459a9613caaaf07f582c3d0841eea68bdd66f533e465e6ba8b9cb45619572cf4?s=96&d=mm&r=g\",\"caption\":\"Redacao VerdadeOn\"},\"url\":\"https:\/\/verdadeon.com.br\/portal\/author\/redacao\/\"}]}<\/script>\n<!-- \/ Yoast SEO plugin. -->","yoast_head_json":{"title":"Governo de SP sanciona novo sal\u00e1rio m\u00ednimo paulista de R$ 1.640 - VerdadeOn","robots":{"index":"index","follow":"follow","max-snippet":"max-snippet:-1","max-image-preview":"max-image-preview:large","max-video-preview":"max-video-preview:-1"},"canonical":"https:\/\/verdadeon.com.br\/portal\/2024\/05\/24\/governo-de-sp-sanciona-novo-salario-minimo-paulista-de-r-1-640\/","og_locale":"pt_BR","og_type":"article","og_title":"Governo de SP sanciona novo sal\u00e1rio m\u00ednimo paulista de R$ 1.640 - VerdadeOn","og_description":"Novo piso sancionado pelo governador Tarc\u00edsio de Freitas representa um valor acima da infla\u00e7\u00e3o pelo segundo ano seguido O governador Tarc\u00edsio de Freitas sancionou nesta quinta-feira [\u2026]","og_url":"https:\/\/verdadeon.com.br\/portal\/2024\/05\/24\/governo-de-sp-sanciona-novo-salario-minimo-paulista-de-r-1-640\/","og_site_name":"VerdadeOn","article_published_time":"2024-05-24T14:31:01+00:00","og_image":[{"width":1044,"height":700,"url":"https:\/\/verdadeon.com.br\/portal\/wp-content\/uploads\/2023\/10\/real_moeda_dinheiro_mcajr_2904223669.jpg","type":"image\/jpeg"}],"author":"Redacao VerdadeOn","twitter_card":"summary_large_image","twitter_misc":{"Escrito por":"Redacao VerdadeOn","Est. tempo de leitura":"2 minutos"},"schema":{"@context":"https:\/\/schema.org","@graph":[{"@type":"WebPage","@id":"https:\/\/verdadeon.com.br\/portal\/2024\/05\/24\/governo-de-sp-sanciona-novo-salario-minimo-paulista-de-r-1-640\/","url":"https:\/\/verdadeon.com.br\/portal\/2024\/05\/24\/governo-de-sp-sanciona-novo-salario-minimo-paulista-de-r-1-640\/","name":"Governo de SP sanciona novo sal\u00e1rio m\u00ednimo paulista de R$ 1.640 - VerdadeOn","isPartOf":{"@id":"https:\/\/verdadeon.com.br\/portal\/#website"},"primaryImageOfPage":{"@id":"https:\/\/verdadeon.com.br\/portal\/2024\/05\/24\/governo-de-sp-sanciona-novo-salario-minimo-paulista-de-r-1-640\/#primaryimage"},"image":{"@id":"https:\/\/verdadeon.com.br\/portal\/2024\/05\/24\/governo-de-sp-sanciona-novo-salario-minimo-paulista-de-r-1-640\/#primaryimage"},"thumbnailUrl":"https:\/\/i0.wp.com\/verdadeon.com.br\/portal\/wp-content\/uploads\/2023\/10\/real_moeda_dinheiro_mcajr_2904223669.jpg?fit=1044%2C700&ssl=1","datePublished":"2024-05-24T14:31:01+00:00","author":{"@id":"https:\/\/verdadeon.com.br\/portal\/#\/schema\/person\/a5060ad1e9ea3df545188fc93ce43d2f"},"breadcrumb":{"@id":"https:\/\/verdadeon.com.br\/portal\/2024\/05\/24\/governo-de-sp-sanciona-novo-salario-minimo-paulista-de-r-1-640\/#breadcrumb"},"inLanguage":"pt-BR","potentialAction":[{"@type":"ReadAction","target":["https:\/\/verdadeon.com.br\/portal\/2024\/05\/24\/governo-de-sp-sanciona-novo-salario-minimo-paulista-de-r-1-640\/"]}]},{"@type":"ImageObject","inLanguage":"pt-BR","@id":"https:\/\/verdadeon.com.br\/portal\/2024\/05\/24\/governo-de-sp-sanciona-novo-salario-minimo-paulista-de-r-1-640\/#primaryimage","url":"https:\/\/i0.wp.com\/verdadeon.com.br\/portal\/wp-content\/uploads\/2023\/10\/real_moeda_dinheiro_mcajr_2904223669.jpg?fit=1044%2C700&ssl=1","contentUrl":"https:\/\/i0.wp.com\/verdadeon.com.br\/portal\/wp-content\/uploads\/2023\/10\/real_moeda_dinheiro_mcajr_2904223669.jpg?fit=1044%2C700&ssl=1","width":1044,"height":700,"caption":"A proposta de reajuste enviada \u00e0 Assembleia Legislativa de S\u00e3o Paulo em 30 de abril foi aprovada (\u00a9Marcello Casal Jr)"},{"@type":"BreadcrumbList","@id":"https:\/\/verdadeon.com.br\/portal\/2024\/05\/24\/governo-de-sp-sanciona-novo-salario-minimo-paulista-de-r-1-640\/#breadcrumb","itemListElement":[{"@type":"ListItem","position":1,"name":"In\u00edcio","item":"https:\/\/verdadeon.com.br\/portal\/"},{"@type":"ListItem","position":2,"name":"Governo de SP sanciona novo sal\u00e1rio m\u00ednimo paulista de R$ 1.640"}]},{"@type":"WebSite","@id":"https:\/\/verdadeon.com.br\/portal\/#website","url":"https:\/\/verdadeon.com.br\/portal\/","name":"VerdadeOn","description":"Not\u00edcias di\u00e1rias sobre Franca, Regi\u00e3o, Esporte, Cultura, Cotidiano, Colunas. Cobertura nos principais eventos da cidade \u00e9 aqui - Verdadeon Franca","potentialAction":[{"@type":"SearchAction","target":{"@type":"EntryPoint","urlTemplate":"https:\/\/verdadeon.com.br\/portal\/?s={search_term_string}"},"query-input":{"@type":"PropertyValueSpecification","valueRequired":true,"valueName":"search_term_string"}}],"inLanguage":"pt-BR"},{"@type":"Person","@id":"https:\/\/verdadeon.com.br\/portal\/#\/schema\/person\/a5060ad1e9ea3df545188fc93ce43d2f","name":"Redacao VerdadeOn","image":{"@type":"ImageObject","inLanguage":"pt-BR","@id":"https:\/\/verdadeon.com.br\/portal\/#\/schema\/person\/image\/","url":"https:\/\/secure.gravatar.com\/avatar\/459a9613caaaf07f582c3d0841eea68bdd66f533e465e6ba8b9cb45619572cf4?s=96&d=mm&r=g","contentUrl":"https:\/\/secure.gravatar.com\/avatar\/459a9613caaaf07f582c3d0841eea68bdd66f533e465e6ba8b9cb45619572cf4?s=96&d=mm&r=g","caption":"Redacao VerdadeOn"},"url":"https:\/\/verdadeon.com.br\/portal\/author\/redacao\/"}]}},"jetpack_publicize_connections":[],"jetpack_featured_media_url":"https:\/\/i0.wp.com\/verdadeon.com.br\/portal\/wp-content\/uploads\/2023\/10\/real_moeda_dinheiro_mcajr_2904223669.jpg?fit=1044%2C700&ssl=1","jetpack_sharing_enabled":true,"_links":{"self":[{"href":"https:\/\/verdadeon.com.br\/portal\/wp-json\/wp\/v2\/posts\/45043","targetHints":{"allow":["GET"]}}],"collection":[{"href":"https:\/\/verdadeon.com.br\/portal\/wp-json\/wp\/v2\/posts"}],"about":[{"href":"https:\/\/verdadeon.com.br\/portal\/wp-json\/wp\/v2\/types\/post"}],"author":[{"embeddable":true,"href":"https:\/\/verdadeon.com.br\/portal\/wp-json\/wp\/v2\/users\/10"}],"replies":[{"embeddable":true,"href":"https:\/\/verdadeon.com.br\/portal\/wp-json\/wp\/v2\/comments?post=45043"}],"version-history":[{"count":1,"href":"https:\/\/verdadeon.com.br\/portal\/wp-json\/wp\/v2\/posts\/45043\/revisions"}],"predecessor-version":[{"id":45045,"href":"https:\/\/verdadeon.com.br\/portal\/wp-json\/wp\/v2\/posts\/45043\/revisions\/45045"}],"wp:featuredmedia":[{"embeddable":true,"href":"https:\/\/verdadeon.com.br\/portal\/wp-json\/wp\/v2\/media\/38164"}],"wp:attachment":[{"href":"https:\/\/verdadeon.com.br\/portal\/wp-json\/wp\/v2\/media?parent=45043"}],"wp:term":[{"taxonomy":"category","embeddable":true,"href":"https:\/\/verdadeon.com.br\/portal\/wp-json\/wp\/v2\/categories?post=45043"},{"taxonomy":"post_tag","embeddable":true,"href":"https:\/\/verdadeon.com.br\/portal\/wp-json\/wp\/v2\/tags?post=45043"}],"curies":[{"name":"wp","href":"https:\/\/api.w.org\/{rel}","templated":true}]}}