{"id":4487,"date":"2020-03-03T08:05:06","date_gmt":"2020-03-03T11:05:06","guid":{"rendered":"http:\/\/verdadeon.com.br\/portal\/?p=4487"},"modified":"2020-03-02T20:47:15","modified_gmt":"2020-03-02T23:47:15","slug":"sesi-franca-recebe-o-brasilia-no-poli-pelo-nbb","status":"publish","type":"post","link":"https:\/\/verdadeon.com.br\/portal\/2020\/03\/03\/sesi-franca-recebe-o-brasilia-no-poli-pelo-nbb\/","title":{"rendered":"Sesi Franca recebe o Bras\u00edlia no P\u00f3li pelo NBB"},"content":{"rendered":"<h2>Ap\u00f3s 22 dias sem jogar, equipe tenta buscar a lideran\u00e7a em sequ\u00eancia de jogos em casa<\/h2>\n<p>&nbsp;<\/p>\n<p>Reportagem Gustavo Rodrigues<\/p>\n<p>Depois da paralisa\u00e7\u00e3o que durou 22 dias, a espera do torcedor francano para ver o time jogar finalmente chegou ao fim. O Sesi volta \u00e0s quadras na noite desta ter\u00e7a-feira (3) para enfrentar o Lobos Bras\u00edlia, no Pedroc\u00e3o, \u00e0s 20 horas, pelo NBB (Novo Basquete Brasil).<br \/>\nO per\u00edodo foi de prepara\u00e7\u00e3o. Helinho Garcia e seus comandados fizeram treinamentos especiais na parte f\u00edsica, t\u00e9cnica e t\u00e1tica. Tudo isso em busca de aperfei\u00e7oamento do plantel, visando o retorno do torneio nacional, em busca da primeira coloca\u00e7\u00e3o da fase classificat\u00f3ria.<br \/>\n&#8220;A expectativa \u00e9 enorme e a motiva\u00e7\u00e3o est\u00e1 maior ainda. Depois de um tempo sem a gente estar jogando, \u00e9 claro que sempre gera uma ansiedade um pouco maior. Mas tenho certeza que pelo empenho e dedica\u00e7\u00e3o, a gente tem tudo para ganhar rapidamente esse ritmo de jogo e fazermos uma grande partida&#8221;, afirmou Helinho.<br \/>\nAt\u00e9 o momento, o Sesi conquistou 17 vit\u00f3rias e perdeu cinco vezes. A campanha \u00e9 superada apenas pelo Flamengo. Os cariocas t\u00eam um saldo de 19-3. Vale ressaltar que o time melhor classificado ter\u00e1 direito de definir os confrontos dos playoffs em casa. Esse \u00e9 o intuito de Franca.<br \/>\nO caminho para isso tem in\u00edcio hoje. Contando com as voltas de Lucas Dias e Luciano Parodi que estavam nas sele\u00e7\u00f5es brasileira e uruguaia disputando as eliminat\u00f3rias para a Copa Am\u00e9rica, o grupo deve estar completo. Tanto o piv\u00f4 quanto o ala armador voltaram a treinar ainda na semana passada depois dos compromissos com suas respectivas na\u00e7\u00f5es.<br \/>\nOutro que pode voltar \u00e9 o piv\u00f4 Lucas Cipolini. O atleta que est\u00e1 sem jogar desde novembro do ano passado est\u00e1 em reta final de recupera\u00e7\u00e3o de uma les\u00e3o no joelho. De acordo com o departamento m\u00e9dico do Sesi Franca, uma avalia\u00e7\u00e3o final ser\u00e1 feita para entender as condi\u00e7\u00f5es para a partida. Caso ele n\u00e3o volte hoje, j\u00e1 nos pr\u00f3ximos duelos est\u00e1 \u00e0 disposi\u00e7\u00e3o. A ideia \u00e9 cuidar da sa\u00fade de jogador para que o piv\u00f4 esteja em plenas condi\u00e7\u00f5es para o mata-mata.<br \/>\nSe Franca luta pela ponta, o advers\u00e1rio vive outro cen\u00e1rio na competi\u00e7\u00e3o nacional. Com apenas sete vit\u00f3rias e 15 derrotas na temporada, o Bras\u00edlia chega para este jogo ocupando a 13\u00aa posi\u00e7\u00e3o. Mesmo assim, Helinho garante que \u00e9 necess\u00e1rio ter cuidado com o rival. &#8220;\u00c9 uma equipe que a hist\u00f3ria fala por si. Jogadores que conquistaram muita coisa durante as carreiras e, por conta disso, temos que respeitar&#8221;, completou.<\/p>\n","protected":false},"excerpt":{"rendered":"<p>Ap\u00f3s 22 dias sem jogar, equipe tenta buscar a lideran\u00e7a em sequ\u00eancia de jogos em casa &nbsp; Reportagem Gustavo Rodrigues Depois da paralisa\u00e7\u00e3o que durou 22<span class=\"excerpt-hellip\"> [\u2026]<\/span><\/p>\n","protected":false},"author":10,"featured_media":4488,"comment_status":"open","ping_status":"open","sticky":false,"template":"","format":"standard","meta":{"_jetpack_memberships_contains_paid_content":false,"footnotes":"","jetpack_publicize_message":"","jetpack_publicize_feature_enabled":true,"jetpack_social_post_already_shared":false,"jetpack_social_options":{"image_generator_settings":{"template":"highway","default_image_id":0,"enabled":false},"version":2}},"categories":[29,44],"tags":[],"class_list":["post-4487","post","type-post","status-publish","format-standard","has-post-thumbnail","hentry","category-esportes","category-noticias"],"yoast_head":"<!-- This site is optimized with the Yoast SEO plugin v25.6 - https:\/\/yoast.com\/wordpress\/plugins\/seo\/ -->\n<title>Sesi Franca recebe o Bras\u00edlia no P\u00f3li pelo NBB - VerdadeOn<\/title>\n<meta name=\"robots\" content=\"index, follow, max-snippet:-1, max-image-preview:large, max-video-preview:-1\" \/>\n<link rel=\"canonical\" href=\"https:\/\/verdadeon.com.br\/portal\/2020\/03\/03\/sesi-franca-recebe-o-brasilia-no-poli-pelo-nbb\/\" \/>\n<meta property=\"og:locale\" content=\"pt_BR\" \/>\n<meta property=\"og:type\" content=\"article\" \/>\n<meta property=\"og:title\" content=\"Sesi Franca recebe o Bras\u00edlia no P\u00f3li pelo NBB - VerdadeOn\" \/>\n<meta property=\"og:description\" content=\"Ap\u00f3s 22 dias sem jogar, equipe tenta buscar a lideran\u00e7a em sequ\u00eancia de jogos em casa &nbsp; Reportagem Gustavo Rodrigues Depois da paralisa\u00e7\u00e3o que durou 22 [\u2026]\" \/>\n<meta property=\"og:url\" content=\"https:\/\/verdadeon.com.br\/portal\/2020\/03\/03\/sesi-franca-recebe-o-brasilia-no-poli-pelo-nbb\/\" \/>\n<meta property=\"og:site_name\" content=\"VerdadeOn\" \/>\n<meta property=\"article:published_time\" content=\"2020-03-03T11:05:06+00:00\" \/>\n<meta property=\"og:image\" content=\"https:\/\/verdadeon.com.br\/portal\/wp-content\/uploads\/2020\/03\/Basquete-treino-2019-foto-Lindomar-Cailton-64.jpg\" \/>\n\t<meta property=\"og:image:width\" content=\"1000\" \/>\n\t<meta property=\"og:image:height\" content=\"670\" \/>\n\t<meta property=\"og:image:type\" content=\"image\/jpeg\" \/>\n<meta name=\"author\" content=\"Redacao VerdadeOn\" \/>\n<meta name=\"twitter:card\" content=\"summary_large_image\" \/>\n<meta name=\"twitter:label1\" content=\"Escrito por\" \/>\n\t<meta name=\"twitter:data1\" content=\"Redacao VerdadeOn\" \/>\n\t<meta name=\"twitter:label2\" content=\"Est. tempo de leitura\" \/>\n\t<meta name=\"twitter:data2\" content=\"2 minutos\" \/>\n<script type=\"application\/ld+json\" class=\"yoast-schema-graph\">{\"@context\":\"https:\/\/schema.org\",\"@graph\":[{\"@type\":\"WebPage\",\"@id\":\"https:\/\/verdadeon.com.br\/portal\/2020\/03\/03\/sesi-franca-recebe-o-brasilia-no-poli-pelo-nbb\/\",\"url\":\"https:\/\/verdadeon.com.br\/portal\/2020\/03\/03\/sesi-franca-recebe-o-brasilia-no-poli-pelo-nbb\/\",\"name\":\"Sesi Franca recebe o Bras\u00edlia no P\u00f3li pelo NBB - VerdadeOn\",\"isPartOf\":{\"@id\":\"https:\/\/verdadeon.com.br\/portal\/#website\"},\"primaryImageOfPage\":{\"@id\":\"https:\/\/verdadeon.com.br\/portal\/2020\/03\/03\/sesi-franca-recebe-o-brasilia-no-poli-pelo-nbb\/#primaryimage\"},\"image\":{\"@id\":\"https:\/\/verdadeon.com.br\/portal\/2020\/03\/03\/sesi-franca-recebe-o-brasilia-no-poli-pelo-nbb\/#primaryimage\"},\"thumbnailUrl\":\"https:\/\/i0.wp.com\/verdadeon.com.br\/portal\/wp-content\/uploads\/2020\/03\/Basquete-treino-2019-foto-Lindomar-Cailton-64.jpg?fit=1000%2C670&ssl=1\",\"datePublished\":\"2020-03-03T11:05:06+00:00\",\"author\":{\"@id\":\"https:\/\/verdadeon.com.br\/portal\/#\/schema\/person\/a5060ad1e9ea3df545188fc93ce43d2f\"},\"breadcrumb\":{\"@id\":\"https:\/\/verdadeon.com.br\/portal\/2020\/03\/03\/sesi-franca-recebe-o-brasilia-no-poli-pelo-nbb\/#breadcrumb\"},\"inLanguage\":\"pt-BR\",\"potentialAction\":[{\"@type\":\"ReadAction\",\"target\":[\"https:\/\/verdadeon.com.br\/portal\/2020\/03\/03\/sesi-franca-recebe-o-brasilia-no-poli-pelo-nbb\/\"]}]},{\"@type\":\"ImageObject\",\"inLanguage\":\"pt-BR\",\"@id\":\"https:\/\/verdadeon.com.br\/portal\/2020\/03\/03\/sesi-franca-recebe-o-brasilia-no-poli-pelo-nbb\/#primaryimage\",\"url\":\"https:\/\/i0.wp.com\/verdadeon.com.br\/portal\/wp-content\/uploads\/2020\/03\/Basquete-treino-2019-foto-Lindomar-Cailton-64.jpg?fit=1000%2C670&ssl=1\",\"contentUrl\":\"https:\/\/i0.wp.com\/verdadeon.com.br\/portal\/wp-content\/uploads\/2020\/03\/Basquete-treino-2019-foto-Lindomar-Cailton-64.jpg?fit=1000%2C670&ssl=1\",\"width\":1000,\"height\":670,\"caption\":\"fim da espera - Depois de 22 dias de prepara\u00e7\u00e3o, o Sesi Franca Basquete volta a jogar na noite desta ter\u00e7a-feira (3). Em duelo v\u00e1lido pelo NBB (Novo Basquete Brasil), o adves\u00e1rio ser\u00e1 o Lobos Bras\u00edlia. O duelo est\u00e1 marcado para \u00e0s 20 horas e os ingressos est\u00e3o \u00e0 venda | Foto: Marcos Limonti\/Divulga\u00e7\u00e3o\"},{\"@type\":\"BreadcrumbList\",\"@id\":\"https:\/\/verdadeon.com.br\/portal\/2020\/03\/03\/sesi-franca-recebe-o-brasilia-no-poli-pelo-nbb\/#breadcrumb\",\"itemListElement\":[{\"@type\":\"ListItem\",\"position\":1,\"name\":\"In\u00edcio\",\"item\":\"https:\/\/verdadeon.com.br\/portal\/\"},{\"@type\":\"ListItem\",\"position\":2,\"name\":\"Sesi Franca recebe o Bras\u00edlia no P\u00f3li pelo NBB\"}]},{\"@type\":\"WebSite\",\"@id\":\"https:\/\/verdadeon.com.br\/portal\/#website\",\"url\":\"https:\/\/verdadeon.com.br\/portal\/\",\"name\":\"VerdadeOn\",\"description\":\"Not\u00edcias di\u00e1rias sobre Franca, Regi\u00e3o, Esporte, Cultura, Cotidiano, Colunas. Cobertura nos principais eventos da cidade \u00e9 aqui - Verdadeon Franca\",\"potentialAction\":[{\"@type\":\"SearchAction\",\"target\":{\"@type\":\"EntryPoint\",\"urlTemplate\":\"https:\/\/verdadeon.com.br\/portal\/?s={search_term_string}\"},\"query-input\":{\"@type\":\"PropertyValueSpecification\",\"valueRequired\":true,\"valueName\":\"search_term_string\"}}],\"inLanguage\":\"pt-BR\"},{\"@type\":\"Person\",\"@id\":\"https:\/\/verdadeon.com.br\/portal\/#\/schema\/person\/a5060ad1e9ea3df545188fc93ce43d2f\",\"name\":\"Redacao VerdadeOn\",\"image\":{\"@type\":\"ImageObject\",\"inLanguage\":\"pt-BR\",\"@id\":\"https:\/\/verdadeon.com.br\/portal\/#\/schema\/person\/image\/\",\"url\":\"https:\/\/secure.gravatar.com\/avatar\/459a9613caaaf07f582c3d0841eea68bdd66f533e465e6ba8b9cb45619572cf4?s=96&d=mm&r=g\",\"contentUrl\":\"https:\/\/secure.gravatar.com\/avatar\/459a9613caaaf07f582c3d0841eea68bdd66f533e465e6ba8b9cb45619572cf4?s=96&d=mm&r=g\",\"caption\":\"Redacao VerdadeOn\"},\"url\":\"https:\/\/verdadeon.com.br\/portal\/author\/redacao\/\"}]}<\/script>\n<!-- \/ Yoast SEO plugin. -->","yoast_head_json":{"title":"Sesi Franca recebe o Bras\u00edlia no P\u00f3li pelo NBB - VerdadeOn","robots":{"index":"index","follow":"follow","max-snippet":"max-snippet:-1","max-image-preview":"max-image-preview:large","max-video-preview":"max-video-preview:-1"},"canonical":"https:\/\/verdadeon.com.br\/portal\/2020\/03\/03\/sesi-franca-recebe-o-brasilia-no-poli-pelo-nbb\/","og_locale":"pt_BR","og_type":"article","og_title":"Sesi Franca recebe o Bras\u00edlia no P\u00f3li pelo NBB - VerdadeOn","og_description":"Ap\u00f3s 22 dias sem jogar, equipe tenta buscar a lideran\u00e7a em sequ\u00eancia de jogos em casa &nbsp; Reportagem Gustavo Rodrigues Depois da paralisa\u00e7\u00e3o que durou 22 [\u2026]","og_url":"https:\/\/verdadeon.com.br\/portal\/2020\/03\/03\/sesi-franca-recebe-o-brasilia-no-poli-pelo-nbb\/","og_site_name":"VerdadeOn","article_published_time":"2020-03-03T11:05:06+00:00","og_image":[{"width":1000,"height":670,"url":"https:\/\/verdadeon.com.br\/portal\/wp-content\/uploads\/2020\/03\/Basquete-treino-2019-foto-Lindomar-Cailton-64.jpg","type":"image\/jpeg"}],"author":"Redacao VerdadeOn","twitter_card":"summary_large_image","twitter_misc":{"Escrito por":"Redacao VerdadeOn","Est. tempo de leitura":"2 minutos"},"schema":{"@context":"https:\/\/schema.org","@graph":[{"@type":"WebPage","@id":"https:\/\/verdadeon.com.br\/portal\/2020\/03\/03\/sesi-franca-recebe-o-brasilia-no-poli-pelo-nbb\/","url":"https:\/\/verdadeon.com.br\/portal\/2020\/03\/03\/sesi-franca-recebe-o-brasilia-no-poli-pelo-nbb\/","name":"Sesi Franca recebe o Bras\u00edlia no P\u00f3li pelo NBB - VerdadeOn","isPartOf":{"@id":"https:\/\/verdadeon.com.br\/portal\/#website"},"primaryImageOfPage":{"@id":"https:\/\/verdadeon.com.br\/portal\/2020\/03\/03\/sesi-franca-recebe-o-brasilia-no-poli-pelo-nbb\/#primaryimage"},"image":{"@id":"https:\/\/verdadeon.com.br\/portal\/2020\/03\/03\/sesi-franca-recebe-o-brasilia-no-poli-pelo-nbb\/#primaryimage"},"thumbnailUrl":"https:\/\/i0.wp.com\/verdadeon.com.br\/portal\/wp-content\/uploads\/2020\/03\/Basquete-treino-2019-foto-Lindomar-Cailton-64.jpg?fit=1000%2C670&ssl=1","datePublished":"2020-03-03T11:05:06+00:00","author":{"@id":"https:\/\/verdadeon.com.br\/portal\/#\/schema\/person\/a5060ad1e9ea3df545188fc93ce43d2f"},"breadcrumb":{"@id":"https:\/\/verdadeon.com.br\/portal\/2020\/03\/03\/sesi-franca-recebe-o-brasilia-no-poli-pelo-nbb\/#breadcrumb"},"inLanguage":"pt-BR","potentialAction":[{"@type":"ReadAction","target":["https:\/\/verdadeon.com.br\/portal\/2020\/03\/03\/sesi-franca-recebe-o-brasilia-no-poli-pelo-nbb\/"]}]},{"@type":"ImageObject","inLanguage":"pt-BR","@id":"https:\/\/verdadeon.com.br\/portal\/2020\/03\/03\/sesi-franca-recebe-o-brasilia-no-poli-pelo-nbb\/#primaryimage","url":"https:\/\/i0.wp.com\/verdadeon.com.br\/portal\/wp-content\/uploads\/2020\/03\/Basquete-treino-2019-foto-Lindomar-Cailton-64.jpg?fit=1000%2C670&ssl=1","contentUrl":"https:\/\/i0.wp.com\/verdadeon.com.br\/portal\/wp-content\/uploads\/2020\/03\/Basquete-treino-2019-foto-Lindomar-Cailton-64.jpg?fit=1000%2C670&ssl=1","width":1000,"height":670,"caption":"fim da espera - Depois de 22 dias de prepara\u00e7\u00e3o, o Sesi Franca Basquete volta a jogar na noite desta ter\u00e7a-feira (3). Em duelo v\u00e1lido pelo NBB (Novo Basquete Brasil), o adves\u00e1rio ser\u00e1 o Lobos Bras\u00edlia. O duelo est\u00e1 marcado para \u00e0s 20 horas e os ingressos est\u00e3o \u00e0 venda | Foto: Marcos Limonti\/Divulga\u00e7\u00e3o"},{"@type":"BreadcrumbList","@id":"https:\/\/verdadeon.com.br\/portal\/2020\/03\/03\/sesi-franca-recebe-o-brasilia-no-poli-pelo-nbb\/#breadcrumb","itemListElement":[{"@type":"ListItem","position":1,"name":"In\u00edcio","item":"https:\/\/verdadeon.com.br\/portal\/"},{"@type":"ListItem","position":2,"name":"Sesi Franca recebe o Bras\u00edlia no P\u00f3li pelo NBB"}]},{"@type":"WebSite","@id":"https:\/\/verdadeon.com.br\/portal\/#website","url":"https:\/\/verdadeon.com.br\/portal\/","name":"VerdadeOn","description":"Not\u00edcias di\u00e1rias sobre Franca, Regi\u00e3o, Esporte, Cultura, Cotidiano, Colunas. Cobertura nos principais eventos da cidade \u00e9 aqui - Verdadeon Franca","potentialAction":[{"@type":"SearchAction","target":{"@type":"EntryPoint","urlTemplate":"https:\/\/verdadeon.com.br\/portal\/?s={search_term_string}"},"query-input":{"@type":"PropertyValueSpecification","valueRequired":true,"valueName":"search_term_string"}}],"inLanguage":"pt-BR"},{"@type":"Person","@id":"https:\/\/verdadeon.com.br\/portal\/#\/schema\/person\/a5060ad1e9ea3df545188fc93ce43d2f","name":"Redacao VerdadeOn","image":{"@type":"ImageObject","inLanguage":"pt-BR","@id":"https:\/\/verdadeon.com.br\/portal\/#\/schema\/person\/image\/","url":"https:\/\/secure.gravatar.com\/avatar\/459a9613caaaf07f582c3d0841eea68bdd66f533e465e6ba8b9cb45619572cf4?s=96&d=mm&r=g","contentUrl":"https:\/\/secure.gravatar.com\/avatar\/459a9613caaaf07f582c3d0841eea68bdd66f533e465e6ba8b9cb45619572cf4?s=96&d=mm&r=g","caption":"Redacao VerdadeOn"},"url":"https:\/\/verdadeon.com.br\/portal\/author\/redacao\/"}]}},"jetpack_publicize_connections":[],"jetpack_featured_media_url":"https:\/\/i0.wp.com\/verdadeon.com.br\/portal\/wp-content\/uploads\/2020\/03\/Basquete-treino-2019-foto-Lindomar-Cailton-64.jpg?fit=1000%2C670&ssl=1","jetpack_sharing_enabled":true,"_links":{"self":[{"href":"https:\/\/verdadeon.com.br\/portal\/wp-json\/wp\/v2\/posts\/4487","targetHints":{"allow":["GET"]}}],"collection":[{"href":"https:\/\/verdadeon.com.br\/portal\/wp-json\/wp\/v2\/posts"}],"about":[{"href":"https:\/\/verdadeon.com.br\/portal\/wp-json\/wp\/v2\/types\/post"}],"author":[{"embeddable":true,"href":"https:\/\/verdadeon.com.br\/portal\/wp-json\/wp\/v2\/users\/10"}],"replies":[{"embeddable":true,"href":"https:\/\/verdadeon.com.br\/portal\/wp-json\/wp\/v2\/comments?post=4487"}],"version-history":[{"count":0,"href":"https:\/\/verdadeon.com.br\/portal\/wp-json\/wp\/v2\/posts\/4487\/revisions"}],"wp:featuredmedia":[{"embeddable":true,"href":"https:\/\/verdadeon.com.br\/portal\/wp-json\/wp\/v2\/media\/4488"}],"wp:attachment":[{"href":"https:\/\/verdadeon.com.br\/portal\/wp-json\/wp\/v2\/media?parent=4487"}],"wp:term":[{"taxonomy":"category","embeddable":true,"href":"https:\/\/verdadeon.com.br\/portal\/wp-json\/wp\/v2\/categories?post=4487"},{"taxonomy":"post_tag","embeddable":true,"href":"https:\/\/verdadeon.com.br\/portal\/wp-json\/wp\/v2\/tags?post=4487"}],"curies":[{"name":"wp","href":"https:\/\/api.w.org\/{rel}","templated":true}]}}