{"id":44862,"date":"2024-05-21T11:15:52","date_gmt":"2024-05-21T14:15:52","guid":{"rendered":"https:\/\/verdadeon.com.br\/portal\/?p=44862"},"modified":"2024-05-21T11:15:52","modified_gmt":"2024-05-21T14:15:52","slug":"emprega-franca-e-pat-disponibilizam-quase-320-oportunidades-de-emprego","status":"publish","type":"post","link":"https:\/\/verdadeon.com.br\/portal\/2024\/05\/21\/emprega-franca-e-pat-disponibilizam-quase-320-oportunidades-de-emprego\/","title":{"rendered":"&#8216;Emprega Franca&#8217; e PAT disponibilizam quase 320 oportunidades de emprego"},"content":{"rendered":"<h2>Dentre as op\u00e7\u00f5es oferecidas pelo PAT, o destaque est\u00e1 para as 100 vagas abertas de uma usina do ramo sucroenerg\u00e9tico da regi\u00e3o<\/h2>\n<p>A semana come\u00e7ou com cerca de 320 vagas de trabalho na cidade, atrav\u00e9s dos programas da Secretaria de Desenvolvimento. Elas est\u00e3o dispon\u00edveis no \u2018Emprega Franca\u2019 e no PAT (Posto de Atendimento ao Trabalhador).<\/p>\n<p>Dentre as op\u00e7\u00f5es oferecidas pelo PAT, o destaque est\u00e1 para as 100 vagas abertas de uma usina do ramo sucroenerg\u00e9tico da regi\u00e3o. H\u00e1 oportunidades para motorista, operador, analista, supervisor de topografia, operador de m\u00e1quinas, operador de trator, motorista borracheiro, mec\u00e2nico e borracheiro.<\/p>\n<p>O setor de constru\u00e7\u00e3o civil tamb\u00e9m segue com vagas para ajudantes de pintor, obras, pedreiro e eletricista, al\u00e9m de gesseiro, engenheiro eletricista, pintor e pedreiros.<\/p>\n<p>Para consultar as vagas do PAT, basta acessar o endere\u00e7o <a href=\"http:\/\/bit.ly\/vagaspatfranca\" target=\"_blank\" rel=\"noopener\" data-saferedirecturl=\"https:\/\/www.google.com\/url?q=http:\/\/bit.ly\/vagaspatfranca&amp;source=gmail&amp;ust=1716384849685000&amp;usg=AOvVaw3yvc5Ux-vD2LI8XAKS5IgR\">bit.ly\/vagaspatfranca<\/a>\u00a0ou comparecer \u00e0 unidade, munido do curr\u00edculo impresso e dos documentos pessoais, como RG, CPF, PIS, Carteira de Trabalho, CNH e comprovante de endere\u00e7o.<\/p>\n<p>J\u00e1 pelo Programa &#8216;Emprega Franca&#8217; est\u00e3o dispon\u00edveis oportunidades para assistente de compras, auxiliar administrativo, cozinheira, churrasqueiro, gerente e vistoriador de im\u00f3veis. Quem est\u00e1 fazendo faculdade tamb\u00e9m tem vagas para est\u00e1gio nas Engenharias El\u00e9trica, Produ\u00e7\u00e3o e Mec\u00e2nica. Para acessar e se candidatar \u00e0s vagas, os interessados dever\u00e3o entrar no site da Prefeitura, no link do &#8216;Emprega Franca&#8217;, <a href=\"https:\/\/www.franca.sp.gov.br\/pmf-emprega-franca\/\" target=\"_blank\" rel=\"noopener\" data-saferedirecturl=\"https:\/\/www.google.com\/url?q=https:\/\/www.franca.sp.gov.br\/pmf-emprega-franca\/&amp;source=gmail&amp;ust=1716384849685000&amp;usg=AOvVaw2-A_O7aqHC0kXO0lRiOOlH\">https:\/\/www.franca.sp.gov.br\/<wbr \/>pmf-emprega-franca\/<\/a>, onde poder\u00e3o cadastrar o curr\u00edculo.<\/p>\n<p>O &#8216;Emprega Franca\u2019 e o PAT ficam em pr\u00e9dio anexo \u00e0 Rodovi\u00e1ria de Franca, na rua Professor Laerte Barbosa Cintra, no Residencial Baldassari e funcionam de segunda a sexta-feira, das 8 \u00e0s 16 horas.<\/p>\n<p>Informa\u00e7\u00f5es poder\u00e3o ser obtidas pelo WhatsApp (16) 99601-0848.<\/p>\n<p><b>Oficina gratuita<\/b><\/p>\n<p>Para auxiliar quem deseja mudar de \u00e1rea de atua\u00e7\u00e3o ou se recolocar no mercado de trabalho, a Secretaria de Desenvolvimento realiza nesta quinta-feira, 23, \u00e0s 14 horas, na sede do \u2018Emprega Franca\u2019, a Oficina para Elabora\u00e7\u00e3o de Curr\u00edculo, gratuita e com 25 vagas dispon\u00edveis. Quem quiser participar pode fazer a inscri\u00e7\u00e3o pelo site do \u2018Caminho para o Emprego\u2019, atrav\u00e9s do link <a href=\"https:\/\/www.franca.sp.gov.br\/caminho-emprego-portal\/cursos.xhtml\" target=\"_blank\" rel=\"noopener\" data-saferedirecturl=\"https:\/\/www.google.com\/url?q=https:\/\/www.franca.sp.gov.br\/caminho-emprego-portal\/cursos.xhtml&amp;source=gmail&amp;ust=1716384849685000&amp;usg=AOvVaw2TAFNb1lNZdQyk5AeGRQf0\">https:\/\/www.franca.sp.gov.br\/<wbr \/>caminho-emprego-portal\/cursos.<wbr \/>xhtml<\/a>.<\/p>\n","protected":false},"excerpt":{"rendered":"<p>Dentre as op\u00e7\u00f5es oferecidas pelo PAT, o destaque est\u00e1 para as 100 vagas abertas de uma usina do ramo sucroenerg\u00e9tico da regi\u00e3o A semana come\u00e7ou com<span class=\"excerpt-hellip\"> [\u2026]<\/span><\/p>\n","protected":false},"author":10,"featured_media":44864,"comment_status":"open","ping_status":"open","sticky":false,"template":"","format":"standard","meta":{"_jetpack_memberships_contains_paid_content":false,"footnotes":"","jetpack_publicize_message":"","jetpack_publicize_feature_enabled":true,"jetpack_social_post_already_shared":false,"jetpack_social_options":{"image_generator_settings":{"template":"highway","default_image_id":0,"enabled":false},"version":2}},"categories":[28,81],"tags":[],"class_list":["post-44862","post","type-post","status-publish","format-standard","has-post-thumbnail","hentry","category-cotidiano","category-manchete"],"yoast_head":"<!-- This site is optimized with the Yoast SEO plugin v25.6 - https:\/\/yoast.com\/wordpress\/plugins\/seo\/ -->\n<title>&#039;Emprega Franca&#039; e PAT disponibilizam quase 320 oportunidades de emprego - VerdadeOn<\/title>\n<meta name=\"robots\" content=\"index, follow, max-snippet:-1, max-image-preview:large, max-video-preview:-1\" \/>\n<link rel=\"canonical\" href=\"https:\/\/verdadeon.com.br\/portal\/2024\/05\/21\/emprega-franca-e-pat-disponibilizam-quase-320-oportunidades-de-emprego\/\" \/>\n<meta property=\"og:locale\" content=\"pt_BR\" \/>\n<meta property=\"og:type\" content=\"article\" \/>\n<meta property=\"og:title\" content=\"&#039;Emprega Franca&#039; e PAT disponibilizam quase 320 oportunidades de emprego - VerdadeOn\" \/>\n<meta property=\"og:description\" content=\"Dentre as op\u00e7\u00f5es oferecidas pelo PAT, o destaque est\u00e1 para as 100 vagas abertas de uma usina do ramo sucroenerg\u00e9tico da regi\u00e3o A semana come\u00e7ou com [\u2026]\" \/>\n<meta property=\"og:url\" content=\"https:\/\/verdadeon.com.br\/portal\/2024\/05\/21\/emprega-franca-e-pat-disponibilizam-quase-320-oportunidades-de-emprego\/\" \/>\n<meta property=\"og:site_name\" content=\"VerdadeOn\" \/>\n<meta property=\"article:published_time\" content=\"2024-05-21T14:15:52+00:00\" \/>\n<meta property=\"og:image\" content=\"https:\/\/verdadeon.com.br\/portal\/wp-content\/uploads\/2024\/05\/DSC_3700-1-scaled.jpg\" \/>\n\t<meta property=\"og:image:width\" content=\"2560\" \/>\n\t<meta property=\"og:image:height\" content=\"1715\" \/>\n\t<meta property=\"og:image:type\" content=\"image\/jpeg\" \/>\n<meta name=\"author\" content=\"Redacao VerdadeOn\" \/>\n<meta name=\"twitter:card\" content=\"summary_large_image\" \/>\n<meta name=\"twitter:label1\" content=\"Escrito por\" \/>\n\t<meta name=\"twitter:data1\" content=\"Redacao VerdadeOn\" \/>\n\t<meta name=\"twitter:label2\" content=\"Est. tempo de leitura\" \/>\n\t<meta name=\"twitter:data2\" content=\"2 minutos\" \/>\n<script type=\"application\/ld+json\" class=\"yoast-schema-graph\">{\"@context\":\"https:\/\/schema.org\",\"@graph\":[{\"@type\":\"WebPage\",\"@id\":\"https:\/\/verdadeon.com.br\/portal\/2024\/05\/21\/emprega-franca-e-pat-disponibilizam-quase-320-oportunidades-de-emprego\/\",\"url\":\"https:\/\/verdadeon.com.br\/portal\/2024\/05\/21\/emprega-franca-e-pat-disponibilizam-quase-320-oportunidades-de-emprego\/\",\"name\":\"'Emprega Franca' e PAT disponibilizam quase 320 oportunidades de emprego - VerdadeOn\",\"isPartOf\":{\"@id\":\"https:\/\/verdadeon.com.br\/portal\/#website\"},\"primaryImageOfPage\":{\"@id\":\"https:\/\/verdadeon.com.br\/portal\/2024\/05\/21\/emprega-franca-e-pat-disponibilizam-quase-320-oportunidades-de-emprego\/#primaryimage\"},\"image\":{\"@id\":\"https:\/\/verdadeon.com.br\/portal\/2024\/05\/21\/emprega-franca-e-pat-disponibilizam-quase-320-oportunidades-de-emprego\/#primaryimage\"},\"thumbnailUrl\":\"https:\/\/i0.wp.com\/verdadeon.com.br\/portal\/wp-content\/uploads\/2024\/05\/DSC_3700-1-scaled.jpg?fit=2560%2C1715&ssl=1\",\"datePublished\":\"2024-05-21T14:15:52+00:00\",\"author\":{\"@id\":\"https:\/\/verdadeon.com.br\/portal\/#\/schema\/person\/a5060ad1e9ea3df545188fc93ce43d2f\"},\"breadcrumb\":{\"@id\":\"https:\/\/verdadeon.com.br\/portal\/2024\/05\/21\/emprega-franca-e-pat-disponibilizam-quase-320-oportunidades-de-emprego\/#breadcrumb\"},\"inLanguage\":\"pt-BR\",\"potentialAction\":[{\"@type\":\"ReadAction\",\"target\":[\"https:\/\/verdadeon.com.br\/portal\/2024\/05\/21\/emprega-franca-e-pat-disponibilizam-quase-320-oportunidades-de-emprego\/\"]}]},{\"@type\":\"ImageObject\",\"inLanguage\":\"pt-BR\",\"@id\":\"https:\/\/verdadeon.com.br\/portal\/2024\/05\/21\/emprega-franca-e-pat-disponibilizam-quase-320-oportunidades-de-emprego\/#primaryimage\",\"url\":\"https:\/\/i0.wp.com\/verdadeon.com.br\/portal\/wp-content\/uploads\/2024\/05\/DSC_3700-1-scaled.jpg?fit=2560%2C1715&ssl=1\",\"contentUrl\":\"https:\/\/i0.wp.com\/verdadeon.com.br\/portal\/wp-content\/uploads\/2024\/05\/DSC_3700-1-scaled.jpg?fit=2560%2C1715&ssl=1\",\"width\":2560,\"height\":1715,\"caption\":\"O evento vai acontecer das 9h \u00e0s 15h no PAT Franca, localizado na Rodovi\u00e1ria da cidade, na Rua Prof. Laerte Barbosa Cintra (\u00a9Divulga\u00e7\u00e3o)\"},{\"@type\":\"BreadcrumbList\",\"@id\":\"https:\/\/verdadeon.com.br\/portal\/2024\/05\/21\/emprega-franca-e-pat-disponibilizam-quase-320-oportunidades-de-emprego\/#breadcrumb\",\"itemListElement\":[{\"@type\":\"ListItem\",\"position\":1,\"name\":\"In\u00edcio\",\"item\":\"https:\/\/verdadeon.com.br\/portal\/\"},{\"@type\":\"ListItem\",\"position\":2,\"name\":\"&#8216;Emprega Franca&#8217; e PAT disponibilizam quase 320 oportunidades de emprego\"}]},{\"@type\":\"WebSite\",\"@id\":\"https:\/\/verdadeon.com.br\/portal\/#website\",\"url\":\"https:\/\/verdadeon.com.br\/portal\/\",\"name\":\"VerdadeOn\",\"description\":\"Not\u00edcias di\u00e1rias sobre Franca, Regi\u00e3o, Esporte, Cultura, Cotidiano, Colunas. Cobertura nos principais eventos da cidade \u00e9 aqui - Verdadeon Franca\",\"potentialAction\":[{\"@type\":\"SearchAction\",\"target\":{\"@type\":\"EntryPoint\",\"urlTemplate\":\"https:\/\/verdadeon.com.br\/portal\/?s={search_term_string}\"},\"query-input\":{\"@type\":\"PropertyValueSpecification\",\"valueRequired\":true,\"valueName\":\"search_term_string\"}}],\"inLanguage\":\"pt-BR\"},{\"@type\":\"Person\",\"@id\":\"https:\/\/verdadeon.com.br\/portal\/#\/schema\/person\/a5060ad1e9ea3df545188fc93ce43d2f\",\"name\":\"Redacao VerdadeOn\",\"image\":{\"@type\":\"ImageObject\",\"inLanguage\":\"pt-BR\",\"@id\":\"https:\/\/verdadeon.com.br\/portal\/#\/schema\/person\/image\/\",\"url\":\"https:\/\/secure.gravatar.com\/avatar\/459a9613caaaf07f582c3d0841eea68bdd66f533e465e6ba8b9cb45619572cf4?s=96&d=mm&r=g\",\"contentUrl\":\"https:\/\/secure.gravatar.com\/avatar\/459a9613caaaf07f582c3d0841eea68bdd66f533e465e6ba8b9cb45619572cf4?s=96&d=mm&r=g\",\"caption\":\"Redacao VerdadeOn\"},\"url\":\"https:\/\/verdadeon.com.br\/portal\/author\/redacao\/\"}]}<\/script>\n<!-- \/ Yoast SEO plugin. -->","yoast_head_json":{"title":"'Emprega Franca' e PAT disponibilizam quase 320 oportunidades de emprego - VerdadeOn","robots":{"index":"index","follow":"follow","max-snippet":"max-snippet:-1","max-image-preview":"max-image-preview:large","max-video-preview":"max-video-preview:-1"},"canonical":"https:\/\/verdadeon.com.br\/portal\/2024\/05\/21\/emprega-franca-e-pat-disponibilizam-quase-320-oportunidades-de-emprego\/","og_locale":"pt_BR","og_type":"article","og_title":"'Emprega Franca' e PAT disponibilizam quase 320 oportunidades de emprego - VerdadeOn","og_description":"Dentre as op\u00e7\u00f5es oferecidas pelo PAT, o destaque est\u00e1 para as 100 vagas abertas de uma usina do ramo sucroenerg\u00e9tico da regi\u00e3o A semana come\u00e7ou com [\u2026]","og_url":"https:\/\/verdadeon.com.br\/portal\/2024\/05\/21\/emprega-franca-e-pat-disponibilizam-quase-320-oportunidades-de-emprego\/","og_site_name":"VerdadeOn","article_published_time":"2024-05-21T14:15:52+00:00","og_image":[{"width":2560,"height":1715,"url":"https:\/\/verdadeon.com.br\/portal\/wp-content\/uploads\/2024\/05\/DSC_3700-1-scaled.jpg","type":"image\/jpeg"}],"author":"Redacao VerdadeOn","twitter_card":"summary_large_image","twitter_misc":{"Escrito por":"Redacao VerdadeOn","Est. tempo de leitura":"2 minutos"},"schema":{"@context":"https:\/\/schema.org","@graph":[{"@type":"WebPage","@id":"https:\/\/verdadeon.com.br\/portal\/2024\/05\/21\/emprega-franca-e-pat-disponibilizam-quase-320-oportunidades-de-emprego\/","url":"https:\/\/verdadeon.com.br\/portal\/2024\/05\/21\/emprega-franca-e-pat-disponibilizam-quase-320-oportunidades-de-emprego\/","name":"'Emprega Franca' e PAT disponibilizam quase 320 oportunidades de emprego - VerdadeOn","isPartOf":{"@id":"https:\/\/verdadeon.com.br\/portal\/#website"},"primaryImageOfPage":{"@id":"https:\/\/verdadeon.com.br\/portal\/2024\/05\/21\/emprega-franca-e-pat-disponibilizam-quase-320-oportunidades-de-emprego\/#primaryimage"},"image":{"@id":"https:\/\/verdadeon.com.br\/portal\/2024\/05\/21\/emprega-franca-e-pat-disponibilizam-quase-320-oportunidades-de-emprego\/#primaryimage"},"thumbnailUrl":"https:\/\/i0.wp.com\/verdadeon.com.br\/portal\/wp-content\/uploads\/2024\/05\/DSC_3700-1-scaled.jpg?fit=2560%2C1715&ssl=1","datePublished":"2024-05-21T14:15:52+00:00","author":{"@id":"https:\/\/verdadeon.com.br\/portal\/#\/schema\/person\/a5060ad1e9ea3df545188fc93ce43d2f"},"breadcrumb":{"@id":"https:\/\/verdadeon.com.br\/portal\/2024\/05\/21\/emprega-franca-e-pat-disponibilizam-quase-320-oportunidades-de-emprego\/#breadcrumb"},"inLanguage":"pt-BR","potentialAction":[{"@type":"ReadAction","target":["https:\/\/verdadeon.com.br\/portal\/2024\/05\/21\/emprega-franca-e-pat-disponibilizam-quase-320-oportunidades-de-emprego\/"]}]},{"@type":"ImageObject","inLanguage":"pt-BR","@id":"https:\/\/verdadeon.com.br\/portal\/2024\/05\/21\/emprega-franca-e-pat-disponibilizam-quase-320-oportunidades-de-emprego\/#primaryimage","url":"https:\/\/i0.wp.com\/verdadeon.com.br\/portal\/wp-content\/uploads\/2024\/05\/DSC_3700-1-scaled.jpg?fit=2560%2C1715&ssl=1","contentUrl":"https:\/\/i0.wp.com\/verdadeon.com.br\/portal\/wp-content\/uploads\/2024\/05\/DSC_3700-1-scaled.jpg?fit=2560%2C1715&ssl=1","width":2560,"height":1715,"caption":"O evento vai acontecer das 9h \u00e0s 15h no PAT Franca, localizado na Rodovi\u00e1ria da cidade, na Rua Prof. Laerte Barbosa Cintra (\u00a9Divulga\u00e7\u00e3o)"},{"@type":"BreadcrumbList","@id":"https:\/\/verdadeon.com.br\/portal\/2024\/05\/21\/emprega-franca-e-pat-disponibilizam-quase-320-oportunidades-de-emprego\/#breadcrumb","itemListElement":[{"@type":"ListItem","position":1,"name":"In\u00edcio","item":"https:\/\/verdadeon.com.br\/portal\/"},{"@type":"ListItem","position":2,"name":"&#8216;Emprega Franca&#8217; e PAT disponibilizam quase 320 oportunidades de emprego"}]},{"@type":"WebSite","@id":"https:\/\/verdadeon.com.br\/portal\/#website","url":"https:\/\/verdadeon.com.br\/portal\/","name":"VerdadeOn","description":"Not\u00edcias di\u00e1rias sobre Franca, Regi\u00e3o, Esporte, Cultura, Cotidiano, Colunas. Cobertura nos principais eventos da cidade \u00e9 aqui - Verdadeon Franca","potentialAction":[{"@type":"SearchAction","target":{"@type":"EntryPoint","urlTemplate":"https:\/\/verdadeon.com.br\/portal\/?s={search_term_string}"},"query-input":{"@type":"PropertyValueSpecification","valueRequired":true,"valueName":"search_term_string"}}],"inLanguage":"pt-BR"},{"@type":"Person","@id":"https:\/\/verdadeon.com.br\/portal\/#\/schema\/person\/a5060ad1e9ea3df545188fc93ce43d2f","name":"Redacao VerdadeOn","image":{"@type":"ImageObject","inLanguage":"pt-BR","@id":"https:\/\/verdadeon.com.br\/portal\/#\/schema\/person\/image\/","url":"https:\/\/secure.gravatar.com\/avatar\/459a9613caaaf07f582c3d0841eea68bdd66f533e465e6ba8b9cb45619572cf4?s=96&d=mm&r=g","contentUrl":"https:\/\/secure.gravatar.com\/avatar\/459a9613caaaf07f582c3d0841eea68bdd66f533e465e6ba8b9cb45619572cf4?s=96&d=mm&r=g","caption":"Redacao VerdadeOn"},"url":"https:\/\/verdadeon.com.br\/portal\/author\/redacao\/"}]}},"jetpack_publicize_connections":[],"jetpack_featured_media_url":"https:\/\/i0.wp.com\/verdadeon.com.br\/portal\/wp-content\/uploads\/2024\/05\/DSC_3700-1-scaled.jpg?fit=2560%2C1715&ssl=1","jetpack_sharing_enabled":true,"_links":{"self":[{"href":"https:\/\/verdadeon.com.br\/portal\/wp-json\/wp\/v2\/posts\/44862","targetHints":{"allow":["GET"]}}],"collection":[{"href":"https:\/\/verdadeon.com.br\/portal\/wp-json\/wp\/v2\/posts"}],"about":[{"href":"https:\/\/verdadeon.com.br\/portal\/wp-json\/wp\/v2\/types\/post"}],"author":[{"embeddable":true,"href":"https:\/\/verdadeon.com.br\/portal\/wp-json\/wp\/v2\/users\/10"}],"replies":[{"embeddable":true,"href":"https:\/\/verdadeon.com.br\/portal\/wp-json\/wp\/v2\/comments?post=44862"}],"version-history":[{"count":2,"href":"https:\/\/verdadeon.com.br\/portal\/wp-json\/wp\/v2\/posts\/44862\/revisions"}],"predecessor-version":[{"id":44866,"href":"https:\/\/verdadeon.com.br\/portal\/wp-json\/wp\/v2\/posts\/44862\/revisions\/44866"}],"wp:featuredmedia":[{"embeddable":true,"href":"https:\/\/verdadeon.com.br\/portal\/wp-json\/wp\/v2\/media\/44864"}],"wp:attachment":[{"href":"https:\/\/verdadeon.com.br\/portal\/wp-json\/wp\/v2\/media?parent=44862"}],"wp:term":[{"taxonomy":"category","embeddable":true,"href":"https:\/\/verdadeon.com.br\/portal\/wp-json\/wp\/v2\/categories?post=44862"},{"taxonomy":"post_tag","embeddable":true,"href":"https:\/\/verdadeon.com.br\/portal\/wp-json\/wp\/v2\/tags?post=44862"}],"curies":[{"name":"wp","href":"https:\/\/api.w.org\/{rel}","templated":true}]}}